{"id":9038,"date":"2025-12-12T10:00:54","date_gmt":"2025-12-12T09:00:54","guid":{"rendered":"https:\/\/www.kosmetikfuchs.de\/magazin\/?p=9038"},"modified":"2026-01-14T09:30:10","modified_gmt":"2026-01-14T08:30:10","slug":"uva-strahlen-im-winter","status":"publish","type":"post","link":"https:\/\/www.kosmetikfuchs.de\/magazin\/uva-strahlen-im-winter\/","title":{"rendered":"Die unsichtbare Sonne \u2013 Schutz vor UVA\/UVB im Winter mit Ultrasun"},"content":{"rendered":"<p>Wenn die Tage k\u00fcrzer werden und die Wintersonne am Himmel glitzernd \u00fcber die D\u00e4cher huscht, glauben viele, der UV-Schutz sei nun pass\u00e9. Doch UVA-Strahlen sind ganzj\u00e4hrig aktiv \u2013 auch an frostigen und grauen Tagen sind sie pr\u00e4sent. Die Folge: vorzeitige Hautalterung, Pigmentflecken und im schlimmsten Fall das Risiko von langfristigen Hautsch\u00e4den. Hier kommt <a href=\"https:\/\/www.kosmetikfuchs.de\/brands\/ultrasun\/products\">Ultrasun<\/a> ins Spiel \u2013 eine Marke, die seit Jahren f\u00fcr zuverl\u00e4ssigen Breitbandschutz bekannt ist und mit patentierten Formulierungen ohne kritische Inhaltsstoffe auch im Winter die Hautbarriere st\u00e4rkt.<\/p>\n<h1>Warum sind UVA-Strahlen im Winter so relevant?<\/h1>\n<p>UVB-Strahlen sind im Winter oft schw\u00e4cher, aber UV-Schutz bleibt wichtig, besonders bei Aktivit\u00e4ten im Freien wie Wintersport oder Spazierg\u00e4nge in der Mittagssonne. Doch was ist nun der Unterschied zu UVA-Strahlen? UVA-Strahlen dringen tiefer in die Haut ein und tragen ma\u00dfgeblich zur Faltenbildung und zur Elastizit\u00e4tsabnahme bei. Sie sind ganzj\u00e4hrig pr\u00e4sent, werden von Schnee und Wolken reflektiert und erreichen die Haut trotz Nebel oder K\u00e4lte. Langzeitbelastung durch UVA kann unabh\u00e4ngig von Sonnenbrand auftreten, daher ist konsequenter Schutz das ganze Jahr \u00fcber sinnvoll.<\/p>\n<h2>Was steckt hinter Ultrasun, dem besonderen Schweizer dermatologischen UV-Schutz?<\/h2>\n<p><a href=\"https:\/\/www.kosmetikfuchs.de\/brands\/ultrasun\/products\">Ultrasun<\/a> setzt auf hochwirksame Filterkombinationen, die ein breites Spektrum abdecken: Breitband-Schutz gegen UVA und UVB, Infrarot A und Blue-Light. Au\u00dferdem baut <a href=\"https:\/\/www.kosmetikfuchs.de\/brands\/ultrasun\/products\">Ultrasun<\/a> auf langanhaltende Formulierungen. So sind die Produkte so konzipiert, dass sie sich besonders gut mit der oberen Hautschicht verankern und somit einen l\u00e4ngeren Schutz bieten. Auch Hautfreundlichkeit steht bei <a href=\"https:\/\/www.kosmetikfuchs.de\/brands\/ultrasun\/products\">Ultrasun<\/a> im Vordergrund: Sie entwickeln Produkte ohne kritische und endokrine (krebserregende) Inhaltsstoffe sowie ohne die 81 allergieausl\u00f6sende Verbindungen*. Und das, ohne zu kleben oder wei\u00dfe R\u00fcckst\u00e4nde zu hinterlassen. Ultrasun Produkte sind dermatologisch getestet und f\u00fcr empfindliche Hauttypen geeignet. Nicht zuletzt legt <a href=\"https:\/\/www.kosmetikfuchs.de\/brands\/ultrasun\/products\">Ultrasun<\/a> gro\u00dfen Wert auf nachhaltige Formulierungen: ohne riff-sch\u00e4digende Filter wie Octocrylene, Avobenzone, Octinoxate und Oxybenzone, sowie ohne Silikone und Mikro-Plastik. **<\/p>\n<figure id=\"attachment_9044\" aria-describedby=\"caption-attachment-9044\" style=\"width: 900px\" class=\"wp-caption aligncenter\"><a href=\"https:\/\/www.kosmetikfuchs.de\/brands\/ultrasun\/products\"><img loading=\"lazy\" decoding=\"async\" class=\"wp-image-9044 size-full\" src=\"https:\/\/www.kosmetikfuchs.de\/magazin\/wp-content\/uploads\/2025\/12\/Lippen_Ultrasun.jpg\" alt=\"Ultrasun UVA-Strahlen Winterkuss\" width=\"900\" height=\"550\" srcset=\"https:\/\/www.kosmetikfuchs.de\/magazin\/wp-content\/uploads\/2025\/12\/Lippen_Ultrasun.jpg 900w, https:\/\/www.kosmetikfuchs.de\/magazin\/wp-content\/uploads\/2025\/12\/Lippen_Ultrasun-300x183.jpg 300w, https:\/\/www.kosmetikfuchs.de\/magazin\/wp-content\/uploads\/2025\/12\/Lippen_Ultrasun-768x469.jpg 768w\" sizes=\"(max-width: 900px) 100vw, 900px\" \/><\/a><figcaption id=\"caption-attachment-9044\" class=\"wp-caption-text\">@Ultrasun<\/figcaption><\/figure>\n<h2>Tipps f\u00fcr den Winter-Sonnenkuss mit Ultrasun<\/h2>\n<p><strong>T\u00e4gliche Anwendung<\/strong>: Tragen Sie morgens eine d\u00fcnne Schicht <a href=\"https:\/\/www.kosmetikfuchs.de\/brands\/ultrasun\/products\">Ultrasun<\/a> auf Gesicht, Hals und Dekollet\u00e9 auf. Wiederholen Sie die Anwendung bei l\u00e4ngeren Aufenthalten im Freien oder nach starkem Wind und Schnee. Wichtig: Vergessen Sie dabei die <strong>Augenpartie<\/strong> nicht. Verwenden Sie eine Gesichtssonnencreme und klopfen Sie diese an der Augenpartie vorsichtig ein. Im Winter ist die Haut oft <strong>ausgetrocknet<\/strong>. W\u00e4hlen Sie daher eine feuchtigkeitsspendende Grundpflege, die den UV-Schutz nicht beeintr\u00e4chtigt. Viele <a href=\"https:\/\/www.kosmetikfuchs.de\/brands\/ultrasun\/products\">Ultrasun<\/a>-Produkte lassen sich gut als Basis unter der t\u00e4glichen Pflege verwenden.<\/p>\n<p><a href=\"https:\/\/www.kosmetikfuchs.de\/25712\/ultrasun-ag\/alpine-spf-50-30ml\"><img loading=\"lazy\" decoding=\"async\" class=\"aligncenter wp-image-9056 size-full\" src=\"https:\/\/www.kosmetikfuchs.de\/magazin\/wp-content\/uploads\/2025\/12\/ultrasunSun-4.jpg\" alt=\"Ultrasun UVA-Strahlen Alpine Gesicht\" width=\"450\" height=\"550\" srcset=\"https:\/\/www.kosmetikfuchs.de\/magazin\/wp-content\/uploads\/2025\/12\/ultrasunSun-4.jpg 450w, https:\/\/www.kosmetikfuchs.de\/magazin\/wp-content\/uploads\/2025\/12\/ultrasunSun-4-245x300.jpg 245w\" sizes=\"(max-width: 450px) 100vw, 450px\" \/><\/a><\/p>\n<p>&nbsp;<\/p>\n<p>&nbsp;<\/p>\n<p><strong>Lippen<\/strong> nicht au\u00dfer Acht lassen: UV-Schutz f\u00fcr die Lippen sch\u00fctzt diese vor Verbrennungen und minimiert Trockenheit.<\/p>\n<p><a href=\"https:\/\/www.kosmetikfuchs.de\/25710\/ultrasun-ag\/alpine-spf-30-20ml\"><img loading=\"lazy\" decoding=\"async\" class=\"alignleft\" src=\"https:\/\/www.kosmetikfuchs.de\/media\/e2\/b2\/df\/1762850282\/u47790_alpine_spf30_kombi_20_de-fr_rgb_ko449851601.webp?ts=1762850282\" alt=\"Ultrasun UVA-Strahlen Alpine Lippen 30\" width=\"351\" height=\"351\" \/><\/a><\/p>\n<p><a href=\"https:\/\/www.kosmetikfuchs.de\/25711\/ultrasun-ag\/alpine-spf-50-combi-1-stueck\"><img loading=\"lazy\" decoding=\"async\" class=\"alignnone\" src=\"https:\/\/www.kosmetikfuchs.de\/media\/17\/5d\/4a\/1764667222\/u47795_alpine_spf50plus_kombi_20_de-fr_rgb_ko449851602.webp?ts=1764667222\" alt=\"Ultrasun UVA-Strahlen Alpine Lippen 50\" width=\"348\" height=\"348\" \/><\/a><\/p>\n<p><strong>Umgebung<\/strong> beachten: Schnee reflektiert bis zu 80% der UV-Strahlen \u2013 selbst an bew\u00f6lkten Tagen ist die UVA-Strahlung da, welche f\u00fcr die Hautalterung verantwortlich ist.<\/p>\n<p><a href=\"https:\/\/www.kosmetikfuchs.de\/25713\/ultrasun-ag\/face-scalp-uv-protection-mist-spf-50-75ml\"><img loading=\"lazy\" decoding=\"async\" class=\"alignleft wp-image-9057 \" src=\"https:\/\/www.kosmetikfuchs.de\/magazin\/wp-content\/uploads\/2025\/12\/ultrasunSun-1.jpg\" alt=\"Ultrasun UVA-Strahlen Alpine Gesicht &amp; Kopf\" width=\"433\" height=\"529\" srcset=\"https:\/\/www.kosmetikfuchs.de\/magazin\/wp-content\/uploads\/2025\/12\/ultrasunSun-1.jpg 450w, https:\/\/www.kosmetikfuchs.de\/magazin\/wp-content\/uploads\/2025\/12\/ultrasunSun-1-245x300.jpg 245w\" sizes=\"(max-width: 433px) 100vw, 433px\" \/><\/a><\/p>\n<p>&nbsp;<\/p>\n<p>&nbsp;<\/p>\n<p><a href=\"https:\/\/www.kosmetikfuchs.de\/25735\/ultrasun-ag\/sun-stick-spf50-9g\"><img loading=\"lazy\" decoding=\"async\" class=\"wp-image-9059 alignleft\" src=\"https:\/\/www.kosmetikfuchs.de\/magazin\/wp-content\/uploads\/2025\/12\/UltrasunSun.jpg\" alt=\"Ultrasun UVA-Strahlen Lippen\" width=\"299\" height=\"366\" srcset=\"https:\/\/www.kosmetikfuchs.de\/magazin\/wp-content\/uploads\/2025\/12\/UltrasunSun.jpg 450w, https:\/\/www.kosmetikfuchs.de\/magazin\/wp-content\/uploads\/2025\/12\/UltrasunSun-245x300.jpg 245w\" sizes=\"(max-width: 299px) 100vw, 299px\" \/><\/a><\/p>\n<p>&nbsp;<\/p>\n<p>&nbsp;<\/p>\n<p>&nbsp;<\/p>\n<p>&nbsp;<\/p>\n<p>&nbsp;<\/p>\n<p>&nbsp;<\/p>\n<p>&nbsp;<\/p>\n<p>&nbsp;<\/p>\n<p>&nbsp;<\/p>\n<p>&nbsp;<\/p>\n<p>&nbsp;<\/p>\n<p>&nbsp;<\/p>\n<p>Die <strong>H\u00e4nde<\/strong> zeigen das wahre Alter: oder auch nicht? Verwenden Sie eine Handcreme mit Sonnenschutz, um trockenen H\u00e4nden vorzubeugen und feine F\u00e4ltchen zu bek\u00e4mpfen. Bestenfalls nehmen Sie eine Handcreme mit Sonnenschutz und Anti-Pigmentierungs-Effekt, diese hilft Altersflecken zu minimieren und zu kaschieren.<\/p>\n<p><a href=\"https:\/\/www.kosmetikfuchs.de\/25730\/ultrasun-ag\/anti-pigmentation-hand-cream-spf-30-75ml\"><img loading=\"lazy\" decoding=\"async\" class=\"wp-image-9058 size-full aligncenter\" src=\"https:\/\/www.kosmetikfuchs.de\/magazin\/wp-content\/uploads\/2025\/12\/ultrasunSun-3.jpg\" alt=\"Ultrasun UVA-Strahlen Alpine Hand\" width=\"450\" height=\"550\" srcset=\"https:\/\/www.kosmetikfuchs.de\/magazin\/wp-content\/uploads\/2025\/12\/ultrasunSun-3.jpg 450w, https:\/\/www.kosmetikfuchs.de\/magazin\/wp-content\/uploads\/2025\/12\/ultrasunSun-3-245x300.jpg 245w\" sizes=\"(max-width: 450px) 100vw, 450px\" \/><\/a><\/p>\n<p>&nbsp;<\/p>\n<p><strong>Pflege danach<\/strong>: Nach einem Tag drau\u00dfen oder an der Sonne verwenden Sie eine beruhigende Pflege, die die Haut regeneriert und pflegt, was bei trockener Winterluft durch Heizung besonders wichtig ist.<\/p>\n<h3>Fazit &#8211; warum Schutz vor UVA-Strahlen auch im Winter relevant ist<\/h3>\n<p>Die Sonne ist auch im Winter da \u2013 oft unsichtbar, aber wirkungsvoll. Mit <a href=\"https:\/\/www.kosmetikfuchs.de\/brands\/ultrasun\/products\">Ultrasun<\/a> gelingt es, UV-Sch\u00e4den effektiv vorzubeugen und die Haut selbst bei frostigen Temperaturen glatt, strahlend und gesch\u00fctzt zu halten. Denn Hautgesundheit kennt keine Saison: Schutz ist ganzj\u00e4hrig Pflicht.<\/p>\n<p>Hinweis: Die Produkte von Ultrasun gibt es in unterschiedlichen Texturen (Lotion, Spray, Gel) und Lichtschutzfaktoren. W\u00e4hlen Sie je nach Hauttyp und Aktivit\u00e4t die passende Variante.<\/p>\n<figure id=\"attachment_9043\" aria-describedby=\"caption-attachment-9043\" style=\"width: 900px\" class=\"wp-caption aligncenter\"><a href=\"https:\/\/www.kosmetikfuchs.de\/brands\/ultrasun\/products\"><img loading=\"lazy\" decoding=\"async\" class=\"wp-image-9043 size-full\" src=\"https:\/\/www.kosmetikfuchs.de\/magazin\/wp-content\/uploads\/2025\/12\/Hand_Ultrasun.jpg\" alt=\"Ultrasun UVA-Strahlen Handpflege\" width=\"900\" height=\"550\" srcset=\"https:\/\/www.kosmetikfuchs.de\/magazin\/wp-content\/uploads\/2025\/12\/Hand_Ultrasun.jpg 900w, https:\/\/www.kosmetikfuchs.de\/magazin\/wp-content\/uploads\/2025\/12\/Hand_Ultrasun-300x183.jpg 300w, https:\/\/www.kosmetikfuchs.de\/magazin\/wp-content\/uploads\/2025\/12\/Hand_Ultrasun-768x469.jpg 768w\" sizes=\"(max-width: 900px) 100vw, 900px\" \/><\/a><figcaption id=\"caption-attachment-9043\" class=\"wp-caption-text\">@Ultrasun<\/figcaption><\/figure>\n<p>* Allergieausl\u00f6sende Verbindungen gelistet in der Europ\u00e4ischen Verordnung 2023\/1545<\/p>\n<p>** Mikroplastik gem\u00e4ss der europ\u00e4ischen REACH-Verordnung Eintrag Nr. 78 in Anhang XVII, 2023<\/p>\n","protected":false},"excerpt":{"rendered":"<p>Wenn die Tage k\u00fcrzer werden und die Wintersonne am Himmel glitzernd \u00fcber die D\u00e4cher huscht, glauben viele, der UV-Schutz sei nun pass\u00e9. Doch UVA-Strahlen sind ganzj\u00e4hrig aktiv \u2013 auch an frostigen und grauen Tagen sind sie pr\u00e4sent. Die Folge: vorzeitige Hautalterung, Pigmentflecken und im schlimmsten Fall das Risiko von langfristigen Hautsch\u00e4den. Hier kommt Ultrasun ins &hellip;<\/p>\n","protected":false},"author":8,"featured_media":9042,"comment_status":"closed","ping_status":"open","sticky":false,"template":"","format":"standard","meta":{"footnotes":""},"categories":[1],"tags":[139,1172,1138,1171,1173],"yoast_head":"<!-- This site is optimized with the Yoast SEO plugin v22.3 - https:\/\/yoast.com\/wordpress\/plugins\/seo\/ -->\n<title>Die unsichtbare Sonne \u2013 Schutz vor UVA\/UVB im Winter mit Ultrasun - Kosmetikfuchs Magazin<\/title>\n<meta name=\"description\" content=\"UVA-Strahlen sind ganzj\u00e4hrig aktiv \u2013 auch an frostigen, grauen Tagen. Daher ist konsequenter Schutz das ganze Jahr \u00fcber sinnvoll.\" \/>\n<meta name=\"robots\" content=\"index, follow, max-snippet:-1, max-image-preview:large, max-video-preview:-1\" \/>\n<link rel=\"canonical\" href=\"https:\/\/www.kosmetikfuchs.de\/magazin\/uva-strahlen-im-winter\/\" \/>\n<meta property=\"og:locale\" content=\"de_DE\" \/>\n<meta property=\"og:type\" content=\"article\" \/>\n<meta property=\"og:title\" content=\"Die unsichtbare Sonne \u2013 Schutz vor UVA\/UVB im Winter mit Ultrasun - Kosmetikfuchs Magazin\" \/>\n<meta property=\"og:description\" content=\"UVA-Strahlen sind ganzj\u00e4hrig aktiv \u2013 auch an frostigen, grauen Tagen. Daher ist konsequenter Schutz das ganze Jahr \u00fcber sinnvoll.\" \/>\n<meta property=\"og:url\" content=\"https:\/\/www.kosmetikfuchs.de\/magazin\/uva-strahlen-im-winter\/\" \/>\n<meta property=\"og:site_name\" content=\"Kosmetikfuchs Magazin\" \/>\n<meta property=\"article:published_time\" content=\"2025-12-12T09:00:54+00:00\" \/>\n<meta property=\"article:modified_time\" content=\"2026-01-14T08:30:10+00:00\" \/>\n<meta property=\"og:image\" content=\"https:\/\/www.kosmetikfuchs.de\/magazin\/wp-content\/uploads\/2025\/12\/UVAStrahlung-Ultrasun.jpg\" \/>\n\t<meta property=\"og:image:width\" content=\"900\" \/>\n\t<meta property=\"og:image:height\" content=\"550\" \/>\n\t<meta property=\"og:image:type\" content=\"image\/jpeg\" \/>\n<meta name=\"author\" content=\"Schnitzler\" \/>\n<meta name=\"twitter:card\" content=\"summary_large_image\" \/>\n<meta name=\"twitter:label1\" content=\"Verfasst von\" \/>\n\t<meta name=\"twitter:data1\" content=\"Schnitzler\" \/>\n\t<meta name=\"twitter:label2\" content=\"Gesch\u00e4tzte Lesezeit\" \/>\n\t<meta name=\"twitter:data2\" content=\"6\u00a0Minuten\" \/>\n<script type=\"application\/ld+json\" class=\"yoast-schema-graph\">{\"@context\":\"https:\/\/schema.org\",\"@graph\":[{\"@type\":\"WebPage\",\"@id\":\"https:\/\/www.kosmetikfuchs.de\/magazin\/uva-strahlen-im-winter\/\",\"url\":\"https:\/\/www.kosmetikfuchs.de\/magazin\/uva-strahlen-im-winter\/\",\"name\":\"Die unsichtbare Sonne \u2013 Schutz vor UVA\/UVB im Winter mit Ultrasun - Kosmetikfuchs Magazin\",\"isPartOf\":{\"@id\":\"https:\/\/www.kosmetikfuchs.de\/magazin\/#website\"},\"primaryImageOfPage\":{\"@id\":\"https:\/\/www.kosmetikfuchs.de\/magazin\/uva-strahlen-im-winter\/#primaryimage\"},\"image\":{\"@id\":\"https:\/\/www.kosmetikfuchs.de\/magazin\/uva-strahlen-im-winter\/#primaryimage\"},\"thumbnailUrl\":\"https:\/\/www.kosmetikfuchs.de\/magazin\/wp-content\/uploads\/2025\/12\/UVAStrahlung-Ultrasun.jpg\",\"datePublished\":\"2025-12-12T09:00:54+00:00\",\"dateModified\":\"2026-01-14T08:30:10+00:00\",\"author\":{\"@id\":\"https:\/\/www.kosmetikfuchs.de\/magazin\/#\/schema\/person\/03209994c2ddcb78cb2705cceb2974a8\"},\"description\":\"UVA-Strahlen sind ganzj\u00e4hrig aktiv \u2013 auch an frostigen, grauen Tagen. Daher ist konsequenter Schutz das ganze Jahr \u00fcber sinnvoll.\",\"breadcrumb\":{\"@id\":\"https:\/\/www.kosmetikfuchs.de\/magazin\/uva-strahlen-im-winter\/#breadcrumb\"},\"inLanguage\":\"de\",\"potentialAction\":[{\"@type\":\"ReadAction\",\"target\":[\"https:\/\/www.kosmetikfuchs.de\/magazin\/uva-strahlen-im-winter\/\"]}]},{\"@type\":\"ImageObject\",\"inLanguage\":\"de\",\"@id\":\"https:\/\/www.kosmetikfuchs.de\/magazin\/uva-strahlen-im-winter\/#primaryimage\",\"url\":\"https:\/\/www.kosmetikfuchs.de\/magazin\/wp-content\/uploads\/2025\/12\/UVAStrahlung-Ultrasun.jpg\",\"contentUrl\":\"https:\/\/www.kosmetikfuchs.de\/magazin\/wp-content\/uploads\/2025\/12\/UVAStrahlung-Ultrasun.jpg\",\"width\":900,\"height\":550,\"caption\":\"@Ultrasun\"},{\"@type\":\"BreadcrumbList\",\"@id\":\"https:\/\/www.kosmetikfuchs.de\/magazin\/uva-strahlen-im-winter\/#breadcrumb\",\"itemListElement\":[{\"@type\":\"ListItem\",\"position\":1,\"name\":\"Startseite\",\"item\":\"https:\/\/www.kosmetikfuchs.de\/magazin\/\"},{\"@type\":\"ListItem\",\"position\":2,\"name\":\"Die unsichtbare Sonne \u2013 Schutz vor UVA\/UVB im Winter mit Ultrasun\"}]},{\"@type\":\"WebSite\",\"@id\":\"https:\/\/www.kosmetikfuchs.de\/magazin\/#website\",\"url\":\"https:\/\/www.kosmetikfuchs.de\/magazin\/\",\"name\":\"Kosmetikfuchs Magazin\",\"description\":\"\",\"potentialAction\":[{\"@type\":\"SearchAction\",\"target\":{\"@type\":\"EntryPoint\",\"urlTemplate\":\"https:\/\/www.kosmetikfuchs.de\/magazin\/?s={search_term_string}\"},\"query-input\":\"required name=search_term_string\"}],\"inLanguage\":\"de\"},{\"@type\":\"Person\",\"@id\":\"https:\/\/www.kosmetikfuchs.de\/magazin\/#\/schema\/person\/03209994c2ddcb78cb2705cceb2974a8\",\"name\":\"Schnitzler\",\"image\":{\"@type\":\"ImageObject\",\"inLanguage\":\"de\",\"@id\":\"https:\/\/www.kosmetikfuchs.de\/magazin\/#\/schema\/person\/image\/\",\"url\":\"https:\/\/secure.gravatar.com\/avatar\/e807a320f60b3966f02d416bcbc6b689?s=96&d=mm&r=g\",\"contentUrl\":\"https:\/\/secure.gravatar.com\/avatar\/e807a320f60b3966f02d416bcbc6b689?s=96&d=mm&r=g\",\"caption\":\"Schnitzler\"},\"url\":\"https:\/\/www.kosmetikfuchs.de\/magazin\/author\/hannah-esser\/\"}]}<\/script>\n<!-- \/ Yoast SEO plugin. -->","yoast_head_json":{"title":"Die unsichtbare Sonne \u2013 Schutz vor UVA\/UVB im Winter mit Ultrasun - Kosmetikfuchs Magazin","description":"UVA-Strahlen sind ganzj\u00e4hrig aktiv \u2013 auch an frostigen, grauen Tagen. Daher ist konsequenter Schutz das ganze Jahr \u00fcber sinnvoll.","robots":{"index":"index","follow":"follow","max-snippet":"max-snippet:-1","max-image-preview":"max-image-preview:large","max-video-preview":"max-video-preview:-1"},"canonical":"https:\/\/www.kosmetikfuchs.de\/magazin\/uva-strahlen-im-winter\/","og_locale":"de_DE","og_type":"article","og_title":"Die unsichtbare Sonne \u2013 Schutz vor UVA\/UVB im Winter mit Ultrasun - Kosmetikfuchs Magazin","og_description":"UVA-Strahlen sind ganzj\u00e4hrig aktiv \u2013 auch an frostigen, grauen Tagen. Daher ist konsequenter Schutz das ganze Jahr \u00fcber sinnvoll.","og_url":"https:\/\/www.kosmetikfuchs.de\/magazin\/uva-strahlen-im-winter\/","og_site_name":"Kosmetikfuchs Magazin","article_published_time":"2025-12-12T09:00:54+00:00","article_modified_time":"2026-01-14T08:30:10+00:00","og_image":[{"width":900,"height":550,"url":"https:\/\/www.kosmetikfuchs.de\/magazin\/wp-content\/uploads\/2025\/12\/UVAStrahlung-Ultrasun.jpg","type":"image\/jpeg"}],"author":"Schnitzler","twitter_card":"summary_large_image","twitter_misc":{"Verfasst von":"Schnitzler","Gesch\u00e4tzte Lesezeit":"6\u00a0Minuten"},"schema":{"@context":"https:\/\/schema.org","@graph":[{"@type":"WebPage","@id":"https:\/\/www.kosmetikfuchs.de\/magazin\/uva-strahlen-im-winter\/","url":"https:\/\/www.kosmetikfuchs.de\/magazin\/uva-strahlen-im-winter\/","name":"Die unsichtbare Sonne \u2013 Schutz vor UVA\/UVB im Winter mit Ultrasun - Kosmetikfuchs Magazin","isPartOf":{"@id":"https:\/\/www.kosmetikfuchs.de\/magazin\/#website"},"primaryImageOfPage":{"@id":"https:\/\/www.kosmetikfuchs.de\/magazin\/uva-strahlen-im-winter\/#primaryimage"},"image":{"@id":"https:\/\/www.kosmetikfuchs.de\/magazin\/uva-strahlen-im-winter\/#primaryimage"},"thumbnailUrl":"https:\/\/www.kosmetikfuchs.de\/magazin\/wp-content\/uploads\/2025\/12\/UVAStrahlung-Ultrasun.jpg","datePublished":"2025-12-12T09:00:54+00:00","dateModified":"2026-01-14T08:30:10+00:00","author":{"@id":"https:\/\/www.kosmetikfuchs.de\/magazin\/#\/schema\/person\/03209994c2ddcb78cb2705cceb2974a8"},"description":"UVA-Strahlen sind ganzj\u00e4hrig aktiv \u2013 auch an frostigen, grauen Tagen. Daher ist konsequenter Schutz das ganze Jahr \u00fcber sinnvoll.","breadcrumb":{"@id":"https:\/\/www.kosmetikfuchs.de\/magazin\/uva-strahlen-im-winter\/#breadcrumb"},"inLanguage":"de","potentialAction":[{"@type":"ReadAction","target":["https:\/\/www.kosmetikfuchs.de\/magazin\/uva-strahlen-im-winter\/"]}]},{"@type":"ImageObject","inLanguage":"de","@id":"https:\/\/www.kosmetikfuchs.de\/magazin\/uva-strahlen-im-winter\/#primaryimage","url":"https:\/\/www.kosmetikfuchs.de\/magazin\/wp-content\/uploads\/2025\/12\/UVAStrahlung-Ultrasun.jpg","contentUrl":"https:\/\/www.kosmetikfuchs.de\/magazin\/wp-content\/uploads\/2025\/12\/UVAStrahlung-Ultrasun.jpg","width":900,"height":550,"caption":"@Ultrasun"},{"@type":"BreadcrumbList","@id":"https:\/\/www.kosmetikfuchs.de\/magazin\/uva-strahlen-im-winter\/#breadcrumb","itemListElement":[{"@type":"ListItem","position":1,"name":"Startseite","item":"https:\/\/www.kosmetikfuchs.de\/magazin\/"},{"@type":"ListItem","position":2,"name":"Die unsichtbare Sonne \u2013 Schutz vor UVA\/UVB im Winter mit Ultrasun"}]},{"@type":"WebSite","@id":"https:\/\/www.kosmetikfuchs.de\/magazin\/#website","url":"https:\/\/www.kosmetikfuchs.de\/magazin\/","name":"Kosmetikfuchs Magazin","description":"","potentialAction":[{"@type":"SearchAction","target":{"@type":"EntryPoint","urlTemplate":"https:\/\/www.kosmetikfuchs.de\/magazin\/?s={search_term_string}"},"query-input":"required name=search_term_string"}],"inLanguage":"de"},{"@type":"Person","@id":"https:\/\/www.kosmetikfuchs.de\/magazin\/#\/schema\/person\/03209994c2ddcb78cb2705cceb2974a8","name":"Schnitzler","image":{"@type":"ImageObject","inLanguage":"de","@id":"https:\/\/www.kosmetikfuchs.de\/magazin\/#\/schema\/person\/image\/","url":"https:\/\/secure.gravatar.com\/avatar\/e807a320f60b3966f02d416bcbc6b689?s=96&d=mm&r=g","contentUrl":"https:\/\/secure.gravatar.com\/avatar\/e807a320f60b3966f02d416bcbc6b689?s=96&d=mm&r=g","caption":"Schnitzler"},"url":"https:\/\/www.kosmetikfuchs.de\/magazin\/author\/hannah-esser\/"}]}},"_links":{"self":[{"href":"https:\/\/www.kosmetikfuchs.de\/magazin\/wp-json\/wp\/v2\/posts\/9038"}],"collection":[{"href":"https:\/\/www.kosmetikfuchs.de\/magazin\/wp-json\/wp\/v2\/posts"}],"about":[{"href":"https:\/\/www.kosmetikfuchs.de\/magazin\/wp-json\/wp\/v2\/types\/post"}],"author":[{"embeddable":true,"href":"https:\/\/www.kosmetikfuchs.de\/magazin\/wp-json\/wp\/v2\/users\/8"}],"replies":[{"embeddable":true,"href":"https:\/\/www.kosmetikfuchs.de\/magazin\/wp-json\/wp\/v2\/comments?post=9038"}],"version-history":[{"count":20,"href":"https:\/\/www.kosmetikfuchs.de\/magazin\/wp-json\/wp\/v2\/posts\/9038\/revisions"}],"predecessor-version":[{"id":9069,"href":"https:\/\/www.kosmetikfuchs.de\/magazin\/wp-json\/wp\/v2\/posts\/9038\/revisions\/9069"}],"wp:featuredmedia":[{"embeddable":true,"href":"https:\/\/www.kosmetikfuchs.de\/magazin\/wp-json\/wp\/v2\/media\/9042"}],"wp:attachment":[{"href":"https:\/\/www.kosmetikfuchs.de\/magazin\/wp-json\/wp\/v2\/media?parent=9038"}],"wp:term":[{"taxonomy":"category","embeddable":true,"href":"https:\/\/www.kosmetikfuchs.de\/magazin\/wp-json\/wp\/v2\/categories?post=9038"},{"taxonomy":"post_tag","embeddable":true,"href":"https:\/\/www.kosmetikfuchs.de\/magazin\/wp-json\/wp\/v2\/tags?post=9038"}],"curies":[{"name":"wp","href":"https:\/\/api.w.org\/{rel}","templated":true}]}}