{"id":8908,"date":"2025-06-24T15:30:56","date_gmt":"2025-06-24T13:30:56","guid":{"rendered":"https:\/\/www.kosmetikfuchs.de\/magazin\/?p=8908"},"modified":"2025-06-24T15:43:26","modified_gmt":"2025-06-24T13:43:26","slug":"straffende-pflege-fuer-hals-dekollete","status":"publish","type":"post","link":"https:\/\/www.kosmetikfuchs.de\/magazin\/straffende-pflege-fuer-hals-dekollete\/","title":{"rendered":"Straffende Pflege f\u00fcr Hals &#038; Dekollet\u00e9"},"content":{"rendered":"<h1><strong>Was hilft f\u00fcr eine straffere Hals- und Dekollet\u00e9-Partie?<\/strong><\/h1>\n<p>La mer Supreme Lift \u2013 zur Unterst\u00fctzung bei sogenanntem \u201eTruthahnhals\u201c<\/p>\n<p><a href=\"https:\/\/www.kosmetikfuchs.de\/25452\/la-mer\/supreme-lift-anti-age-cream-hals-und-dekollete-m.p.-50ml\"><img loading=\"lazy\" decoding=\"async\" class=\"aligncenter wp-image-8910 size-medium\" src=\"https:\/\/www.kosmetikfuchs.de\/magazin\/wp-content\/uploads\/2025\/06\/La-mer-Supreme-Lift-245x300.jpg\" alt=\"La mer Truthahnhals\" width=\"245\" height=\"300\" srcset=\"https:\/\/www.kosmetikfuchs.de\/magazin\/wp-content\/uploads\/2025\/06\/La-mer-Supreme-Lift-245x300.jpg 245w, https:\/\/www.kosmetikfuchs.de\/magazin\/wp-content\/uploads\/2025\/06\/La-mer-Supreme-Lift.jpg 450w\" sizes=\"(max-width: 245px) 100vw, 245px\" \/><\/a><\/p>\n<h2>Warum vor allem die Hals-Partie besondere Pflege ben\u00f6tigt?<\/h2>\n<p>Mit zunehmendem Alter ver\u00e4ndert sich unsere Haut sichtbar \u2013 vor allem der Bereich des Hals- und Dekollet\u00e9s ist besonders empfindlich und wird h\u00e4ufig unbeabsichtigt vernachl\u00e4ssigt, da er nicht bei der \u201edaily Pflegeroutine\u201c ber\u00fccksichtigt wird. Doch vor allem dort wird die Haut d\u00fcnner, verliert an Elastizit\u00e4t und Feuchtigkeit. Dadurch entstehen Falten und erschlaffte Hautpartien, welche umgangssprachlich als \u201eTruthahnhals\u201c bezeichnet werden.<strong>\u00a0\u00a0<\/strong><\/p>\n<figure id=\"attachment_8911\" aria-describedby=\"caption-attachment-8911\" style=\"width: 900px\" class=\"wp-caption aligncenter\"><a href=\"https:\/\/www.kosmetikfuchs.de\/25452\/la-mer\/supreme-lift-anti-age-cream-hals-und-dekollete-m.p.-50ml\"><img loading=\"lazy\" decoding=\"async\" class=\"wp-image-8911 size-full\" src=\"https:\/\/www.kosmetikfuchs.de\/magazin\/wp-content\/uploads\/2025\/06\/Magazinbeitrag-Bild-2.jpg\" alt=\"La mer Truthahnhals\" width=\"900\" height=\"600\" srcset=\"https:\/\/www.kosmetikfuchs.de\/magazin\/wp-content\/uploads\/2025\/06\/Magazinbeitrag-Bild-2.jpg 900w, https:\/\/www.kosmetikfuchs.de\/magazin\/wp-content\/uploads\/2025\/06\/Magazinbeitrag-Bild-2-300x200.jpg 300w, https:\/\/www.kosmetikfuchs.de\/magazin\/wp-content\/uploads\/2025\/06\/Magazinbeitrag-Bild-2-768x512.jpg 768w\" sizes=\"(max-width: 900px) 100vw, 900px\" \/><\/a><figcaption id=\"caption-attachment-8911\" class=\"wp-caption-text\">@La mer<\/figcaption><\/figure>\n<h2>Sch\u00f6nheit kennt kein Alter \u2013 und daran \u00e4ndert auch der Truthahnhals nichts<\/h2>\n<p>Keine Sorge, denn diese nat\u00fcrliche Entwicklung l\u00e4sst sich mithilfe gezielter Pflege sanft vorbeugen. Die Hals- und Dekollet\u00e9 Creme aus der Linie Supreme Lift von La mer bietet eine speziell f\u00fcr diesen Verlauf entwickelte Pflege. Sie legt ihren Fokus auf eine feuchtigkeitsspendende und straffende Formulierung, die auf den wertvollen marinen Wirkstoffen der Nordsee, vor allem des einzigartigen Meeresschlick-Extrakts, basiert.<br \/>\nGanz leicht zum Ziel:<\/p>\n<ul>\n<li>Morgens und abends nach der Reinigung auftragen<\/li>\n<li>sanft einmassieren, mit leichten, aufw\u00e4rts gerichteten Bewegungen<\/li>\n<li>zieht schnell ein, ohne zu kleben<\/li>\n<li>Tipp: Pflegeroutine mit einer sanften Massage oder Lymphdrainage-Technik erg\u00e4nzen, um die Durchblutung anzuregen und die Wirkung der Creme zu intensivieren<\/li>\n<\/ul>\n<figure id=\"attachment_8912\" aria-describedby=\"caption-attachment-8912\" style=\"width: 900px\" class=\"wp-caption aligncenter\"><a href=\"https:\/\/www.kosmetikfuchs.de\/25452\/la-mer\/supreme-lift-anti-age-cream-hals-und-dekollete-m.p.-50ml\"><img loading=\"lazy\" decoding=\"async\" class=\"wp-image-8912 size-full\" src=\"https:\/\/www.kosmetikfuchs.de\/magazin\/wp-content\/uploads\/2025\/06\/Magazinbeitrag-Bild-3.jpg\" alt=\"La mer Truthahnhals vorher\/nachher\" width=\"900\" height=\"600\" srcset=\"https:\/\/www.kosmetikfuchs.de\/magazin\/wp-content\/uploads\/2025\/06\/Magazinbeitrag-Bild-3.jpg 900w, https:\/\/www.kosmetikfuchs.de\/magazin\/wp-content\/uploads\/2025\/06\/Magazinbeitrag-Bild-3-300x200.jpg 300w, https:\/\/www.kosmetikfuchs.de\/magazin\/wp-content\/uploads\/2025\/06\/Magazinbeitrag-Bild-3-768x512.jpg 768w\" sizes=\"(max-width: 900px) 100vw, 900px\" \/><\/a><figcaption id=\"caption-attachment-8912\" class=\"wp-caption-text\">@La mer<\/figcaption><\/figure>\n<h2>Wirkstoffe mit Tiefenwirkung \u2013 aus der Kraft des Meeres<\/h2>\n<p>La mer Supreme Lift Hals- und Dekollet\u00e9 Creme \u2013 gest\u00e4rkt durch das Multitalent Meereschlick-Extrakt. Dieser ist reich an Mineralstoffen, Spurenelementen und Sauerstoff, welche die Haut mit Feuchtigkeit versorgen, regenerieren und das hauteigene Gleichgewicht wieder herstellen.\u00a0 Unterst\u00fctzt wird er von Braunalgenextrakten, die f\u00fcr eine sichtbare Gl\u00e4ttung sorgen und die Produktion von Hyalurons\u00e4ure anregen. Das ebenfalls enthaltene Bakuchiol reduziert die Faltentiefe sowie die Erscheinung von Altersflecken und erg\u00e4nzt sich perfekt mit marinem Phytoplankton, das die Zellregeneration unterst\u00fctzt und somit die Hautfestigkeit verbessert.<\/p>\n<figure id=\"attachment_8913\" aria-describedby=\"caption-attachment-8913\" style=\"width: 900px\" class=\"wp-caption aligncenter\"><a href=\"https:\/\/www.kosmetikfuchs.de\/25452\/la-mer\/supreme-lift-anti-age-cream-hals-und-dekollete-m.p.-50ml\"><img loading=\"lazy\" decoding=\"async\" class=\"wp-image-8913 size-full\" src=\"https:\/\/www.kosmetikfuchs.de\/magazin\/wp-content\/uploads\/2025\/06\/Magazinbeitrag-Bild-4.jpg\" alt=\"La mer Truthahnhals Meeresschlick\" width=\"900\" height=\"528\" srcset=\"https:\/\/www.kosmetikfuchs.de\/magazin\/wp-content\/uploads\/2025\/06\/Magazinbeitrag-Bild-4.jpg 900w, https:\/\/www.kosmetikfuchs.de\/magazin\/wp-content\/uploads\/2025\/06\/Magazinbeitrag-Bild-4-300x176.jpg 300w, https:\/\/www.kosmetikfuchs.de\/magazin\/wp-content\/uploads\/2025\/06\/Magazinbeitrag-Bild-4-768x451.jpg 768w\" sizes=\"(max-width: 900px) 100vw, 900px\" \/><\/a><figcaption id=\"caption-attachment-8913\" class=\"wp-caption-text\">@La mer<\/figcaption><\/figure>\n","protected":false},"excerpt":{"rendered":"<p>Was hilft f\u00fcr eine straffere Hals- und Dekollet\u00e9-Partie? La mer Supreme Lift \u2013 zur Unterst\u00fctzung bei sogenanntem \u201eTruthahnhals\u201c Warum vor allem die Hals-Partie besondere Pflege ben\u00f6tigt? Mit zunehmendem Alter ver\u00e4ndert sich unsere Haut sichtbar \u2013 vor allem der Bereich des Hals- und Dekollet\u00e9s ist besonders empfindlich und wird h\u00e4ufig unbeabsichtigt vernachl\u00e4ssigt, da er nicht bei &hellip;<\/p>\n","protected":false},"author":8,"featured_media":8909,"comment_status":"closed","ping_status":"open","sticky":false,"template":"","format":"standard","meta":{"footnotes":""},"categories":[1],"tags":[1166,89,1163,1165,1164,1162],"yoast_head":"<!-- This site is optimized with the Yoast SEO plugin v22.3 - https:\/\/yoast.com\/wordpress\/plugins\/seo\/ -->\n<title>Straffende Pflege f\u00fcr Hals &amp; Dekollet\u00e9 - Kosmetikfuchs Magazin<\/title>\n<meta name=\"description\" content=\"Was hilft f\u00fcr eine straffere Hals- und Dekollet\u00e9-Partie? La mer Supreme Lift \u2013 zur Unterst\u00fctzung bei sogenanntem \u201eTruthahnhals\u201c\" \/>\n<meta name=\"robots\" content=\"index, follow, max-snippet:-1, max-image-preview:large, max-video-preview:-1\" \/>\n<link rel=\"canonical\" href=\"https:\/\/www.kosmetikfuchs.de\/magazin\/straffende-pflege-fuer-hals-dekollete\/\" \/>\n<meta property=\"og:locale\" content=\"de_DE\" \/>\n<meta property=\"og:type\" content=\"article\" \/>\n<meta property=\"og:title\" content=\"Straffende Pflege f\u00fcr Hals &amp; Dekollet\u00e9 - Kosmetikfuchs Magazin\" \/>\n<meta property=\"og:description\" content=\"Was hilft f\u00fcr eine straffere Hals- und Dekollet\u00e9-Partie? La mer Supreme Lift \u2013 zur Unterst\u00fctzung bei sogenanntem \u201eTruthahnhals\u201c\" \/>\n<meta property=\"og:url\" content=\"https:\/\/www.kosmetikfuchs.de\/magazin\/straffende-pflege-fuer-hals-dekollete\/\" \/>\n<meta property=\"og:site_name\" content=\"Kosmetikfuchs Magazin\" \/>\n<meta property=\"article:published_time\" content=\"2025-06-24T13:30:56+00:00\" \/>\n<meta property=\"article:modified_time\" content=\"2025-06-24T13:43:26+00:00\" \/>\n<meta property=\"og:image\" content=\"https:\/\/www.kosmetikfuchs.de\/magazin\/wp-content\/uploads\/2025\/06\/Magazinbeitrag-Bild-1.jpg\" \/>\n\t<meta property=\"og:image:width\" content=\"850\" \/>\n\t<meta property=\"og:image:height\" content=\"430\" \/>\n\t<meta property=\"og:image:type\" content=\"image\/jpeg\" \/>\n<meta name=\"author\" content=\"Schnitzler\" \/>\n<meta name=\"twitter:card\" content=\"summary_large_image\" \/>\n<meta name=\"twitter:label1\" content=\"Verfasst von\" \/>\n\t<meta name=\"twitter:data1\" content=\"Schnitzler\" \/>\n\t<meta name=\"twitter:label2\" content=\"Gesch\u00e4tzte Lesezeit\" \/>\n\t<meta name=\"twitter:data2\" content=\"3\u00a0Minuten\" \/>\n<script type=\"application\/ld+json\" class=\"yoast-schema-graph\">{\"@context\":\"https:\/\/schema.org\",\"@graph\":[{\"@type\":\"WebPage\",\"@id\":\"https:\/\/www.kosmetikfuchs.de\/magazin\/straffende-pflege-fuer-hals-dekollete\/\",\"url\":\"https:\/\/www.kosmetikfuchs.de\/magazin\/straffende-pflege-fuer-hals-dekollete\/\",\"name\":\"Straffende Pflege f\u00fcr Hals & Dekollet\u00e9 - Kosmetikfuchs Magazin\",\"isPartOf\":{\"@id\":\"https:\/\/www.kosmetikfuchs.de\/magazin\/#website\"},\"primaryImageOfPage\":{\"@id\":\"https:\/\/www.kosmetikfuchs.de\/magazin\/straffende-pflege-fuer-hals-dekollete\/#primaryimage\"},\"image\":{\"@id\":\"https:\/\/www.kosmetikfuchs.de\/magazin\/straffende-pflege-fuer-hals-dekollete\/#primaryimage\"},\"thumbnailUrl\":\"https:\/\/www.kosmetikfuchs.de\/magazin\/wp-content\/uploads\/2025\/06\/Magazinbeitrag-Bild-1.jpg\",\"datePublished\":\"2025-06-24T13:30:56+00:00\",\"dateModified\":\"2025-06-24T13:43:26+00:00\",\"author\":{\"@id\":\"https:\/\/www.kosmetikfuchs.de\/magazin\/#\/schema\/person\/03209994c2ddcb78cb2705cceb2974a8\"},\"description\":\"Was hilft f\u00fcr eine straffere Hals- und Dekollet\u00e9-Partie? La mer Supreme Lift \u2013 zur Unterst\u00fctzung bei sogenanntem \u201eTruthahnhals\u201c\",\"breadcrumb\":{\"@id\":\"https:\/\/www.kosmetikfuchs.de\/magazin\/straffende-pflege-fuer-hals-dekollete\/#breadcrumb\"},\"inLanguage\":\"de\",\"potentialAction\":[{\"@type\":\"ReadAction\",\"target\":[\"https:\/\/www.kosmetikfuchs.de\/magazin\/straffende-pflege-fuer-hals-dekollete\/\"]}]},{\"@type\":\"ImageObject\",\"inLanguage\":\"de\",\"@id\":\"https:\/\/www.kosmetikfuchs.de\/magazin\/straffende-pflege-fuer-hals-dekollete\/#primaryimage\",\"url\":\"https:\/\/www.kosmetikfuchs.de\/magazin\/wp-content\/uploads\/2025\/06\/Magazinbeitrag-Bild-1.jpg\",\"contentUrl\":\"https:\/\/www.kosmetikfuchs.de\/magazin\/wp-content\/uploads\/2025\/06\/Magazinbeitrag-Bild-1.jpg\",\"width\":850,\"height\":430},{\"@type\":\"BreadcrumbList\",\"@id\":\"https:\/\/www.kosmetikfuchs.de\/magazin\/straffende-pflege-fuer-hals-dekollete\/#breadcrumb\",\"itemListElement\":[{\"@type\":\"ListItem\",\"position\":1,\"name\":\"Startseite\",\"item\":\"https:\/\/www.kosmetikfuchs.de\/magazin\/\"},{\"@type\":\"ListItem\",\"position\":2,\"name\":\"Straffende Pflege f\u00fcr Hals &#038; Dekollet\u00e9\"}]},{\"@type\":\"WebSite\",\"@id\":\"https:\/\/www.kosmetikfuchs.de\/magazin\/#website\",\"url\":\"https:\/\/www.kosmetikfuchs.de\/magazin\/\",\"name\":\"Kosmetikfuchs Magazin\",\"description\":\"\",\"potentialAction\":[{\"@type\":\"SearchAction\",\"target\":{\"@type\":\"EntryPoint\",\"urlTemplate\":\"https:\/\/www.kosmetikfuchs.de\/magazin\/?s={search_term_string}\"},\"query-input\":\"required name=search_term_string\"}],\"inLanguage\":\"de\"},{\"@type\":\"Person\",\"@id\":\"https:\/\/www.kosmetikfuchs.de\/magazin\/#\/schema\/person\/03209994c2ddcb78cb2705cceb2974a8\",\"name\":\"Schnitzler\",\"image\":{\"@type\":\"ImageObject\",\"inLanguage\":\"de\",\"@id\":\"https:\/\/www.kosmetikfuchs.de\/magazin\/#\/schema\/person\/image\/\",\"url\":\"https:\/\/secure.gravatar.com\/avatar\/e807a320f60b3966f02d416bcbc6b689?s=96&d=mm&r=g\",\"contentUrl\":\"https:\/\/secure.gravatar.com\/avatar\/e807a320f60b3966f02d416bcbc6b689?s=96&d=mm&r=g\",\"caption\":\"Schnitzler\"},\"url\":\"https:\/\/www.kosmetikfuchs.de\/magazin\/author\/hannah-esser\/\"}]}<\/script>\n<!-- \/ Yoast SEO plugin. -->","yoast_head_json":{"title":"Straffende Pflege f\u00fcr Hals & Dekollet\u00e9 - Kosmetikfuchs Magazin","description":"Was hilft f\u00fcr eine straffere Hals- und Dekollet\u00e9-Partie? La mer Supreme Lift \u2013 zur Unterst\u00fctzung bei sogenanntem \u201eTruthahnhals\u201c","robots":{"index":"index","follow":"follow","max-snippet":"max-snippet:-1","max-image-preview":"max-image-preview:large","max-video-preview":"max-video-preview:-1"},"canonical":"https:\/\/www.kosmetikfuchs.de\/magazin\/straffende-pflege-fuer-hals-dekollete\/","og_locale":"de_DE","og_type":"article","og_title":"Straffende Pflege f\u00fcr Hals & Dekollet\u00e9 - Kosmetikfuchs Magazin","og_description":"Was hilft f\u00fcr eine straffere Hals- und Dekollet\u00e9-Partie? La mer Supreme Lift \u2013 zur Unterst\u00fctzung bei sogenanntem \u201eTruthahnhals\u201c","og_url":"https:\/\/www.kosmetikfuchs.de\/magazin\/straffende-pflege-fuer-hals-dekollete\/","og_site_name":"Kosmetikfuchs Magazin","article_published_time":"2025-06-24T13:30:56+00:00","article_modified_time":"2025-06-24T13:43:26+00:00","og_image":[{"width":850,"height":430,"url":"https:\/\/www.kosmetikfuchs.de\/magazin\/wp-content\/uploads\/2025\/06\/Magazinbeitrag-Bild-1.jpg","type":"image\/jpeg"}],"author":"Schnitzler","twitter_card":"summary_large_image","twitter_misc":{"Verfasst von":"Schnitzler","Gesch\u00e4tzte Lesezeit":"3\u00a0Minuten"},"schema":{"@context":"https:\/\/schema.org","@graph":[{"@type":"WebPage","@id":"https:\/\/www.kosmetikfuchs.de\/magazin\/straffende-pflege-fuer-hals-dekollete\/","url":"https:\/\/www.kosmetikfuchs.de\/magazin\/straffende-pflege-fuer-hals-dekollete\/","name":"Straffende Pflege f\u00fcr Hals & Dekollet\u00e9 - Kosmetikfuchs Magazin","isPartOf":{"@id":"https:\/\/www.kosmetikfuchs.de\/magazin\/#website"},"primaryImageOfPage":{"@id":"https:\/\/www.kosmetikfuchs.de\/magazin\/straffende-pflege-fuer-hals-dekollete\/#primaryimage"},"image":{"@id":"https:\/\/www.kosmetikfuchs.de\/magazin\/straffende-pflege-fuer-hals-dekollete\/#primaryimage"},"thumbnailUrl":"https:\/\/www.kosmetikfuchs.de\/magazin\/wp-content\/uploads\/2025\/06\/Magazinbeitrag-Bild-1.jpg","datePublished":"2025-06-24T13:30:56+00:00","dateModified":"2025-06-24T13:43:26+00:00","author":{"@id":"https:\/\/www.kosmetikfuchs.de\/magazin\/#\/schema\/person\/03209994c2ddcb78cb2705cceb2974a8"},"description":"Was hilft f\u00fcr eine straffere Hals- und Dekollet\u00e9-Partie? La mer Supreme Lift \u2013 zur Unterst\u00fctzung bei sogenanntem \u201eTruthahnhals\u201c","breadcrumb":{"@id":"https:\/\/www.kosmetikfuchs.de\/magazin\/straffende-pflege-fuer-hals-dekollete\/#breadcrumb"},"inLanguage":"de","potentialAction":[{"@type":"ReadAction","target":["https:\/\/www.kosmetikfuchs.de\/magazin\/straffende-pflege-fuer-hals-dekollete\/"]}]},{"@type":"ImageObject","inLanguage":"de","@id":"https:\/\/www.kosmetikfuchs.de\/magazin\/straffende-pflege-fuer-hals-dekollete\/#primaryimage","url":"https:\/\/www.kosmetikfuchs.de\/magazin\/wp-content\/uploads\/2025\/06\/Magazinbeitrag-Bild-1.jpg","contentUrl":"https:\/\/www.kosmetikfuchs.de\/magazin\/wp-content\/uploads\/2025\/06\/Magazinbeitrag-Bild-1.jpg","width":850,"height":430},{"@type":"BreadcrumbList","@id":"https:\/\/www.kosmetikfuchs.de\/magazin\/straffende-pflege-fuer-hals-dekollete\/#breadcrumb","itemListElement":[{"@type":"ListItem","position":1,"name":"Startseite","item":"https:\/\/www.kosmetikfuchs.de\/magazin\/"},{"@type":"ListItem","position":2,"name":"Straffende Pflege f\u00fcr Hals &#038; Dekollet\u00e9"}]},{"@type":"WebSite","@id":"https:\/\/www.kosmetikfuchs.de\/magazin\/#website","url":"https:\/\/www.kosmetikfuchs.de\/magazin\/","name":"Kosmetikfuchs Magazin","description":"","potentialAction":[{"@type":"SearchAction","target":{"@type":"EntryPoint","urlTemplate":"https:\/\/www.kosmetikfuchs.de\/magazin\/?s={search_term_string}"},"query-input":"required name=search_term_string"}],"inLanguage":"de"},{"@type":"Person","@id":"https:\/\/www.kosmetikfuchs.de\/magazin\/#\/schema\/person\/03209994c2ddcb78cb2705cceb2974a8","name":"Schnitzler","image":{"@type":"ImageObject","inLanguage":"de","@id":"https:\/\/www.kosmetikfuchs.de\/magazin\/#\/schema\/person\/image\/","url":"https:\/\/secure.gravatar.com\/avatar\/e807a320f60b3966f02d416bcbc6b689?s=96&d=mm&r=g","contentUrl":"https:\/\/secure.gravatar.com\/avatar\/e807a320f60b3966f02d416bcbc6b689?s=96&d=mm&r=g","caption":"Schnitzler"},"url":"https:\/\/www.kosmetikfuchs.de\/magazin\/author\/hannah-esser\/"}]}},"_links":{"self":[{"href":"https:\/\/www.kosmetikfuchs.de\/magazin\/wp-json\/wp\/v2\/posts\/8908"}],"collection":[{"href":"https:\/\/www.kosmetikfuchs.de\/magazin\/wp-json\/wp\/v2\/posts"}],"about":[{"href":"https:\/\/www.kosmetikfuchs.de\/magazin\/wp-json\/wp\/v2\/types\/post"}],"author":[{"embeddable":true,"href":"https:\/\/www.kosmetikfuchs.de\/magazin\/wp-json\/wp\/v2\/users\/8"}],"replies":[{"embeddable":true,"href":"https:\/\/www.kosmetikfuchs.de\/magazin\/wp-json\/wp\/v2\/comments?post=8908"}],"version-history":[{"count":2,"href":"https:\/\/www.kosmetikfuchs.de\/magazin\/wp-json\/wp\/v2\/posts\/8908\/revisions"}],"predecessor-version":[{"id":8916,"href":"https:\/\/www.kosmetikfuchs.de\/magazin\/wp-json\/wp\/v2\/posts\/8908\/revisions\/8916"}],"wp:featuredmedia":[{"embeddable":true,"href":"https:\/\/www.kosmetikfuchs.de\/magazin\/wp-json\/wp\/v2\/media\/8909"}],"wp:attachment":[{"href":"https:\/\/www.kosmetikfuchs.de\/magazin\/wp-json\/wp\/v2\/media?parent=8908"}],"wp:term":[{"taxonomy":"category","embeddable":true,"href":"https:\/\/www.kosmetikfuchs.de\/magazin\/wp-json\/wp\/v2\/categories?post=8908"},{"taxonomy":"post_tag","embeddable":true,"href":"https:\/\/www.kosmetikfuchs.de\/magazin\/wp-json\/wp\/v2\/tags?post=8908"}],"curies":[{"name":"wp","href":"https:\/\/api.w.org\/{rel}","templated":true}]}}