{"id":8451,"date":"2024-05-13T14:43:24","date_gmt":"2024-05-13T12:43:24","guid":{"rendered":"https:\/\/www.kosmetikfuchs.de\/magazin\/?p=8451"},"modified":"2024-05-13T14:58:40","modified_gmt":"2024-05-13T12:58:40","slug":"makuladegeneration-ein-ganzheitlicher-wegweiser-fuer-ihre-augengesundheit","status":"publish","type":"post","link":"https:\/\/www.kosmetikfuchs.de\/magazin\/makuladegeneration-ein-ganzheitlicher-wegweiser-fuer-ihre-augengesundheit\/","title":{"rendered":"Makuladegeneration: Ein ganzheitlicher Wegweiser f\u00fcr Ihre Augengesundheit"},"content":{"rendered":"<p>Heute m\u00f6chte ich Ihnen mein eigenes Buch vorstellen: <strong>&#8222;MAKULA&#8230; WAS? Alles, was Sie wissen sollten, wenn Sie von Makuladegeneration betroffen sind \u2013 Ein ganzheitlicher Ansatz zur Therapie und Ern\u00e4hrung.\u00a0<\/strong><\/p>\n<p><strong><em>F\u00fcr viele meiner Patienten war der Begriff \u201eMakuladegeneration\u201c unbekannt, bis sie diese Diagnose bei ihrem Augenarzt erhielten. &#8222;MAKULA&#8230;WAS?&#8220;, so lautet oft die erste, verst\u00e4ndliche Reaktion. In solchen Augenblicken ist es nat\u00fcrlich, sich niedergeschlagen zu f\u00fchlen. Doch sobald der erste Schreck verfliegt, beginnt die intensive Suche nach verl\u00e4sslichen Informationen und Erfahrungsberichten \u2013 eine Reise durch den dichten Dschungel des Internets, die oft Stunden in Anspruch nimmt und mehr Fragen als Antworten hinterl\u00e4sst.<\/em><\/strong><\/p>\n<p>Falls Ihnen das bekannt vorkommt, sind Sie nicht allein. Auch ich stand vor etwa zehn Jahren vor einer ersch\u00fctternden, pers\u00f6nlichen Erfahrung, die mein Leben ver\u00e4nderte. Als mir eine pl\u00f6tzliche und schwere Augendiagnose gestellt wurde, war ich sprachlos und erschrocken. Pl\u00f6tzlich mit der drohenden M\u00f6glichkeit einer Erblindung konfrontiert zu werden, glich einer Achterbahn der Gef\u00fchle. Diese Reise war gepr\u00e4gt von Schock, Verwirrung und dem tiefen Wunsch, mein Augenlicht zu bewahren.<\/p>\n<p><img loading=\"lazy\" decoding=\"async\" class=\"wp-image-8457 size-medium alignleft\" src=\"https:\/\/www.kosmetikfuchs.de\/magazin\/wp-content\/uploads\/2024\/05\/20240513_134649-225x300.jpg\" alt=\"altersbedingte Makuladegeneration\" width=\"225\" height=\"300\" srcset=\"https:\/\/www.kosmetikfuchs.de\/magazin\/wp-content\/uploads\/2024\/05\/20240513_134649-225x300.jpg 225w, https:\/\/www.kosmetikfuchs.de\/magazin\/wp-content\/uploads\/2024\/05\/20240513_134649-768x1024.jpg 768w, https:\/\/www.kosmetikfuchs.de\/magazin\/wp-content\/uploads\/2024\/05\/20240513_134649-1152x1536.jpg 1152w, https:\/\/www.kosmetikfuchs.de\/magazin\/wp-content\/uploads\/2024\/05\/20240513_134649-1536x2048.jpg 1536w\" sizes=\"(max-width: 225px) 100vw, 225px\" \/><\/p>\n<p>Diese pers\u00f6nlichen Erfahrungen \u2013 sowohl als Betroffene als auch als Diplom-\u00d6kotrophologin und Heilpraktikerin\u00a0 \u2013 haben mich dazu veranlasst, mich intensiv mit dem Thema Augengesundheit zu besch\u00e4ftigen. Dieses Buch ist das Ergebnis meiner pers\u00f6nlichen Herausforderung und der Wunsch, ein fundiertes Verst\u00e4ndnis f\u00fcr ernste Augenerkrankungen wie die Makuladegeneration zu schaffen. Mit diesem Buch m\u00f6chte ich Ihnen nicht nur grundlegendes Wissen vermitteln, sondern auch praktische Wege aufzeigen, wie Sie durch bewusste Ern\u00e4hrungs- und Lebensteilentscheidungen Ihre Augengesundheit selbst beeinflussen k\u00f6nnen. Sie sind eingeladen, mit mir diesen Weg zu erkunden, um nicht nur Ihr Augenlicht zu bewahren, sondern auch Ihre Lebensqualit\u00e4t nachhaltig zu verbessern.<\/p>\n<h2>F\u00fcr wen ist das Buch \u201eMAKULA&#8230;WAS?\u201c geeignet?<\/h2>\n<p>Sind Sie bereit, Ihre Augengesundheit aktiv in die eigenen H\u00e4nde zu nehmen? M\u00f6glicherweise m\u00fcssen Sie einige liebgewonnene Gewohnheiten aufgeben und Ihre Ern\u00e4hrung sowie Lebensweise anpassen. Bedenken Sie, dass ich keinen Zauberstab habe; ich kann Ihnen nur den Pfad weisen, der f\u00fcr manche von Ihnen anspruchsvoll sein mag. Aber diesen Pfad m\u00fcssen Sie selbst beschreiten, Schritt f\u00fcr Schritt. Wenn Sie nicht bereit sind, Ver\u00e4nderungen in Ihrem Leben vorzunehmen, wird das Buch f\u00fcr Sie nicht das Richtige sein. F\u00fcr alle anderen gilt: Tauchen Sie ein und erleben Sie, wie Wissen Ihre Sehkraft verbessern kann!<\/p>\n<div class=\"box info  \"><div class=\"box-inner-block\"><i class=\"fa tie-shortcode-boxicon\"><\/i>\n\t\t\t Dieses Buch ist ein unverzichtbarer Ratgeber f\u00fcr alle, die ihre Sehkraft durch bewusste Lebensgewohnheiten und gezielte Ern\u00e4hrungsanpassungen erhalten und verbessern wollen.\n\t\t\t<\/div><\/div>\n<h2>Warum habe ich dieses Buch \u00fcber Makuladegeneration geschrieben:<\/h2>\n<p>Seit vielen Jahren liegt ein Schwerpunkt meiner Praxis auf der Behandlung der Makuladegeneration. Oft kommen Patienten zu mir, die von ihrem Augenarzt keine klaren Therapieempfehlungen erhalten haben. Stattdessen h\u00f6ren sie meist: abwarten und kontrollieren. Bei der feuchten Variante wird oft symptomatisch gespritzt. H\u00f6chstens wird ein Nahrungserg\u00e4nzungsmittel verordnet. Dabei gibt es so unz\u00e4hlige Faktoren, die bei einer AMD eine Rolle spielen.<\/p>\n<p>Ich m\u00f6chte diese Erkrankung nicht nur bekannter machen, sondern jedem die M\u00f6glichkeit geben, selbst aktiv etwas f\u00fcr seine Augengesundheit tun zu k\u00f6nnen.<\/p>\n<p>Ich bin dankbar daf\u00fcr, dass ich in den vergangenen Jahren, zahlreichen Menschen zu einem Mehr an Lebensqualit\u00e4t verholfen habe, indem ich \u00c4ngste und Sorgen nehmen konnte. Nat\u00fcrlich kann ich nicht jedem Einzelnen helfen, vor allem nicht, wenn die Makuladegeneration sich \u00fcber Jahrzehnte festgesetzt hat. Daher ist es umso wichtiger, schon fr\u00fchzeitig Vorsorgema\u00dfnahmen zu ergreifen.<\/p>\n<p>Selbst wenn Ihre Diagnose der altersbedingten Makuladegeneration (AMD) schon lange zur\u00fcckreicht, ist es niemals zu sp\u00e4t, neue Wege zu beschreiten, die \u00fcber die Grenzen der konventionellen Medizin hinausgehen, um Ihre Sehkraft zu verbessern. Ich m\u00f6chte keinesfalls die Schulmedizin diskreditieren. Vielmehr ist es mein Anliegen, aufzukl\u00e4ren und wirksame Strategien gegen diese hinterlistige Krankheit zu f\u00f6rdern \u2013 vor allem durch Pr\u00e4vention. Dieses Buch ist mein Versuch, ein Licht auf die Dunkelheit der Makuladegeneration zu werfen und zahlreiche Menschen vor dem unwiderruflichen Verlust des Sehverm\u00f6gens zu sch\u00fctzen.<\/p>\n<p><a href=\"https:\/\/shorturl.at\/iH146\" class=\"broken_link\"><img loading=\"lazy\" decoding=\"async\" class=\"alignleft wp-image-8458 size-medium\" src=\"https:\/\/www.kosmetikfuchs.de\/magazin\/wp-content\/uploads\/2024\/05\/20240513_134654-261x300.jpg\" alt=\"\" width=\"261\" height=\"300\" srcset=\"https:\/\/www.kosmetikfuchs.de\/magazin\/wp-content\/uploads\/2024\/05\/20240513_134654-261x300.jpg 261w, https:\/\/www.kosmetikfuchs.de\/magazin\/wp-content\/uploads\/2024\/05\/20240513_134654-891x1024.jpg 891w, https:\/\/www.kosmetikfuchs.de\/magazin\/wp-content\/uploads\/2024\/05\/20240513_134654-768x883.jpg 768w, https:\/\/www.kosmetikfuchs.de\/magazin\/wp-content\/uploads\/2024\/05\/20240513_134654-1336x1536.jpg 1336w, https:\/\/www.kosmetikfuchs.de\/magazin\/wp-content\/uploads\/2024\/05\/20240513_134654-1781x2048.jpg 1781w\" sizes=\"(max-width: 261px) 100vw, 261px\" \/><\/a>Sie sind keineswegs machtlos. Ergeben Sie sich nicht einfach Ihrem Schicksal. \u00d6ffnen Sie sich f\u00fcr neue Perspektiven, schauen Sie \u00fcber den Tellerrand hinaus und erkunden Sie die breite Palette an M\u00f6glichkeiten, der Makuladegeneration entgegenzuwirken. Auch wenn Sie schon l\u00e4nger betroffen sind, bietet dieses Buch viele Ans\u00e4tze, um Ihre Sehkraft signifikant zu verbessern. Ergreifen Sie die Initiative f\u00fcr ein besseres Sehen und seien Sie stolz darauf, diesen entscheidenden ersten Schritt zu machen, indem Sie sich dieses Buch zulegen.<\/p>\n<p>Wenn Sie skeptisch sind, verstehe ich das vollkommen. Es ist oft nicht leicht, sich auf neue Ansichten einzulassen, insbesondere wenn dies bedeutet, vertraute Gewohnheiten aufzugeben. Doch lassen Sie uns diese Gelegenheit ergreifen, Ihre Gesundheit zu verbessern. Gemeinsam werden wir den Pfad zu einer besseren Augengesundheit beschreiten, und ich werde Sie auf Ihrem Weg zum Augengesundheitsexperten begleiten.<\/p>\n<p>&nbsp;<\/p>\n<p><img loading=\"lazy\" decoding=\"async\" class=\"size-medium wp-image-8456 alignleft\" src=\"https:\/\/www.kosmetikfuchs.de\/magazin\/wp-content\/uploads\/2024\/05\/20240513_134638-227x300.jpg\" alt=\"\" width=\"227\" height=\"300\" srcset=\"https:\/\/www.kosmetikfuchs.de\/magazin\/wp-content\/uploads\/2024\/05\/20240513_134638-227x300.jpg 227w, https:\/\/www.kosmetikfuchs.de\/magazin\/wp-content\/uploads\/2024\/05\/20240513_134638-774x1024.jpg 774w, https:\/\/www.kosmetikfuchs.de\/magazin\/wp-content\/uploads\/2024\/05\/20240513_134638-768x1016.jpg 768w, https:\/\/www.kosmetikfuchs.de\/magazin\/wp-content\/uploads\/2024\/05\/20240513_134638-1162x1536.jpg 1162w, https:\/\/www.kosmetikfuchs.de\/magazin\/wp-content\/uploads\/2024\/05\/20240513_134638-1549x2048.jpg 1549w\" sizes=\"(max-width: 227px) 100vw, 227px\" \/><\/p>\n<h3>Das erwartet Sie beim Lesen:<\/h3>\n<ul>\n<li><strong>Einfache, aber wirkungsvolle Strategien f\u00fcr gesunde Augen<\/strong>: Erfahren Sie, wie Sie Ihre Augengesundheit mit unkomplizierten Methoden unterst\u00fctzen k\u00f6nnen.<\/li>\n<li><strong>Wissenschaftlich fundierte Erkenntnisse und deren praktische Anwendung<\/strong>: Nutzen Sie aktuelle Forschungsergebnisse, die Sie direkt in Ihrem Alltag umsetzen k\u00f6nnen.<\/li>\n<li><strong>Ganzheitliche Ans\u00e4tze als Erg\u00e4nzung zur traditionellen Medizin<\/strong>: Lernen Sie, wie Sie Ihre Behandlungsoptionen durch ganzheitliche Methoden erweitern.<\/li>\n<li><strong>Medikamente unter der Lupe:<\/strong> Erkennen Sie, welche Medikamente Ihnen wichtige Vitamine rauben und bei AMD kontraproduktiv sind.<\/li>\n<li><strong>Wichtige Blutwerte<\/strong>: Es gibt sie, Blutwerte, die bei der AMD unbedingt gecheckt werden sollten.<\/li>\n<li><strong>Tipps zur Optimierung Ihrer Ern\u00e4hrung und Lebensweise<\/strong>: Entdecken Sie, wie Sie durch gezielte \u00c4nderungen in Ern\u00e4hrung und Lebensstil Ihre Augengesundheit nachhaltig verbessern k\u00f6nnen.<\/li>\n<\/ul>\n<div class=\"box info  \"><div class=\"box-inner-block\"><i class=\"fa tie-shortcode-boxicon\"><\/i>\n\t\t\tDieses Buch schenkt Ihnen einen frischen Blick auf die Erkrankung Makuladegeneration und er\u00f6ffnet Ihnen M\u00f6glichkeiten, aktiv gegen den fortschreitenden Verlust Ihres Sehverm\u00f6gens vorzugehen.\n\t\t\t<\/div><\/div>\n<p>Sie lernen, wie Sie mit gezielten Ma\u00dfnahmen und einem ganzheitlichen Ansatz die Kontrolle \u00fcber Ihre Augengesundheit zur\u00fcckgewinnen k\u00f6nnen. Es zeigt Ihnen, dass Sie nicht hilflos sind, sondern durch fundiertes Wissen und bew\u00e4hrte Praktiken positive Ver\u00e4nderungen erreichen k\u00f6nnen.<\/p>\n<p>Mit \u00fcber 30 Jahren Erfahrung als Diplom-\u00d6kotrophologin und Heilpraktikerin pr\u00e4sentiere ich in meinem Buch \u00bbMAKULA&#8230; WAS?\u00ab praxisnahe und effektive Ans\u00e4tze zur aktiven Verbesserung der Augengesundheit. Ich erl\u00e4utere wissenschaftliche Zusammenh\u00e4nge und kombiniere sie mit ganzheitlichen Methoden, um Ihnen einen umfassenden Weg zu gesunden Augen zu bieten.<\/p>\n<h4><strong>\u00abVerbessern Sie die Regulationsf\u00e4higkeit Ihrer Augen. Wissen kann Ihre Sehkraft verbessern. Es h\u00e4ngen mehr Dinge mit Ihren Augen zusammen, als Sie vermuten.\u00bb<\/strong><\/h4>\n","protected":false},"excerpt":{"rendered":"<p>Heute m\u00f6chte ich Ihnen mein eigenes Buch vorstellen: &#8222;MAKULA&#8230; WAS? Alles, was Sie wissen sollten, wenn Sie von Makuladegeneration betroffen sind \u2013 Ein ganzheitlicher Ansatz zur Therapie und Ern\u00e4hrung.\u00a0 F\u00fcr viele meiner Patienten war der Begriff \u201eMakuladegeneration\u201c unbekannt, bis sie diese Diagnose bei ihrem Augenarzt erhielten. &#8222;MAKULA&#8230;WAS?&#8220;, so lautet oft die erste, verst\u00e4ndliche Reaktion. In &hellip;<\/p>\n","protected":false},"author":3,"featured_media":8452,"comment_status":"closed","ping_status":"open","sticky":false,"template":"","format":"standard","meta":{"footnotes":""},"categories":[588,1118,1],"tags":[1134,1133],"yoast_head":"<!-- This site is optimized with the Yoast SEO plugin v22.3 - https:\/\/yoast.com\/wordpress\/plugins\/seo\/ -->\n<title>Makuladegeneration: Ein ganzheitlicher Wegweiser f\u00fcr Ihre Augengesundheit - Kosmetikfuchs Magazin<\/title>\n<meta name=\"description\" content=\"Makuladegeneration: Ein ganzheitlicher Wegweiser f\u00fcr Ihre Augengesundheit. Wissen kann Ihre Sehkraft verbessern. Hier entdecken...\" \/>\n<meta name=\"robots\" content=\"index, follow, max-snippet:-1, max-image-preview:large, max-video-preview:-1\" \/>\n<link rel=\"canonical\" href=\"https:\/\/www.kosmetikfuchs.de\/magazin\/makuladegeneration-ein-ganzheitlicher-wegweiser-fuer-ihre-augengesundheit\/\" \/>\n<meta property=\"og:locale\" content=\"de_DE\" \/>\n<meta property=\"og:type\" content=\"article\" \/>\n<meta property=\"og:title\" content=\"Makuladegeneration: Ein ganzheitlicher Wegweiser f\u00fcr Ihre Augengesundheit - Kosmetikfuchs Magazin\" \/>\n<meta property=\"og:description\" content=\"Makuladegeneration: Ein ganzheitlicher Wegweiser f\u00fcr Ihre Augengesundheit. Wissen kann Ihre Sehkraft verbessern. Hier entdecken...\" \/>\n<meta property=\"og:url\" content=\"https:\/\/www.kosmetikfuchs.de\/magazin\/makuladegeneration-ein-ganzheitlicher-wegweiser-fuer-ihre-augengesundheit\/\" \/>\n<meta property=\"og:site_name\" content=\"Kosmetikfuchs Magazin\" \/>\n<meta property=\"article:published_time\" content=\"2024-05-13T12:43:24+00:00\" \/>\n<meta property=\"article:modified_time\" content=\"2024-05-13T12:58:40+00:00\" \/>\n<meta property=\"og:image\" content=\"https:\/\/www.kosmetikfuchs.de\/magazin\/wp-content\/uploads\/2024\/05\/Makuladegeneration--1024x768.jpg\" \/>\n\t<meta property=\"og:image:width\" content=\"1024\" \/>\n\t<meta property=\"og:image:height\" content=\"768\" \/>\n\t<meta property=\"og:image:type\" content=\"image\/jpeg\" \/>\n<meta name=\"author\" content=\"Andrea Schnitzler\" \/>\n<meta name=\"twitter:card\" content=\"summary_large_image\" \/>\n<meta name=\"twitter:label1\" content=\"Verfasst von\" \/>\n\t<meta name=\"twitter:data1\" content=\"Andrea Schnitzler\" \/>\n\t<meta name=\"twitter:label2\" content=\"Gesch\u00e4tzte Lesezeit\" \/>\n\t<meta name=\"twitter:data2\" content=\"7\u00a0Minuten\" \/>\n<script type=\"application\/ld+json\" class=\"yoast-schema-graph\">{\"@context\":\"https:\/\/schema.org\",\"@graph\":[{\"@type\":\"WebPage\",\"@id\":\"https:\/\/www.kosmetikfuchs.de\/magazin\/makuladegeneration-ein-ganzheitlicher-wegweiser-fuer-ihre-augengesundheit\/\",\"url\":\"https:\/\/www.kosmetikfuchs.de\/magazin\/makuladegeneration-ein-ganzheitlicher-wegweiser-fuer-ihre-augengesundheit\/\",\"name\":\"Makuladegeneration: Ein ganzheitlicher Wegweiser f\u00fcr Ihre Augengesundheit - Kosmetikfuchs Magazin\",\"isPartOf\":{\"@id\":\"https:\/\/www.kosmetikfuchs.de\/magazin\/#website\"},\"primaryImageOfPage\":{\"@id\":\"https:\/\/www.kosmetikfuchs.de\/magazin\/makuladegeneration-ein-ganzheitlicher-wegweiser-fuer-ihre-augengesundheit\/#primaryimage\"},\"image\":{\"@id\":\"https:\/\/www.kosmetikfuchs.de\/magazin\/makuladegeneration-ein-ganzheitlicher-wegweiser-fuer-ihre-augengesundheit\/#primaryimage\"},\"thumbnailUrl\":\"https:\/\/www.kosmetikfuchs.de\/magazin\/wp-content\/uploads\/2024\/05\/Makuladegeneration-.jpg\",\"datePublished\":\"2024-05-13T12:43:24+00:00\",\"dateModified\":\"2024-05-13T12:58:40+00:00\",\"author\":{\"@id\":\"https:\/\/www.kosmetikfuchs.de\/magazin\/#\/schema\/person\/35faae63e208f6683a44bc85e17d5a3b\"},\"description\":\"Makuladegeneration: Ein ganzheitlicher Wegweiser f\u00fcr Ihre Augengesundheit. Wissen kann Ihre Sehkraft verbessern. Hier entdecken...\",\"breadcrumb\":{\"@id\":\"https:\/\/www.kosmetikfuchs.de\/magazin\/makuladegeneration-ein-ganzheitlicher-wegweiser-fuer-ihre-augengesundheit\/#breadcrumb\"},\"inLanguage\":\"de\",\"potentialAction\":[{\"@type\":\"ReadAction\",\"target\":[\"https:\/\/www.kosmetikfuchs.de\/magazin\/makuladegeneration-ein-ganzheitlicher-wegweiser-fuer-ihre-augengesundheit\/\"]}]},{\"@type\":\"ImageObject\",\"inLanguage\":\"de\",\"@id\":\"https:\/\/www.kosmetikfuchs.de\/magazin\/makuladegeneration-ein-ganzheitlicher-wegweiser-fuer-ihre-augengesundheit\/#primaryimage\",\"url\":\"https:\/\/www.kosmetikfuchs.de\/magazin\/wp-content\/uploads\/2024\/05\/Makuladegeneration-.jpg\",\"contentUrl\":\"https:\/\/www.kosmetikfuchs.de\/magazin\/wp-content\/uploads\/2024\/05\/Makuladegeneration-.jpg\",\"width\":4000,\"height\":3000,\"caption\":\"Diagnose Makuladegeneration AMD\"},{\"@type\":\"BreadcrumbList\",\"@id\":\"https:\/\/www.kosmetikfuchs.de\/magazin\/makuladegeneration-ein-ganzheitlicher-wegweiser-fuer-ihre-augengesundheit\/#breadcrumb\",\"itemListElement\":[{\"@type\":\"ListItem\",\"position\":1,\"name\":\"Startseite\",\"item\":\"https:\/\/www.kosmetikfuchs.de\/magazin\/\"},{\"@type\":\"ListItem\",\"position\":2,\"name\":\"Makuladegeneration: Ein ganzheitlicher Wegweiser f\u00fcr Ihre Augengesundheit\"}]},{\"@type\":\"WebSite\",\"@id\":\"https:\/\/www.kosmetikfuchs.de\/magazin\/#website\",\"url\":\"https:\/\/www.kosmetikfuchs.de\/magazin\/\",\"name\":\"Kosmetikfuchs Magazin\",\"description\":\"\",\"potentialAction\":[{\"@type\":\"SearchAction\",\"target\":{\"@type\":\"EntryPoint\",\"urlTemplate\":\"https:\/\/www.kosmetikfuchs.de\/magazin\/?s={search_term_string}\"},\"query-input\":\"required name=search_term_string\"}],\"inLanguage\":\"de\"},{\"@type\":\"Person\",\"@id\":\"https:\/\/www.kosmetikfuchs.de\/magazin\/#\/schema\/person\/35faae63e208f6683a44bc85e17d5a3b\",\"name\":\"Andrea Schnitzler\",\"image\":{\"@type\":\"ImageObject\",\"inLanguage\":\"de\",\"@id\":\"https:\/\/www.kosmetikfuchs.de\/magazin\/#\/schema\/person\/image\/\",\"url\":\"https:\/\/secure.gravatar.com\/avatar\/c462be259c08eb432c40b941fbdefcb0?s=96&d=mm&r=g\",\"contentUrl\":\"https:\/\/secure.gravatar.com\/avatar\/c462be259c08eb432c40b941fbdefcb0?s=96&d=mm&r=g\",\"caption\":\"Andrea Schnitzler\"},\"description\":\"1994 Abschlu\u00df: Diplom Oecotrophologin (FH) 1999 Fachkosmetikerin 2003 Heilpraktikerin Einige Fortbildungen: 2004 Ausbildung Ohrakupunktur I 2004 Ausbildung Ohrakupunktur I 2007 Gasth\u00f6rer Fachbereich \u00d6kotrophologie FH Niederrhein 2008 Biomelekulare vitOrgan Therapie und Allergostop Behandlung 2013 Ausbildung in Acunova - Akupunktur 2000 bei Prof. John Boel 2014 Vertiefung in Acunova - Akupunktur 2000 bei Prof. John Boel 2016 Sympathikustherapie bei Dr. med. Heiner Steinr\u00fccken 2017 Kinesiologie Touch for Health Paracelsus 2017 Frequenz Therapie Anja F\u00fcchtenbusch\",\"sameAs\":[\"https:\/\/www.kosmetikfuchs.de\/magazin\/author\/a-schnitzler\/\"],\"url\":\"https:\/\/www.kosmetikfuchs.de\/magazin\/author\/a-schnitzler\/\"}]}<\/script>\n<!-- \/ Yoast SEO plugin. -->","yoast_head_json":{"title":"Makuladegeneration: Ein ganzheitlicher Wegweiser f\u00fcr Ihre Augengesundheit - Kosmetikfuchs Magazin","description":"Makuladegeneration: Ein ganzheitlicher Wegweiser f\u00fcr Ihre Augengesundheit. Wissen kann Ihre Sehkraft verbessern. Hier entdecken...","robots":{"index":"index","follow":"follow","max-snippet":"max-snippet:-1","max-image-preview":"max-image-preview:large","max-video-preview":"max-video-preview:-1"},"canonical":"https:\/\/www.kosmetikfuchs.de\/magazin\/makuladegeneration-ein-ganzheitlicher-wegweiser-fuer-ihre-augengesundheit\/","og_locale":"de_DE","og_type":"article","og_title":"Makuladegeneration: Ein ganzheitlicher Wegweiser f\u00fcr Ihre Augengesundheit - Kosmetikfuchs Magazin","og_description":"Makuladegeneration: Ein ganzheitlicher Wegweiser f\u00fcr Ihre Augengesundheit. Wissen kann Ihre Sehkraft verbessern. Hier entdecken...","og_url":"https:\/\/www.kosmetikfuchs.de\/magazin\/makuladegeneration-ein-ganzheitlicher-wegweiser-fuer-ihre-augengesundheit\/","og_site_name":"Kosmetikfuchs Magazin","article_published_time":"2024-05-13T12:43:24+00:00","article_modified_time":"2024-05-13T12:58:40+00:00","og_image":[{"width":1024,"height":768,"url":"https:\/\/www.kosmetikfuchs.de\/magazin\/wp-content\/uploads\/2024\/05\/Makuladegeneration--1024x768.jpg","type":"image\/jpeg"}],"author":"Andrea Schnitzler","twitter_card":"summary_large_image","twitter_misc":{"Verfasst von":"Andrea Schnitzler","Gesch\u00e4tzte Lesezeit":"7\u00a0Minuten"},"schema":{"@context":"https:\/\/schema.org","@graph":[{"@type":"WebPage","@id":"https:\/\/www.kosmetikfuchs.de\/magazin\/makuladegeneration-ein-ganzheitlicher-wegweiser-fuer-ihre-augengesundheit\/","url":"https:\/\/www.kosmetikfuchs.de\/magazin\/makuladegeneration-ein-ganzheitlicher-wegweiser-fuer-ihre-augengesundheit\/","name":"Makuladegeneration: Ein ganzheitlicher Wegweiser f\u00fcr Ihre Augengesundheit - Kosmetikfuchs Magazin","isPartOf":{"@id":"https:\/\/www.kosmetikfuchs.de\/magazin\/#website"},"primaryImageOfPage":{"@id":"https:\/\/www.kosmetikfuchs.de\/magazin\/makuladegeneration-ein-ganzheitlicher-wegweiser-fuer-ihre-augengesundheit\/#primaryimage"},"image":{"@id":"https:\/\/www.kosmetikfuchs.de\/magazin\/makuladegeneration-ein-ganzheitlicher-wegweiser-fuer-ihre-augengesundheit\/#primaryimage"},"thumbnailUrl":"https:\/\/www.kosmetikfuchs.de\/magazin\/wp-content\/uploads\/2024\/05\/Makuladegeneration-.jpg","datePublished":"2024-05-13T12:43:24+00:00","dateModified":"2024-05-13T12:58:40+00:00","author":{"@id":"https:\/\/www.kosmetikfuchs.de\/magazin\/#\/schema\/person\/35faae63e208f6683a44bc85e17d5a3b"},"description":"Makuladegeneration: Ein ganzheitlicher Wegweiser f\u00fcr Ihre Augengesundheit. Wissen kann Ihre Sehkraft verbessern. Hier entdecken...","breadcrumb":{"@id":"https:\/\/www.kosmetikfuchs.de\/magazin\/makuladegeneration-ein-ganzheitlicher-wegweiser-fuer-ihre-augengesundheit\/#breadcrumb"},"inLanguage":"de","potentialAction":[{"@type":"ReadAction","target":["https:\/\/www.kosmetikfuchs.de\/magazin\/makuladegeneration-ein-ganzheitlicher-wegweiser-fuer-ihre-augengesundheit\/"]}]},{"@type":"ImageObject","inLanguage":"de","@id":"https:\/\/www.kosmetikfuchs.de\/magazin\/makuladegeneration-ein-ganzheitlicher-wegweiser-fuer-ihre-augengesundheit\/#primaryimage","url":"https:\/\/www.kosmetikfuchs.de\/magazin\/wp-content\/uploads\/2024\/05\/Makuladegeneration-.jpg","contentUrl":"https:\/\/www.kosmetikfuchs.de\/magazin\/wp-content\/uploads\/2024\/05\/Makuladegeneration-.jpg","width":4000,"height":3000,"caption":"Diagnose Makuladegeneration AMD"},{"@type":"BreadcrumbList","@id":"https:\/\/www.kosmetikfuchs.de\/magazin\/makuladegeneration-ein-ganzheitlicher-wegweiser-fuer-ihre-augengesundheit\/#breadcrumb","itemListElement":[{"@type":"ListItem","position":1,"name":"Startseite","item":"https:\/\/www.kosmetikfuchs.de\/magazin\/"},{"@type":"ListItem","position":2,"name":"Makuladegeneration: Ein ganzheitlicher Wegweiser f\u00fcr Ihre Augengesundheit"}]},{"@type":"WebSite","@id":"https:\/\/www.kosmetikfuchs.de\/magazin\/#website","url":"https:\/\/www.kosmetikfuchs.de\/magazin\/","name":"Kosmetikfuchs Magazin","description":"","potentialAction":[{"@type":"SearchAction","target":{"@type":"EntryPoint","urlTemplate":"https:\/\/www.kosmetikfuchs.de\/magazin\/?s={search_term_string}"},"query-input":"required name=search_term_string"}],"inLanguage":"de"},{"@type":"Person","@id":"https:\/\/www.kosmetikfuchs.de\/magazin\/#\/schema\/person\/35faae63e208f6683a44bc85e17d5a3b","name":"Andrea Schnitzler","image":{"@type":"ImageObject","inLanguage":"de","@id":"https:\/\/www.kosmetikfuchs.de\/magazin\/#\/schema\/person\/image\/","url":"https:\/\/secure.gravatar.com\/avatar\/c462be259c08eb432c40b941fbdefcb0?s=96&d=mm&r=g","contentUrl":"https:\/\/secure.gravatar.com\/avatar\/c462be259c08eb432c40b941fbdefcb0?s=96&d=mm&r=g","caption":"Andrea Schnitzler"},"description":"1994 Abschlu\u00df: Diplom Oecotrophologin (FH) 1999 Fachkosmetikerin 2003 Heilpraktikerin Einige Fortbildungen: 2004 Ausbildung Ohrakupunktur I 2004 Ausbildung Ohrakupunktur I 2007 Gasth\u00f6rer Fachbereich \u00d6kotrophologie FH Niederrhein 2008 Biomelekulare vitOrgan Therapie und Allergostop Behandlung 2013 Ausbildung in Acunova - Akupunktur 2000 bei Prof. John Boel 2014 Vertiefung in Acunova - Akupunktur 2000 bei Prof. John Boel 2016 Sympathikustherapie bei Dr. med. Heiner Steinr\u00fccken 2017 Kinesiologie Touch for Health Paracelsus 2017 Frequenz Therapie Anja F\u00fcchtenbusch","sameAs":["https:\/\/www.kosmetikfuchs.de\/magazin\/author\/a-schnitzler\/"],"url":"https:\/\/www.kosmetikfuchs.de\/magazin\/author\/a-schnitzler\/"}]}},"_links":{"self":[{"href":"https:\/\/www.kosmetikfuchs.de\/magazin\/wp-json\/wp\/v2\/posts\/8451"}],"collection":[{"href":"https:\/\/www.kosmetikfuchs.de\/magazin\/wp-json\/wp\/v2\/posts"}],"about":[{"href":"https:\/\/www.kosmetikfuchs.de\/magazin\/wp-json\/wp\/v2\/types\/post"}],"author":[{"embeddable":true,"href":"https:\/\/www.kosmetikfuchs.de\/magazin\/wp-json\/wp\/v2\/users\/3"}],"replies":[{"embeddable":true,"href":"https:\/\/www.kosmetikfuchs.de\/magazin\/wp-json\/wp\/v2\/comments?post=8451"}],"version-history":[{"count":26,"href":"https:\/\/www.kosmetikfuchs.de\/magazin\/wp-json\/wp\/v2\/posts\/8451\/revisions"}],"predecessor-version":[{"id":8486,"href":"https:\/\/www.kosmetikfuchs.de\/magazin\/wp-json\/wp\/v2\/posts\/8451\/revisions\/8486"}],"wp:featuredmedia":[{"embeddable":true,"href":"https:\/\/www.kosmetikfuchs.de\/magazin\/wp-json\/wp\/v2\/media\/8452"}],"wp:attachment":[{"href":"https:\/\/www.kosmetikfuchs.de\/magazin\/wp-json\/wp\/v2\/media?parent=8451"}],"wp:term":[{"taxonomy":"category","embeddable":true,"href":"https:\/\/www.kosmetikfuchs.de\/magazin\/wp-json\/wp\/v2\/categories?post=8451"},{"taxonomy":"post_tag","embeddable":true,"href":"https:\/\/www.kosmetikfuchs.de\/magazin\/wp-json\/wp\/v2\/tags?post=8451"}],"curies":[{"name":"wp","href":"https:\/\/api.w.org\/{rel}","templated":true}]}}