{"id":8326,"date":"2024-04-02T16:22:08","date_gmt":"2024-04-02T14:22:08","guid":{"rendered":"https:\/\/www.kosmetikfuchs.de\/magazin\/?p=8326"},"modified":"2024-04-02T16:38:53","modified_gmt":"2024-04-02T14:38:53","slug":"entdecken-sie-die-vielfalt-und-kraft-von-schwarzkuemmeloel","status":"publish","type":"post","link":"https:\/\/www.kosmetikfuchs.de\/magazin\/entdecken-sie-die-vielfalt-und-kraft-von-schwarzkuemmeloel\/","title":{"rendered":"Entdecken Sie die Vielfalt und Kraft von Schwarzk\u00fcmmel\u00f6l"},"content":{"rendered":"<p><strong><em>Tauchen Sie ein in die faszinierende Welt des Schwarzk\u00fcmmel\u00f6ls, eines der \u00e4ltesten und vielseitigsten Naturheilmittel, das seit Jahrhunderten f\u00fcr seine au\u00dfergew\u00f6hnlichen gesundheitlichen Vorteile gesch\u00e4tzt wird. In unserem neuesten Magazin-Artikel &#8222;Das Goldene Elixier: Entdecken Sie die Vielfalt und Kraft von Schwarzk\u00fcmmel\u00f6l enth\u00fcllen wir die Geheimnisse dieses wunderbaren \u00d6ls, von den goldenen Feldern \u00c4gyptens bis in Ihre eigene K\u00fcche und Ihr Badezimmer. Erfahren Sie, warum kaltgepresstes \u00d6l die reinste Form des Wohlstands darstellt, wie Sie zwischen Bio- und konventionellen Optionen w\u00e4hlen und wie Sie dieses \u00bbfl\u00fcssige Gold\u00ab optimal f\u00fcr Ihre Gesundheit nutzen k\u00f6nnen. Ob Sie nun nach nat\u00fcrlichen Wegen zur Verbesserung Ihrer Hautpflege suchen, Ihr Immunsystem st\u00e4rken m\u00f6chten oder neugierig auf die historische Bedeutung hinter diesem \u00d6l sind, unser Artikel bietet Ihnen ein umfassendes Verst\u00e4ndnis und praktische Tipps f\u00fcr den t\u00e4glichen Gebrauch. Lassen Sie sich inspirieren von der Magie des Schwarzk\u00fcmmel\u00f6ls und entdecken Sie, wie ein Tropfen dieses alten Elixiers Ihr Leben bereichern kann.<\/em><\/strong><\/p>\n<h3>Schwarzk\u00fcmmel: Das Geheimnis hinter dem \u00d6l der Pharaonen<\/h3>\n<p>Erfahren Sie mehr \u00fcber die historische Bedeutung und die Urspr\u00fcnge des \u00e4gyptischen Schwarzk\u00fcmmel\u00f6ls. Seit Jahrtausenden ist Schwarzk\u00fcmmel, wissenschaftlich als Nigella Sativa bekannt, ein gesch\u00e4tzter Bestandteil der traditionellen Medizin und K\u00fcche. Besonders in \u00c4gypten, wo dieses kostbare \u00d6l als \u00bbGold der Pharaonen\u00ab verehrt wurde, zeugen arch\u00e4ologische Funde von seiner tief verwurzelten historischen Bedeutung. Die alten \u00c4gypter nutzten Schwarzk\u00fcmmel\u00f6l nicht nur f\u00fcr kulinarische Zwecke, sondern auch f\u00fcr seine vielf\u00e4ltigen heilenden Eigenschaften. Es fand Anwendung in der Hautpflege, zur St\u00e4rkung des Immunsystems und sogar im Balsamierungsprozess. Die Urspr\u00fcnge des Schwarzk\u00fcmmel\u00f6ls in der Region des Nils unterstreichen seine zentrale Rolle in der alt\u00e4gyptischen Kultur und Gesundheitslehre.<\/p>\n<h3>Von der Pflanze zur Flasche: Warum kaltgepresstes \u00d6l \u00fcberlegen ist<\/h3>\n<p>Die Herstellung von Schwarzk\u00fcmmel\u00f6l durch Kaltpressung ist eine Kunst, die nicht nur die Tradition ehrt, sondern auch die h\u00f6chste Qualit\u00e4t des Endprodukts sichert. Bei diesem Verfahren werden die Samen bei niedrigen Temperaturen gepresst, was bedeutet, dass die Hitze keine Chance hat, die wertvollen Inhaltsstoffe zu zerst\u00f6ren. Dabei ist die erste Pressung am Hochwertigsten, was sich auch durch einen erh\u00f6hten Preis kenntlich macht. Besonders die Erstpressung zeichnet sich durch ihre hohe Qualit\u00e4t aus. W\u00e4hrend nachfolgende Pressungen unter h\u00f6herem Druck erfolgen, k\u00f6nnen dabei einige Inhaltsstoffe verloren gehen. Dies ist entscheidend, denn die Hitze kann die empfindlichen Fette, Vitamine und Mineralien im \u00d6l beeintr\u00e4chtigen. Kaltgepresstes Schwarzk\u00fcmmel\u00f6l beh\u00e4lt somit seine reinen und potenten Eigenschaften, einschlie\u00dflich des Thymochinons, eines aktiven Bestandteils, der f\u00fcr seine entz\u00fcndungshemmenden und antioxidativen Wirkungen bekannt ist. Dieses schonende Verfahren garantiert, dass jeder Tropfen \u00d6l so nah wie m\u00f6glich an seinem nat\u00fcrlichen Zustand bleibt und somit die maximale gesundheitliche Wirkung erzielt.<\/p>\n<h3>Die vielf\u00e4ltigen Gesichter des Schwarzk\u00fcmmel\u00f6ls: Bio vs. Konventionell<\/h3>\n<p>Die Wahl zwischen Bio-Schwarzk\u00fcmmel\u00f6l und konventionellen Varianten spielt eine wesentliche Rolle bei der Bestimmung der Produktqualit\u00e4t und der damit verbundenen Gesundheitsvorteile. Bio-Schwarzk\u00fcmmel\u00f6l stammt aus Anbauverfahren, die strenge Richtlinien bez\u00fcglich des Einsatzes von Pestiziden, Herbiziden und k\u00fcnstlichen D\u00fcngemitteln befolgen. Diese Methoden f\u00f6rdern nicht nur eine nachhaltigere Landwirtschaft, sondern stellen auch sicher, dass das \u00d6l frei von sch\u00e4dlichen Chemikalien ist. Im Vergleich dazu k\u00f6nnen konventionelle \u00d6le R\u00fcckst\u00e4nde dieser Substanzen enthalten, welche die Reinheit und potenziell auch die heilenden Eigenschaften des \u00d6ls beeintr\u00e4chtigen k\u00f6nnen. Die Entscheidung f\u00fcr Bio-Produkte unterst\u00fctzt somit nicht nur die eigene Gesundheit durch den Konsum reinerer Produkte, sondern tr\u00e4gt auch zum Schutz der Umwelt bei.<\/p>\n<p>&nbsp;<\/p>\n<h2><strong>Nigellas Beitrag zur modernen Gesundheit: Anwendungsbereiche von Schwarzk\u00fcmmel\u00f6l<img loading=\"lazy\" decoding=\"async\" class=\"size-medium wp-image-8330 alignleft\" src=\"https:\/\/www.kosmetikfuchs.de\/magazin\/wp-content\/uploads\/2024\/04\/2020-08-19-10_44_52.5140200_resized_20200819_104709023-225x300.jpg\" alt=\"\" width=\"225\" height=\"300\" srcset=\"https:\/\/www.kosmetikfuchs.de\/magazin\/wp-content\/uploads\/2024\/04\/2020-08-19-10_44_52.5140200_resized_20200819_104709023-225x300.jpg 225w, https:\/\/www.kosmetikfuchs.de\/magazin\/wp-content\/uploads\/2024\/04\/2020-08-19-10_44_52.5140200_resized_20200819_104709023-768x1024.jpg 768w, https:\/\/www.kosmetikfuchs.de\/magazin\/wp-content\/uploads\/2024\/04\/2020-08-19-10_44_52.5140200_resized_20200819_104709023-1152x1536.jpg 1152w, https:\/\/www.kosmetikfuchs.de\/magazin\/wp-content\/uploads\/2024\/04\/2020-08-19-10_44_52.5140200_resized_20200819_104709023.jpg 1488w\" sizes=\"(max-width: 225px) 100vw, 225px\" \/><br \/>\n<\/strong><\/h2>\n<p>Hundebesitzer setzen das \u00d6l gerne als Schutz gegen Zecken ein, doch die Anwendungsbereiche des Schwarzk\u00fcmmels reichen weit dar\u00fcber hinaus. Eine Heilpflanze, die seit \u00fcber 3000 Jahren genutzt wird und von vielen als ein nahezu universelles Heilmittel angesehen wird. Aktuelle Forschungsergebnisse best\u00e4tigen jetzt, dass die vielf\u00e4ltigen Heilwirkungen des Schwarzk\u00fcmmels vor allem seiner f\u00f6rderlichen Wirkung auf das Immunsystem zuzuschreiben sind.<\/p>\n<p>Das goldene \u00d6l offenbart zahlreiche positive Effekte auf die Gesundheit. Es tr\u00e4gt nicht nur zur Regulierung des K\u00f6rpergewichts und des N\u00fcchtern-Blutzuckers bei, sondern kann auch den Langzeitblutzuckerwert, den sogenannten HbA1c, senken und die Insulinempfindlichkeit verbessern. Die positive Beeinflussung des Stoffwechsels sind zweifellos erfreuliche Neuigkeiten. Zudem zeigen j\u00fcngste Studien, dass regelm\u00e4\u00dfige Anwendung sowohl die Blutfettwerte als auch den Blutdruck positiv beeinflussen kann.<\/p>\n<p>Doch das ist noch nicht alles: Dank seiner entz\u00fcndungshemmenden Eigenschaften k\u00f6nnte Schwarzk\u00fcmmel\u00f6l auch eine wertvolle Unterst\u00fctzung bei Erkrankungen wie Arthritis und Hashimoto-Thyreoiditis bieten. Es bietet sich daher an, Schwarzk\u00fcmmel zus\u00e4tzlich zur schulmedizinischen Therapie, einzusetzen. Bis zu 3 Gramm t\u00e4glich gelten als sicher, doch ob Wechselwirkungen mit Medikamenten bestehen, bedarf noch der Erforschung. Je nach Anbau der Samen kann der Gehalt an Thymochinon, dem aktiven Wirkstoff von Nigella sativa, erheblich variiren.<\/p>\n<h3>Der richtige Zeitpunkt: Optimale Einnahme von Schwarzk\u00fcmmel\u00f6l<\/h3>\n<p>Die Wirksamkeit von Schwarzk\u00fcmmel\u00f6l kann durch den Zeitpunkt seiner Einnahme beeinflusst werden. Generell empfiehlt es sich, das \u00d6l zu den Mahlzeiten einzunehmen, um die Verdauung und die Absorption der N\u00e4hrstoffe zu optimieren. Sie k\u00f6nnen die Einnahme also wie ein Nahrungserg\u00e4nzungsmittel handhaben. Eine\u00a0 Einnahme vor dem Fr\u00fchst\u00fcck ist nicht empfehlenswert. Nehmen Sie daher das \u00d6l besser nach dem Essen zu sich. Diese Zeiten helfen nicht nur bei der regelm\u00e4\u00dfigen Aufnahme, sondern maximieren auch die bioaktive Wirkung des \u00d6ls \u00fcber den Tag.<\/p>\n<h3>Ma\u00dfgeschneiderte Dosierung: Wie viel ist genug?<\/h3>\n<p>Die ideale Dosierung von Schwarzk\u00fcmmel\u00f6l h\u00e4ngt von verschiedenen Faktoren ab, einschlie\u00dflich individueller Gesundheitsziele, Alter und Gewicht. W\u00e4hrend allgemein bis zu drei Teel\u00f6ffel t\u00e4glich als sicher gelten, kann die Dosierung je nach spezifischen Bed\u00fcrfnissen variieren. Zum Beispiel k\u00f6nnten Personen mit bestimmten gesundheitlichen Bedingungen eine angepasste Menge ben\u00f6tigen, die von einem Gesundheitsfachmann festgelegt wird. Es ist wichtig, mit einer niedrigeren Dosierung zu beginnen und diese schrittweise zu erh\u00f6hen, um die Vertr\u00e4glichkeit zu beurteilen.<\/p>\n<h3>Reines \u00d6l vs. Kapseln: Finden Sie Ihre perfekte Form<\/h3>\n<p>Die Entscheidung zwischen reinem Schwarzk\u00fcmmel\u00f6l und Kapseln h\u00e4ngt von pers\u00f6nlichen Vorlieben und Lebensstil ab. Reines \u00d6l bietet die Flexibilit\u00e4t, es in Speisen und Getr\u00e4nke zu mischen oder direkt zu konsumieren, wobei der intensive Geschmack f\u00fcr manche gew\u00f6hnungsbed\u00fcrftig sein kann. Kapseln hingegen bieten eine bequeme und geschmacksneutrale Alternative, ideal f\u00fcr Personen, die unterwegs sind oder den Geschmack des \u00d6ls meiden m\u00f6chten. Beide Formen bewahren die gesundheitlichen Vorteile von Schwarzk\u00fcmmel\u00f6l, doch die Bioverf\u00fcgbarkeit und die Wirkungsdauer k\u00f6nnen variieren, was bei der Wahl ber\u00fccksichtigt werden sollte.<\/p>\n<h2>Von der K\u00fcche bis zur Kosmetik: Kreative Anwendungen von Schwarzk\u00fcmmel\u00f6l<\/h2>\n<p>Schwarzk\u00fcmmel\u00f6l ist ein wahres Multitalent, das sowohl in der K\u00fcche als auch in der Kosmetik seine Anwendung findet. In der t\u00e4glichen Ern\u00e4hrung kann es als W\u00fcrzmittel f\u00fcr Salatdressings, Dips und sogar zum Verfeinern von Suppen und Gem\u00fcsegerichten eingesetzt werden. Sein leicht nussiger und pikant-herber Geschmack verleiht den Speisen eine exotische Note. In der Hautpflege hingegen kann Schwarzk\u00fcmmel\u00f6l dank seiner entz\u00fcndungshemmenden und antibakteriellen Eigenschaften zur Pflege von Problemhaut beitragen. Ein paar Tropfen in die Feuchtigkeitscreme gemischt oder direkt auf die Haut auftragen. Dies kann helfen, das Hautbild zu verbessern und f\u00fcr ein strahlendes Aussehen zu sorgen. In der Kosmetikindustrie wird die Wirkung des \u00d6les sehr gesch\u00e4tzt. <div class=\"box info  \"><div class=\"box-inner-block\"><i class=\"fa tie-shortcode-boxicon\"><\/i>\n\t\t\tBesonders folgende Eigenschaften \u00fcberzeugen: Schwarzk\u00fcmmel\u00f6l tr\u00e4gt zur Flexibilit\u00e4t der Zellmembranen bei und f\u00f6rdert die Stoffwechselvorg\u00e4nge. Es reguliert Verhornungsprozesse und unterst\u00fctzt die Hautbarriere, was wiederum eine langanhaltende Feuchtigkeitsbalance der Haut sichert.\n\t\t\t<\/div><\/div>\n<p><a href=\"https:\/\/www.kosmetikfuchs.de\/23707\/aesthetico\/fruit-complex-50ml\"><img loading=\"lazy\" decoding=\"async\" class=\"wp-image-8337 size-medium alignleft\" src=\"https:\/\/www.kosmetikfuchs.de\/magazin\/wp-content\/uploads\/2024\/04\/FRUIT-COMPLEX_50ML_PVP-UVP_30X30CLA6Ox8vVp2Cj-300x300.jpg\" alt=\"Schwarzk\u00fcmme\u00f6l\" width=\"300\" height=\"300\" srcset=\"https:\/\/www.kosmetikfuchs.de\/magazin\/wp-content\/uploads\/2024\/04\/FRUIT-COMPLEX_50ML_PVP-UVP_30X30CLA6Ox8vVp2Cj-300x300.jpg 300w, https:\/\/www.kosmetikfuchs.de\/magazin\/wp-content\/uploads\/2024\/04\/FRUIT-COMPLEX_50ML_PVP-UVP_30X30CLA6Ox8vVp2Cj-150x150.jpg 150w, https:\/\/www.kosmetikfuchs.de\/magazin\/wp-content\/uploads\/2024\/04\/FRUIT-COMPLEX_50ML_PVP-UVP_30X30CLA6Ox8vVp2Cj-768x768.jpg 768w, https:\/\/www.kosmetikfuchs.de\/magazin\/wp-content\/uploads\/2024\/04\/FRUIT-COMPLEX_50ML_PVP-UVP_30X30CLA6Ox8vVp2Cj.jpg 800w\" sizes=\"(max-width: 300px) 100vw, 300px\" \/><\/a><\/p>\n<h2>Ein nat\u00fcrliches Heilmittel f\u00fcr jedes Zuhause: Warum Schwarzk\u00fcmmel\u00f6l nicht fehlen sollte<\/h2>\n<p>Schwarzk\u00fcmmel\u00f6l verdient einen festen Platz in jedem Haushalt. Nicht nur wegen seiner vielseitigen Verwendbarkeit in K\u00fcche und Kosmetik, sondern auch als nat\u00fcrliches Heilmittel. Es hat sich gezeigt, dass Schwarzk\u00fcmmel\u00f6l das Immunsystem st\u00e4rken, Entz\u00fcndungen reduzieren und sogar allergische Reaktionen lindern kann. Seine antioxidativen Eigenschaften machen es zu einem wertvollen Verb\u00fcndeten im Kampf gegen freie Radikale und zur Unterst\u00fctzung der allgemeinen Gesundheit. Die einfache Integration in den Alltag und die M\u00f6glichkeit, chemische Medikamente und Kosmetika durch ein nat\u00fcrliches Produkt zu ersetzen, sind \u00fcberzeugende Argumente f\u00fcr die Anschaffung dieses vielseitigen \u00d6ls. Somit ist Schwarzk\u00fcmmel\u00f6l nicht nur ein Superfood f\u00fcr den K\u00f6rper, sondern auch ein Superheld f\u00fcr die Gesundheit und das Wohlbefinden der ganzen Familie.<\/p>\n<p>&nbsp;<\/p>\n<p>&nbsp;<\/p>\n<p>&nbsp;<\/p>\n<p>&nbsp;<\/p>\n<p>&nbsp;<\/p>\n<blockquote><p>Die in diesem Artikel bereitgestellten Informationen dienen ausschlie\u00dflich zu Bildungs- und Informationszwecken und stellen keine medizinische Beratung dar. Sie sind nicht dazu gedacht, eine professionelle Diagnose, Behandlung oder medizinische Beratung zu ersetzen. Konsultieren Sie immer Ihren Arzt oder einen anderen qualifizierten Gesundheitsdienstleister, wenn Sie Fragen zu einer medizinischen Zustand oder Gesundheitszielen haben. Verzichten Sie niemals auf die professionelle medizinische Beratung oder z\u00f6gern Sie nicht, sie wegen etwas, das Sie in diesem Artikel gelesen haben, einzuholen.<\/p><\/blockquote>\n","protected":false},"excerpt":{"rendered":"<p>Tauchen Sie ein in die faszinierende Welt des Schwarzk\u00fcmmel\u00f6ls, eines der \u00e4ltesten und vielseitigsten Naturheilmittel, das seit Jahrhunderten f\u00fcr seine au\u00dfergew\u00f6hnlichen gesundheitlichen Vorteile gesch\u00e4tzt wird. In unserem neuesten Magazin-Artikel &#8222;Das Goldene Elixier: Entdecken Sie die Vielfalt und Kraft von Schwarzk\u00fcmmel\u00f6l enth\u00fcllen wir die Geheimnisse dieses wunderbaren \u00d6ls, von den goldenen Feldern \u00c4gyptens bis in Ihre &hellip;<\/p>\n","protected":false},"author":3,"featured_media":2925,"comment_status":"closed","ping_status":"open","sticky":false,"template":"","format":"standard","meta":{"footnotes":""},"categories":[1118,1],"tags":[384,244,1122],"yoast_head":"<!-- This site is optimized with the Yoast SEO plugin v22.3 - https:\/\/yoast.com\/wordpress\/plugins\/seo\/ -->\n<title>Entdecken Sie die Vielfalt und Kraft von Schwarzk\u00fcmmel\u00f6l - Kosmetikfuchs Magazin<\/title>\n<meta name=\"description\" content=\"Tauchen Sie ein in die faszinierende Welt des Schwarzk\u00fcmmel\u00f6ls, eines der \u00e4ltesten und vielseitigsten Naturheilmittel \u2013 auf kosmetikfuchs.de\" \/>\n<meta name=\"robots\" content=\"index, follow, max-snippet:-1, max-image-preview:large, max-video-preview:-1\" \/>\n<link rel=\"canonical\" href=\"https:\/\/www.kosmetikfuchs.de\/magazin\/entdecken-sie-die-vielfalt-und-kraft-von-schwarzkuemmeloel\/\" \/>\n<meta property=\"og:locale\" content=\"de_DE\" \/>\n<meta property=\"og:type\" content=\"article\" \/>\n<meta property=\"og:title\" content=\"Entdecken Sie die Vielfalt und Kraft von Schwarzk\u00fcmmel\u00f6l - Kosmetikfuchs Magazin\" \/>\n<meta property=\"og:description\" content=\"Tauchen Sie ein in die faszinierende Welt des Schwarzk\u00fcmmel\u00f6ls, eines der \u00e4ltesten und vielseitigsten Naturheilmittel \u2013 auf kosmetikfuchs.de\" \/>\n<meta property=\"og:url\" content=\"https:\/\/www.kosmetikfuchs.de\/magazin\/entdecken-sie-die-vielfalt-und-kraft-von-schwarzkuemmeloel\/\" \/>\n<meta property=\"og:site_name\" content=\"Kosmetikfuchs Magazin\" \/>\n<meta property=\"article:published_time\" content=\"2024-04-02T14:22:08+00:00\" \/>\n<meta property=\"article:modified_time\" content=\"2024-04-02T14:38:53+00:00\" \/>\n<meta property=\"og:image\" content=\"https:\/\/www.kosmetikfuchs.de\/magazin\/wp-content\/uploads\/2021\/03\/olivenoel-gesichtsoel.jpg\" \/>\n\t<meta property=\"og:image:width\" content=\"900\" \/>\n\t<meta property=\"og:image:height\" content=\"601\" \/>\n\t<meta property=\"og:image:type\" content=\"image\/jpeg\" \/>\n<meta name=\"author\" content=\"Andrea Schnitzler\" \/>\n<meta name=\"twitter:card\" content=\"summary_large_image\" \/>\n<meta name=\"twitter:label1\" content=\"Verfasst von\" \/>\n\t<meta name=\"twitter:data1\" content=\"Andrea Schnitzler\" \/>\n\t<meta name=\"twitter:label2\" content=\"Gesch\u00e4tzte Lesezeit\" \/>\n\t<meta name=\"twitter:data2\" content=\"8\u00a0Minuten\" \/>\n<script type=\"application\/ld+json\" class=\"yoast-schema-graph\">{\"@context\":\"https:\/\/schema.org\",\"@graph\":[{\"@type\":\"WebPage\",\"@id\":\"https:\/\/www.kosmetikfuchs.de\/magazin\/entdecken-sie-die-vielfalt-und-kraft-von-schwarzkuemmeloel\/\",\"url\":\"https:\/\/www.kosmetikfuchs.de\/magazin\/entdecken-sie-die-vielfalt-und-kraft-von-schwarzkuemmeloel\/\",\"name\":\"Entdecken Sie die Vielfalt und Kraft von Schwarzk\u00fcmmel\u00f6l - Kosmetikfuchs Magazin\",\"isPartOf\":{\"@id\":\"https:\/\/www.kosmetikfuchs.de\/magazin\/#website\"},\"primaryImageOfPage\":{\"@id\":\"https:\/\/www.kosmetikfuchs.de\/magazin\/entdecken-sie-die-vielfalt-und-kraft-von-schwarzkuemmeloel\/#primaryimage\"},\"image\":{\"@id\":\"https:\/\/www.kosmetikfuchs.de\/magazin\/entdecken-sie-die-vielfalt-und-kraft-von-schwarzkuemmeloel\/#primaryimage\"},\"thumbnailUrl\":\"https:\/\/www.kosmetikfuchs.de\/magazin\/wp-content\/uploads\/2021\/03\/olivenoel-gesichtsoel.jpg\",\"datePublished\":\"2024-04-02T14:22:08+00:00\",\"dateModified\":\"2024-04-02T14:38:53+00:00\",\"author\":{\"@id\":\"https:\/\/www.kosmetikfuchs.de\/magazin\/#\/schema\/person\/35faae63e208f6683a44bc85e17d5a3b\"},\"description\":\"Tauchen Sie ein in die faszinierende Welt des Schwarzk\u00fcmmel\u00f6ls, eines der \u00e4ltesten und vielseitigsten Naturheilmittel \u2013 auf kosmetikfuchs.de\",\"breadcrumb\":{\"@id\":\"https:\/\/www.kosmetikfuchs.de\/magazin\/entdecken-sie-die-vielfalt-und-kraft-von-schwarzkuemmeloel\/#breadcrumb\"},\"inLanguage\":\"de\",\"potentialAction\":[{\"@type\":\"ReadAction\",\"target\":[\"https:\/\/www.kosmetikfuchs.de\/magazin\/entdecken-sie-die-vielfalt-und-kraft-von-schwarzkuemmeloel\/\"]}]},{\"@type\":\"ImageObject\",\"inLanguage\":\"de\",\"@id\":\"https:\/\/www.kosmetikfuchs.de\/magazin\/entdecken-sie-die-vielfalt-und-kraft-von-schwarzkuemmeloel\/#primaryimage\",\"url\":\"https:\/\/www.kosmetikfuchs.de\/magazin\/wp-content\/uploads\/2021\/03\/olivenoel-gesichtsoel.jpg\",\"contentUrl\":\"https:\/\/www.kosmetikfuchs.de\/magazin\/wp-content\/uploads\/2021\/03\/olivenoel-gesichtsoel.jpg\",\"width\":900,\"height\":601,\"caption\":\"\u00a9 Du\u0161an Zidar \u2013 stock.adobe.com\"},{\"@type\":\"BreadcrumbList\",\"@id\":\"https:\/\/www.kosmetikfuchs.de\/magazin\/entdecken-sie-die-vielfalt-und-kraft-von-schwarzkuemmeloel\/#breadcrumb\",\"itemListElement\":[{\"@type\":\"ListItem\",\"position\":1,\"name\":\"Startseite\",\"item\":\"https:\/\/www.kosmetikfuchs.de\/magazin\/\"},{\"@type\":\"ListItem\",\"position\":2,\"name\":\"Entdecken Sie die Vielfalt und Kraft von Schwarzk\u00fcmmel\u00f6l\"}]},{\"@type\":\"WebSite\",\"@id\":\"https:\/\/www.kosmetikfuchs.de\/magazin\/#website\",\"url\":\"https:\/\/www.kosmetikfuchs.de\/magazin\/\",\"name\":\"Kosmetikfuchs Magazin\",\"description\":\"\",\"potentialAction\":[{\"@type\":\"SearchAction\",\"target\":{\"@type\":\"EntryPoint\",\"urlTemplate\":\"https:\/\/www.kosmetikfuchs.de\/magazin\/?s={search_term_string}\"},\"query-input\":\"required name=search_term_string\"}],\"inLanguage\":\"de\"},{\"@type\":\"Person\",\"@id\":\"https:\/\/www.kosmetikfuchs.de\/magazin\/#\/schema\/person\/35faae63e208f6683a44bc85e17d5a3b\",\"name\":\"Andrea Schnitzler\",\"image\":{\"@type\":\"ImageObject\",\"inLanguage\":\"de\",\"@id\":\"https:\/\/www.kosmetikfuchs.de\/magazin\/#\/schema\/person\/image\/\",\"url\":\"https:\/\/secure.gravatar.com\/avatar\/c462be259c08eb432c40b941fbdefcb0?s=96&d=mm&r=g\",\"contentUrl\":\"https:\/\/secure.gravatar.com\/avatar\/c462be259c08eb432c40b941fbdefcb0?s=96&d=mm&r=g\",\"caption\":\"Andrea Schnitzler\"},\"description\":\"1994 Abschlu\u00df: Diplom Oecotrophologin (FH) 1999 Fachkosmetikerin 2003 Heilpraktikerin Einige Fortbildungen: 2004 Ausbildung Ohrakupunktur I 2004 Ausbildung Ohrakupunktur I 2007 Gasth\u00f6rer Fachbereich \u00d6kotrophologie FH Niederrhein 2008 Biomelekulare vitOrgan Therapie und Allergostop Behandlung 2013 Ausbildung in Acunova - Akupunktur 2000 bei Prof. John Boel 2014 Vertiefung in Acunova - Akupunktur 2000 bei Prof. John Boel 2016 Sympathikustherapie bei Dr. med. Heiner Steinr\u00fccken 2017 Kinesiologie Touch for Health Paracelsus 2017 Frequenz Therapie Anja F\u00fcchtenbusch\",\"sameAs\":[\"https:\/\/www.kosmetikfuchs.de\/magazin\/author\/a-schnitzler\/\"],\"url\":\"https:\/\/www.kosmetikfuchs.de\/magazin\/author\/a-schnitzler\/\"}]}<\/script>\n<!-- \/ Yoast SEO plugin. -->","yoast_head_json":{"title":"Entdecken Sie die Vielfalt und Kraft von Schwarzk\u00fcmmel\u00f6l - Kosmetikfuchs Magazin","description":"Tauchen Sie ein in die faszinierende Welt des Schwarzk\u00fcmmel\u00f6ls, eines der \u00e4ltesten und vielseitigsten Naturheilmittel \u2013 auf kosmetikfuchs.de","robots":{"index":"index","follow":"follow","max-snippet":"max-snippet:-1","max-image-preview":"max-image-preview:large","max-video-preview":"max-video-preview:-1"},"canonical":"https:\/\/www.kosmetikfuchs.de\/magazin\/entdecken-sie-die-vielfalt-und-kraft-von-schwarzkuemmeloel\/","og_locale":"de_DE","og_type":"article","og_title":"Entdecken Sie die Vielfalt und Kraft von Schwarzk\u00fcmmel\u00f6l - Kosmetikfuchs Magazin","og_description":"Tauchen Sie ein in die faszinierende Welt des Schwarzk\u00fcmmel\u00f6ls, eines der \u00e4ltesten und vielseitigsten Naturheilmittel \u2013 auf kosmetikfuchs.de","og_url":"https:\/\/www.kosmetikfuchs.de\/magazin\/entdecken-sie-die-vielfalt-und-kraft-von-schwarzkuemmeloel\/","og_site_name":"Kosmetikfuchs Magazin","article_published_time":"2024-04-02T14:22:08+00:00","article_modified_time":"2024-04-02T14:38:53+00:00","og_image":[{"width":900,"height":601,"url":"https:\/\/www.kosmetikfuchs.de\/magazin\/wp-content\/uploads\/2021\/03\/olivenoel-gesichtsoel.jpg","type":"image\/jpeg"}],"author":"Andrea Schnitzler","twitter_card":"summary_large_image","twitter_misc":{"Verfasst von":"Andrea Schnitzler","Gesch\u00e4tzte Lesezeit":"8\u00a0Minuten"},"schema":{"@context":"https:\/\/schema.org","@graph":[{"@type":"WebPage","@id":"https:\/\/www.kosmetikfuchs.de\/magazin\/entdecken-sie-die-vielfalt-und-kraft-von-schwarzkuemmeloel\/","url":"https:\/\/www.kosmetikfuchs.de\/magazin\/entdecken-sie-die-vielfalt-und-kraft-von-schwarzkuemmeloel\/","name":"Entdecken Sie die Vielfalt und Kraft von Schwarzk\u00fcmmel\u00f6l - Kosmetikfuchs Magazin","isPartOf":{"@id":"https:\/\/www.kosmetikfuchs.de\/magazin\/#website"},"primaryImageOfPage":{"@id":"https:\/\/www.kosmetikfuchs.de\/magazin\/entdecken-sie-die-vielfalt-und-kraft-von-schwarzkuemmeloel\/#primaryimage"},"image":{"@id":"https:\/\/www.kosmetikfuchs.de\/magazin\/entdecken-sie-die-vielfalt-und-kraft-von-schwarzkuemmeloel\/#primaryimage"},"thumbnailUrl":"https:\/\/www.kosmetikfuchs.de\/magazin\/wp-content\/uploads\/2021\/03\/olivenoel-gesichtsoel.jpg","datePublished":"2024-04-02T14:22:08+00:00","dateModified":"2024-04-02T14:38:53+00:00","author":{"@id":"https:\/\/www.kosmetikfuchs.de\/magazin\/#\/schema\/person\/35faae63e208f6683a44bc85e17d5a3b"},"description":"Tauchen Sie ein in die faszinierende Welt des Schwarzk\u00fcmmel\u00f6ls, eines der \u00e4ltesten und vielseitigsten Naturheilmittel \u2013 auf kosmetikfuchs.de","breadcrumb":{"@id":"https:\/\/www.kosmetikfuchs.de\/magazin\/entdecken-sie-die-vielfalt-und-kraft-von-schwarzkuemmeloel\/#breadcrumb"},"inLanguage":"de","potentialAction":[{"@type":"ReadAction","target":["https:\/\/www.kosmetikfuchs.de\/magazin\/entdecken-sie-die-vielfalt-und-kraft-von-schwarzkuemmeloel\/"]}]},{"@type":"ImageObject","inLanguage":"de","@id":"https:\/\/www.kosmetikfuchs.de\/magazin\/entdecken-sie-die-vielfalt-und-kraft-von-schwarzkuemmeloel\/#primaryimage","url":"https:\/\/www.kosmetikfuchs.de\/magazin\/wp-content\/uploads\/2021\/03\/olivenoel-gesichtsoel.jpg","contentUrl":"https:\/\/www.kosmetikfuchs.de\/magazin\/wp-content\/uploads\/2021\/03\/olivenoel-gesichtsoel.jpg","width":900,"height":601,"caption":"\u00a9 Du\u0161an Zidar \u2013 stock.adobe.com"},{"@type":"BreadcrumbList","@id":"https:\/\/www.kosmetikfuchs.de\/magazin\/entdecken-sie-die-vielfalt-und-kraft-von-schwarzkuemmeloel\/#breadcrumb","itemListElement":[{"@type":"ListItem","position":1,"name":"Startseite","item":"https:\/\/www.kosmetikfuchs.de\/magazin\/"},{"@type":"ListItem","position":2,"name":"Entdecken Sie die Vielfalt und Kraft von Schwarzk\u00fcmmel\u00f6l"}]},{"@type":"WebSite","@id":"https:\/\/www.kosmetikfuchs.de\/magazin\/#website","url":"https:\/\/www.kosmetikfuchs.de\/magazin\/","name":"Kosmetikfuchs Magazin","description":"","potentialAction":[{"@type":"SearchAction","target":{"@type":"EntryPoint","urlTemplate":"https:\/\/www.kosmetikfuchs.de\/magazin\/?s={search_term_string}"},"query-input":"required name=search_term_string"}],"inLanguage":"de"},{"@type":"Person","@id":"https:\/\/www.kosmetikfuchs.de\/magazin\/#\/schema\/person\/35faae63e208f6683a44bc85e17d5a3b","name":"Andrea Schnitzler","image":{"@type":"ImageObject","inLanguage":"de","@id":"https:\/\/www.kosmetikfuchs.de\/magazin\/#\/schema\/person\/image\/","url":"https:\/\/secure.gravatar.com\/avatar\/c462be259c08eb432c40b941fbdefcb0?s=96&d=mm&r=g","contentUrl":"https:\/\/secure.gravatar.com\/avatar\/c462be259c08eb432c40b941fbdefcb0?s=96&d=mm&r=g","caption":"Andrea Schnitzler"},"description":"1994 Abschlu\u00df: Diplom Oecotrophologin (FH) 1999 Fachkosmetikerin 2003 Heilpraktikerin Einige Fortbildungen: 2004 Ausbildung Ohrakupunktur I 2004 Ausbildung Ohrakupunktur I 2007 Gasth\u00f6rer Fachbereich \u00d6kotrophologie FH Niederrhein 2008 Biomelekulare vitOrgan Therapie und Allergostop Behandlung 2013 Ausbildung in Acunova - Akupunktur 2000 bei Prof. John Boel 2014 Vertiefung in Acunova - Akupunktur 2000 bei Prof. John Boel 2016 Sympathikustherapie bei Dr. med. Heiner Steinr\u00fccken 2017 Kinesiologie Touch for Health Paracelsus 2017 Frequenz Therapie Anja F\u00fcchtenbusch","sameAs":["https:\/\/www.kosmetikfuchs.de\/magazin\/author\/a-schnitzler\/"],"url":"https:\/\/www.kosmetikfuchs.de\/magazin\/author\/a-schnitzler\/"}]}},"_links":{"self":[{"href":"https:\/\/www.kosmetikfuchs.de\/magazin\/wp-json\/wp\/v2\/posts\/8326"}],"collection":[{"href":"https:\/\/www.kosmetikfuchs.de\/magazin\/wp-json\/wp\/v2\/posts"}],"about":[{"href":"https:\/\/www.kosmetikfuchs.de\/magazin\/wp-json\/wp\/v2\/types\/post"}],"author":[{"embeddable":true,"href":"https:\/\/www.kosmetikfuchs.de\/magazin\/wp-json\/wp\/v2\/users\/3"}],"replies":[{"embeddable":true,"href":"https:\/\/www.kosmetikfuchs.de\/magazin\/wp-json\/wp\/v2\/comments?post=8326"}],"version-history":[{"count":13,"href":"https:\/\/www.kosmetikfuchs.de\/magazin\/wp-json\/wp\/v2\/posts\/8326\/revisions"}],"predecessor-version":[{"id":8343,"href":"https:\/\/www.kosmetikfuchs.de\/magazin\/wp-json\/wp\/v2\/posts\/8326\/revisions\/8343"}],"wp:featuredmedia":[{"embeddable":true,"href":"https:\/\/www.kosmetikfuchs.de\/magazin\/wp-json\/wp\/v2\/media\/2925"}],"wp:attachment":[{"href":"https:\/\/www.kosmetikfuchs.de\/magazin\/wp-json\/wp\/v2\/media?parent=8326"}],"wp:term":[{"taxonomy":"category","embeddable":true,"href":"https:\/\/www.kosmetikfuchs.de\/magazin\/wp-json\/wp\/v2\/categories?post=8326"},{"taxonomy":"post_tag","embeddable":true,"href":"https:\/\/www.kosmetikfuchs.de\/magazin\/wp-json\/wp\/v2\/tags?post=8326"}],"curies":[{"name":"wp","href":"https:\/\/api.w.org\/{rel}","templated":true}]}}