{"id":8278,"date":"2024-03-13T14:29:33","date_gmt":"2024-03-13T13:29:33","guid":{"rendered":"https:\/\/www.kosmetikfuchs.de\/magazin\/?p=8278"},"modified":"2024-03-22T14:30:18","modified_gmt":"2024-03-22T13:30:18","slug":"heilpflanzen-in-der-kosmetik-entdecke-die-kraft-von-brennnessel","status":"publish","type":"post","link":"https:\/\/www.kosmetikfuchs.de\/magazin\/heilpflanzen-in-der-kosmetik-entdecke-die-kraft-von-brennnessel\/","title":{"rendered":"Heilpflanzen in der Kosmetik: Entdecke die Kraft der Brennnessel"},"content":{"rendered":"<p><strong>Entdecken Sie die faszinierende Welt der Heilpflanzen! Jedes Jahr wird eine besondere Pflanze zur Heilpflanze des Jahres gek\u00fcrt \u2013 eine Tradition, die Ihnen einen besseren Bezug zu den nat\u00fcrlichen Sch\u00e4tzen unserer Umgebung erm\u00f6glicht. In unserem Artikel erfahren Sie mehr \u00fcber die herausragende Heilpflanze Brennnessel. Ihre vielf\u00e4ltigen Wirkungen und Anwendungen in der Kosmetik lassen Sie die nat\u00fcrliche Sch\u00f6nheit und Heilkraft der Pflanzenwelt neu entdecken.<\/strong><\/p>\n<p>In der Welt der Kosmetik gibt es eine reiche Vielfalt an nat\u00fcrlichen Inhaltsstoffen, die seit Jahrhunderten f\u00fcr ihre heilenden Eigenschaften gesch\u00e4tzt werden. Heilpflanzen spielen dabei eine herausragende Rolle, da sie nicht nur pflegende, sondern auch therapeutische Wirkungen auf die Haut haben. In diesem Artikel werden wir uns genauer mit der bedeutenden Heilpflanze Brennnessel befassen. Ihre Wirksamkeit, Anwendungen und Bedeutung in der Kosmetik werden im Folgenden beleuchtet.<\/p>\n<h2>Brennnessel: Vielseitiger Einsatz in der Medizin und Kosmetik<\/h2>\n<p>Zu Beginn unserer gemeinsamen Reise durch die Heilpflanzen werfen wir einen Blick auf die Brennnessel (Urtica radix), sie war die Heilpflanze des Jahres 2022. M\u00f6glicherweise \u00fcberrascht es Sie? Diese Pflanze, die meist eher als l\u00e4stiges \u00dcbel angesehen und gemieden wird, da sie bei Hautkontakt unangenehm brennt, findet tats\u00e4chlich auch Anwendung in der Medizin. Wer hat nicht schon eine schmerzende \u00abBekanntschaft\u00bb mit einer Brennnessel gemacht? Alle Pflanzenteile der Brennnessel k\u00f6nnen therapeutisch genutzt werden. Dabei stehen Wirkungen wie entw\u00e4ssernde, entz\u00fcndungsreduzierende und durchblutungsf\u00f6rdernde im Vordergrund.<\/p>\n<p>Lassen Sie uns einen genaueren Blick auf die Inhaltsstoffe werfen, die die Brennnessel zu einem bemerkenswerten Heilmittel machen. <div class=\"box info  \"><div class=\"box-inner-block\"><i class=\"fa tie-shortcode-boxicon\"><\/i>\n\t\t\tSie ist reich an Mineralien wie Kalium, Kalzium und Silizium. Weiter liefert sie sekund\u00e4re Pflanzenstoffe wie Flavonoide und Gerbstoffe. Zudem enth\u00e4lt sie viel Chlorophyll, das Blattgr\u00fcn, das entgiftende Funktionen besitzt.\n\t\t\t<\/div><\/div>\n<figure id=\"attachment_8280\" aria-describedby=\"caption-attachment-8280\" style=\"width: 862px\" class=\"wp-caption aligncenter\"><img loading=\"lazy\" decoding=\"async\" class=\"wp-image-8280 size-full\" src=\"https:\/\/www.kosmetikfuchs.de\/magazin\/wp-content\/uploads\/2024\/03\/Brennsessel.jpg\" alt=\"Brennnessel\" width=\"862\" height=\"431\" srcset=\"https:\/\/www.kosmetikfuchs.de\/magazin\/wp-content\/uploads\/2024\/03\/Brennsessel.jpg 862w, https:\/\/www.kosmetikfuchs.de\/magazin\/wp-content\/uploads\/2024\/03\/Brennsessel-300x150.jpg 300w, https:\/\/www.kosmetikfuchs.de\/magazin\/wp-content\/uploads\/2024\/03\/Brennsessel-768x384.jpg 768w\" sizes=\"(max-width: 862px) 100vw, 862px\" \/><figcaption id=\"caption-attachment-8280\" class=\"wp-caption-text\">@Antje Grun kosmetikfuchs<\/figcaption><\/figure>\n<p>&nbsp;<\/p>\n<h3>Vielf\u00e4ltige Wirkung der Brennnessel:<\/h3>\n<h3>Rheuma und Arthrose:<\/h3>\n<p>Eine Studie aus dem Jahr 2002 belegt, dass Brennnessel gerade bei rheumatischen und arthritischen Schmerzen genauso gut abschneidet wie pharmazeutische Medikamente wie NSAR. Dabei wirkt die Brennnessel nicht nur schmerzlindernd, sondern auch regenerierend auf die Gelenke. Oft kommt es bei der Einnahme durch NSAR zu Nebenwirkungen wie Magenblutungen, hier w\u00e4re ein Brennnessel-Extrakt eine Alternative. <div class=\"box warning  \"><div class=\"box-inner-block\"><i class=\"fa tie-shortcode-boxicon\"><\/i>\n\t\t\tBesprechen Sie aber, bevor Sie nun zur Nessel greifen, die \u00c4nderung Ihre Medikation unbedingt mit Ihrem Arzt!\n\t\t\t<\/div><\/div>\n<p><strong>Wie genau funktioniert diese Wirkungsweise. Lassen Sie es mich genauer erkl\u00e4ren:<\/strong><\/p>\n<p>Der Brennnessel-Extrakt hemmt die Aussch\u00fcttung bestimmter Botenstoffe wie Interleukin 1\u00df und TNF \u03b1 aus den Monozyten des Immunsystems um mehr als 60 %. Diese Botenstoffe spielen eine entscheidende Rolle bei Entz\u00fcndungsprozessen im K\u00f6rper. Wenn Entz\u00fcndungen auftreten, produzieren die Monozyten vermehrt diese Botenstoffe, die dann die Entz\u00fcndungen verst\u00e4rken k\u00f6nnen.\u00a0Um dies besser zu verstehen: Stellen Sie sich vor, die Monozyten sind flei\u00dfige Arbeiter in einer Fabrik, die bei Bedarf diese Entz\u00fcndungsbotenstoffe, wie Interleukin und TNF alpha, herstellen. Wenn nun eine Entz\u00fcndung im K\u00f6rper auftritt, fordert der K\u00f6rper mehr dieser Botenstoffe an, um die Entz\u00fcndung zu bek\u00e4mpfen. Der Brennnessel-Extrakt fungiert hierbei wie ein Regulator, der den Arbeiterzellen signalisiert, weniger dieser Entz\u00fcndungsbotenstoffe zu produzieren. Dadurch kann die Entz\u00fcndungsreaktion im K\u00f6rper verringert werden. Zus\u00e4tzlich wird die Produktion von knorpelabbauenden Stoffen in den Zellen durch den Brennnessel-Extrakt reduziert. Diese Reduktion kann dazu beitragen, dass sich die Erkrankung verbessert oder ihr Fortschreiten verlangsamt wird.<\/p>\n<p>Zus\u00e4tzlich wurde in Labortests festgestellt, dass der Brennnessel-Extrakt die Produktion von Enzymen, die Knorpelgewebe abbauen k\u00f6nnen, in den Zellen reduziert. Dies kann dazu beitragen, den Abbau von Knorpelgewebe zu verlangsamen oder zu verhindern, was insbesondere bei Erkrankungen wie Arthritis von gro\u00dfer Bedeutung ist.<\/p>\n<h3>Entw\u00e4sserung und Nierenfunktion:<\/h3>\n<p>Brennnessel-Tee ist bekannt daf\u00fcr, \u00d6deme, also Wassereinlagerungen auszuschwemmen, indem es die Ausscheidung der Nieren anregt. Gerade Frauen haben h\u00e4ufig mit diesen unsch\u00f6nen Wassereinlagerungen zu k\u00e4mpfen. Aber wie wirkt die Brennnessel eigentlich auf die Nieren und das Gewebe? Was ist ihr Geheimnis? Der entw\u00e4ssernde Effekt der Brennnessel ist haupts\u00e4chlich auf ihre Inhaltsstoffe zur\u00fcckzuf\u00fchren, haupts\u00e4chlich auf Kalium und Flavonoide. Diese wirken synergistisch zusammen, um die Nierenfunktion zu verbessern und die Ausscheidung von \u00fcbersch\u00fcssiger Fl\u00fcssigkeit zu f\u00f6rdern.<\/p>\n<h2>Wirkung von Brennnessel in der Kosmetik<\/h2>\n<p><strong>Hautpflege und Hautgesundheit<\/strong><\/p>\n<p>Weniger bekannt ist die Wirkung auf die Haut. Eine interessante Studie belegt die pflegende Wirkung auf die Haut. Die Studie lief \u00fcber mehrere Wochen, in denen pH-Wert Messungen, Untersuchungen der Elastizit\u00e4t und des Hautreliefs untersucht wurden. Die Ergebnisse zeigten eine deutliche Verbesserung der Hautfeuchtigkeit nach einem Hautzyklus von 4-Wochen. Nach 6-Wochen war der Unterschied noch signifikanter zu beobachten. Auch die Elastizit\u00e4t der Haut hatte sich verbessert.<\/p>\n<h3>Chlorophyll und Vitamin C:<\/h3>\n<p>Dar\u00fcber hinaus besitzt die Heilpflanze Brennnessel auch eine reinigende und entschlackende Wirkung auf die Haut. Meist setzen Kosmetikhersteller das Kraut gerne f\u00fcr die zu Unreinheiten neigende und Akne-Haut ein. Chlorophyll und Vitamin C sind nur zwei der wertvollen Inhaltsstoffe, die die Brennnessel als Heilpflanze bietet. Der Wirkstoff Chlorophyll unterst\u00fctzt die Hautregeneration und wirkt zudem wundheilend. Die Brennnessel enth\u00e4lt einen bemerkenswerten Anteil an Chlorophyll, etwa das 30-fache im Vergleich zu einem normalen Blattsalat. Chlorophyll hat mehrere positive Auswirkungen auf die Haut. Es wirkt entz\u00fcndungshemmend und antioxidativ, was dazu beitr\u00e4gt, die Haut vor Sch\u00e4den durch freie Radikale zu sch\u00fctzen und Anzeichen vorzeitiger Hautalterung zu reduzieren. Dar\u00fcber hinaus f\u00f6rdert Chlorophyll die Hautregeneration und unterst\u00fctzt die Wundheilung, was besonders bei der Behandlung von Akne oder anderen Hautirritationen hilfreich sein kann. Es kann auch dazu beitragen, die Haut zu beruhigen und R\u00f6tungen zu reduzieren, was sie zu einem wertvollen Inhaltsstoff in der Hautpflege macht.<\/p>\n<p><a href=\"https:\/\/www.kosmetikfuchs.de\/10175\/babor\/ultimate-repair-cream-50ml\"><img loading=\"lazy\" decoding=\"async\" class=\"aligncenter size-medium wp-image-8308\" src=\"https:\/\/www.kosmetikfuchs.de\/magazin\/wp-content\/uploads\/2024\/03\/BABOR_DOC-ULTIMATE-REPAIR-CREAMN7zBcZFZT6n1b-300x300.jpg\" alt=\"Brennenessel\" width=\"300\" height=\"300\" srcset=\"https:\/\/www.kosmetikfuchs.de\/magazin\/wp-content\/uploads\/2024\/03\/BABOR_DOC-ULTIMATE-REPAIR-CREAMN7zBcZFZT6n1b-300x300.jpg 300w, https:\/\/www.kosmetikfuchs.de\/magazin\/wp-content\/uploads\/2024\/03\/BABOR_DOC-ULTIMATE-REPAIR-CREAMN7zBcZFZT6n1b-150x150.jpg 150w, https:\/\/www.kosmetikfuchs.de\/magazin\/wp-content\/uploads\/2024\/03\/BABOR_DOC-ULTIMATE-REPAIR-CREAMN7zBcZFZT6n1b.jpg 500w\" sizes=\"(max-width: 300px) 100vw, 300px\" \/><\/a><\/p>\n<p>Der Anteil an Vitamin C in der Brennnessel ist ebenfalls beeindruckend und \u00fcbertrifft sogar mehrfach den Gehalt einer Zitrone. Auch Vitamin C besitzt eine antioxidative Wirkung und unterst\u00fctzt die Kollagensynthese. Daher wird das Vitamin auch gerne in der Anti-Aging-Pflege eingesetzt. Obwohl das bekannte Vitamin sehr empfindlich gegen\u00fcber Sauerstoff ist und daher schwer in ein kosmetisches Produkt verarbeitet werden kann, entfaltet es dennoch eine gute Wirkung auf die Haut.<\/p>\n<p>&nbsp;<\/p>\n<p>&nbsp;<\/p>\n<p><a href=\"https:\/\/www.kosmetikfuchs.de\/442\/klapp\/clean-and-active-tonic-without-alcohol-250ml\"><img loading=\"lazy\" decoding=\"async\" class=\"aligncenter size-medium wp-image-8301\" src=\"https:\/\/www.kosmetikfuchs.de\/magazin\/wp-content\/uploads\/2024\/03\/CLEAN_ACTIVE_TOIC_WITHOUT_ALCOHOL_250ZsLVLWZLlJD0T-300x300.jpg\" alt=\"Brennessel\" width=\"300\" height=\"300\" srcset=\"https:\/\/www.kosmetikfuchs.de\/magazin\/wp-content\/uploads\/2024\/03\/CLEAN_ACTIVE_TOIC_WITHOUT_ALCOHOL_250ZsLVLWZLlJD0T-300x300.jpg 300w, https:\/\/www.kosmetikfuchs.de\/magazin\/wp-content\/uploads\/2024\/03\/CLEAN_ACTIVE_TOIC_WITHOUT_ALCOHOL_250ZsLVLWZLlJD0T-150x150.jpg 150w, https:\/\/www.kosmetikfuchs.de\/magazin\/wp-content\/uploads\/2024\/03\/CLEAN_ACTIVE_TOIC_WITHOUT_ALCOHOL_250ZsLVLWZLlJD0T-768x768.jpg 768w, https:\/\/www.kosmetikfuchs.de\/magazin\/wp-content\/uploads\/2024\/03\/CLEAN_ACTIVE_TOIC_WITHOUT_ALCOHOL_250ZsLVLWZLlJD0T.jpg 800w\" sizes=\"(max-width: 300px) 100vw, 300px\" \/><\/a><a href=\"https:\/\/www.kosmetikfuchs.de\/16363\/korres\/liquorice-und-uritca-shampoo-fuer-fettiges-haar-250ml\"><img loading=\"lazy\" decoding=\"async\" class=\"aligncenter size-medium wp-image-8302\" src=\"https:\/\/www.kosmetikfuchs.de\/magazin\/wp-content\/uploads\/2024\/03\/SHAMPOO_FETTIG_800X80036egvGPkraPDO-300x300.jpg\" alt=\"\" width=\"300\" height=\"300\" srcset=\"https:\/\/www.kosmetikfuchs.de\/magazin\/wp-content\/uploads\/2024\/03\/SHAMPOO_FETTIG_800X80036egvGPkraPDO-300x300.jpg 300w, https:\/\/www.kosmetikfuchs.de\/magazin\/wp-content\/uploads\/2024\/03\/SHAMPOO_FETTIG_800X80036egvGPkraPDO-150x150.jpg 150w, https:\/\/www.kosmetikfuchs.de\/magazin\/wp-content\/uploads\/2024\/03\/SHAMPOO_FETTIG_800X80036egvGPkraPDO-768x768.jpg 768w, https:\/\/www.kosmetikfuchs.de\/magazin\/wp-content\/uploads\/2024\/03\/SHAMPOO_FETTIG_800X80036egvGPkraPDO.jpg 800w\" sizes=\"(max-width: 300px) 100vw, 300px\" \/><\/a><\/p>\n<p>&nbsp;<\/p>\n<p>Alles in allem bietet die Brennnessel als Heilpflanze einen umfassenden Schatz an wertvollen Inhaltsstoffen und Wirkungen f\u00fcr die Hautpflege und Gesundheit, der seit Jahrhunderten gesch\u00e4tzt wird und auch in der modernen Kosmetikindustrie von Bedeutung ist.<\/p>\n<p>&nbsp;<\/p>\n<div class=\"clear\"><\/div><div class=\"author-info\"><img decoding=\"async\" class=\"author-img\" src=\"https:\/\/www.naturheilzentrum-schnitzler.de\/\" alt=\"\" \/><div class=\"author-info-content\"><h3>Dipl. oec. troph. Heilpraktikerin, Kosmetikerin<\/h3>\n\t\t\tMit einem Diplom in \u00d6kotrophologie, einer zus\u00e4tzlichen Qualifikation als Fachkosmetikerin und der Berufsbezeichnung als Heilpraktikerin bietet die Autorin ein breites Spektrum an Fachwissen und praktischen F\u00e4higkeiten. Diese multidisziplin\u00e4re Ausbildung erm\u00f6glicht es ihr, Themen rund um Ern\u00e4hrung, Hautpflege und alternative Heilmethoden aus verschiedenen Blickwinkeln zu betrachten und umfassende, fundierte Beratung und Inhalte zu bieten.\n\t\t\t<\/div><\/div>\n<p>Quelle: www.thieme-connect.com\/products\/ejournals\/html\/10.1055\/s-2001-10727<\/p>\n","protected":false},"excerpt":{"rendered":"<p>Entdecken Sie die faszinierende Welt der Heilpflanzen! Jedes Jahr wird eine besondere Pflanze zur Heilpflanze des Jahres gek\u00fcrt \u2013 eine Tradition, die Ihnen einen besseren Bezug zu den nat\u00fcrlichen Sch\u00e4tzen unserer Umgebung erm\u00f6glicht. In unserem Artikel erfahren Sie mehr \u00fcber die herausragende Heilpflanze Brennnessel. Ihre vielf\u00e4ltigen Wirkungen und Anwendungen in der Kosmetik lassen Sie die &hellip;<\/p>\n","protected":false},"author":3,"featured_media":8281,"comment_status":"closed","ping_status":"open","sticky":false,"template":"","format":"standard","meta":{"footnotes":""},"categories":[1118,1],"tags":[7,1121,546,807,860,758,499],"yoast_head":"<!-- This site is optimized with the Yoast SEO plugin v22.3 - https:\/\/yoast.com\/wordpress\/plugins\/seo\/ -->\n<title>Heilpflanzen in der Kosmetik: Entdecke die Kraft der Brennnessel - Kosmetikfuchs Magazin<\/title>\n<meta name=\"description\" content=\"Brennnessel: Vielseitiger Einsatz in der Medizin und Hautpflege. Entdecken Sie hier mehr \u00fcber diese faszinierende Heilpflanze.\" \/>\n<meta name=\"robots\" content=\"index, follow, max-snippet:-1, max-image-preview:large, max-video-preview:-1\" \/>\n<link rel=\"canonical\" href=\"https:\/\/www.kosmetikfuchs.de\/magazin\/heilpflanzen-in-der-kosmetik-entdecke-die-kraft-von-brennnessel\/\" \/>\n<meta property=\"og:locale\" content=\"de_DE\" \/>\n<meta property=\"og:type\" content=\"article\" \/>\n<meta property=\"og:title\" content=\"Heilpflanzen in der Kosmetik: Entdecke die Kraft der Brennnessel - Kosmetikfuchs Magazin\" \/>\n<meta property=\"og:description\" content=\"Brennnessel: Vielseitiger Einsatz in der Medizin und Hautpflege. Entdecken Sie hier mehr \u00fcber diese faszinierende Heilpflanze.\" \/>\n<meta property=\"og:url\" content=\"https:\/\/www.kosmetikfuchs.de\/magazin\/heilpflanzen-in-der-kosmetik-entdecke-die-kraft-von-brennnessel\/\" \/>\n<meta property=\"og:site_name\" content=\"Kosmetikfuchs Magazin\" \/>\n<meta property=\"article:published_time\" content=\"2024-03-13T13:29:33+00:00\" \/>\n<meta property=\"article:modified_time\" content=\"2024-03-22T13:30:18+00:00\" \/>\n<meta property=\"og:image\" content=\"https:\/\/www.kosmetikfuchs.de\/magazin\/wp-content\/uploads\/2024\/03\/Kraeuterbrot.jpg\" \/>\n\t<meta property=\"og:image:width\" content=\"862\" \/>\n\t<meta property=\"og:image:height\" content=\"431\" \/>\n\t<meta property=\"og:image:type\" content=\"image\/jpeg\" \/>\n<meta name=\"author\" content=\"Andrea Schnitzler\" \/>\n<meta name=\"twitter:card\" content=\"summary_large_image\" \/>\n<meta name=\"twitter:label1\" content=\"Verfasst von\" \/>\n\t<meta name=\"twitter:data1\" content=\"Andrea Schnitzler\" \/>\n\t<meta name=\"twitter:label2\" content=\"Gesch\u00e4tzte Lesezeit\" \/>\n\t<meta name=\"twitter:data2\" content=\"7\u00a0Minuten\" \/>\n<script type=\"application\/ld+json\" class=\"yoast-schema-graph\">{\"@context\":\"https:\/\/schema.org\",\"@graph\":[{\"@type\":\"WebPage\",\"@id\":\"https:\/\/www.kosmetikfuchs.de\/magazin\/heilpflanzen-in-der-kosmetik-entdecke-die-kraft-von-brennnessel\/\",\"url\":\"https:\/\/www.kosmetikfuchs.de\/magazin\/heilpflanzen-in-der-kosmetik-entdecke-die-kraft-von-brennnessel\/\",\"name\":\"Heilpflanzen in der Kosmetik: Entdecke die Kraft der Brennnessel - Kosmetikfuchs Magazin\",\"isPartOf\":{\"@id\":\"https:\/\/www.kosmetikfuchs.de\/magazin\/#website\"},\"primaryImageOfPage\":{\"@id\":\"https:\/\/www.kosmetikfuchs.de\/magazin\/heilpflanzen-in-der-kosmetik-entdecke-die-kraft-von-brennnessel\/#primaryimage\"},\"image\":{\"@id\":\"https:\/\/www.kosmetikfuchs.de\/magazin\/heilpflanzen-in-der-kosmetik-entdecke-die-kraft-von-brennnessel\/#primaryimage\"},\"thumbnailUrl\":\"https:\/\/www.kosmetikfuchs.de\/magazin\/wp-content\/uploads\/2024\/03\/Kraeuterbrot.jpg\",\"datePublished\":\"2024-03-13T13:29:33+00:00\",\"dateModified\":\"2024-03-22T13:30:18+00:00\",\"author\":{\"@id\":\"https:\/\/www.kosmetikfuchs.de\/magazin\/#\/schema\/person\/35faae63e208f6683a44bc85e17d5a3b\"},\"description\":\"Brennnessel: Vielseitiger Einsatz in der Medizin und Hautpflege. Entdecken Sie hier mehr \u00fcber diese faszinierende Heilpflanze.\",\"breadcrumb\":{\"@id\":\"https:\/\/www.kosmetikfuchs.de\/magazin\/heilpflanzen-in-der-kosmetik-entdecke-die-kraft-von-brennnessel\/#breadcrumb\"},\"inLanguage\":\"de\",\"potentialAction\":[{\"@type\":\"ReadAction\",\"target\":[\"https:\/\/www.kosmetikfuchs.de\/magazin\/heilpflanzen-in-der-kosmetik-entdecke-die-kraft-von-brennnessel\/\"]}]},{\"@type\":\"ImageObject\",\"inLanguage\":\"de\",\"@id\":\"https:\/\/www.kosmetikfuchs.de\/magazin\/heilpflanzen-in-der-kosmetik-entdecke-die-kraft-von-brennnessel\/#primaryimage\",\"url\":\"https:\/\/www.kosmetikfuchs.de\/magazin\/wp-content\/uploads\/2024\/03\/Kraeuterbrot.jpg\",\"contentUrl\":\"https:\/\/www.kosmetikfuchs.de\/magazin\/wp-content\/uploads\/2024\/03\/Kraeuterbrot.jpg\",\"width\":862,\"height\":431,\"caption\":\"@Antje Grun kosmetikfuchs\"},{\"@type\":\"BreadcrumbList\",\"@id\":\"https:\/\/www.kosmetikfuchs.de\/magazin\/heilpflanzen-in-der-kosmetik-entdecke-die-kraft-von-brennnessel\/#breadcrumb\",\"itemListElement\":[{\"@type\":\"ListItem\",\"position\":1,\"name\":\"Startseite\",\"item\":\"https:\/\/www.kosmetikfuchs.de\/magazin\/\"},{\"@type\":\"ListItem\",\"position\":2,\"name\":\"Heilpflanzen in der Kosmetik: Entdecke die Kraft der Brennnessel\"}]},{\"@type\":\"WebSite\",\"@id\":\"https:\/\/www.kosmetikfuchs.de\/magazin\/#website\",\"url\":\"https:\/\/www.kosmetikfuchs.de\/magazin\/\",\"name\":\"Kosmetikfuchs Magazin\",\"description\":\"\",\"potentialAction\":[{\"@type\":\"SearchAction\",\"target\":{\"@type\":\"EntryPoint\",\"urlTemplate\":\"https:\/\/www.kosmetikfuchs.de\/magazin\/?s={search_term_string}\"},\"query-input\":\"required name=search_term_string\"}],\"inLanguage\":\"de\"},{\"@type\":\"Person\",\"@id\":\"https:\/\/www.kosmetikfuchs.de\/magazin\/#\/schema\/person\/35faae63e208f6683a44bc85e17d5a3b\",\"name\":\"Andrea Schnitzler\",\"image\":{\"@type\":\"ImageObject\",\"inLanguage\":\"de\",\"@id\":\"https:\/\/www.kosmetikfuchs.de\/magazin\/#\/schema\/person\/image\/\",\"url\":\"https:\/\/secure.gravatar.com\/avatar\/c462be259c08eb432c40b941fbdefcb0?s=96&d=mm&r=g\",\"contentUrl\":\"https:\/\/secure.gravatar.com\/avatar\/c462be259c08eb432c40b941fbdefcb0?s=96&d=mm&r=g\",\"caption\":\"Andrea Schnitzler\"},\"description\":\"1994 Abschlu\u00df: Diplom Oecotrophologin (FH) 1999 Fachkosmetikerin 2003 Heilpraktikerin Einige Fortbildungen: 2004 Ausbildung Ohrakupunktur I 2004 Ausbildung Ohrakupunktur I 2007 Gasth\u00f6rer Fachbereich \u00d6kotrophologie FH Niederrhein 2008 Biomelekulare vitOrgan Therapie und Allergostop Behandlung 2013 Ausbildung in Acunova - Akupunktur 2000 bei Prof. John Boel 2014 Vertiefung in Acunova - Akupunktur 2000 bei Prof. John Boel 2016 Sympathikustherapie bei Dr. med. Heiner Steinr\u00fccken 2017 Kinesiologie Touch for Health Paracelsus 2017 Frequenz Therapie Anja F\u00fcchtenbusch\",\"sameAs\":[\"https:\/\/www.kosmetikfuchs.de\/magazin\/author\/a-schnitzler\/\"],\"url\":\"https:\/\/www.kosmetikfuchs.de\/magazin\/author\/a-schnitzler\/\"}]}<\/script>\n<!-- \/ Yoast SEO plugin. -->","yoast_head_json":{"title":"Heilpflanzen in der Kosmetik: Entdecke die Kraft der Brennnessel - Kosmetikfuchs Magazin","description":"Brennnessel: Vielseitiger Einsatz in der Medizin und Hautpflege. Entdecken Sie hier mehr \u00fcber diese faszinierende Heilpflanze.","robots":{"index":"index","follow":"follow","max-snippet":"max-snippet:-1","max-image-preview":"max-image-preview:large","max-video-preview":"max-video-preview:-1"},"canonical":"https:\/\/www.kosmetikfuchs.de\/magazin\/heilpflanzen-in-der-kosmetik-entdecke-die-kraft-von-brennnessel\/","og_locale":"de_DE","og_type":"article","og_title":"Heilpflanzen in der Kosmetik: Entdecke die Kraft der Brennnessel - Kosmetikfuchs Magazin","og_description":"Brennnessel: Vielseitiger Einsatz in der Medizin und Hautpflege. Entdecken Sie hier mehr \u00fcber diese faszinierende Heilpflanze.","og_url":"https:\/\/www.kosmetikfuchs.de\/magazin\/heilpflanzen-in-der-kosmetik-entdecke-die-kraft-von-brennnessel\/","og_site_name":"Kosmetikfuchs Magazin","article_published_time":"2024-03-13T13:29:33+00:00","article_modified_time":"2024-03-22T13:30:18+00:00","og_image":[{"width":862,"height":431,"url":"https:\/\/www.kosmetikfuchs.de\/magazin\/wp-content\/uploads\/2024\/03\/Kraeuterbrot.jpg","type":"image\/jpeg"}],"author":"Andrea Schnitzler","twitter_card":"summary_large_image","twitter_misc":{"Verfasst von":"Andrea Schnitzler","Gesch\u00e4tzte Lesezeit":"7\u00a0Minuten"},"schema":{"@context":"https:\/\/schema.org","@graph":[{"@type":"WebPage","@id":"https:\/\/www.kosmetikfuchs.de\/magazin\/heilpflanzen-in-der-kosmetik-entdecke-die-kraft-von-brennnessel\/","url":"https:\/\/www.kosmetikfuchs.de\/magazin\/heilpflanzen-in-der-kosmetik-entdecke-die-kraft-von-brennnessel\/","name":"Heilpflanzen in der Kosmetik: Entdecke die Kraft der Brennnessel - Kosmetikfuchs Magazin","isPartOf":{"@id":"https:\/\/www.kosmetikfuchs.de\/magazin\/#website"},"primaryImageOfPage":{"@id":"https:\/\/www.kosmetikfuchs.de\/magazin\/heilpflanzen-in-der-kosmetik-entdecke-die-kraft-von-brennnessel\/#primaryimage"},"image":{"@id":"https:\/\/www.kosmetikfuchs.de\/magazin\/heilpflanzen-in-der-kosmetik-entdecke-die-kraft-von-brennnessel\/#primaryimage"},"thumbnailUrl":"https:\/\/www.kosmetikfuchs.de\/magazin\/wp-content\/uploads\/2024\/03\/Kraeuterbrot.jpg","datePublished":"2024-03-13T13:29:33+00:00","dateModified":"2024-03-22T13:30:18+00:00","author":{"@id":"https:\/\/www.kosmetikfuchs.de\/magazin\/#\/schema\/person\/35faae63e208f6683a44bc85e17d5a3b"},"description":"Brennnessel: Vielseitiger Einsatz in der Medizin und Hautpflege. Entdecken Sie hier mehr \u00fcber diese faszinierende Heilpflanze.","breadcrumb":{"@id":"https:\/\/www.kosmetikfuchs.de\/magazin\/heilpflanzen-in-der-kosmetik-entdecke-die-kraft-von-brennnessel\/#breadcrumb"},"inLanguage":"de","potentialAction":[{"@type":"ReadAction","target":["https:\/\/www.kosmetikfuchs.de\/magazin\/heilpflanzen-in-der-kosmetik-entdecke-die-kraft-von-brennnessel\/"]}]},{"@type":"ImageObject","inLanguage":"de","@id":"https:\/\/www.kosmetikfuchs.de\/magazin\/heilpflanzen-in-der-kosmetik-entdecke-die-kraft-von-brennnessel\/#primaryimage","url":"https:\/\/www.kosmetikfuchs.de\/magazin\/wp-content\/uploads\/2024\/03\/Kraeuterbrot.jpg","contentUrl":"https:\/\/www.kosmetikfuchs.de\/magazin\/wp-content\/uploads\/2024\/03\/Kraeuterbrot.jpg","width":862,"height":431,"caption":"@Antje Grun kosmetikfuchs"},{"@type":"BreadcrumbList","@id":"https:\/\/www.kosmetikfuchs.de\/magazin\/heilpflanzen-in-der-kosmetik-entdecke-die-kraft-von-brennnessel\/#breadcrumb","itemListElement":[{"@type":"ListItem","position":1,"name":"Startseite","item":"https:\/\/www.kosmetikfuchs.de\/magazin\/"},{"@type":"ListItem","position":2,"name":"Heilpflanzen in der Kosmetik: Entdecke die Kraft der Brennnessel"}]},{"@type":"WebSite","@id":"https:\/\/www.kosmetikfuchs.de\/magazin\/#website","url":"https:\/\/www.kosmetikfuchs.de\/magazin\/","name":"Kosmetikfuchs Magazin","description":"","potentialAction":[{"@type":"SearchAction","target":{"@type":"EntryPoint","urlTemplate":"https:\/\/www.kosmetikfuchs.de\/magazin\/?s={search_term_string}"},"query-input":"required name=search_term_string"}],"inLanguage":"de"},{"@type":"Person","@id":"https:\/\/www.kosmetikfuchs.de\/magazin\/#\/schema\/person\/35faae63e208f6683a44bc85e17d5a3b","name":"Andrea Schnitzler","image":{"@type":"ImageObject","inLanguage":"de","@id":"https:\/\/www.kosmetikfuchs.de\/magazin\/#\/schema\/person\/image\/","url":"https:\/\/secure.gravatar.com\/avatar\/c462be259c08eb432c40b941fbdefcb0?s=96&d=mm&r=g","contentUrl":"https:\/\/secure.gravatar.com\/avatar\/c462be259c08eb432c40b941fbdefcb0?s=96&d=mm&r=g","caption":"Andrea Schnitzler"},"description":"1994 Abschlu\u00df: Diplom Oecotrophologin (FH) 1999 Fachkosmetikerin 2003 Heilpraktikerin Einige Fortbildungen: 2004 Ausbildung Ohrakupunktur I 2004 Ausbildung Ohrakupunktur I 2007 Gasth\u00f6rer Fachbereich \u00d6kotrophologie FH Niederrhein 2008 Biomelekulare vitOrgan Therapie und Allergostop Behandlung 2013 Ausbildung in Acunova - Akupunktur 2000 bei Prof. John Boel 2014 Vertiefung in Acunova - Akupunktur 2000 bei Prof. John Boel 2016 Sympathikustherapie bei Dr. med. Heiner Steinr\u00fccken 2017 Kinesiologie Touch for Health Paracelsus 2017 Frequenz Therapie Anja F\u00fcchtenbusch","sameAs":["https:\/\/www.kosmetikfuchs.de\/magazin\/author\/a-schnitzler\/"],"url":"https:\/\/www.kosmetikfuchs.de\/magazin\/author\/a-schnitzler\/"}]}},"_links":{"self":[{"href":"https:\/\/www.kosmetikfuchs.de\/magazin\/wp-json\/wp\/v2\/posts\/8278"}],"collection":[{"href":"https:\/\/www.kosmetikfuchs.de\/magazin\/wp-json\/wp\/v2\/posts"}],"about":[{"href":"https:\/\/www.kosmetikfuchs.de\/magazin\/wp-json\/wp\/v2\/types\/post"}],"author":[{"embeddable":true,"href":"https:\/\/www.kosmetikfuchs.de\/magazin\/wp-json\/wp\/v2\/users\/3"}],"replies":[{"embeddable":true,"href":"https:\/\/www.kosmetikfuchs.de\/magazin\/wp-json\/wp\/v2\/comments?post=8278"}],"version-history":[{"count":31,"href":"https:\/\/www.kosmetikfuchs.de\/magazin\/wp-json\/wp\/v2\/posts\/8278\/revisions"}],"predecessor-version":[{"id":8319,"href":"https:\/\/www.kosmetikfuchs.de\/magazin\/wp-json\/wp\/v2\/posts\/8278\/revisions\/8319"}],"wp:featuredmedia":[{"embeddable":true,"href":"https:\/\/www.kosmetikfuchs.de\/magazin\/wp-json\/wp\/v2\/media\/8281"}],"wp:attachment":[{"href":"https:\/\/www.kosmetikfuchs.de\/magazin\/wp-json\/wp\/v2\/media?parent=8278"}],"wp:term":[{"taxonomy":"category","embeddable":true,"href":"https:\/\/www.kosmetikfuchs.de\/magazin\/wp-json\/wp\/v2\/categories?post=8278"},{"taxonomy":"post_tag","embeddable":true,"href":"https:\/\/www.kosmetikfuchs.de\/magazin\/wp-json\/wp\/v2\/tags?post=8278"}],"curies":[{"name":"wp","href":"https:\/\/api.w.org\/{rel}","templated":true}]}}