{"id":8157,"date":"2024-01-17T14:33:19","date_gmt":"2024-01-17T13:33:19","guid":{"rendered":"https:\/\/www.kosmetikfuchs.de\/magazin\/?p=8157"},"modified":"2026-03-18T09:38:30","modified_gmt":"2026-03-18T08:38:30","slug":"demodex-milben-unsichtbare-gaeste-auf-ihrer-haut","status":"publish","type":"post","link":"https:\/\/www.kosmetikfuchs.de\/magazin\/demodex-milben-unsichtbare-gaeste-auf-ihrer-haut\/","title":{"rendered":"Demodex-Milben: Unsichtbare G\u00e4ste auf Ihrer Haut"},"content":{"rendered":"<p>Haben Sie sich jemals gefragt, was sich alles auf Ihrer Haut tummelt? In diesem Beitrag werden wir Ihnen eine faszinierende, aber auch etwas gruselige Welt vorstellen &#8211; die Welt der Demodex-Milben. Diese winzigen Kreaturen leben auf unserer Haut, insbesondere in den Talgdr\u00fcsenfollikeln seborrhoischer Areale wie Gesicht, Nacken und der oberen Brustregion. Doch wie wirken sich diese unsichtbaren G\u00e4ste auf Ihre Haut und Ihr Wohlbefinden aus?<\/p>\n<p><strong>Der geheime Lebensraum der Demodex-Milben:<\/strong><\/p>\n<p>W\u00e4hrend Ihres Lebens unterliegt die Besiedlung Ihrer Haarfollikel mit Demodex-Milben Ver\u00e4nderungen. Im Alter nimmt die Anzahl dieser winzigen Bewohner allm\u00e4hlich zu, und beinahe jeder von uns tr\u00e4gt sie in geringer Anzahl auf der Haut. Aber was geschieht, wenn diese Milben au\u00dfer Kontrolle geraten?<\/p>\n<p><strong>Demodex-Milben und ihre Rolle als Ausl\u00f6ser von Hauterkrankungen:<\/strong><\/p>\n<p>Die Demodex-Follikulitis, auch bekannt als Demodikose, resultiert aus einer Infektion mit Demodex-Milben.<br \/>\nDie Haut reagiert darauf, indem sie Antik\u00f6rper gegen die Milben bildet, was wiederum eine entz\u00fcndliche Reaktion auf der Hautoberfl\u00e4che ausl\u00f6st. Vermutlich wird dieser Prozess durch Aktivierung der Mastzellen ausgel\u00f6st.\u00a0 Dies ist eine Art der Selbstverteidigung des K\u00f6rpers gegen die Eindringlinge. Diese Erkrankung \u00e4u\u00dfert sich durch raue Haut, Schuppenansammlungen in den Talgdr\u00fcsenfollikeln sowie das Auftreten kleiner Beulen und Pickel. Die Symptome \u00e4hneln gelegentlich denen der Rosacea papulopustulosa, jedoch k\u00f6nnen sie durch spezielle Untersuchungen wie die Mikroskopie der Haut diagnostiziert werden.<\/p>\n<p><strong>Rosacea papulopustulosa<\/strong><\/p>\n<p>Rosacea papulopustulosa ist eine Form der Rosacea, bei der Pickel und Pusteln auf der Haut auftreten. Diese Hauterkrankung kann jedoch von verschiedenen Faktoren, einschlie\u00dflich Demodex-Milben, ausgel\u00f6st werden. Die genaue Ursache ist jedoch noch nicht vollst\u00e4ndig gekl\u00e4rt, und die Diagnose erfordert normalerweise eine Untersuchung durch einen Hautarzt.<\/p>\n<p>Beide Erkrankungen k\u00f6nnen die Haut in verschiedenen Bereichen des Gesichts betreffen. Oft erfordern sie eine spezielle Behandlung, um die Symptome zu lindern.<\/p>\n<p><strong>Die Verbindung zwischen Demodex-Milben und Rosazea: Eine entscheidende Rolle in der Hautgesundheit<\/strong><\/p>\n<p>Mittlerweile ist der Zusammenhang zwischen dem Befall mit humanen Demodex-Milben und Rosazea wissenschaftlich belegt worden. Dennoch ist die genaue Ursache noch nicht vollst\u00e4ndig gekl\u00e4rt, da es kein einheitliches Muster gibt. Allerdings haben Patienten, die unter <a href=\"https:\/\/www.kosmetikfuchs.de\/magazin\/pflege-fuer-empfindliche-haut\/\">Rosazea<\/a> leiden, im Vergleich zu Menschen mit gesunder Haut ein neunmal h\u00f6heres Risiko, von diesen winzigen Parasiten stark befallen zu sein. Auch die Anzahl der Milben ist wesentlich h\u00f6her als bei gesunder Haut.<\/p>\n<div class=\"box warning  \"><div class=\"box-inner-block\"><i class=\"fa tie-shortcode-boxicon\"><\/i>\n\t\t\t Eine Rosazea, die \u00fcber mehrere Wochen mit Glukokortikosteroiden behandelt wurde, f\u00fchrt oft zu einer erh\u00f6hten Anzahl der Milben auf der Haut.\n\t\t\t<\/div><\/div>\n<h2>Behandlungsoptionen bei Demodex Milben:<\/h2>\n<p>Bei der Behandlung von Rosazea verwenden \u00c4rzte verschiedene Methoden. Eine davon ist die Anwendung von Medikamenten wie Tetrazyklinen und anderen Antibiotika. Isotretinoin wird ebenfalls verwendet. Isotretinoin reduziert die Menge an Haut\u00f6l (Talg) im Gesicht, was sich negativ auf die Milben auswirkt, da sie von Talg abh\u00e4ngig sind. Bei Hunden wirkt auch Kokos\u00f6l gegen einen Milben Befall. Dies liegt an der antimikrobiellen Wirkung der in Kokosnuss\u00f6l vorhandenen Laurins\u00e4ure, die dazu beitragen kann, Demodex-Milben zu bek\u00e4mpfen und Hautirritationen zu lindern. Warum sollte es nur bei Hunden funktionieren? Es k\u00f6nnte sich lohnen, es auszuprobieren, bevor man auf andere Mittel zur\u00fcckgreift.<\/p>\n<div class=\"box info  \"><div class=\"box-inner-block\"><i class=\"fa tie-shortcode-boxicon\"><\/i>\n\t\t\tBei leichtem Befall k\u00f6nnten auch \u00e4therische \u00d6le wie Lavendel- und Neem\u00f6l wirksam sein.\n\t\t\t<\/div><\/div>\n<p><a href=\"https:\/\/www.kosmetikfuchs.de\/24406\/gertraud-gruber\/2-phasen-lavendel-gesichtsoel-30ml\"><img loading=\"lazy\" decoding=\"async\" class=\"aligncenter wp-image-8158 size-medium\" src=\"https:\/\/www.kosmetikfuchs.de\/magazin\/wp-content\/uploads\/2024\/01\/155190_SP_2PHASENLAVENDELGESICHTSOEL_30ML_FREISTELLER_MIT-SP_4000X4000PX_PRINT-300x300.jpg\" alt=\"\" width=\"300\" height=\"300\" srcset=\"https:\/\/www.kosmetikfuchs.de\/magazin\/wp-content\/uploads\/2024\/01\/155190_SP_2PHASENLAVENDELGESICHTSOEL_30ML_FREISTELLER_MIT-SP_4000X4000PX_PRINT-300x300.jpg 300w, https:\/\/www.kosmetikfuchs.de\/magazin\/wp-content\/uploads\/2024\/01\/155190_SP_2PHASENLAVENDELGESICHTSOEL_30ML_FREISTELLER_MIT-SP_4000X4000PX_PRINT-150x150.jpg 150w, https:\/\/www.kosmetikfuchs.de\/magazin\/wp-content\/uploads\/2024\/01\/155190_SP_2PHASENLAVENDELGESICHTSOEL_30ML_FREISTELLER_MIT-SP_4000X4000PX_PRINT-768x768.jpg 768w, https:\/\/www.kosmetikfuchs.de\/magazin\/wp-content\/uploads\/2024\/01\/155190_SP_2PHASENLAVENDELGESICHTSOEL_30ML_FREISTELLER_MIT-SP_4000X4000PX_PRINT.jpg 800w\" sizes=\"(max-width: 300px) 100vw, 300px\" \/><\/a><\/p>\n<h3>Rosazea der Augenlider:<\/h3>\n<p>Bei der okul\u00e4ren Rosazea (Rosazea der Augenlider) scheinen die Spinnentiere eine Rolle zu spielen. Haut\u00e4rzte haben sie vermehrt in den Wimpern von Personen mit Lidrandentz\u00fcndung (Blepharitis) entdeckt.<\/p>\n<p><strong>Die Diagnose von Demodex-Milben:<\/strong><\/p>\n<p>Die richtige Diagnose beruht in der Regel auf dem Nachweis einer gro\u00dfen Anzahl von Milben. Es gibt verschiedene Methoden, um Demodex-Milben nachzuweisen. <a href=\"https:\/\/www.naturheilzentrum-schnitzler.de\/kosmetik\/behandlungen\/rosazea-couperose\/\">In meiner Praxis<\/a> f\u00fchre ich eine gr\u00fcndliche Untersuchung des Talgs unter dem Mikroskop durch, um einen Befall eindeutig nachzuweisen. Der Talg kann problemlos mit einem Komedonenheber entnommen werden. Wenn Sie sich auf Milbenbefall untersuchen lassen m\u00f6chten, ist es wichtig, dass Sie Ihr Gesicht morgens nicht reinigen.<\/p>\n<p><strong>Der Umgang mit Demodex-Milben:<\/strong><\/p>\n<p>Normalerweise sollte man Demodex-Milben nur behandeln, wenn es einen klaren Zusammenhang zwischen ihrem Vorkommen und einer Krankheit gibt. Es stehen verschiedene topische und systemische Behandlungsmethoden zur Verf\u00fcgung, um die Milben zu kontrollieren. Eine Prophylaxe gegen Demodex-Befall existiert nicht, da diese Milben zur normalen Hautflora geh\u00f6ren.<\/p>\n<div class=\"box info  \"><div class=\"box-inner-block\"><i class=\"fa tie-shortcode-boxicon\"><\/i>\n\t\t\t Die Reduzierung der Milbenpopulation kann zu einer signifikanten Verbesserung des Hautzustands bei Rosazea-Patienten f\u00fchren.\n\t\t\t<\/div><\/div>\n<div class=\"clear\"><\/div><div class=\"author-info\"><img decoding=\"async\" class=\"author-img\" src=\"https:\/\/www.naturheilzentrum-schnitzler.de\/kosmetik\/behandlungen\/rosazea-couperose\/\" alt=\"\" \/><div class=\"author-info-content\"><h3>Andrea Schntzler<\/h3>\n\t\t\tDipl. \u00d6kotrophologin, Heilpraktikerin, Fachkosmetikerin. Mit einem Diplom in Oecotrophologie, einer zus\u00e4tzlichen Qualifikation als Fachkosmetikerin und der Berufsbezeichnung als Heilpraktikerin bietet die Autorin ein breites Spektrum an Fachwissen und praktischen F\u00e4higkeiten. Diese multidisziplin\u00e4re Ausbildung erm\u00f6glicht es ihr, Themen rund um Ern\u00e4hrung, Hautpflege und alternative Heilmethoden aus verschiedenen Blickwinkeln zu betrachten und umfassende, fundierte Beratung und Inhalte zu bieten.\n\t\t\t<\/div><\/div>\n","protected":false},"excerpt":{"rendered":"<p>Haben Sie sich jemals gefragt, was sich alles auf Ihrer Haut tummelt? In diesem Beitrag werden wir Ihnen eine faszinierende, aber auch etwas gruselige Welt vorstellen &#8211; die Welt der Demodex-Milben. Diese winzigen Kreaturen leben auf unserer Haut, insbesondere in den Talgdr\u00fcsenfollikeln seborrhoischer Areale wie Gesicht, Nacken und der oberen Brustregion. Doch wie wirken sich &hellip;<\/p>\n","protected":false},"author":3,"featured_media":3356,"comment_status":"closed","ping_status":"open","sticky":false,"template":"","format":"standard","meta":{"footnotes":""},"categories":[1118,1],"tags":[1108,1109,1113,1114,1110,1112,17,1111],"yoast_head":"<!-- This site is optimized with the Yoast SEO plugin v22.3 - https:\/\/yoast.com\/wordpress\/plugins\/seo\/ -->\n<title>Demodex-Milben: Unsichtbare G\u00e4ste auf Ihrer Haut - Kosmetikfuchs Magazin<\/title>\n<meta name=\"description\" content=\"Die Welt der Demodex-Milben: Haben Sie sich jemals gefragt, was sich alles auf Ihrer Haut tummelt? Erfahren Sie mehr in unserem Magazin.\" \/>\n<meta name=\"robots\" content=\"index, follow, max-snippet:-1, max-image-preview:large, max-video-preview:-1\" \/>\n<link rel=\"canonical\" href=\"https:\/\/www.kosmetikfuchs.de\/magazin\/demodex-milben-unsichtbare-gaeste-auf-ihrer-haut\/\" \/>\n<meta property=\"og:locale\" content=\"de_DE\" \/>\n<meta property=\"og:type\" content=\"article\" \/>\n<meta property=\"og:title\" content=\"Demodex-Milben: Unsichtbare G\u00e4ste auf Ihrer Haut - Kosmetikfuchs Magazin\" \/>\n<meta property=\"og:description\" content=\"Die Welt der Demodex-Milben: Haben Sie sich jemals gefragt, was sich alles auf Ihrer Haut tummelt? Erfahren Sie mehr in unserem Magazin.\" \/>\n<meta property=\"og:url\" content=\"https:\/\/www.kosmetikfuchs.de\/magazin\/demodex-milben-unsichtbare-gaeste-auf-ihrer-haut\/\" \/>\n<meta property=\"og:site_name\" content=\"Kosmetikfuchs Magazin\" \/>\n<meta property=\"article:published_time\" content=\"2024-01-17T13:33:19+00:00\" \/>\n<meta property=\"article:modified_time\" content=\"2026-03-18T08:38:30+00:00\" \/>\n<meta property=\"og:image\" content=\"https:\/\/www.kosmetikfuchs.de\/magazin\/wp-content\/uploads\/2021\/04\/Rosazea.jpg\" \/>\n\t<meta property=\"og:image:width\" content=\"850\" \/>\n\t<meta property=\"og:image:height\" content=\"567\" \/>\n\t<meta property=\"og:image:type\" content=\"image\/jpeg\" \/>\n<meta name=\"author\" content=\"Andrea Schnitzler\" \/>\n<meta name=\"twitter:card\" content=\"summary_large_image\" \/>\n<meta name=\"twitter:label1\" content=\"Verfasst von\" \/>\n\t<meta name=\"twitter:data1\" content=\"Andrea Schnitzler\" \/>\n\t<meta name=\"twitter:label2\" content=\"Gesch\u00e4tzte Lesezeit\" \/>\n\t<meta name=\"twitter:data2\" content=\"5\u00a0Minuten\" \/>\n<script type=\"application\/ld+json\" class=\"yoast-schema-graph\">{\"@context\":\"https:\/\/schema.org\",\"@graph\":[{\"@type\":\"WebPage\",\"@id\":\"https:\/\/www.kosmetikfuchs.de\/magazin\/demodex-milben-unsichtbare-gaeste-auf-ihrer-haut\/\",\"url\":\"https:\/\/www.kosmetikfuchs.de\/magazin\/demodex-milben-unsichtbare-gaeste-auf-ihrer-haut\/\",\"name\":\"Demodex-Milben: Unsichtbare G\u00e4ste auf Ihrer Haut - Kosmetikfuchs Magazin\",\"isPartOf\":{\"@id\":\"https:\/\/www.kosmetikfuchs.de\/magazin\/#website\"},\"primaryImageOfPage\":{\"@id\":\"https:\/\/www.kosmetikfuchs.de\/magazin\/demodex-milben-unsichtbare-gaeste-auf-ihrer-haut\/#primaryimage\"},\"image\":{\"@id\":\"https:\/\/www.kosmetikfuchs.de\/magazin\/demodex-milben-unsichtbare-gaeste-auf-ihrer-haut\/#primaryimage\"},\"thumbnailUrl\":\"https:\/\/www.kosmetikfuchs.de\/magazin\/wp-content\/uploads\/2021\/04\/Rosazea.jpg\",\"datePublished\":\"2024-01-17T13:33:19+00:00\",\"dateModified\":\"2026-03-18T08:38:30+00:00\",\"author\":{\"@id\":\"https:\/\/www.kosmetikfuchs.de\/magazin\/#\/schema\/person\/35faae63e208f6683a44bc85e17d5a3b\"},\"description\":\"Die Welt der Demodex-Milben: Haben Sie sich jemals gefragt, was sich alles auf Ihrer Haut tummelt? Erfahren Sie mehr in unserem Magazin.\",\"breadcrumb\":{\"@id\":\"https:\/\/www.kosmetikfuchs.de\/magazin\/demodex-milben-unsichtbare-gaeste-auf-ihrer-haut\/#breadcrumb\"},\"inLanguage\":\"de\",\"potentialAction\":[{\"@type\":\"ReadAction\",\"target\":[\"https:\/\/www.kosmetikfuchs.de\/magazin\/demodex-milben-unsichtbare-gaeste-auf-ihrer-haut\/\"]}]},{\"@type\":\"ImageObject\",\"inLanguage\":\"de\",\"@id\":\"https:\/\/www.kosmetikfuchs.de\/magazin\/demodex-milben-unsichtbare-gaeste-auf-ihrer-haut\/#primaryimage\",\"url\":\"https:\/\/www.kosmetikfuchs.de\/magazin\/wp-content\/uploads\/2021\/04\/Rosazea.jpg\",\"contentUrl\":\"https:\/\/www.kosmetikfuchs.de\/magazin\/wp-content\/uploads\/2021\/04\/Rosazea.jpg\",\"width\":850,\"height\":567,\"caption\":\"Demodex Milben\"},{\"@type\":\"BreadcrumbList\",\"@id\":\"https:\/\/www.kosmetikfuchs.de\/magazin\/demodex-milben-unsichtbare-gaeste-auf-ihrer-haut\/#breadcrumb\",\"itemListElement\":[{\"@type\":\"ListItem\",\"position\":1,\"name\":\"Startseite\",\"item\":\"https:\/\/www.kosmetikfuchs.de\/magazin\/\"},{\"@type\":\"ListItem\",\"position\":2,\"name\":\"Demodex-Milben: Unsichtbare G\u00e4ste auf Ihrer Haut\"}]},{\"@type\":\"WebSite\",\"@id\":\"https:\/\/www.kosmetikfuchs.de\/magazin\/#website\",\"url\":\"https:\/\/www.kosmetikfuchs.de\/magazin\/\",\"name\":\"Kosmetikfuchs Magazin\",\"description\":\"\",\"potentialAction\":[{\"@type\":\"SearchAction\",\"target\":{\"@type\":\"EntryPoint\",\"urlTemplate\":\"https:\/\/www.kosmetikfuchs.de\/magazin\/?s={search_term_string}\"},\"query-input\":\"required name=search_term_string\"}],\"inLanguage\":\"de\"},{\"@type\":\"Person\",\"@id\":\"https:\/\/www.kosmetikfuchs.de\/magazin\/#\/schema\/person\/35faae63e208f6683a44bc85e17d5a3b\",\"name\":\"Andrea Schnitzler\",\"image\":{\"@type\":\"ImageObject\",\"inLanguage\":\"de\",\"@id\":\"https:\/\/www.kosmetikfuchs.de\/magazin\/#\/schema\/person\/image\/\",\"url\":\"https:\/\/secure.gravatar.com\/avatar\/c462be259c08eb432c40b941fbdefcb0?s=96&d=mm&r=g\",\"contentUrl\":\"https:\/\/secure.gravatar.com\/avatar\/c462be259c08eb432c40b941fbdefcb0?s=96&d=mm&r=g\",\"caption\":\"Andrea Schnitzler\"},\"description\":\"1994 Abschlu\u00df: Diplom Oecotrophologin (FH) 1999 Fachkosmetikerin 2003 Heilpraktikerin Einige Fortbildungen: 2004 Ausbildung Ohrakupunktur I 2004 Ausbildung Ohrakupunktur I 2007 Gasth\u00f6rer Fachbereich \u00d6kotrophologie FH Niederrhein 2008 Biomelekulare vitOrgan Therapie und Allergostop Behandlung 2013 Ausbildung in Acunova - Akupunktur 2000 bei Prof. John Boel 2014 Vertiefung in Acunova - Akupunktur 2000 bei Prof. John Boel 2016 Sympathikustherapie bei Dr. med. Heiner Steinr\u00fccken 2017 Kinesiologie Touch for Health Paracelsus 2017 Frequenz Therapie Anja F\u00fcchtenbusch\",\"sameAs\":[\"https:\/\/www.kosmetikfuchs.de\/magazin\/author\/a-schnitzler\/\"],\"url\":\"https:\/\/www.kosmetikfuchs.de\/magazin\/author\/a-schnitzler\/\"}]}<\/script>\n<!-- \/ Yoast SEO plugin. -->","yoast_head_json":{"title":"Demodex-Milben: Unsichtbare G\u00e4ste auf Ihrer Haut - Kosmetikfuchs Magazin","description":"Die Welt der Demodex-Milben: Haben Sie sich jemals gefragt, was sich alles auf Ihrer Haut tummelt? Erfahren Sie mehr in unserem Magazin.","robots":{"index":"index","follow":"follow","max-snippet":"max-snippet:-1","max-image-preview":"max-image-preview:large","max-video-preview":"max-video-preview:-1"},"canonical":"https:\/\/www.kosmetikfuchs.de\/magazin\/demodex-milben-unsichtbare-gaeste-auf-ihrer-haut\/","og_locale":"de_DE","og_type":"article","og_title":"Demodex-Milben: Unsichtbare G\u00e4ste auf Ihrer Haut - Kosmetikfuchs Magazin","og_description":"Die Welt der Demodex-Milben: Haben Sie sich jemals gefragt, was sich alles auf Ihrer Haut tummelt? Erfahren Sie mehr in unserem Magazin.","og_url":"https:\/\/www.kosmetikfuchs.de\/magazin\/demodex-milben-unsichtbare-gaeste-auf-ihrer-haut\/","og_site_name":"Kosmetikfuchs Magazin","article_published_time":"2024-01-17T13:33:19+00:00","article_modified_time":"2026-03-18T08:38:30+00:00","og_image":[{"width":850,"height":567,"url":"https:\/\/www.kosmetikfuchs.de\/magazin\/wp-content\/uploads\/2021\/04\/Rosazea.jpg","type":"image\/jpeg"}],"author":"Andrea Schnitzler","twitter_card":"summary_large_image","twitter_misc":{"Verfasst von":"Andrea Schnitzler","Gesch\u00e4tzte Lesezeit":"5\u00a0Minuten"},"schema":{"@context":"https:\/\/schema.org","@graph":[{"@type":"WebPage","@id":"https:\/\/www.kosmetikfuchs.de\/magazin\/demodex-milben-unsichtbare-gaeste-auf-ihrer-haut\/","url":"https:\/\/www.kosmetikfuchs.de\/magazin\/demodex-milben-unsichtbare-gaeste-auf-ihrer-haut\/","name":"Demodex-Milben: Unsichtbare G\u00e4ste auf Ihrer Haut - Kosmetikfuchs Magazin","isPartOf":{"@id":"https:\/\/www.kosmetikfuchs.de\/magazin\/#website"},"primaryImageOfPage":{"@id":"https:\/\/www.kosmetikfuchs.de\/magazin\/demodex-milben-unsichtbare-gaeste-auf-ihrer-haut\/#primaryimage"},"image":{"@id":"https:\/\/www.kosmetikfuchs.de\/magazin\/demodex-milben-unsichtbare-gaeste-auf-ihrer-haut\/#primaryimage"},"thumbnailUrl":"https:\/\/www.kosmetikfuchs.de\/magazin\/wp-content\/uploads\/2021\/04\/Rosazea.jpg","datePublished":"2024-01-17T13:33:19+00:00","dateModified":"2026-03-18T08:38:30+00:00","author":{"@id":"https:\/\/www.kosmetikfuchs.de\/magazin\/#\/schema\/person\/35faae63e208f6683a44bc85e17d5a3b"},"description":"Die Welt der Demodex-Milben: Haben Sie sich jemals gefragt, was sich alles auf Ihrer Haut tummelt? Erfahren Sie mehr in unserem Magazin.","breadcrumb":{"@id":"https:\/\/www.kosmetikfuchs.de\/magazin\/demodex-milben-unsichtbare-gaeste-auf-ihrer-haut\/#breadcrumb"},"inLanguage":"de","potentialAction":[{"@type":"ReadAction","target":["https:\/\/www.kosmetikfuchs.de\/magazin\/demodex-milben-unsichtbare-gaeste-auf-ihrer-haut\/"]}]},{"@type":"ImageObject","inLanguage":"de","@id":"https:\/\/www.kosmetikfuchs.de\/magazin\/demodex-milben-unsichtbare-gaeste-auf-ihrer-haut\/#primaryimage","url":"https:\/\/www.kosmetikfuchs.de\/magazin\/wp-content\/uploads\/2021\/04\/Rosazea.jpg","contentUrl":"https:\/\/www.kosmetikfuchs.de\/magazin\/wp-content\/uploads\/2021\/04\/Rosazea.jpg","width":850,"height":567,"caption":"Demodex Milben"},{"@type":"BreadcrumbList","@id":"https:\/\/www.kosmetikfuchs.de\/magazin\/demodex-milben-unsichtbare-gaeste-auf-ihrer-haut\/#breadcrumb","itemListElement":[{"@type":"ListItem","position":1,"name":"Startseite","item":"https:\/\/www.kosmetikfuchs.de\/magazin\/"},{"@type":"ListItem","position":2,"name":"Demodex-Milben: Unsichtbare G\u00e4ste auf Ihrer Haut"}]},{"@type":"WebSite","@id":"https:\/\/www.kosmetikfuchs.de\/magazin\/#website","url":"https:\/\/www.kosmetikfuchs.de\/magazin\/","name":"Kosmetikfuchs Magazin","description":"","potentialAction":[{"@type":"SearchAction","target":{"@type":"EntryPoint","urlTemplate":"https:\/\/www.kosmetikfuchs.de\/magazin\/?s={search_term_string}"},"query-input":"required name=search_term_string"}],"inLanguage":"de"},{"@type":"Person","@id":"https:\/\/www.kosmetikfuchs.de\/magazin\/#\/schema\/person\/35faae63e208f6683a44bc85e17d5a3b","name":"Andrea Schnitzler","image":{"@type":"ImageObject","inLanguage":"de","@id":"https:\/\/www.kosmetikfuchs.de\/magazin\/#\/schema\/person\/image\/","url":"https:\/\/secure.gravatar.com\/avatar\/c462be259c08eb432c40b941fbdefcb0?s=96&d=mm&r=g","contentUrl":"https:\/\/secure.gravatar.com\/avatar\/c462be259c08eb432c40b941fbdefcb0?s=96&d=mm&r=g","caption":"Andrea Schnitzler"},"description":"1994 Abschlu\u00df: Diplom Oecotrophologin (FH) 1999 Fachkosmetikerin 2003 Heilpraktikerin Einige Fortbildungen: 2004 Ausbildung Ohrakupunktur I 2004 Ausbildung Ohrakupunktur I 2007 Gasth\u00f6rer Fachbereich \u00d6kotrophologie FH Niederrhein 2008 Biomelekulare vitOrgan Therapie und Allergostop Behandlung 2013 Ausbildung in Acunova - Akupunktur 2000 bei Prof. John Boel 2014 Vertiefung in Acunova - Akupunktur 2000 bei Prof. John Boel 2016 Sympathikustherapie bei Dr. med. Heiner Steinr\u00fccken 2017 Kinesiologie Touch for Health Paracelsus 2017 Frequenz Therapie Anja F\u00fcchtenbusch","sameAs":["https:\/\/www.kosmetikfuchs.de\/magazin\/author\/a-schnitzler\/"],"url":"https:\/\/www.kosmetikfuchs.de\/magazin\/author\/a-schnitzler\/"}]}},"_links":{"self":[{"href":"https:\/\/www.kosmetikfuchs.de\/magazin\/wp-json\/wp\/v2\/posts\/8157"}],"collection":[{"href":"https:\/\/www.kosmetikfuchs.de\/magazin\/wp-json\/wp\/v2\/posts"}],"about":[{"href":"https:\/\/www.kosmetikfuchs.de\/magazin\/wp-json\/wp\/v2\/types\/post"}],"author":[{"embeddable":true,"href":"https:\/\/www.kosmetikfuchs.de\/magazin\/wp-json\/wp\/v2\/users\/3"}],"replies":[{"embeddable":true,"href":"https:\/\/www.kosmetikfuchs.de\/magazin\/wp-json\/wp\/v2\/comments?post=8157"}],"version-history":[{"count":12,"href":"https:\/\/www.kosmetikfuchs.de\/magazin\/wp-json\/wp\/v2\/posts\/8157\/revisions"}],"predecessor-version":[{"id":8171,"href":"https:\/\/www.kosmetikfuchs.de\/magazin\/wp-json\/wp\/v2\/posts\/8157\/revisions\/8171"}],"wp:featuredmedia":[{"embeddable":true,"href":"https:\/\/www.kosmetikfuchs.de\/magazin\/wp-json\/wp\/v2\/media\/3356"}],"wp:attachment":[{"href":"https:\/\/www.kosmetikfuchs.de\/magazin\/wp-json\/wp\/v2\/media?parent=8157"}],"wp:term":[{"taxonomy":"category","embeddable":true,"href":"https:\/\/www.kosmetikfuchs.de\/magazin\/wp-json\/wp\/v2\/categories?post=8157"},{"taxonomy":"post_tag","embeddable":true,"href":"https:\/\/www.kosmetikfuchs.de\/magazin\/wp-json\/wp\/v2\/tags?post=8157"}],"curies":[{"name":"wp","href":"https:\/\/api.w.org\/{rel}","templated":true}]}}