{"id":7729,"date":"2023-09-14T08:00:29","date_gmt":"2023-09-14T06:00:29","guid":{"rendered":"https:\/\/www.kosmetikfuchs.de\/magazin\/?p=7729"},"modified":"2023-09-06T13:59:39","modified_gmt":"2023-09-06T11:59:39","slug":"kurkuma-in-der-hautpflege","status":"publish","type":"post","link":"https:\/\/www.kosmetikfuchs.de\/magazin\/kurkuma-in-der-hautpflege\/","title":{"rendered":"Kurkuma in der Hautpflege"},"content":{"rendered":"<h2>Powerwirkstoff Kurkuma in der Hautpflege \u2013 der Star unter den Antioxidantien<\/h2>\n<p>Bewusst leben &#8211; dazu geh\u00f6rt auch Ihre Hautpflege. Im Alltag innehalten, sich auf das Wesentliche konzentrieren, bewusste Entscheidungen f\u00fcr das eigene Leben treffen. Bei Menschen, die in Beruf und Familie stark gefordert sind, zeichnet sich Trendexperten zufolge eine Wende ab. Mit dem Wunsch nach Auszeiten w\u00e4chst auch das Bed\u00fcrfnis nach Kosmetikprodukten, die das \u201eEntstressen\u201c unterst\u00fctzen. Hier kommt der Wirkstoff Kurkuma und dessen Wirkung in der Hautpflege ins Spiel.<\/p>\n<h3>Warum Antioxidantien wie z.B. Kurkuma super sind<\/h3>\n<p>Antioxidantien sind beinahe wie Prominente: jeder kennt sie oder hat zumindest schon einmal etwas \u00fcber sie geh\u00f6rt. Wir k\u00f6nnen Antioxidantien \u00fcber unsere Nahrung aufnehmen und auch in Kosmetikprodukten finden sie Verwendung. Aber Hand aufs Herz: W\u00fcrde man Sie bitten, zu erkl\u00e4ren, was genau nun so gut an ihnen ist und welche Funktion sie erf\u00fcllen \u2013 k\u00f6nnten Sie es?<\/p>\n<p>Dann machen wir doch jetzt eine kleine Reise durch die Welt der Antioxidantien und der freien Radikale. Denn ohne freie Radikale w\u00e4ren Antioxidantien nicht das, wof\u00fcr wir sie so sch\u00e4tzen: die Besch\u00fctzer unserer K\u00f6rperzellen.<\/p>\n<h3>Freie Radikale und Antioxidantien<\/h3>\n<p>Freie Radikale sind besonders reaktionsfreudige Molek\u00fcle: Da ihnen ein Elektron fehlt, sind sie sehr instabil. Auf der Suche nach Reaktionspartnern attackieren sie Zellen und ihre Bestandteile l\u00f6sen eine Oxidation aus. Daraufhin gehen die gesch\u00e4digten Molek\u00fcle selbst auf Elektronenfang \u2013 eine Kettenreaktion, die den K\u00f6rper bildlich gesehen \u201everrotten\u201c l\u00e4sst. Dabei werden Zellmembrane und Proteine zerst\u00f6rt, die f\u00fcr die Haut und das Bindegewebe essentiell sind. Wenn sich freie Radikale ungebremst vermehren \u2013 der oxidative Stress also hoch ist \u2013, k\u00f6nnen zudem Herz-Kreislauf-Erkrankungen, Typ-2- Diabetes und die Entstehung von Krebs beg\u00fcnstigt werden.<\/p>\n<p>Rauchen, Alkohol, UV-Strahlung, Medikamente, aber auch psychischer Stress und exzessiver Sport steigern oxidativen Stress. Radikalf\u00e4nger \u201eopfern\u201c sich sozusagen und gehen mit den aggressiven Sauerstoffmolek\u00fclen eine Verbindung ein, um die Zellen vor dem Angriff zu sch\u00fctzen. Als Radikalf\u00e4nger werden unsere Antioxidantien bezeichnet, Vitamine, Mineralstoffe &amp; Spurenelemente, Aminos\u00e4uren und die sekund\u00e4ren Pflanzenstoffe \/ Phytamine.<\/p>\n<h3>Antioxidantien sch\u00fctzen auch unsere Haut<\/h3>\n<p>Antioxidantien werden dem K\u00f6rper in erster Linie \u00fcber die Nahrung zugef\u00fchrt und sind in vielen Nahrungsmitteln enthalten. Als besonders gute Lieferanten von Antioxidantien gelten zum Beispiel Blaubeeren, Kaffee, N\u00fcsse, Tomaten, Kartoffeln und Zitrusfr\u00fcchte. Wenn Sie sich ausgewogen ern\u00e4hren, dann k\u00f6nnen Sie Ihren K\u00f6rper wirklich sehr gut von innen im Kampf gegen oxidative Zellsch\u00e4digung unterst\u00fctzen. Freie Radikale greifen aber auch die Lipide in unserer nat\u00fcrlichen Hautschutzbarriere an. Die Schutzfunktion der Haut wird br\u00fcchig. Ebenso sorgen sie daf\u00fcr, dass Keratin, Elastin und Kollagen schneller abgebaut werden. Die Folge: das Volumen und die Elastizit\u00e4t der Haut lassen nach. Auch hier kann unser Organismus dabei unterst\u00fctzt werden, der Zellsch\u00e4digung entgegen zu wirken.<\/p>\n<h2>Antioxidantien und Kurkuma in der Hautpflege<\/h2>\n<p>Als Wirkstoff in Pflegeprodukten kommen Antioxidantien ohne Umwege direkt dorthin, wo sie die freien Radikale neutralisieren k\u00f6nnen: in die Haut. In der Hautpflege k\u00f6nnen Antioxidantien die Haut von au\u00dfen sch\u00fctzen und sicher haben Sie schon bemerkt, dass sie in vielen Anti-Aging-Cremes enthalten sind. Und so ist es kein Wunder, dass sich diese Radikalf\u00e4nger zu wahren Anti-Aging-Helden in der Hautpflege entwickelt haben. Auch <a href=\"https:\/\/www.kosmetikfuchs.de\/brands\/dr-eckstein\/products\">Doctor Eckstein<sup>\u00ae<\/sup><\/a> ist deshalb nat\u00fcrlich Fan der kleinen Radikalf\u00e4nger und bringt neuerdings einen weiteren Wirkstoff mit gro\u00dfer Antioxidations-Power ins Spiel: Tetrahydrocurcumin, ein effektives, aber in der Kosmetik noch wenig verbreitetes, Antioxidans.<\/p>\n<p>Forschung und Wissenschaft haben l\u00e4ngst erkannt, welches Potential in Kurkuma steckt. Rund um seinen sekund\u00e4ren Pflanzenstoff Curcumin laufen seit Jahren zahlreiche klinische Studien, die schon eindeutig die antioxidative Kraft, die in Curcumin steckt, belegen.<\/p>\n<figure id=\"attachment_7734\" aria-describedby=\"caption-attachment-7734\" style=\"width: 900px\" class=\"wp-caption aligncenter\"><a href=\"https:\/\/www.kosmetikfuchs.de\/search?attr14%5B0%5D=1&amp;sSearch=hydra+silk+turmeric+doctor+eckstein\"><img loading=\"lazy\" decoding=\"async\" class=\"wp-image-7734 size-full\" src=\"https:\/\/www.kosmetikfuchs.de\/magazin\/wp-content\/uploads\/2023\/09\/230706_Kosmetikfuchs_Magazin-HydraSilkTurmeric_Kurkuma_900x500px.jpg\" alt=\"Kurkuma und dessen Wirkung in der Hautpflege\" width=\"900\" height=\"500\" srcset=\"https:\/\/www.kosmetikfuchs.de\/magazin\/wp-content\/uploads\/2023\/09\/230706_Kosmetikfuchs_Magazin-HydraSilkTurmeric_Kurkuma_900x500px.jpg 900w, https:\/\/www.kosmetikfuchs.de\/magazin\/wp-content\/uploads\/2023\/09\/230706_Kosmetikfuchs_Magazin-HydraSilkTurmeric_Kurkuma_900x500px-300x167.jpg 300w, https:\/\/www.kosmetikfuchs.de\/magazin\/wp-content\/uploads\/2023\/09\/230706_Kosmetikfuchs_Magazin-HydraSilkTurmeric_Kurkuma_900x500px-768x427.jpg 768w\" sizes=\"(max-width: 900px) 100vw, 900px\" \/><\/a><figcaption id=\"caption-attachment-7734\" class=\"wp-caption-text\">@Doctor Eckstein\u00ae<\/figcaption><\/figure>\n<h3>Was ist Kurkuma?<\/h3>\n<p>Kurkuma ist eine Pflanze aus der Familie der Ingwergew\u00e4chse. Urspr\u00fcnglich stammt sie aus S\u00fcdasien, wird mittlerweile aber auch in den Tropen kultiviert. Ihr wissenschaftlicher Name ist Curcuma longa. In ihren Herkunftsl\u00e4ndern hat Kurkuma als Gew\u00fcrz- und Heilpflanze eine mehrere tausend Jahre alte Tradition. Ihr Rhizom, was f\u00e4lschlicherweise oft auch als \u201eWurzel\u201c bezeichnet wird, \u00e4hnelt stark dem von Ingwer, unterscheidet sich davon aber vor allem durch seine kr\u00e4ftige orangegelbe F\u00e4rbung. Deshalb dient es in der K\u00fcche nicht nur zum W\u00fcrzen, sondern auch zum F\u00e4rben von Speisen. Auch das F\u00e4rben von Kleidung mit Kurkuma hat eine lange Tradition. Das Rhizom kann in der K\u00fcche frisch verarbeitet werden. Wir kennen es aber vor allem in getrockneter und gemahlener Form als Kurkumapulver.<\/p>\n<p><em><div class=\"box info  \"><div class=\"box-inner-block\"><i class=\"fa tie-shortcode-boxicon\"><\/i>\n\t\t\tGut zu wissen: Die Engl\u00e4nder waren es, die Kurkuma im 18. Jahrhundert aus ihren indischen Kolonien nach England brachten und das Currypulver erfanden. So gelangte die, von Indiens K\u00fcche inspirierte, Gew\u00fcrzmischung auf Englands Teller und mit ihr Kurkuma, das dem Currypulver seine typische gelbe Farbe verleiht.\n\t\t\t<\/div><\/div><\/em><\/p>\n<h3>Was ist Curcumin?<\/h3>\n<p>Curcumin ist ein bioaktiver Farb- und Geschmacksstoff, der im Rhizom der Kurkumapflanze enthalten ist. Gleichzeitig ist Curcumin auch der Bestandteil der Pflanze mit gesundheitlicher Wirkung. In wissenschaftlichen Artikeln wird Curcumin neben seinen antioxidativen Eigenschaften zum Beispiel auch als entz\u00fcndungshemmend, antibakteriell und verdauungsf\u00f6rdernd beschrieben.<\/p>\n<h3>Tetrahydrocurcumin als innovativer Wirkstoff in der Hautpflege<\/h3>\n<p>Das Problem mit Curcumin ist, dass es nicht so einfach in Hautpflegeprodukten verwendet werden kann. Es ist nicht wasserl\u00f6slich und kann daher in wasserbasierten Pflegeprodukten seine Wirkung nicht entfalten. Au\u00dferdem reagiert es mit Sauerstoff, wird dadurch instabil und b\u00fc\u00dft auch auf diese Weise seine Wirkung ein. Ganz abgesehen von seiner gelben Farbe, die unweigerlich unsere Haut gelb f\u00e4rben w\u00fcrde.<\/p>\n<p>Die L\u00f6sung hat sich die Forschung von unserem k\u00f6rpereigenen Stoffwechsel abgeschaut. Dieser wandelt Curcumin, wenn es \u00fcber die Nahrung aufgenommen wird, in Tetrahydrocurcumin, kurz THC. THC ist sozusagen die stabilere Form von Curcumin. Es verbleibt l\u00e4nger im K\u00f6rper und kann so seine Wirkung besser entfalten. Und: Studien legen nahe, dass THC hinsichtlich seiner antioxidativen Wirkung Curcumin sogar noch \u00fcberlegen ist. Tetrahydrocurcumin l\u00f6st sich zudem im K\u00f6rper langsamer auf, wodurch es mehr Zeit hat, seine Wirkung zu entfalten. In diesem Zusammenhang spricht man von einer h\u00f6heren Bioverf\u00fcgbarkeit, die THC gegen\u00fcber Curcumin besitzt. In kleinen Mengen kommt es aber zum Beispiel auch in Ingwer (Zingiber officinale) und japanischem Ingwer (Zingiber mioga) vor.<\/p>\n<p>Als Derivat, also als chemische Verbindung, die aus einer Stammverbindung (Curcumin) entstanden ist, kann Tetrahydrocurcumin mittlerweile in einem chemischen Prozess aus Curcumin synthetisiert werden. Das so entstandene Tetrahydrocurumin ist reiner und h\u00f6her konzentriert, was zu einer noch besseren Bioverf\u00fcgbarkeit f\u00fchrt. Es ist au\u00dferdem farblos und wasserl\u00f6slich und somit ideal f\u00fcr den Einsatz in Kosmetikprodukten geeignet.<\/p>\n<h2>Kurkuma und dessen Wirkung in der Hautpflege bei Doctor Eckstein<sup>\u00ae<\/sup><\/h2>\n<figure id=\"attachment_7733\" aria-describedby=\"caption-attachment-7733\" style=\"width: 900px\" class=\"wp-caption aligncenter\"><a href=\"https:\/\/www.kosmetikfuchs.de\/search?attr14%5B0%5D=1&amp;sSearch=hydra+silk+turmeric+doctor+eckstein\"><img loading=\"lazy\" decoding=\"async\" class=\"wp-image-7733 size-full\" src=\"https:\/\/www.kosmetikfuchs.de\/magazin\/wp-content\/uploads\/2023\/09\/230706_Kosmetikfuchs_Magazin-HydraSilkTurmeric_Keyvisual_900x500px-Kopie.jpg\" alt=\"Doctor Eckstein Hydra Silk Turmeric mit Kurkuma und dessen Wirkung in der Hautpflege\" width=\"900\" height=\"500\" srcset=\"https:\/\/www.kosmetikfuchs.de\/magazin\/wp-content\/uploads\/2023\/09\/230706_Kosmetikfuchs_Magazin-HydraSilkTurmeric_Keyvisual_900x500px-Kopie.jpg 900w, https:\/\/www.kosmetikfuchs.de\/magazin\/wp-content\/uploads\/2023\/09\/230706_Kosmetikfuchs_Magazin-HydraSilkTurmeric_Keyvisual_900x500px-Kopie-300x167.jpg 300w, https:\/\/www.kosmetikfuchs.de\/magazin\/wp-content\/uploads\/2023\/09\/230706_Kosmetikfuchs_Magazin-HydraSilkTurmeric_Keyvisual_900x500px-Kopie-768x427.jpg 768w\" sizes=\"(max-width: 900px) 100vw, 900px\" \/><\/a><figcaption id=\"caption-attachment-7733\" class=\"wp-caption-text\">@Doctor Eckstein\u00ae<\/figcaption><\/figure>\n<p>An dieser Stelle hat sich <a href=\"https:\/\/www.kosmetikfuchs.de\/brands\/dr-eckstein\/products\">Doctor Eckstein<sup>\u00ae<\/sup><\/a> in den Prozess eingeklinkt, um Kurkuma und dessen Wirkung in der Hautpflege zu integrieren. Das Unternehmen wollte unbedingt zu den ersten Verwendern dieses tollen Antioxidans\u00a0in der Hautpflege geh\u00f6ren, denn im Rahmen der Produktentwicklung ist <a href=\"https:\/\/www.kosmetikfuchs.de\/brands\/dr-eckstein\/products\">Doctor Eckstein<sup>\u00ae<\/sup><\/a> immer auf der Suche nach innovativen Wirkstoffen.<\/p>\n<p>Damit auch Sie Ihre Haut mit der Anti-Oxi-Power von Kurkuma verw\u00f6hnen k\u00f6nnen, hat <a href=\"https:\/\/www.kosmetikfuchs.de\/brands\/dr-eckstein\/products\">Doctor Eckstein<sup>\u00ae<\/sup><\/a> die vegane <a href=\"https:\/\/www.kosmetikfuchs.de\/23658\/dr.-eckstein\/hydra-silk-turmeric-balsam-50ml\">Tages-<\/a> &amp; <a href=\"https:\/\/www.kosmetikfuchs.de\/23659\/dr.-eckstein\/hydra-silk-turmeric-supreme-50ml\">Nachtpflege<\/a> <a href=\"https:\/\/www.kosmetikfuchs.de\/search?attr14%5B0%5D=1&amp;sSearch=hydra+silk+turmeric+doctor+eckstein\">HYDRA SILK TURMERIC<\/a> entwickelt. Turmeric ist das englische Wort f\u00fcr Kurkuma, das Antioxidans, das wegen seiner Zellschutzwirkung gerade in der Kosmetik f\u00fcr Furore sorgt.<\/p>\n<p>Der leichte, erfrischende <a href=\"https:\/\/www.kosmetikfuchs.de\/23658\/dr.-eckstein\/hydra-silk-turmeric-balsam-50ml\">Hydra Silk Turmeric Balsam<\/a> ist eine ideale Tagespflege f\u00fcr feuchtigkeitsarme, m\u00fcde und gestresste Haut. Er sch\u00fctzt die Haut vor oxidativem Stress und st\u00e4rkt den nat\u00fcrlichen Hautschutz vor den Auswirkungen der Umweltverschmutzung. Mildert F\u00e4ltchen und verbessert das Gesamterscheinungsbild der Haut.<\/p>\n<figure id=\"attachment_7732\" aria-describedby=\"caption-attachment-7732\" style=\"width: 600px\" class=\"wp-caption alignleft\"><a href=\"https:\/\/www.kosmetikfuchs.de\/23658\/dr.-eckstein\/hydra-silk-turmeric-balsam-50ml\"><img loading=\"lazy\" decoding=\"async\" class=\"wp-image-7732\" src=\"https:\/\/www.kosmetikfuchs.de\/magazin\/wp-content\/uploads\/2023\/09\/230706_Kosmetikfuchs_Magazin-HydraSilkTurmeric_Balsam-Textur_900x500px.jpg\" alt=\"Doctor Eckstein Hydra Silk Turmeric Balsam \/ Kurkuma und dessen Wirkung in der Hautpflege\" width=\"600\" height=\"333\" srcset=\"https:\/\/www.kosmetikfuchs.de\/magazin\/wp-content\/uploads\/2023\/09\/230706_Kosmetikfuchs_Magazin-HydraSilkTurmeric_Balsam-Textur_900x500px.jpg 900w, https:\/\/www.kosmetikfuchs.de\/magazin\/wp-content\/uploads\/2023\/09\/230706_Kosmetikfuchs_Magazin-HydraSilkTurmeric_Balsam-Textur_900x500px-300x167.jpg 300w, https:\/\/www.kosmetikfuchs.de\/magazin\/wp-content\/uploads\/2023\/09\/230706_Kosmetikfuchs_Magazin-HydraSilkTurmeric_Balsam-Textur_900x500px-768x427.jpg 768w\" sizes=\"(max-width: 600px) 100vw, 600px\" \/><\/a><figcaption id=\"caption-attachment-7732\" class=\"wp-caption-text\">@Doctor Eckstein\u00ae<\/figcaption><\/figure>\n<p><a href=\"https:\/\/www.kosmetikfuchs.de\/23658\/dr.-eckstein\/hydra-silk-turmeric-balsam-50ml\"><img loading=\"lazy\" decoding=\"async\" class=\"alignnone wp-image-7747\" src=\"https:\/\/www.kosmetikfuchs.de\/magazin\/wp-content\/uploads\/2023\/09\/1-150x300.png\" alt=\"Doctor Eckstein Hydra Silk Turmeric Balsam\" width=\"168\" height=\"336\" srcset=\"https:\/\/www.kosmetikfuchs.de\/magazin\/wp-content\/uploads\/2023\/09\/1-150x300.png 150w, https:\/\/www.kosmetikfuchs.de\/magazin\/wp-content\/uploads\/2023\/09\/1.png 250w\" sizes=\"(max-width: 168px) 100vw, 168px\" \/><\/a><\/p>\n<p>&nbsp;<\/p>\n<p>Die Nachtcreme <a href=\"https:\/\/www.kosmetikfuchs.de\/23659\/dr.-eckstein\/hydra-silk-turmeric-supreme-50ml\">Hydra Silk Turmeric Supreme<\/a> versorgt Ihre Haut mit Antioxidantien und hilft, das Gesamterscheinungsbild der Haut zu verbessern. Sie unterst\u00fctzt die hauteigene Regeneration f\u00fcr einen nat\u00fcrlichen Glow und mildert F\u00e4ltchen.<\/p>\n<figure id=\"attachment_7735\" aria-describedby=\"caption-attachment-7735\" style=\"width: 600px\" class=\"wp-caption alignleft\"><a href=\"https:\/\/www.kosmetikfuchs.de\/23659\/dr.-eckstein\/hydra-silk-turmeric-supreme-50ml\"><img loading=\"lazy\" decoding=\"async\" class=\"wp-image-7735\" src=\"https:\/\/www.kosmetikfuchs.de\/magazin\/wp-content\/uploads\/2023\/09\/230706_Kosmetikfuchs_Magazin-HydraSilkTurmeric_Supreme-Textur_900x500px-300x167.jpg\" alt=\"Doctor Eckstein Hydra Silk Turmeric Supreme\" width=\"600\" height=\"333\" srcset=\"https:\/\/www.kosmetikfuchs.de\/magazin\/wp-content\/uploads\/2023\/09\/230706_Kosmetikfuchs_Magazin-HydraSilkTurmeric_Supreme-Textur_900x500px-300x167.jpg 300w, https:\/\/www.kosmetikfuchs.de\/magazin\/wp-content\/uploads\/2023\/09\/230706_Kosmetikfuchs_Magazin-HydraSilkTurmeric_Supreme-Textur_900x500px-768x427.jpg 768w, https:\/\/www.kosmetikfuchs.de\/magazin\/wp-content\/uploads\/2023\/09\/230706_Kosmetikfuchs_Magazin-HydraSilkTurmeric_Supreme-Textur_900x500px.jpg 900w\" sizes=\"(max-width: 600px) 100vw, 600px\" \/><\/a><figcaption id=\"caption-attachment-7735\" class=\"wp-caption-text\">@Doctor Eckstein\u00ae<\/figcaption><\/figure>\n<p><a href=\"https:\/\/www.kosmetikfuchs.de\/23659\/dr.-eckstein\/hydra-silk-turmeric-supreme-50ml\"><img loading=\"lazy\" decoding=\"async\" class=\"alignnone wp-image-7756\" src=\"https:\/\/www.kosmetikfuchs.de\/magazin\/wp-content\/uploads\/2023\/09\/2-150x300.png\" alt=\"Doctor Eckstein Hydra Silk Turmeric Supreme\" width=\"168\" height=\"336\" srcset=\"https:\/\/www.kosmetikfuchs.de\/magazin\/wp-content\/uploads\/2023\/09\/2-150x300.png 150w, https:\/\/www.kosmetikfuchs.de\/magazin\/wp-content\/uploads\/2023\/09\/2.png 250w\" sizes=\"(max-width: 168px) 100vw, 168px\" \/><\/a><\/p>\n","protected":false},"excerpt":{"rendered":"<p>Powerwirkstoff Kurkuma in der Hautpflege \u2013 der Star unter den Antioxidantien Bewusst leben &#8211; dazu geh\u00f6rt auch Ihre Hautpflege. Im Alltag innehalten, sich auf das Wesentliche konzentrieren, bewusste Entscheidungen f\u00fcr das eigene Leben treffen. Bei Menschen, die in Beruf und Familie stark gefordert sind, zeichnet sich Trendexperten zufolge eine Wende ab. Mit dem Wunsch nach &hellip;<\/p>\n","protected":false},"author":8,"featured_media":7731,"comment_status":"closed","ping_status":"open","sticky":false,"template":"","format":"standard","meta":{"footnotes":""},"categories":[1],"tags":[370,1086,1087,1085,20,1089,1084,1090,1091,1088],"yoast_head":"<!-- This site is optimized with the Yoast SEO plugin v22.3 - https:\/\/yoast.com\/wordpress\/plugins\/seo\/ -->\n<title>Kurkuma in der Hautpflege - Kosmetikfuchs Magazin<\/title>\n<meta name=\"description\" content=\"Kosmetikprodukte, die das \u201eEntstressen\u201c unterst\u00fctzen? Hier kommt der Wirkstoff Kurkuma und dessen Wirkung in der Hautpflege ins Spiel.\" \/>\n<meta name=\"robots\" content=\"index, follow, max-snippet:-1, max-image-preview:large, max-video-preview:-1\" \/>\n<link rel=\"canonical\" href=\"https:\/\/www.kosmetikfuchs.de\/magazin\/kurkuma-in-der-hautpflege\/\" \/>\n<meta property=\"og:locale\" content=\"de_DE\" \/>\n<meta property=\"og:type\" content=\"article\" \/>\n<meta property=\"og:title\" content=\"Kurkuma in der Hautpflege - Kosmetikfuchs Magazin\" \/>\n<meta property=\"og:description\" content=\"Kosmetikprodukte, die das \u201eEntstressen\u201c unterst\u00fctzen? Hier kommt der Wirkstoff Kurkuma und dessen Wirkung in der Hautpflege ins Spiel.\" \/>\n<meta property=\"og:url\" content=\"https:\/\/www.kosmetikfuchs.de\/magazin\/kurkuma-in-der-hautpflege\/\" \/>\n<meta property=\"og:site_name\" content=\"Kosmetikfuchs Magazin\" \/>\n<meta property=\"article:published_time\" content=\"2023-09-14T06:00:29+00:00\" \/>\n<meta property=\"article:modified_time\" content=\"2023-09-06T11:59:39+00:00\" \/>\n<meta property=\"og:image\" content=\"https:\/\/www.kosmetikfuchs.de\/magazin\/wp-content\/uploads\/2023\/09\/230706_Kosmetikfuchs_Magazin-HydraSilkTurmeric_VerenaEckstein_900x500px.jpg\" \/>\n\t<meta property=\"og:image:width\" content=\"900\" \/>\n\t<meta property=\"og:image:height\" content=\"500\" \/>\n\t<meta property=\"og:image:type\" content=\"image\/jpeg\" \/>\n<meta name=\"author\" content=\"Schnitzler\" \/>\n<meta name=\"twitter:card\" content=\"summary_large_image\" \/>\n<meta name=\"twitter:label1\" content=\"Verfasst von\" \/>\n\t<meta name=\"twitter:data1\" content=\"Schnitzler\" \/>\n\t<meta name=\"twitter:label2\" content=\"Gesch\u00e4tzte Lesezeit\" \/>\n\t<meta name=\"twitter:data2\" content=\"8\u00a0Minuten\" \/>\n<script type=\"application\/ld+json\" class=\"yoast-schema-graph\">{\"@context\":\"https:\/\/schema.org\",\"@graph\":[{\"@type\":\"WebPage\",\"@id\":\"https:\/\/www.kosmetikfuchs.de\/magazin\/kurkuma-in-der-hautpflege\/\",\"url\":\"https:\/\/www.kosmetikfuchs.de\/magazin\/kurkuma-in-der-hautpflege\/\",\"name\":\"Kurkuma in der Hautpflege - Kosmetikfuchs Magazin\",\"isPartOf\":{\"@id\":\"https:\/\/www.kosmetikfuchs.de\/magazin\/#website\"},\"primaryImageOfPage\":{\"@id\":\"https:\/\/www.kosmetikfuchs.de\/magazin\/kurkuma-in-der-hautpflege\/#primaryimage\"},\"image\":{\"@id\":\"https:\/\/www.kosmetikfuchs.de\/magazin\/kurkuma-in-der-hautpflege\/#primaryimage\"},\"thumbnailUrl\":\"https:\/\/www.kosmetikfuchs.de\/magazin\/wp-content\/uploads\/2023\/09\/230706_Kosmetikfuchs_Magazin-HydraSilkTurmeric_VerenaEckstein_900x500px.jpg\",\"datePublished\":\"2023-09-14T06:00:29+00:00\",\"dateModified\":\"2023-09-06T11:59:39+00:00\",\"author\":{\"@id\":\"https:\/\/www.kosmetikfuchs.de\/magazin\/#\/schema\/person\/03209994c2ddcb78cb2705cceb2974a8\"},\"description\":\"Kosmetikprodukte, die das \u201eEntstressen\u201c unterst\u00fctzen? Hier kommt der Wirkstoff Kurkuma und dessen Wirkung in der Hautpflege ins Spiel.\",\"breadcrumb\":{\"@id\":\"https:\/\/www.kosmetikfuchs.de\/magazin\/kurkuma-in-der-hautpflege\/#breadcrumb\"},\"inLanguage\":\"de\",\"potentialAction\":[{\"@type\":\"ReadAction\",\"target\":[\"https:\/\/www.kosmetikfuchs.de\/magazin\/kurkuma-in-der-hautpflege\/\"]}]},{\"@type\":\"ImageObject\",\"inLanguage\":\"de\",\"@id\":\"https:\/\/www.kosmetikfuchs.de\/magazin\/kurkuma-in-der-hautpflege\/#primaryimage\",\"url\":\"https:\/\/www.kosmetikfuchs.de\/magazin\/wp-content\/uploads\/2023\/09\/230706_Kosmetikfuchs_Magazin-HydraSilkTurmeric_VerenaEckstein_900x500px.jpg\",\"contentUrl\":\"https:\/\/www.kosmetikfuchs.de\/magazin\/wp-content\/uploads\/2023\/09\/230706_Kosmetikfuchs_Magazin-HydraSilkTurmeric_VerenaEckstein_900x500px.jpg\",\"width\":900,\"height\":500,\"caption\":\"@Doctor Eckstein\u00ae\"},{\"@type\":\"BreadcrumbList\",\"@id\":\"https:\/\/www.kosmetikfuchs.de\/magazin\/kurkuma-in-der-hautpflege\/#breadcrumb\",\"itemListElement\":[{\"@type\":\"ListItem\",\"position\":1,\"name\":\"Startseite\",\"item\":\"https:\/\/www.kosmetikfuchs.de\/magazin\/\"},{\"@type\":\"ListItem\",\"position\":2,\"name\":\"Kurkuma in der Hautpflege\"}]},{\"@type\":\"WebSite\",\"@id\":\"https:\/\/www.kosmetikfuchs.de\/magazin\/#website\",\"url\":\"https:\/\/www.kosmetikfuchs.de\/magazin\/\",\"name\":\"Kosmetikfuchs Magazin\",\"description\":\"\",\"potentialAction\":[{\"@type\":\"SearchAction\",\"target\":{\"@type\":\"EntryPoint\",\"urlTemplate\":\"https:\/\/www.kosmetikfuchs.de\/magazin\/?s={search_term_string}\"},\"query-input\":\"required name=search_term_string\"}],\"inLanguage\":\"de\"},{\"@type\":\"Person\",\"@id\":\"https:\/\/www.kosmetikfuchs.de\/magazin\/#\/schema\/person\/03209994c2ddcb78cb2705cceb2974a8\",\"name\":\"Schnitzler\",\"image\":{\"@type\":\"ImageObject\",\"inLanguage\":\"de\",\"@id\":\"https:\/\/www.kosmetikfuchs.de\/magazin\/#\/schema\/person\/image\/\",\"url\":\"https:\/\/secure.gravatar.com\/avatar\/e807a320f60b3966f02d416bcbc6b689?s=96&d=mm&r=g\",\"contentUrl\":\"https:\/\/secure.gravatar.com\/avatar\/e807a320f60b3966f02d416bcbc6b689?s=96&d=mm&r=g\",\"caption\":\"Schnitzler\"},\"url\":\"https:\/\/www.kosmetikfuchs.de\/magazin\/author\/hannah-esser\/\"}]}<\/script>\n<!-- \/ Yoast SEO plugin. -->","yoast_head_json":{"title":"Kurkuma in der Hautpflege - Kosmetikfuchs Magazin","description":"Kosmetikprodukte, die das \u201eEntstressen\u201c unterst\u00fctzen? Hier kommt der Wirkstoff Kurkuma und dessen Wirkung in der Hautpflege ins Spiel.","robots":{"index":"index","follow":"follow","max-snippet":"max-snippet:-1","max-image-preview":"max-image-preview:large","max-video-preview":"max-video-preview:-1"},"canonical":"https:\/\/www.kosmetikfuchs.de\/magazin\/kurkuma-in-der-hautpflege\/","og_locale":"de_DE","og_type":"article","og_title":"Kurkuma in der Hautpflege - Kosmetikfuchs Magazin","og_description":"Kosmetikprodukte, die das \u201eEntstressen\u201c unterst\u00fctzen? Hier kommt der Wirkstoff Kurkuma und dessen Wirkung in der Hautpflege ins Spiel.","og_url":"https:\/\/www.kosmetikfuchs.de\/magazin\/kurkuma-in-der-hautpflege\/","og_site_name":"Kosmetikfuchs Magazin","article_published_time":"2023-09-14T06:00:29+00:00","article_modified_time":"2023-09-06T11:59:39+00:00","og_image":[{"width":900,"height":500,"url":"https:\/\/www.kosmetikfuchs.de\/magazin\/wp-content\/uploads\/2023\/09\/230706_Kosmetikfuchs_Magazin-HydraSilkTurmeric_VerenaEckstein_900x500px.jpg","type":"image\/jpeg"}],"author":"Schnitzler","twitter_card":"summary_large_image","twitter_misc":{"Verfasst von":"Schnitzler","Gesch\u00e4tzte Lesezeit":"8\u00a0Minuten"},"schema":{"@context":"https:\/\/schema.org","@graph":[{"@type":"WebPage","@id":"https:\/\/www.kosmetikfuchs.de\/magazin\/kurkuma-in-der-hautpflege\/","url":"https:\/\/www.kosmetikfuchs.de\/magazin\/kurkuma-in-der-hautpflege\/","name":"Kurkuma in der Hautpflege - Kosmetikfuchs Magazin","isPartOf":{"@id":"https:\/\/www.kosmetikfuchs.de\/magazin\/#website"},"primaryImageOfPage":{"@id":"https:\/\/www.kosmetikfuchs.de\/magazin\/kurkuma-in-der-hautpflege\/#primaryimage"},"image":{"@id":"https:\/\/www.kosmetikfuchs.de\/magazin\/kurkuma-in-der-hautpflege\/#primaryimage"},"thumbnailUrl":"https:\/\/www.kosmetikfuchs.de\/magazin\/wp-content\/uploads\/2023\/09\/230706_Kosmetikfuchs_Magazin-HydraSilkTurmeric_VerenaEckstein_900x500px.jpg","datePublished":"2023-09-14T06:00:29+00:00","dateModified":"2023-09-06T11:59:39+00:00","author":{"@id":"https:\/\/www.kosmetikfuchs.de\/magazin\/#\/schema\/person\/03209994c2ddcb78cb2705cceb2974a8"},"description":"Kosmetikprodukte, die das \u201eEntstressen\u201c unterst\u00fctzen? Hier kommt der Wirkstoff Kurkuma und dessen Wirkung in der Hautpflege ins Spiel.","breadcrumb":{"@id":"https:\/\/www.kosmetikfuchs.de\/magazin\/kurkuma-in-der-hautpflege\/#breadcrumb"},"inLanguage":"de","potentialAction":[{"@type":"ReadAction","target":["https:\/\/www.kosmetikfuchs.de\/magazin\/kurkuma-in-der-hautpflege\/"]}]},{"@type":"ImageObject","inLanguage":"de","@id":"https:\/\/www.kosmetikfuchs.de\/magazin\/kurkuma-in-der-hautpflege\/#primaryimage","url":"https:\/\/www.kosmetikfuchs.de\/magazin\/wp-content\/uploads\/2023\/09\/230706_Kosmetikfuchs_Magazin-HydraSilkTurmeric_VerenaEckstein_900x500px.jpg","contentUrl":"https:\/\/www.kosmetikfuchs.de\/magazin\/wp-content\/uploads\/2023\/09\/230706_Kosmetikfuchs_Magazin-HydraSilkTurmeric_VerenaEckstein_900x500px.jpg","width":900,"height":500,"caption":"@Doctor Eckstein\u00ae"},{"@type":"BreadcrumbList","@id":"https:\/\/www.kosmetikfuchs.de\/magazin\/kurkuma-in-der-hautpflege\/#breadcrumb","itemListElement":[{"@type":"ListItem","position":1,"name":"Startseite","item":"https:\/\/www.kosmetikfuchs.de\/magazin\/"},{"@type":"ListItem","position":2,"name":"Kurkuma in der Hautpflege"}]},{"@type":"WebSite","@id":"https:\/\/www.kosmetikfuchs.de\/magazin\/#website","url":"https:\/\/www.kosmetikfuchs.de\/magazin\/","name":"Kosmetikfuchs Magazin","description":"","potentialAction":[{"@type":"SearchAction","target":{"@type":"EntryPoint","urlTemplate":"https:\/\/www.kosmetikfuchs.de\/magazin\/?s={search_term_string}"},"query-input":"required name=search_term_string"}],"inLanguage":"de"},{"@type":"Person","@id":"https:\/\/www.kosmetikfuchs.de\/magazin\/#\/schema\/person\/03209994c2ddcb78cb2705cceb2974a8","name":"Schnitzler","image":{"@type":"ImageObject","inLanguage":"de","@id":"https:\/\/www.kosmetikfuchs.de\/magazin\/#\/schema\/person\/image\/","url":"https:\/\/secure.gravatar.com\/avatar\/e807a320f60b3966f02d416bcbc6b689?s=96&d=mm&r=g","contentUrl":"https:\/\/secure.gravatar.com\/avatar\/e807a320f60b3966f02d416bcbc6b689?s=96&d=mm&r=g","caption":"Schnitzler"},"url":"https:\/\/www.kosmetikfuchs.de\/magazin\/author\/hannah-esser\/"}]}},"_links":{"self":[{"href":"https:\/\/www.kosmetikfuchs.de\/magazin\/wp-json\/wp\/v2\/posts\/7729"}],"collection":[{"href":"https:\/\/www.kosmetikfuchs.de\/magazin\/wp-json\/wp\/v2\/posts"}],"about":[{"href":"https:\/\/www.kosmetikfuchs.de\/magazin\/wp-json\/wp\/v2\/types\/post"}],"author":[{"embeddable":true,"href":"https:\/\/www.kosmetikfuchs.de\/magazin\/wp-json\/wp\/v2\/users\/8"}],"replies":[{"embeddable":true,"href":"https:\/\/www.kosmetikfuchs.de\/magazin\/wp-json\/wp\/v2\/comments?post=7729"}],"version-history":[{"count":24,"href":"https:\/\/www.kosmetikfuchs.de\/magazin\/wp-json\/wp\/v2\/posts\/7729\/revisions"}],"predecessor-version":[{"id":7764,"href":"https:\/\/www.kosmetikfuchs.de\/magazin\/wp-json\/wp\/v2\/posts\/7729\/revisions\/7764"}],"wp:featuredmedia":[{"embeddable":true,"href":"https:\/\/www.kosmetikfuchs.de\/magazin\/wp-json\/wp\/v2\/media\/7731"}],"wp:attachment":[{"href":"https:\/\/www.kosmetikfuchs.de\/magazin\/wp-json\/wp\/v2\/media?parent=7729"}],"wp:term":[{"taxonomy":"category","embeddable":true,"href":"https:\/\/www.kosmetikfuchs.de\/magazin\/wp-json\/wp\/v2\/categories?post=7729"},{"taxonomy":"post_tag","embeddable":true,"href":"https:\/\/www.kosmetikfuchs.de\/magazin\/wp-json\/wp\/v2\/tags?post=7729"}],"curies":[{"name":"wp","href":"https:\/\/api.w.org\/{rel}","templated":true}]}}