{"id":7705,"date":"2023-08-11T08:02:02","date_gmt":"2023-08-11T06:02:02","guid":{"rendered":"https:\/\/www.kosmetikfuchs.de\/magazin\/?p=7705"},"modified":"2025-08-08T14:06:38","modified_gmt":"2025-08-08T12:06:38","slug":"schluss-mit-pickeln-am-ruecken","status":"publish","type":"post","link":"https:\/\/www.kosmetikfuchs.de\/magazin\/schluss-mit-pickeln-am-ruecken\/","title":{"rendered":"Schluss mit Pickeln am R\u00fccken"},"content":{"rendered":"<h2>\u201eDie Geheimnisse einer makellosen Haut\u201c<\/h2>\n<p>Pickel am R\u00fccken stellen oft ein l\u00e4stiges Problem dar \u2013 sie beeintr\u00e4chtigen nicht nur das Selbstbewusstsein, sondern k\u00f6nnen auch Schmerzen verursachen. Deshalb ist eine gute R\u00fcckenpflege essenziell, um die unliebsamen Hautver\u00e4nderungen zu vermeiden und zu bek\u00e4mpfen. Wir stellen Ihnen in unserem Ratgeber wertvolle Tipps und Tricks zur Seite, die zeigen, wie Sie effektiv gegen die Pickel am R\u00fccken vorgehen. Zudem erkl\u00e4ren wir, warum gerade der R\u00fccken zu den Hautunreinheiten neigt und zeigen, welche nat\u00fcrlichen Inhaltsstoffe echte Gamechanger sind und welche Sie lieber meiden sollten.<\/p>\n<p>&nbsp;<\/p>\n<h2>Warum entstehen Pickel ausgerechnet am R\u00fccken?<\/h2>\n<p>Neben dem Gesicht besitzt der R\u00fccken am meisten Talgdr\u00fcsen in der Haut. Deshalb passiert bei beiden Bereichen oft dasselbe: Sind die Hautdr\u00fcsen \u00fcberm\u00e4\u00dfig aktiv und produzieren zu viel Talg, verstopfen die Poren. Dort vermehren sich dann die Bakterien der menschlichen Haut besonders und es entstehen Entz\u00fcndungen.<\/p>\n<p>Das hei\u00dft: Wer eine fettige, zu Pickeln neigende Gesichtshaut hat, leidet h\u00e4ufig auch an R\u00fcckenpickeln. \u00dcbrigens: Mehr als die H\u00e4lfte der Akne-Geplagten hat sowohl im Gesicht als auch am R\u00fccken Pickel. Dazu kommt, dass die Poren des R\u00fcckens gr\u00f6\u00dfer sind, weshalb die Akne dort in der Regel noch st\u00e4rker ausf\u00e4llt.<\/p>\n<p>Abgesehen vom Hauttyp und der Genetik, beeinflussen aber auch weitere Faktoren die Anf\u00e4lligkeit f\u00fcr R\u00fcckenpickel:<\/p>\n<ul>\n<li><strong>Kleidung<\/strong>: Zu enge Kleidung f\u00fchrt zu \u00fcberm\u00e4\u00dfiger W\u00e4rme und Reibung am R\u00fccken. Wenn Sie bereits von Haus aus zur Akne neigen, f\u00fchrt eine falsche Kleiderwahl meist zu zahlreichen neuen Pickeln. Auch der Kleidungsstoff hat Einfluss auf die Bildung der Hautunreinheiten. Denn synthetische Kleidung ist nicht atmungsaktiv und durch einen fehlenden Luftaustausch kann die Akne verschlimmert werden.<\/li>\n<li><strong>Hormonelle Schwankungen<\/strong>: Hormone wie Cortisol, das bei Stress ausgesch\u00fcttet wird, beg\u00fcnstigen die Pickelbildung \u2013 im Gesicht wie auf dem R\u00fccken. Aber auch nat\u00fcrliche Hormonver\u00e4nderungen, wie in der Pubert\u00e4t und der Schwangerschaft oder w\u00e4hrend dem nat\u00fcrlichen Verlauf des weiblichen Zyklus, sorgen h\u00e4ufig f\u00fcr mehr Pickel.<\/li>\n<li><strong>Sport<\/strong>: Beim Sport werden Endorphine freigesetzt, die Stress abbauen. Stress beg\u00fcnstigt in der Regel Hautunreinheiten, weshalb Sport Ihnen helfen kann, den Pickeln vorzubeugen. Allerdings sollte dabei beachtet werden, dass Schwei\u00df ebenfalls zu verstopften Poren f\u00fchren kann. Achten Sie auch unbedingt auf eine weite, atmungsaktive Kleidung. Andernfalls entsteht beim Sport genau der zuvor beschriebene Effekt durch \u00fcberm\u00e4\u00dfige W\u00e4rme und Reibung. Auch eine gr\u00fcndliche Dusche nach dem Sport ist unerl\u00e4sslich.<\/li>\n<li><strong>Ungesunde Lebensweise<\/strong>: Vor allem zuckerhaltige Lebensmittel f\u00f6rdern Hautunreinheiten. Sowohl der zum Beispiel in Schokolade, Chips oder Limonade enthaltene Zucker wie auch die Fette verst\u00e4rken die Talgproduktion. Denselben Effekt k\u00f6nnen zu viele Milchprodukte in der t\u00e4glichen Ern\u00e4hrung haben, denn sie steigern die Insulinproduktion im K\u00f6rper. Und Insulin veranlasst den K\u00f6rper mehr Androgene zu produzieren, die die Aktivit\u00e4t der Talgdr\u00fcsen anheben.<\/li>\n<\/ul>\n<p>&nbsp;<\/p>\n<h2>Wie k\u00f6nnen Sie den Pickeln vorbeugen?<\/h2>\n<p>&nbsp;<\/p>\n<p>Die Ma\u00dfnahmen zur Vorbeugung von Pickeln h\u00e4ngen eng mit ihren Ursachen zusammen.<\/p>\n<blockquote><p>Eine gr\u00fcndliche und regelm\u00e4\u00dfige Reinigung des R\u00fcckens mit einer f\u00fcr Ihre Haut richtigen Seife ist entscheidend, um Schmutz, Schwei\u00df und \u00fcbersch\u00fcssiges \u00d6l zu entfernen, ohne dabei auszutrocknen. Dazu geh\u00f6rt im Anschluss die passende Pflege, um die Haut zus\u00e4tzlich vor Austrocknung zu sch\u00fctzen.<\/p><\/blockquote>\n<p>&nbsp;<\/p>\n<p>Das Beaut\u00e9 Pacifique Seriously Mild Shower Gel reinigt die Haut zum Beispiel sanft, ohne sie auszutrocknen und l\u00e4sst sich prima durch eine feuchtigkeitsspendende Bodylotion erg\u00e4nzen.<\/p>\n<p>&nbsp;<\/p>\n<p>\u00dcbrigens: Duschen ist besser als Baden. Denn beim Duschen gelangt immer wieder frisches Wasser auf die Haut. Der Online-Arzt ZAVA empfiehlt au\u00dferdem \u00e4therische \u00d6le wie Pfefferminze, die in B\u00e4dern mit ihren antibakteriellen Eigenschaften Bakterien abt\u00f6ten k\u00f6nnen. Und auch eine sanfte B\u00fcrste kann Ihnen bei der Reinigung des R\u00fcckens helfen.<\/p>\n<p>Locker sitzende und atmungsaktive Kleidung kann ebenfalls helfen, den R\u00fcckenpickeln vorzubeugen. Besonders beim Sport sollten Sie auf entsprechende Klamotten Wert legen.<\/p>\n<p>Zus\u00e4tzlich kann eine gesunde Ern\u00e4hrung mit frischem Obst und Gem\u00fcse, Kr\u00e4utern und Vollkornprodukten auf der einen und Stressreduktion auf der anderen Seite positive Effekte auf die Haut am R\u00fccken haben.<\/p>\n<p>Besteht aber eine genetische Disposition zur Akne, werden Sie um eine spezielle Pflege nicht herumkommen.<\/p>\n<h2>Die richtige Pflege von Pickeln am R\u00fccken<\/h2>\n<p>Mit der richtigen Routine kann es Ihnen gelingen, Ihre R\u00fcckenakne zu behandeln und eine R\u00fcckkehr zu verhindern. Dabei spielen die korrekte Reinigung und das Eincremen eine entscheidende Rolle. Bestimmte Inhaltsstoffe bieten dar\u00fcber hinaus eine wirksame Unterst\u00fctzung. Allerdings sind manche nur mit Vorsicht zu verwenden. Wir kl\u00e4ren auf, welche Inhaltsstoffe Ihnen mit den Hautunreinheiten helfen und was es zu beachten gilt.<\/p>\n<h3>Zinkoxid<\/h3>\n<p>Zinkoxid ist eine Mischung aus Zink und Sauerstoff, die als Wirkstoff in Zinksalben und Zinkpasten verwendet wird. Es ist in der Lage, der Haut Feuchtigkeit zu entziehen und wirkt antiseptisch. Der Inhaltsstoff hilft deshalb nicht nur bei der akuten Behandlung von Hautunreinheiten, sondern kann langfristig auch Pickelmale verblassen lassen. Allerdings ist eine Zinksalbe f\u00fcr den R\u00fccken nicht unbedingt empfehlenswert, da es sich um eine fetthaltige Substanz handelt, die sich eher kontraproduktiv zeigen kann.<\/p>\n<p><a href=\"https:\/\/www.kosmetikfuchs.de\/16184\/beaute-pacifique\/seriously-mild-shower-gel-200ml\"><img loading=\"lazy\" decoding=\"async\" class=\"alignnone wp-image-7708 size-medium\" src=\"https:\/\/www.kosmetikfuchs.de\/magazin\/wp-content\/uploads\/2023\/08\/6136_0-300x300.jpg\" alt=\"Azulen Paste mit Zink\" width=\"300\" height=\"300\" srcset=\"https:\/\/www.kosmetikfuchs.de\/magazin\/wp-content\/uploads\/2023\/08\/6136_0-300x300.jpg 300w, https:\/\/www.kosmetikfuchs.de\/magazin\/wp-content\/uploads\/2023\/08\/6136_0-150x150.jpg 150w, https:\/\/www.kosmetikfuchs.de\/magazin\/wp-content\/uploads\/2023\/08\/6136_0-768x768.jpg 768w, https:\/\/www.kosmetikfuchs.de\/magazin\/wp-content\/uploads\/2023\/08\/6136_0.jpg 800w\" sizes=\"(max-width: 300px) 100vw, 300px\" \/><\/a><\/p>\n<p>Stattdessen sollten Sie zu einer d\u00fcnnen Emulsion oder einer Zinkpaste greifen. Diese werden auf Wasser- bzw. Vaseline-Basis hergestellt. Da sie kein Fett enthalten und sich Vaseline nur oberfl\u00e4chlich auf die Haut legt, ohne einzudringen, kann das Zinkoxid in die Haut eindringen, ohne eine entgegengesetzte Wirkung anderer Bestandteile zu riskieren.<\/p>\n<p>&nbsp;<\/p>\n<p>Egal in welcher Form Sie Zinkoxid verwenden, es sollte auf jeden Fall ganz d\u00fcnn aufgetragen werden.<\/p>\n<h3>Hamamelis<\/h3>\n<p>Hamamelis, auch als \u201eZaubernuss\u201c bekannt, hat als nat\u00fcrlicher Inhaltsstoff den Ruf, fettige Haut, Akne, aber auch Tr\u00e4nens\u00e4cke und Sonnenbrand zu verbessern. Der Stoff ist tats\u00e4chlich eine Quelle vieler Antioxidantien, die gut f\u00fcr die Haut sind. Allerdings sind auch Tannine enthalten, die wiederum Hautreizungen verursachen k\u00f6nnen.<\/p>\n<p>Da Hamamelis adstringierende (zusammenziehende) Eigenschaften hat, wird ihr nachgesagt, dass sie Akne \u201eaustrocknen\u201c und Bakterien bek\u00e4mpfen kann. Tats\u00e4chlich konnten Untersuchungen das aber nicht belegen. Die Zaubernuss wird allein verwendet wahrscheinlicher Hautreizungen verursachen und R\u00fcckenakne verschlimmern.<\/p>\n<p><a href=\"https:\/\/www.kosmetikfuchs.de\/236\/gertraud-gruber\/kraeuter-lotion-mit-hamamelis-200ml\"><img loading=\"lazy\" decoding=\"async\" class=\"alignnone wp-image-7709 size-medium\" src=\"https:\/\/www.kosmetikfuchs.de\/magazin\/wp-content\/uploads\/2023\/08\/101400_R_HAMAMELISKRAEUTERLOTION_FLASCHE_200ML_PACKSHOT_MIT-SP_4000PX_800X800-300x300.jpg\" alt=\"\" width=\"300\" height=\"300\" srcset=\"https:\/\/www.kosmetikfuchs.de\/magazin\/wp-content\/uploads\/2023\/08\/101400_R_HAMAMELISKRAEUTERLOTION_FLASCHE_200ML_PACKSHOT_MIT-SP_4000PX_800X800-300x300.jpg 300w, https:\/\/www.kosmetikfuchs.de\/magazin\/wp-content\/uploads\/2023\/08\/101400_R_HAMAMELISKRAEUTERLOTION_FLASCHE_200ML_PACKSHOT_MIT-SP_4000PX_800X800-150x150.jpg 150w, https:\/\/www.kosmetikfuchs.de\/magazin\/wp-content\/uploads\/2023\/08\/101400_R_HAMAMELISKRAEUTERLOTION_FLASCHE_200ML_PACKSHOT_MIT-SP_4000PX_800X800-768x768.jpg 768w, https:\/\/www.kosmetikfuchs.de\/magazin\/wp-content\/uploads\/2023\/08\/101400_R_HAMAMELISKRAEUTERLOTION_FLASCHE_200ML_PACKSHOT_MIT-SP_4000PX_800X800.jpg 800w\" sizes=\"(max-width: 300px) 100vw, 300px\" \/><\/a><\/p>\n<h3>Teebaum\u00f6l<\/h3>\n<p>&nbsp;<\/p>\n<p>Teebaum\u00f6l ist f\u00fcr seine antimikrobiellen Eigenschaften bekannt und kann dazu beitragen, Bakterien auf der Haut zu reduzieren, die zu Entz\u00fcndungen und Pickeln am R\u00fccken f\u00fchren k\u00f6nnen. Sie k\u00f6nnen es somit zur Behandlung, aber auch zur Vorbeugung verwenden. Beim Kauf m\u00fcssen Sie unbedingt auf die Konzentration des Teebaum\u00f6ls achten: Sind \u00fcber f\u00fcnf Prozent enthalten, kann der Inhaltsstoff bei empfindlichen Personen zu Hautreizungen und allergischen Hautausschl\u00e4gen f\u00fchren. Das deutsche Bundesinstitut f\u00fcr Risikobewertung r\u00e4t deshalb generell zu einer Begrenzung der Konzentration auf ein Prozent. Teebaum\u00f6lhaltige Cremes sollten Sie zudem nicht \u00fcber einen l\u00e4ngeren Zeitraum verwenden. F\u00fcr die Pflege akuter Problemstellen eignen sie sich hingegen gut.<\/p>\n<p>&nbsp;<\/p>\n<p>Die <a href=\"https:\/\/www.kosmetikfuchs.de\/16784\/dado-sens\/spezialpflege-sos-care-teebaumsalbe-30ml\">\u201eSOS Care Teebaumsalbe\u201c<\/a> von Dado Sens Dermacosmetics pflegt empfindliche Haut gezielt bei Unreinheiten und schafft einen ausgleichenden Feuchtigkeitsgehalt. So wie zinkoxidhaltige Produkte sollten auch Teebaumsalben d\u00fcnn und sparsam aufgetragen werden, um eine gute Wirkung zu erzielen.<\/p>\n<p><a href=\"https:\/\/www.kosmetikfuchs.de\/16784\/dado-sens\/spezialpflege-sos-care-teebaumsalbe-30ml\"><img loading=\"lazy\" decoding=\"async\" class=\"alignnone wp-image-7710 size-medium\" src=\"https:\/\/www.kosmetikfuchs.de\/magazin\/wp-content\/uploads\/2023\/08\/4011140211696_DADO-SENS-SOS-CARE-TEEBAUMSALBE_OFFICE_5437-300x300.jpg\" alt=\"\" width=\"300\" height=\"300\" srcset=\"https:\/\/www.kosmetikfuchs.de\/magazin\/wp-content\/uploads\/2023\/08\/4011140211696_DADO-SENS-SOS-CARE-TEEBAUMSALBE_OFFICE_5437-300x300.jpg 300w, https:\/\/www.kosmetikfuchs.de\/magazin\/wp-content\/uploads\/2023\/08\/4011140211696_DADO-SENS-SOS-CARE-TEEBAUMSALBE_OFFICE_5437-150x150.jpg 150w, https:\/\/www.kosmetikfuchs.de\/magazin\/wp-content\/uploads\/2023\/08\/4011140211696_DADO-SENS-SOS-CARE-TEEBAUMSALBE_OFFICE_5437-768x768.jpg 768w, https:\/\/www.kosmetikfuchs.de\/magazin\/wp-content\/uploads\/2023\/08\/4011140211696_DADO-SENS-SOS-CARE-TEEBAUMSALBE_OFFICE_5437.jpg 800w\" sizes=\"(max-width: 300px) 100vw, 300px\" \/><\/a><\/p>\n<h3>Heilerde<\/h3>\n<p>Heilerde hat durch ihre mineralische Zusammensetzung eine absorbierende Wirkung und kann \u00fcbersch\u00fcssigen Talg und Fett von der Haut binden. Sie kann auch dazu beitragen, Giftstoffe aus den Poren zu ziehen und die Haut zu kl\u00e4ren, was bei der Behandlung von Pickeln am R\u00fccken n\u00fctzlich ist. Heilerde wird meist in Pulverform verkauft und mit Leitungswasser zu einem homogenen Schlamm anger\u00fchrt, der als Maske auf die Haut aufgetragen wird. Nach der Verwendung sollte die Maske gr\u00fcndlich mit klarem Wasser ausgesp\u00fclt und auf eine Pflegecreme nicht verzichtet werden.<\/p>\n<p>&nbsp;<\/p>\n<p>Es ist au\u00dferdem m\u00f6glich, Heilerde mit anderen nat\u00fcrlichen Inhaltsstoffen wie Hamamelis zu kombinieren und so ihre verschiedenen positiven Wirkungen gegenseitig zu erg\u00e4nzen. Die <a href=\"https:\/\/www.kosmetikfuchs.de\/1656\/dr.-hauschka\/reinigungsmaske-tiegel-90-g\">Reinigungsmaske von Dr. Hauschka<\/a> enth\u00e4lt zum Beispiel beide Stoffe und zus\u00e4tzlich Kapuzinerkresse, die anregend auf die Haut wirkt.<\/p>\n<figure id=\"attachment_7711\" aria-describedby=\"caption-attachment-7711\" style=\"width: 300px\" class=\"wp-caption alignnone\"><a href=\"https:\/\/www.kosmetikfuchs.de\/1656\/dr.-hauschka\/reinigungsmaske-tiegel-90-g\"><img loading=\"lazy\" decoding=\"async\" class=\"wp-image-7711 size-medium\" src=\"https:\/\/www.kosmetikfuchs.de\/magazin\/wp-content\/uploads\/2023\/08\/REINIGUNGSMASKE-DE-GB_PRESSEDD22L3SbvV6kr-300x300.jpg\" alt=\"\" width=\"300\" height=\"300\" srcset=\"https:\/\/www.kosmetikfuchs.de\/magazin\/wp-content\/uploads\/2023\/08\/REINIGUNGSMASKE-DE-GB_PRESSEDD22L3SbvV6kr-300x300.jpg 300w, https:\/\/www.kosmetikfuchs.de\/magazin\/wp-content\/uploads\/2023\/08\/REINIGUNGSMASKE-DE-GB_PRESSEDD22L3SbvV6kr-150x150.jpg 150w, https:\/\/www.kosmetikfuchs.de\/magazin\/wp-content\/uploads\/2023\/08\/REINIGUNGSMASKE-DE-GB_PRESSEDD22L3SbvV6kr-768x768.jpg 768w, https:\/\/www.kosmetikfuchs.de\/magazin\/wp-content\/uploads\/2023\/08\/REINIGUNGSMASKE-DE-GB_PRESSEDD22L3SbvV6kr.jpg 800w\" sizes=\"(max-width: 300px) 100vw, 300px\" \/><\/a><figcaption id=\"caption-attachment-7711\" class=\"wp-caption-text\">Dr. Hauschka Skin Care; Dr. Hauschka Kosmetik<\/figcaption><\/figure>\n<h3>Mikrosilber<\/h3>\n<p>&nbsp;<\/p>\n<p>Silber besitzt eine wissenschaftlich nachgewiesene antibakterielle Wirkung. Cremes, die Mikrosilber enthalten \u2013 also kleinste Silberpartikel \u2013 hemmen die Vermehrung von Bakterien auf der Haut und k\u00f6nnen so zu einer Verbesserung des Hautbildes f\u00fchren.<\/p>\n<p>&nbsp;<\/p>\n<p>Die spezielle Form von reinem Silber in Cremes hat eine Gr\u00f6\u00dfe, die auf der Hautoberfl\u00e4che bleibt, ohne einzudringen und unterst\u00fctzt die nat\u00fcrliche Schutzbarriere der Haut. Bei mikrosilberhaltigen Cremes sollten Sie darauf achten, dass sie keine irritierenden Inhaltsstoffe wie Emulgatoren, Duftstoffe oder Parabene enthalten.<\/p>\n<p>&nbsp;<\/p>\n<p>Die \u201e<a href=\"https:\/\/www.kosmetikfuchs.de\/4826\/rosa-graf\/amintamed-camomile-paste-mit-microsilver-15ml\">AMINTAmed Camomile Paste mit Microsilver<\/a>\u201c wurde speziell f\u00fcr die Pflege von Hautunreinheiten abseits des Gesichts entwickelt. W\u00e4hrend das enthaltene Mikrosilber antibakteriell wirkt, beruhigt die enthaltene Kamille die Haut an eventuell bereits entz\u00fcndeten Stellen.<\/p>\n<p><a href=\"https:\/\/www.kosmetikfuchs.de\/4826\/rosa-graf\/amintamed-camomile-paste-mit-microsilver-15ml\"><img loading=\"lazy\" decoding=\"async\" class=\"alignnone wp-image-7712 size-medium\" src=\"https:\/\/www.kosmetikfuchs.de\/magazin\/wp-content\/uploads\/2023\/08\/KO296308VKNm8pg271M7hX-300x300.jpg\" alt=\"\" width=\"300\" height=\"300\" srcset=\"https:\/\/www.kosmetikfuchs.de\/magazin\/wp-content\/uploads\/2023\/08\/KO296308VKNm8pg271M7hX-300x300.jpg 300w, https:\/\/www.kosmetikfuchs.de\/magazin\/wp-content\/uploads\/2023\/08\/KO296308VKNm8pg271M7hX-150x150.jpg 150w, https:\/\/www.kosmetikfuchs.de\/magazin\/wp-content\/uploads\/2023\/08\/KO296308VKNm8pg271M7hX.jpg 400w\" sizes=\"(max-width: 300px) 100vw, 300px\" \/><\/a><\/p>\n<h2><strong>Fazit: Gezielte Pflege und wirksame Inhaltsstoffe f\u00fcr eine reine R\u00fcckenhaut<\/strong><\/h2>\n<p>Pickel am R\u00fccken k\u00f6nnen eine frustrierende Herausforderung sein, aber mit der richtigen Pflege und Pr\u00e4vention ist es m\u00f6glich, sie zu reduzieren und ganz zu bek\u00e4mpfen. Die regelm\u00e4\u00dfige Reinigung des R\u00fcckens, das Tragen locker sitzender Kleidung und die Verwendung von Produkten mit wirksamen nat\u00fcrlichen Inhaltsstoffen wie Zinkoxid, Heilerde und Mikrosilber k\u00f6nnen dazu beitragen, Pickeln am R\u00fccken effektiv vorzubeugen und sie zu behandeln.<\/p>\n<p>Allerdings sollten Sie immer beachten, dass die individuelle Hautreaktion variiert. Sind die R\u00fcckenpickel schwerwiegend oder reagieren sie nicht auf die Pflege, sollten Sie einen Facharzt oder Dermatologen aufsuchen, um eine umfassende Diagnose zu erhalten und eventuell eine Behandlung mit verschreibungspflichtigen Mitteln zu beginnen.<\/p>\n","protected":false},"excerpt":{"rendered":"<p>\u201eDie Geheimnisse einer makellosen Haut\u201c Pickel am R\u00fccken stellen oft ein l\u00e4stiges Problem dar \u2013 sie beeintr\u00e4chtigen nicht nur das Selbstbewusstsein, sondern k\u00f6nnen auch Schmerzen verursachen. Deshalb ist eine gute R\u00fcckenpflege essenziell, um die unliebsamen Hautver\u00e4nderungen zu vermeiden und zu bek\u00e4mpfen. Wir stellen Ihnen in unserem Ratgeber wertvolle Tipps und Tricks zur Seite, die zeigen, &hellip;<\/p>\n","protected":false},"author":3,"featured_media":386,"comment_status":"closed","ping_status":"open","sticky":false,"template":"","format":"standard","meta":{"footnotes":""},"categories":[584,1,593],"tags":[974,1083,337,1082],"yoast_head":"<!-- This site is optimized with the Yoast SEO plugin v22.3 - https:\/\/yoast.com\/wordpress\/plugins\/seo\/ -->\n<title>Schluss mit Pickeln am R\u00fccken - Kosmetikfuchs Magazin<\/title>\n<meta name=\"description\" content=\"Pickel am R\u00fccken stellen oft ein l\u00e4stiges Problem dar \u2013 sie beeintr\u00e4chtigen nicht nur das Selbstbewusstsein, sondern k\u00f6nnen auch Schmerzen verursachen.\" \/>\n<meta name=\"robots\" content=\"index, follow, max-snippet:-1, max-image-preview:large, max-video-preview:-1\" \/>\n<link rel=\"canonical\" href=\"https:\/\/www.kosmetikfuchs.de\/magazin\/schluss-mit-pickeln-am-ruecken\/\" \/>\n<meta property=\"og:locale\" content=\"de_DE\" \/>\n<meta property=\"og:type\" content=\"article\" \/>\n<meta property=\"og:title\" content=\"Schluss mit Pickeln am R\u00fccken - Kosmetikfuchs Magazin\" \/>\n<meta property=\"og:description\" content=\"Pickel am R\u00fccken stellen oft ein l\u00e4stiges Problem dar \u2013 sie beeintr\u00e4chtigen nicht nur das Selbstbewusstsein, sondern k\u00f6nnen auch Schmerzen verursachen.\" \/>\n<meta property=\"og:url\" content=\"https:\/\/www.kosmetikfuchs.de\/magazin\/schluss-mit-pickeln-am-ruecken\/\" \/>\n<meta property=\"og:site_name\" content=\"Kosmetikfuchs Magazin\" \/>\n<meta property=\"article:published_time\" content=\"2023-08-11T06:02:02+00:00\" \/>\n<meta property=\"article:modified_time\" content=\"2025-08-08T12:06:38+00:00\" \/>\n<meta property=\"og:image\" content=\"https:\/\/www.kosmetikfuchs.de\/magazin\/wp-content\/uploads\/2018\/12\/Hautpflege.jpg\" \/>\n\t<meta property=\"og:image:width\" content=\"800\" \/>\n\t<meta property=\"og:image:height\" content=\"463\" \/>\n\t<meta property=\"og:image:type\" content=\"image\/jpeg\" \/>\n<meta name=\"author\" content=\"Andrea Schnitzler\" \/>\n<meta name=\"twitter:card\" content=\"summary_large_image\" \/>\n<meta name=\"twitter:label1\" content=\"Verfasst von\" \/>\n\t<meta name=\"twitter:data1\" content=\"Andrea Schnitzler\" \/>\n\t<meta name=\"twitter:label2\" content=\"Gesch\u00e4tzte Lesezeit\" \/>\n\t<meta name=\"twitter:data2\" content=\"9\u00a0Minuten\" \/>\n<script type=\"application\/ld+json\" class=\"yoast-schema-graph\">{\"@context\":\"https:\/\/schema.org\",\"@graph\":[{\"@type\":\"WebPage\",\"@id\":\"https:\/\/www.kosmetikfuchs.de\/magazin\/schluss-mit-pickeln-am-ruecken\/\",\"url\":\"https:\/\/www.kosmetikfuchs.de\/magazin\/schluss-mit-pickeln-am-ruecken\/\",\"name\":\"Schluss mit Pickeln am R\u00fccken - Kosmetikfuchs Magazin\",\"isPartOf\":{\"@id\":\"https:\/\/www.kosmetikfuchs.de\/magazin\/#website\"},\"primaryImageOfPage\":{\"@id\":\"https:\/\/www.kosmetikfuchs.de\/magazin\/schluss-mit-pickeln-am-ruecken\/#primaryimage\"},\"image\":{\"@id\":\"https:\/\/www.kosmetikfuchs.de\/magazin\/schluss-mit-pickeln-am-ruecken\/#primaryimage\"},\"thumbnailUrl\":\"https:\/\/www.kosmetikfuchs.de\/magazin\/wp-content\/uploads\/2018\/12\/Hautpflege.jpg\",\"datePublished\":\"2023-08-11T06:02:02+00:00\",\"dateModified\":\"2025-08-08T12:06:38+00:00\",\"author\":{\"@id\":\"https:\/\/www.kosmetikfuchs.de\/magazin\/#\/schema\/person\/35faae63e208f6683a44bc85e17d5a3b\"},\"description\":\"Pickel am R\u00fccken stellen oft ein l\u00e4stiges Problem dar \u2013 sie beeintr\u00e4chtigen nicht nur das Selbstbewusstsein, sondern k\u00f6nnen auch Schmerzen verursachen.\",\"breadcrumb\":{\"@id\":\"https:\/\/www.kosmetikfuchs.de\/magazin\/schluss-mit-pickeln-am-ruecken\/#breadcrumb\"},\"inLanguage\":\"de\",\"potentialAction\":[{\"@type\":\"ReadAction\",\"target\":[\"https:\/\/www.kosmetikfuchs.de\/magazin\/schluss-mit-pickeln-am-ruecken\/\"]}]},{\"@type\":\"ImageObject\",\"inLanguage\":\"de\",\"@id\":\"https:\/\/www.kosmetikfuchs.de\/magazin\/schluss-mit-pickeln-am-ruecken\/#primaryimage\",\"url\":\"https:\/\/www.kosmetikfuchs.de\/magazin\/wp-content\/uploads\/2018\/12\/Hautpflege.jpg\",\"contentUrl\":\"https:\/\/www.kosmetikfuchs.de\/magazin\/wp-content\/uploads\/2018\/12\/Hautpflege.jpg\",\"width\":800,\"height\":463,\"caption\":\"\u00a9 deagreez \/ Fotolia.com\"},{\"@type\":\"BreadcrumbList\",\"@id\":\"https:\/\/www.kosmetikfuchs.de\/magazin\/schluss-mit-pickeln-am-ruecken\/#breadcrumb\",\"itemListElement\":[{\"@type\":\"ListItem\",\"position\":1,\"name\":\"Startseite\",\"item\":\"https:\/\/www.kosmetikfuchs.de\/magazin\/\"},{\"@type\":\"ListItem\",\"position\":2,\"name\":\"Schluss mit Pickeln am R\u00fccken\"}]},{\"@type\":\"WebSite\",\"@id\":\"https:\/\/www.kosmetikfuchs.de\/magazin\/#website\",\"url\":\"https:\/\/www.kosmetikfuchs.de\/magazin\/\",\"name\":\"Kosmetikfuchs Magazin\",\"description\":\"\",\"potentialAction\":[{\"@type\":\"SearchAction\",\"target\":{\"@type\":\"EntryPoint\",\"urlTemplate\":\"https:\/\/www.kosmetikfuchs.de\/magazin\/?s={search_term_string}\"},\"query-input\":\"required name=search_term_string\"}],\"inLanguage\":\"de\"},{\"@type\":\"Person\",\"@id\":\"https:\/\/www.kosmetikfuchs.de\/magazin\/#\/schema\/person\/35faae63e208f6683a44bc85e17d5a3b\",\"name\":\"Andrea Schnitzler\",\"image\":{\"@type\":\"ImageObject\",\"inLanguage\":\"de\",\"@id\":\"https:\/\/www.kosmetikfuchs.de\/magazin\/#\/schema\/person\/image\/\",\"url\":\"https:\/\/secure.gravatar.com\/avatar\/c462be259c08eb432c40b941fbdefcb0?s=96&d=mm&r=g\",\"contentUrl\":\"https:\/\/secure.gravatar.com\/avatar\/c462be259c08eb432c40b941fbdefcb0?s=96&d=mm&r=g\",\"caption\":\"Andrea Schnitzler\"},\"description\":\"1994 Abschlu\u00df: Diplom Oecotrophologin (FH) 1999 Fachkosmetikerin 2003 Heilpraktikerin Einige Fortbildungen: 2004 Ausbildung Ohrakupunktur I 2004 Ausbildung Ohrakupunktur I 2007 Gasth\u00f6rer Fachbereich \u00d6kotrophologie FH Niederrhein 2008 Biomelekulare vitOrgan Therapie und Allergostop Behandlung 2013 Ausbildung in Acunova - Akupunktur 2000 bei Prof. John Boel 2014 Vertiefung in Acunova - Akupunktur 2000 bei Prof. John Boel 2016 Sympathikustherapie bei Dr. med. Heiner Steinr\u00fccken 2017 Kinesiologie Touch for Health Paracelsus 2017 Frequenz Therapie Anja F\u00fcchtenbusch\",\"sameAs\":[\"https:\/\/www.kosmetikfuchs.de\/magazin\/author\/a-schnitzler\/\"],\"url\":\"https:\/\/www.kosmetikfuchs.de\/magazin\/author\/a-schnitzler\/\"}]}<\/script>\n<!-- \/ Yoast SEO plugin. -->","yoast_head_json":{"title":"Schluss mit Pickeln am R\u00fccken - Kosmetikfuchs Magazin","description":"Pickel am R\u00fccken stellen oft ein l\u00e4stiges Problem dar \u2013 sie beeintr\u00e4chtigen nicht nur das Selbstbewusstsein, sondern k\u00f6nnen auch Schmerzen verursachen.","robots":{"index":"index","follow":"follow","max-snippet":"max-snippet:-1","max-image-preview":"max-image-preview:large","max-video-preview":"max-video-preview:-1"},"canonical":"https:\/\/www.kosmetikfuchs.de\/magazin\/schluss-mit-pickeln-am-ruecken\/","og_locale":"de_DE","og_type":"article","og_title":"Schluss mit Pickeln am R\u00fccken - Kosmetikfuchs Magazin","og_description":"Pickel am R\u00fccken stellen oft ein l\u00e4stiges Problem dar \u2013 sie beeintr\u00e4chtigen nicht nur das Selbstbewusstsein, sondern k\u00f6nnen auch Schmerzen verursachen.","og_url":"https:\/\/www.kosmetikfuchs.de\/magazin\/schluss-mit-pickeln-am-ruecken\/","og_site_name":"Kosmetikfuchs Magazin","article_published_time":"2023-08-11T06:02:02+00:00","article_modified_time":"2025-08-08T12:06:38+00:00","og_image":[{"width":800,"height":463,"url":"https:\/\/www.kosmetikfuchs.de\/magazin\/wp-content\/uploads\/2018\/12\/Hautpflege.jpg","type":"image\/jpeg"}],"author":"Andrea Schnitzler","twitter_card":"summary_large_image","twitter_misc":{"Verfasst von":"Andrea Schnitzler","Gesch\u00e4tzte Lesezeit":"9\u00a0Minuten"},"schema":{"@context":"https:\/\/schema.org","@graph":[{"@type":"WebPage","@id":"https:\/\/www.kosmetikfuchs.de\/magazin\/schluss-mit-pickeln-am-ruecken\/","url":"https:\/\/www.kosmetikfuchs.de\/magazin\/schluss-mit-pickeln-am-ruecken\/","name":"Schluss mit Pickeln am R\u00fccken - Kosmetikfuchs Magazin","isPartOf":{"@id":"https:\/\/www.kosmetikfuchs.de\/magazin\/#website"},"primaryImageOfPage":{"@id":"https:\/\/www.kosmetikfuchs.de\/magazin\/schluss-mit-pickeln-am-ruecken\/#primaryimage"},"image":{"@id":"https:\/\/www.kosmetikfuchs.de\/magazin\/schluss-mit-pickeln-am-ruecken\/#primaryimage"},"thumbnailUrl":"https:\/\/www.kosmetikfuchs.de\/magazin\/wp-content\/uploads\/2018\/12\/Hautpflege.jpg","datePublished":"2023-08-11T06:02:02+00:00","dateModified":"2025-08-08T12:06:38+00:00","author":{"@id":"https:\/\/www.kosmetikfuchs.de\/magazin\/#\/schema\/person\/35faae63e208f6683a44bc85e17d5a3b"},"description":"Pickel am R\u00fccken stellen oft ein l\u00e4stiges Problem dar \u2013 sie beeintr\u00e4chtigen nicht nur das Selbstbewusstsein, sondern k\u00f6nnen auch Schmerzen verursachen.","breadcrumb":{"@id":"https:\/\/www.kosmetikfuchs.de\/magazin\/schluss-mit-pickeln-am-ruecken\/#breadcrumb"},"inLanguage":"de","potentialAction":[{"@type":"ReadAction","target":["https:\/\/www.kosmetikfuchs.de\/magazin\/schluss-mit-pickeln-am-ruecken\/"]}]},{"@type":"ImageObject","inLanguage":"de","@id":"https:\/\/www.kosmetikfuchs.de\/magazin\/schluss-mit-pickeln-am-ruecken\/#primaryimage","url":"https:\/\/www.kosmetikfuchs.de\/magazin\/wp-content\/uploads\/2018\/12\/Hautpflege.jpg","contentUrl":"https:\/\/www.kosmetikfuchs.de\/magazin\/wp-content\/uploads\/2018\/12\/Hautpflege.jpg","width":800,"height":463,"caption":"\u00a9 deagreez \/ Fotolia.com"},{"@type":"BreadcrumbList","@id":"https:\/\/www.kosmetikfuchs.de\/magazin\/schluss-mit-pickeln-am-ruecken\/#breadcrumb","itemListElement":[{"@type":"ListItem","position":1,"name":"Startseite","item":"https:\/\/www.kosmetikfuchs.de\/magazin\/"},{"@type":"ListItem","position":2,"name":"Schluss mit Pickeln am R\u00fccken"}]},{"@type":"WebSite","@id":"https:\/\/www.kosmetikfuchs.de\/magazin\/#website","url":"https:\/\/www.kosmetikfuchs.de\/magazin\/","name":"Kosmetikfuchs Magazin","description":"","potentialAction":[{"@type":"SearchAction","target":{"@type":"EntryPoint","urlTemplate":"https:\/\/www.kosmetikfuchs.de\/magazin\/?s={search_term_string}"},"query-input":"required name=search_term_string"}],"inLanguage":"de"},{"@type":"Person","@id":"https:\/\/www.kosmetikfuchs.de\/magazin\/#\/schema\/person\/35faae63e208f6683a44bc85e17d5a3b","name":"Andrea Schnitzler","image":{"@type":"ImageObject","inLanguage":"de","@id":"https:\/\/www.kosmetikfuchs.de\/magazin\/#\/schema\/person\/image\/","url":"https:\/\/secure.gravatar.com\/avatar\/c462be259c08eb432c40b941fbdefcb0?s=96&d=mm&r=g","contentUrl":"https:\/\/secure.gravatar.com\/avatar\/c462be259c08eb432c40b941fbdefcb0?s=96&d=mm&r=g","caption":"Andrea Schnitzler"},"description":"1994 Abschlu\u00df: Diplom Oecotrophologin (FH) 1999 Fachkosmetikerin 2003 Heilpraktikerin Einige Fortbildungen: 2004 Ausbildung Ohrakupunktur I 2004 Ausbildung Ohrakupunktur I 2007 Gasth\u00f6rer Fachbereich \u00d6kotrophologie FH Niederrhein 2008 Biomelekulare vitOrgan Therapie und Allergostop Behandlung 2013 Ausbildung in Acunova - Akupunktur 2000 bei Prof. John Boel 2014 Vertiefung in Acunova - Akupunktur 2000 bei Prof. John Boel 2016 Sympathikustherapie bei Dr. med. Heiner Steinr\u00fccken 2017 Kinesiologie Touch for Health Paracelsus 2017 Frequenz Therapie Anja F\u00fcchtenbusch","sameAs":["https:\/\/www.kosmetikfuchs.de\/magazin\/author\/a-schnitzler\/"],"url":"https:\/\/www.kosmetikfuchs.de\/magazin\/author\/a-schnitzler\/"}]}},"_links":{"self":[{"href":"https:\/\/www.kosmetikfuchs.de\/magazin\/wp-json\/wp\/v2\/posts\/7705"}],"collection":[{"href":"https:\/\/www.kosmetikfuchs.de\/magazin\/wp-json\/wp\/v2\/posts"}],"about":[{"href":"https:\/\/www.kosmetikfuchs.de\/magazin\/wp-json\/wp\/v2\/types\/post"}],"author":[{"embeddable":true,"href":"https:\/\/www.kosmetikfuchs.de\/magazin\/wp-json\/wp\/v2\/users\/3"}],"replies":[{"embeddable":true,"href":"https:\/\/www.kosmetikfuchs.de\/magazin\/wp-json\/wp\/v2\/comments?post=7705"}],"version-history":[{"count":6,"href":"https:\/\/www.kosmetikfuchs.de\/magazin\/wp-json\/wp\/v2\/posts\/7705\/revisions"}],"predecessor-version":[{"id":8962,"href":"https:\/\/www.kosmetikfuchs.de\/magazin\/wp-json\/wp\/v2\/posts\/7705\/revisions\/8962"}],"wp:featuredmedia":[{"embeddable":true,"href":"https:\/\/www.kosmetikfuchs.de\/magazin\/wp-json\/wp\/v2\/media\/386"}],"wp:attachment":[{"href":"https:\/\/www.kosmetikfuchs.de\/magazin\/wp-json\/wp\/v2\/media?parent=7705"}],"wp:term":[{"taxonomy":"category","embeddable":true,"href":"https:\/\/www.kosmetikfuchs.de\/magazin\/wp-json\/wp\/v2\/categories?post=7705"},{"taxonomy":"post_tag","embeddable":true,"href":"https:\/\/www.kosmetikfuchs.de\/magazin\/wp-json\/wp\/v2\/tags?post=7705"}],"curies":[{"name":"wp","href":"https:\/\/api.w.org\/{rel}","templated":true}]}}