{"id":71,"date":"2018-10-16T08:56:37","date_gmt":"2018-10-16T06:56:37","guid":{"rendered":"https:\/\/www.kosmetikfuchs.de\/magazin\/?p=71"},"modified":"2025-04-17T12:50:13","modified_gmt":"2025-04-17T10:50:13","slug":"natuerliches-make-up","status":"publish","type":"post","link":"https:\/\/www.kosmetikfuchs.de\/magazin\/natuerliches-make-up\/","title":{"rendered":"Nat\u00fcrliches Make-Up"},"content":{"rendered":"<h2>\u00ab Auf Basis der Natur: dekorativ und pflegend \u00bb<\/h2>\n<p style=\"text-align: justify;\"><strong>Nach der morgendlichen Dusche und dem gewohnten Pflegeritual tragen Sie Ihr Make-Up auf. Ein dezenter Mascara, ein wenig Rouge, vielleicht noch etwas Lippenstift \u2013 schon f\u00fchlen Sie sich rundum gewappnet f\u00fcr einen Arbeitstag. Nach Feierabend haben Sie noch einen privaten Termin. Es gilt sich also abzuschminken, eine neue Grundierung und kr\u00e4ftigere Farben aufzutragen. Vor dem Schlafengehen zeigen sich dann die Folgen eines ruhelosen Tages: Pickel, Hautreizungen, geschwollene Augenlider und R\u00f6tungen. Wenn Sie solche b\u00f6sen \u00dcberraschungen beim Abschminken kennen, sollten Sie sich in der Welt der Naturkosmetik umsehen. Dank nat\u00fcrlicher Inhaltsstoffe ist sie deutlich besser vertr\u00e4glich und sch\u00fctzt die Sch\u00f6nheit statt Sie zu strapazieren. Erfahren Sie hier mehr \u00fcber Eigenschaften und Anwendung von dekorativer Kosmetik aus dem Scho\u00dfe der Natur.<\/strong><\/p>\n<h2>Sch\u00f6nheit ohne Chemie: Was genau ist &#8222;Naturkosmetik&#8220;?<\/h2>\n<p style=\"text-align: justify;\">Von nat\u00fcrlicher Sch\u00f6nheit bis ins hohe Alter tr\u00e4umen viele Menschen. Daf\u00fcr gibt es in jeder Lebensphase die M\u00f6glichkeit, die eigenen Vorz\u00fcge zu unterstreichen und Sch\u00f6nheitsfehler zu kaschieren. Grundlage ist dabei stets die sanfte Pflege von Haut, Haaren und N\u00e4geln, um den Auswirkungen des Alterungsprozesses und sch\u00e4dlichen Umwelteinfl\u00fcssen entgegenzuwirken. Ein Make-Up auf der Basis von k\u00fcnstlichen Inhaltsstoffen z\u00e4hlt dabei genauso zu den Belastungsfaktoren wie starke Sonneneinstrahlung und klimatisierte Raumluft. Denn leider enthalten Schminke und Pflegeprodukte oft chemisch ver\u00e4nderte Substanzen. Eine nachhaltige Vertr\u00e4glichkeit dieser kann nicht garantiert werden.<\/p>\n<figure id=\"attachment_73\" aria-describedby=\"caption-attachment-73\" style=\"width: 800px\" class=\"wp-caption aligncenter\"><img loading=\"lazy\" decoding=\"async\" class=\"wp-image-73 size-full\" title=\"Mit Naturkosmetik schminken tut der Haut gut\" src=\"https:\/\/www.kosmetikfuchs.de\/magazin\/wp-content\/uploads\/2018\/10\/Nat\u00fcrliche-Kosmetik.jpg\" alt=\"Mit Naturkosmetik schminken tut der Haut gut\" width=\"800\" height=\"475\" srcset=\"https:\/\/www.kosmetikfuchs.de\/magazin\/wp-content\/uploads\/2018\/10\/Nat\u00fcrliche-Kosmetik.jpg 800w, https:\/\/www.kosmetikfuchs.de\/magazin\/wp-content\/uploads\/2018\/10\/Nat\u00fcrliche-Kosmetik-300x178.jpg 300w, https:\/\/www.kosmetikfuchs.de\/magazin\/wp-content\/uploads\/2018\/10\/Nat\u00fcrliche-Kosmetik-768x456.jpg 768w\" sizes=\"(max-width: 800px) 100vw, 800px\" \/><figcaption id=\"caption-attachment-73\" class=\"wp-caption-text\">\u00a9 blackday \/ Fotolia.com<\/figcaption><\/figure>\n<h2>Naturnahe Pflege durch nat\u00fcrliche Kosmetik<\/h2>\n<p style=\"text-align: justify;\">Dem steht die Naturkosmetik gegen\u00fcber. Sie h\u00e4lt sich an die ureigenen Rezepte der Natur selbst, um Ihre Haut zu sch\u00fctzen, zu pflegen und \u00fcberzeugend in Erscheinung treten zu lassen. Der Begriff &#8222;Naturkosmetik&#8220; selbst ist nicht gesch\u00fctzt. Doch legen einschl\u00e4gige Hersteller wie <a href=\"https:\/\/www.kosmetikfuchs.de\/brands\/annemarie-boerlind\/products\">Annemarie B\u00f6rlind<\/a> und <a href=\"https:\/\/www.kosmetikfuchs.de\/brands\/dr-hauschka\/products\">Dr. Hauschka<\/a> allesamt gro\u00dfen Wert auf naturbelassene Inhaltsstoffe in ihren Produkten. Der Einsatz von Mineral\u00f6lprodukten, k\u00fcnstlichen Farb-, Duft- und Konservierungsstoffen sowie Zutaten aus dem Chemielabor werden vermieden. Inzwischen haben sich einzelne Siegel hervorgetan, die nat\u00fcrliches Make-Up und Kosmetik anhand fester Kriterien \u00fcberpr\u00fcfen und so den Status &#8222;Naturkosmetik&#8220; best\u00e4tigen. Dazu geh\u00f6ren beispielsweise &#8222;Natrue&#8220; und das &#8222;BDIH&#8220;-Siegel.<\/p>\n<p>\u00a0 \u00a0 \u00a0 \u00a0 \u00a0 \u00a0<a href=\"https:\/\/www.kosmetikfuchs.de\/9317\/annemarie-boerlind\/puderrouge-coral-glow-5g\"><img loading=\"lazy\" decoding=\"async\" class=\"alignleft wp-image-8738 size-medium\" title=\"Teint Powder 01, 8g\" src=\"https:\/\/www.kosmetikfuchs.de\/magazin\/wp-content\/uploads\/2018\/10\/4011061230844_18158983_ANNEMARIE-B-ORLIND-PUDERROUGE-CORAL-GLOW_PRESSEFORMAT_9608vSsuxCNqzxymC-300x300.jpg\" alt=\"B\u00f6rlind Rouge\" width=\"300\" height=\"300\" srcset=\"https:\/\/www.kosmetikfuchs.de\/magazin\/wp-content\/uploads\/2018\/10\/4011061230844_18158983_ANNEMARIE-B-ORLIND-PUDERROUGE-CORAL-GLOW_PRESSEFORMAT_9608vSsuxCNqzxymC-300x300.jpg 300w, https:\/\/www.kosmetikfuchs.de\/magazin\/wp-content\/uploads\/2018\/10\/4011061230844_18158983_ANNEMARIE-B-ORLIND-PUDERROUGE-CORAL-GLOW_PRESSEFORMAT_9608vSsuxCNqzxymC-150x150.jpg 150w, https:\/\/www.kosmetikfuchs.de\/magazin\/wp-content\/uploads\/2018\/10\/4011061230844_18158983_ANNEMARIE-B-ORLIND-PUDERROUGE-CORAL-GLOW_PRESSEFORMAT_9608vSsuxCNqzxymC-768x768.jpg 768w, https:\/\/www.kosmetikfuchs.de\/magazin\/wp-content\/uploads\/2018\/10\/4011061230844_18158983_ANNEMARIE-B-ORLIND-PUDERROUGE-CORAL-GLOW_PRESSEFORMAT_9608vSsuxCNqzxymC.jpg 800w\" sizes=\"(max-width: 300px) 100vw, 300px\" \/><\/a>\u00a0<a href=\"https:\/\/www.kosmetikfuchs.de\/10681\/dr.-hauschka\/lipstick-07-orpine-4-1g\"><img loading=\"lazy\" decoding=\"async\" class=\"alignnone wp-image-77 size-medium\" title=\"Lipstick 07 orpine, 4,1g\" src=\"https:\/\/www.kosmetikfuchs.de\/magazin\/wp-content\/uploads\/2018\/12\/Lipstick-07-orpine-41g-237x300.jpg\" alt=\"Lipstick 07 orpine, 4,1g\" width=\"237\" height=\"300\" srcset=\"https:\/\/www.kosmetikfuchs.de\/magazin\/wp-content\/uploads\/2018\/12\/Lipstick-07-orpine-41g-237x300.jpg 237w, https:\/\/www.kosmetikfuchs.de\/magazin\/wp-content\/uploads\/2018\/12\/Lipstick-07-orpine-41g.jpg 246w\" sizes=\"(max-width: 237px) 100vw, 237px\" \/><\/a><\/p>\n<h2>\u00d6kologische Nachhaltigkeit<\/h2>\n<p style=\"text-align: justify;\">Neben der besseren Vertr\u00e4glichkeit dieser ausgezeichneten Produkte, entlastet deren Verwendung auch das \u00f6kologische Gewissen. Der nachhaltige Anbau der Rohstoffe steht n\u00e4mlich ebenso im Mittelpunkt wie der Ausschluss von Tierprodukten und -versuchen. Einzig Milch und Honig sind gelegentlich unter den Inhaltsstoffen zu finden. Das BDIH-Siegel fordert zus\u00e4tzlich den Ausschluss von gentechnisch ver\u00e4nderten Stoffen sowie sparsames und recycelbares Verpackungsmaterial.<\/p>\n<h2>Warum nat\u00fcrliche Produkte oft sinnvoller sind<\/h2>\n<p style=\"text-align: justify;\">Hautpflege und Make-Up aus der Natur sind nat\u00fcrlich nicht nur etwas f\u00fcr &#8222;\u00d6kos&#8220;. Zum einen liegt es heute n\u00e4mlich den meisten Menschen am Herzen, nachhaltige und umweltschonende Produkte zu verwenden. Zum anderen bietet die Naturkosmetik der eigenen Hautpflege so viele Vorteile, dass die \u00f6kologische Variable in den Hintergrund r\u00fccken kann.<\/p>\n<figure id=\"attachment_81\" aria-describedby=\"caption-attachment-81\" style=\"width: 800px\" class=\"wp-caption aligncenter\"><img loading=\"lazy\" decoding=\"async\" class=\"wp-image-81 size-full\" title=\"Naturkosmetik ist frei von chemischen Zus\u00e4tzen - das sieht man auch!\" src=\"https:\/\/www.kosmetikfuchs.de\/magazin\/wp-content\/uploads\/2018\/12\/Frau.jpg\" alt=\"Naturkosmetik ist frei von chemischen Zus\u00e4tzen - das sieht man auch!\" width=\"800\" height=\"489\" srcset=\"https:\/\/www.kosmetikfuchs.de\/magazin\/wp-content\/uploads\/2018\/12\/Frau.jpg 800w, https:\/\/www.kosmetikfuchs.de\/magazin\/wp-content\/uploads\/2018\/12\/Frau-300x183.jpg 300w, https:\/\/www.kosmetikfuchs.de\/magazin\/wp-content\/uploads\/2018\/12\/Frau-768x469.jpg 768w\" sizes=\"(max-width: 800px) 100vw, 800px\" \/><figcaption id=\"caption-attachment-81\" class=\"wp-caption-text\">\u00a9 drubig-photo \/ Fotolia.com<\/figcaption><\/figure>\n<p style=\"text-align: justify;\">Vielleicht ist es Ihnen auch schon hin und wieder aufgefallen, dass sich Ihr Gesicht nach dem Auftragen des Make-Ups wie eine Maske anf\u00fchlt. Es ist wie eine extra Schicht auf der eigenen Haut und sieht oftmals auch so aus. Das Problem liegt hier aber nicht nur in der Optik: Chemische Inhaltsstoffe wie Mineral\u00f6l und Silikon versiegeln die Oberfl\u00e4che und lassen die Haut nicht mehr atmen. Poren werden verstopft, Zellen versiegelt. Der nat\u00fcrliche Zellstoffwechsel kann nicht mehr arbeiten, was zu einem schlechteren Hautbild, teilweise sogar zu Allergien f\u00fchrt. Allergische Reaktionen sind ebenso m\u00f6glich. Besonders die k\u00fcnstlichen Konservierungsstoffe sind hierf\u00fcr bekannt. Au\u00dferdem kommen in Lippenstiften und Lotionen h\u00e4ufig Parabene vor. Sie sind hormonell wirksam und stehen deswegen sogar unter Verdacht, Brustkrebs auszul\u00f6sen.<\/p>\n<h2>Nat\u00fcrlicher Look<\/h2>\n<p style=\"text-align: justify;\">Entscheiden Sie sich f\u00fcr Pflegeprodukte, die m\u00f6glichst nat\u00fcrlich hergestellt wurden, vermeiden Sie diese Probleme. Nat\u00fcrliche dekorative Kosmetik auf Basis naturkosmetischer Ingredienzien sieht leichter, frischer und eben nat\u00fcrlicher aus. Das mag zum Teil auch daran liegen, dass manche grellen Farben ohne Einsatz von Chemie \u00fcberhaupt nicht hergestellt werden k\u00f6nnen.<\/p>\n<blockquote>\n<p style=\"text-align: justify;\">So entgehen Sie auch dem Risiko z.B. mit Ihrer Mascara ungewollt <a href=\"https:\/\/www.kosmetikfuchs.de\/magazin\/risiko-triethanolamine\/\">Triethalonamin<\/a> aufzunehmen.<\/p>\n<\/blockquote>\n<p style=\"text-align: justify;\">Entdecken Sie beispielsweise vom Hersteller <a href=\"https:\/\/www.kosmetikfuchs.de\/brands\/annemarie-boerlind\/dekorative-kosmetik\/augen\">Annemarie B\u00f6rlind Lidschatten<\/a> ausschlie\u00dflich in naturnahen Farbnuancen. Da die Make-Up Tipps von Profis heutzutage ohnehin in Richtung Nat\u00fcrlichkeit und dezentes Unterstreichen der eigenen Vorz\u00fcge gehen, tut dies dem Alltagsgebrauch keinen Abbruch.<\/p>\n<p>\u00a0 \u00a0 \u00a0 \u00a0 \u00a0 \u00a0 \u00a0 <a href=\"https:\/\/www.kosmetikfuchs.de\/9329\/annemarie-boerlind\/puderlidschatten-grey-blue-2g\"><img loading=\"lazy\" decoding=\"async\" class=\"alignnone wp-image-83 size-full\" title=\"Puderlidschatten grey blue, 2g\" src=\"https:\/\/www.kosmetikfuchs.de\/magazin\/wp-content\/uploads\/2018\/12\/Puderlidschatten-grey-blue-2g.jpg\" alt=\"Puderlidschatten grey blue, 2g\" width=\"208\" height=\"268\" \/><\/a>\u00a0<a href=\"https:\/\/www.kosmetikfuchs.de\/9347\/annemarie-boerlind\/precision-and-care-mascara-10ml\"><img loading=\"lazy\" decoding=\"async\" class=\"alignnone wp-image-84 size-full\" title=\"Precision &amp; Care Mascara black, 10ml\" src=\"https:\/\/www.kosmetikfuchs.de\/magazin\/wp-content\/uploads\/2018\/12\/Precision-Care-Mascara-black-10ml.jpg\" alt=\"Precision &amp; Care Mascara black, 10ml\" width=\"201\" height=\"268\" \/><\/a>\u00a0<a href=\"https:\/\/www.kosmetikfuchs.de\/9318\/annemarie-boerlind\/make-up-entferner-auge-und-lippe-125ml\"><img loading=\"lazy\" decoding=\"async\" class=\"alignnone wp-image-85 size-full\" title=\"Augen Make-Up Entferner, 125ml\" src=\"https:\/\/www.kosmetikfuchs.de\/magazin\/wp-content\/uploads\/2018\/12\/Augen-Make-Up-Entferner-125ml.jpg\" alt=\"Augen Make-Up Entferner, 125ml\" width=\"174\" height=\"268\" \/><\/a>\u00a0<a href=\"https:\/\/www.kosmetikfuchs.de\/9340\/annemarie-boerlind\/kajalstift-black-1g\"><img loading=\"lazy\" decoding=\"async\" class=\"alignnone wp-image-87 size-full\" title=\"Kajalstift black, 1g\" src=\"https:\/\/www.kosmetikfuchs.de\/magazin\/wp-content\/uploads\/2018\/12\/Kajalstift-black-1g.jpg\" alt=\"Kajalstift black, 1g\" width=\"119\" height=\"268\" \/><\/a><\/p>\n<h2>Bessere Vertr\u00e4glichkeit und weniger Allergien<\/h2>\n<p style=\"text-align: justify;\">Wichtig ist, dass naturkosmetische Produkte Ihre Haut nicht versiegeln. Sie kann weiterhin atmen und sich so selbst regenerieren. Allergiker berichten von einer deutlich besseren Vertr\u00e4glichkeit. Neue Allergien treten so gut wie gar nicht auf. Einzig, wenn Sie auf eine bestimmte Pflanze allergisch sind, sollten Sie sichergehen, dass nicht genau diese in Ihrem Pflegeprodukt oder Ihrer Schminke enthalten ist. Am Ende gilt bei der biologischen Kosmetik wie auch bei der herk\u00f6mmlichen die Leitlinie, dass jeder Typ erst seine geeignete Produktserie finden muss.<\/p>\n<figure id=\"attachment_96\" aria-describedby=\"caption-attachment-96\" style=\"width: 800px\" class=\"wp-caption aligncenter\"><img loading=\"lazy\" decoding=\"async\" class=\"wp-image-96 size-full\" title=\"Die Haut vertr\u00e4gt nat\u00fcrliche Kosmetik in der Regel sehr gut\" src=\"https:\/\/www.kosmetikfuchs.de\/magazin\/wp-content\/uploads\/2018\/12\/Schminken.jpg\" alt=\"Die Haut vertr\u00e4gt nat\u00fcrliche Kosmetik in der Regel sehr gut\" width=\"800\" height=\"469\" srcset=\"https:\/\/www.kosmetikfuchs.de\/magazin\/wp-content\/uploads\/2018\/12\/Schminken.jpg 800w, https:\/\/www.kosmetikfuchs.de\/magazin\/wp-content\/uploads\/2018\/12\/Schminken-300x176.jpg 300w, https:\/\/www.kosmetikfuchs.de\/magazin\/wp-content\/uploads\/2018\/12\/Schminken-768x450.jpg 768w\" sizes=\"(max-width: 800px) 100vw, 800px\" \/><figcaption id=\"caption-attachment-96\" class=\"wp-caption-text\">\u00a9 vladimirfloyd \/ Fotolia.com<\/figcaption><\/figure>\n<h2>Styling-Tipps aus der Natur<\/h2>\n<p style=\"text-align: justify;\">\u00dcberzeugen Sie sich nun selbst, dass es mitnichten Verzicht, sondern vielmehr Gewinn bedeutet, sich nat\u00fcrlich zu schminken. Probieren Sie ganz einfach selbst folgende Make-Up Tipps f\u00fcr einen nat\u00fcrlichen Tageslook aus.<\/p>\n<h3>Grundierung ganz nat\u00fcrlich<\/h3>\n<p style=\"text-align: justify;\">F\u00fcr ein nat\u00fcrliches Aussehen am Tag, fangen Sie mit einer Basis aus <a href=\"https:\/\/www.kosmetikfuchs.de\/brands\/dado-sens\/hypersensitive\">Hypersensitive Make-Up von Dado Sens<\/a> an. Es hat eine hervorragende Deckkraft und beruhigt sogar irritierte Haut, wie sie bei Akne, Rosazea oder Neurodermitis auftritt. Bei Dado Sens handelt es sich um Dermakosmetik auf Naturbasis.<\/p>\n<p>\u00a0 \u00a0 \u00a0 \u00a0 \u00a0 \u00a0 \u00a0\u00a0\u00a0<img loading=\"lazy\" decoding=\"async\" class=\"alignnone wp-image-90 size-medium\" title=\"Hypersensitive Puder transparent, 9g\" src=\"https:\/\/www.kosmetikfuchs.de\/magazin\/wp-content\/uploads\/2018\/12\/Hypersensitive-Puder-transparent-9g-300x297.jpg\" alt=\"Hypersensitive Puder transparent, 9g\" width=\"300\" height=\"297\" srcset=\"https:\/\/www.kosmetikfuchs.de\/magazin\/wp-content\/uploads\/2018\/12\/Hypersensitive-Puder-transparent-9g-300x297.jpg 300w, https:\/\/www.kosmetikfuchs.de\/magazin\/wp-content\/uploads\/2018\/12\/Hypersensitive-Puder-transparent-9g-150x150.jpg 150w, https:\/\/www.kosmetikfuchs.de\/magazin\/wp-content\/uploads\/2018\/12\/Hypersensitive-Puder-transparent-9g.jpg 303w\" sizes=\"(max-width: 300px) 100vw, 300px\" \/><\/p>\n<p style=\"text-align: justify;\">Bei besonders hartn\u00e4ckigen Augenschatten hilft zus\u00e4tzlich der Concealer von Annemarie B\u00f6rlind. In allen Artikeln dieser Firma stecken die Erfahrung von knapp 60 Jahren und die beruhigende Wirkung von Tiefenquellwasser aus dem Schwarzwald. Das Puderrouge vom selben Hersteller sorgt f\u00fcr Farbe im Gesicht. Achten Sie darauf, weder zu viel noch zu gro\u00dffl\u00e4chig aufzutragen. Ein kleinerer Pinsel hilft, gezielt die Wangenknochen zu betonen. Abschlie\u00dfendes Verblenden l\u00e4sst das Rouge mit dem Teint verschmelzen.<\/p>\n<h3>Nat\u00fcrliches Make-Up f\u00fcr Lippen und Augen<\/h3>\n<p style=\"text-align: justify;\">Die Lippen betonen Sie dezent mit ein wenig <a href=\"https:\/\/www.kosmetikfuchs.de\/brands\/dr-hauschka\/make-up\/lippenstifte-lipliner\">Lip Gloss von Dr. Hauschka<\/a>, zum Beispiel in dem nat\u00fcrlich wirkenden Farbton &#8222;Tamarillo&#8220;. Gerade bei den Lippen sollten Sie auf das richtige Produkt achten, da eine Frau im Laufe Ihres Lebens nachweislich mehrere Gramm Lippenstift herunterschluckt. Die Augenbrauen f\u00fcllen Sie bei Bedarf mit dem <a href=\"https:\/\/www.kosmetikfuchs.de\/brands\/annemarie-boerlind\/dekorative-kosmetik\/augen\">Augenbrauenstift von Annemarie B\u00f6rlind<\/a> auf. Dank Macadamianuss\u00f6l pflegt dieser ebenso, wie er Unregelm\u00e4\u00dfigkeiten \u00fcberdeckt. F\u00fcr das \u00fcbrige Auge nehmen Sie den dazu passenden Kajalstift in einem unauff\u00e4lligen Grau- oder Braunton. Mit dem Schwammapplikator auf der R\u00fcckseite l\u00e4sst sich auch die Augenkontur prima hervorheben. So starten Sie nat\u00fcrlich strahlend in Ihren Tag!<\/p>\n","protected":false},"excerpt":{"rendered":"<p>\u00ab Auf Basis der Natur: dekorativ und pflegend \u00bb Nach der morgendlichen Dusche und dem gewohnten Pflegeritual tragen Sie Ihr Make-Up auf. Ein dezenter Mascara, ein wenig Rouge, vielleicht noch etwas Lippenstift \u2013 schon f\u00fchlen Sie sich rundum gewappnet f\u00fcr einen Arbeitstag. Nach Feierabend haben Sie noch einen privaten Termin. Es gilt sich also abzuschminken, &hellip;<\/p>\n","protected":false},"author":1,"featured_media":99,"comment_status":"closed","ping_status":"open","sticky":false,"template":"","format":"standard","meta":{"footnotes":""},"categories":[584],"tags":[],"yoast_head":"<!-- This site is optimized with the Yoast SEO plugin v22.3 - https:\/\/yoast.com\/wordpress\/plugins\/seo\/ -->\n<title>Nat\u00fcrliches Make-Up - Kosmetikfuchs Magazin<\/title>\n<meta name=\"description\" content=\"Das Kosmetikfuchs Magazin berichtet \u00fcber nat\u00fcrliches Make-Up: Welche Vorteile es hat \u2714 Wie es gelingt \u2714 Welche Kosmetika zum Einsatz kommt \u2714\" \/>\n<meta name=\"robots\" content=\"index, follow, max-snippet:-1, max-image-preview:large, max-video-preview:-1\" \/>\n<link rel=\"canonical\" href=\"https:\/\/www.kosmetikfuchs.de\/magazin\/natuerliches-make-up\/\" \/>\n<meta property=\"og:locale\" content=\"de_DE\" \/>\n<meta property=\"og:type\" content=\"article\" \/>\n<meta property=\"og:title\" content=\"Nat\u00fcrliches Make-Up - Kosmetikfuchs Magazin\" \/>\n<meta property=\"og:description\" content=\"Das Kosmetikfuchs Magazin berichtet \u00fcber nat\u00fcrliches Make-Up: Welche Vorteile es hat \u2714 Wie es gelingt \u2714 Welche Kosmetika zum Einsatz kommt \u2714\" \/>\n<meta property=\"og:url\" content=\"https:\/\/www.kosmetikfuchs.de\/magazin\/natuerliches-make-up\/\" \/>\n<meta property=\"og:site_name\" content=\"Kosmetikfuchs Magazin\" \/>\n<meta property=\"article:published_time\" content=\"2018-10-16T06:56:37+00:00\" \/>\n<meta property=\"article:modified_time\" content=\"2025-04-17T10:50:13+00:00\" \/>\n<meta property=\"og:image\" content=\"https:\/\/www.kosmetikfuchs.de\/magazin\/wp-content\/uploads\/2018\/12\/Schminken-mit-Naturkosmetik.jpg\" \/>\n\t<meta property=\"og:image:width\" content=\"800\" \/>\n\t<meta property=\"og:image:height\" content=\"440\" \/>\n\t<meta property=\"og:image:type\" content=\"image\/jpeg\" \/>\n<meta name=\"author\" content=\"admin\" \/>\n<meta name=\"twitter:card\" content=\"summary_large_image\" \/>\n<meta name=\"twitter:label1\" content=\"Verfasst von\" \/>\n\t<meta name=\"twitter:data1\" content=\"admin\" \/>\n\t<meta name=\"twitter:label2\" content=\"Gesch\u00e4tzte Lesezeit\" \/>\n\t<meta name=\"twitter:data2\" content=\"8\u00a0Minuten\" \/>\n<script type=\"application\/ld+json\" class=\"yoast-schema-graph\">{\"@context\":\"https:\/\/schema.org\",\"@graph\":[{\"@type\":\"WebPage\",\"@id\":\"https:\/\/www.kosmetikfuchs.de\/magazin\/natuerliches-make-up\/\",\"url\":\"https:\/\/www.kosmetikfuchs.de\/magazin\/natuerliches-make-up\/\",\"name\":\"Nat\u00fcrliches Make-Up - Kosmetikfuchs Magazin\",\"isPartOf\":{\"@id\":\"https:\/\/www.kosmetikfuchs.de\/magazin\/#website\"},\"primaryImageOfPage\":{\"@id\":\"https:\/\/www.kosmetikfuchs.de\/magazin\/natuerliches-make-up\/#primaryimage\"},\"image\":{\"@id\":\"https:\/\/www.kosmetikfuchs.de\/magazin\/natuerliches-make-up\/#primaryimage\"},\"thumbnailUrl\":\"https:\/\/www.kosmetikfuchs.de\/magazin\/wp-content\/uploads\/2018\/12\/Schminken-mit-Naturkosmetik.jpg\",\"datePublished\":\"2018-10-16T06:56:37+00:00\",\"dateModified\":\"2025-04-17T10:50:13+00:00\",\"author\":{\"@id\":\"https:\/\/www.kosmetikfuchs.de\/magazin\/#\/schema\/person\/d74441dfe7021cf7301a89aa8423d147\"},\"description\":\"Das Kosmetikfuchs Magazin berichtet \u00fcber nat\u00fcrliches Make-Up: Welche Vorteile es hat \u2714 Wie es gelingt \u2714 Welche Kosmetika zum Einsatz kommt \u2714\",\"breadcrumb\":{\"@id\":\"https:\/\/www.kosmetikfuchs.de\/magazin\/natuerliches-make-up\/#breadcrumb\"},\"inLanguage\":\"de\",\"potentialAction\":[{\"@type\":\"ReadAction\",\"target\":[\"https:\/\/www.kosmetikfuchs.de\/magazin\/natuerliches-make-up\/\"]}]},{\"@type\":\"ImageObject\",\"inLanguage\":\"de\",\"@id\":\"https:\/\/www.kosmetikfuchs.de\/magazin\/natuerliches-make-up\/#primaryimage\",\"url\":\"https:\/\/www.kosmetikfuchs.de\/magazin\/wp-content\/uploads\/2018\/12\/Schminken-mit-Naturkosmetik.jpg\",\"contentUrl\":\"https:\/\/www.kosmetikfuchs.de\/magazin\/wp-content\/uploads\/2018\/12\/Schminken-mit-Naturkosmetik.jpg\",\"width\":800,\"height\":440,\"caption\":\"\u00a9 Rostislav Sedlacek \/ Fotolia.com\"},{\"@type\":\"BreadcrumbList\",\"@id\":\"https:\/\/www.kosmetikfuchs.de\/magazin\/natuerliches-make-up\/#breadcrumb\",\"itemListElement\":[{\"@type\":\"ListItem\",\"position\":1,\"name\":\"Startseite\",\"item\":\"https:\/\/www.kosmetikfuchs.de\/magazin\/\"},{\"@type\":\"ListItem\",\"position\":2,\"name\":\"Nat\u00fcrliches Make-Up\"}]},{\"@type\":\"WebSite\",\"@id\":\"https:\/\/www.kosmetikfuchs.de\/magazin\/#website\",\"url\":\"https:\/\/www.kosmetikfuchs.de\/magazin\/\",\"name\":\"Kosmetikfuchs Magazin\",\"description\":\"\",\"potentialAction\":[{\"@type\":\"SearchAction\",\"target\":{\"@type\":\"EntryPoint\",\"urlTemplate\":\"https:\/\/www.kosmetikfuchs.de\/magazin\/?s={search_term_string}\"},\"query-input\":\"required name=search_term_string\"}],\"inLanguage\":\"de\"},{\"@type\":\"Person\",\"@id\":\"https:\/\/www.kosmetikfuchs.de\/magazin\/#\/schema\/person\/d74441dfe7021cf7301a89aa8423d147\",\"name\":\"admin\",\"image\":{\"@type\":\"ImageObject\",\"inLanguage\":\"de\",\"@id\":\"https:\/\/www.kosmetikfuchs.de\/magazin\/#\/schema\/person\/image\/\",\"url\":\"https:\/\/secure.gravatar.com\/avatar\/a794a4fe8a9b9c52241597eb381dfa2e?s=96&d=mm&r=g\",\"contentUrl\":\"https:\/\/secure.gravatar.com\/avatar\/a794a4fe8a9b9c52241597eb381dfa2e?s=96&d=mm&r=g\",\"caption\":\"admin\"},\"url\":\"https:\/\/www.kosmetikfuchs.de\/magazin\/author\/321456\/\"}]}<\/script>\n<!-- \/ Yoast SEO plugin. -->","yoast_head_json":{"title":"Nat\u00fcrliches Make-Up - Kosmetikfuchs Magazin","description":"Das Kosmetikfuchs Magazin berichtet \u00fcber nat\u00fcrliches Make-Up: Welche Vorteile es hat \u2714 Wie es gelingt \u2714 Welche Kosmetika zum Einsatz kommt \u2714","robots":{"index":"index","follow":"follow","max-snippet":"max-snippet:-1","max-image-preview":"max-image-preview:large","max-video-preview":"max-video-preview:-1"},"canonical":"https:\/\/www.kosmetikfuchs.de\/magazin\/natuerliches-make-up\/","og_locale":"de_DE","og_type":"article","og_title":"Nat\u00fcrliches Make-Up - Kosmetikfuchs Magazin","og_description":"Das Kosmetikfuchs Magazin berichtet \u00fcber nat\u00fcrliches Make-Up: Welche Vorteile es hat \u2714 Wie es gelingt \u2714 Welche Kosmetika zum Einsatz kommt \u2714","og_url":"https:\/\/www.kosmetikfuchs.de\/magazin\/natuerliches-make-up\/","og_site_name":"Kosmetikfuchs Magazin","article_published_time":"2018-10-16T06:56:37+00:00","article_modified_time":"2025-04-17T10:50:13+00:00","og_image":[{"width":800,"height":440,"url":"https:\/\/www.kosmetikfuchs.de\/magazin\/wp-content\/uploads\/2018\/12\/Schminken-mit-Naturkosmetik.jpg","type":"image\/jpeg"}],"author":"admin","twitter_card":"summary_large_image","twitter_misc":{"Verfasst von":"admin","Gesch\u00e4tzte Lesezeit":"8\u00a0Minuten"},"schema":{"@context":"https:\/\/schema.org","@graph":[{"@type":"WebPage","@id":"https:\/\/www.kosmetikfuchs.de\/magazin\/natuerliches-make-up\/","url":"https:\/\/www.kosmetikfuchs.de\/magazin\/natuerliches-make-up\/","name":"Nat\u00fcrliches Make-Up - Kosmetikfuchs Magazin","isPartOf":{"@id":"https:\/\/www.kosmetikfuchs.de\/magazin\/#website"},"primaryImageOfPage":{"@id":"https:\/\/www.kosmetikfuchs.de\/magazin\/natuerliches-make-up\/#primaryimage"},"image":{"@id":"https:\/\/www.kosmetikfuchs.de\/magazin\/natuerliches-make-up\/#primaryimage"},"thumbnailUrl":"https:\/\/www.kosmetikfuchs.de\/magazin\/wp-content\/uploads\/2018\/12\/Schminken-mit-Naturkosmetik.jpg","datePublished":"2018-10-16T06:56:37+00:00","dateModified":"2025-04-17T10:50:13+00:00","author":{"@id":"https:\/\/www.kosmetikfuchs.de\/magazin\/#\/schema\/person\/d74441dfe7021cf7301a89aa8423d147"},"description":"Das Kosmetikfuchs Magazin berichtet \u00fcber nat\u00fcrliches Make-Up: Welche Vorteile es hat \u2714 Wie es gelingt \u2714 Welche Kosmetika zum Einsatz kommt \u2714","breadcrumb":{"@id":"https:\/\/www.kosmetikfuchs.de\/magazin\/natuerliches-make-up\/#breadcrumb"},"inLanguage":"de","potentialAction":[{"@type":"ReadAction","target":["https:\/\/www.kosmetikfuchs.de\/magazin\/natuerliches-make-up\/"]}]},{"@type":"ImageObject","inLanguage":"de","@id":"https:\/\/www.kosmetikfuchs.de\/magazin\/natuerliches-make-up\/#primaryimage","url":"https:\/\/www.kosmetikfuchs.de\/magazin\/wp-content\/uploads\/2018\/12\/Schminken-mit-Naturkosmetik.jpg","contentUrl":"https:\/\/www.kosmetikfuchs.de\/magazin\/wp-content\/uploads\/2018\/12\/Schminken-mit-Naturkosmetik.jpg","width":800,"height":440,"caption":"\u00a9 Rostislav Sedlacek \/ Fotolia.com"},{"@type":"BreadcrumbList","@id":"https:\/\/www.kosmetikfuchs.de\/magazin\/natuerliches-make-up\/#breadcrumb","itemListElement":[{"@type":"ListItem","position":1,"name":"Startseite","item":"https:\/\/www.kosmetikfuchs.de\/magazin\/"},{"@type":"ListItem","position":2,"name":"Nat\u00fcrliches Make-Up"}]},{"@type":"WebSite","@id":"https:\/\/www.kosmetikfuchs.de\/magazin\/#website","url":"https:\/\/www.kosmetikfuchs.de\/magazin\/","name":"Kosmetikfuchs Magazin","description":"","potentialAction":[{"@type":"SearchAction","target":{"@type":"EntryPoint","urlTemplate":"https:\/\/www.kosmetikfuchs.de\/magazin\/?s={search_term_string}"},"query-input":"required name=search_term_string"}],"inLanguage":"de"},{"@type":"Person","@id":"https:\/\/www.kosmetikfuchs.de\/magazin\/#\/schema\/person\/d74441dfe7021cf7301a89aa8423d147","name":"admin","image":{"@type":"ImageObject","inLanguage":"de","@id":"https:\/\/www.kosmetikfuchs.de\/magazin\/#\/schema\/person\/image\/","url":"https:\/\/secure.gravatar.com\/avatar\/a794a4fe8a9b9c52241597eb381dfa2e?s=96&d=mm&r=g","contentUrl":"https:\/\/secure.gravatar.com\/avatar\/a794a4fe8a9b9c52241597eb381dfa2e?s=96&d=mm&r=g","caption":"admin"},"url":"https:\/\/www.kosmetikfuchs.de\/magazin\/author\/321456\/"}]}},"_links":{"self":[{"href":"https:\/\/www.kosmetikfuchs.de\/magazin\/wp-json\/wp\/v2\/posts\/71"}],"collection":[{"href":"https:\/\/www.kosmetikfuchs.de\/magazin\/wp-json\/wp\/v2\/posts"}],"about":[{"href":"https:\/\/www.kosmetikfuchs.de\/magazin\/wp-json\/wp\/v2\/types\/post"}],"author":[{"embeddable":true,"href":"https:\/\/www.kosmetikfuchs.de\/magazin\/wp-json\/wp\/v2\/users\/1"}],"replies":[{"embeddable":true,"href":"https:\/\/www.kosmetikfuchs.de\/magazin\/wp-json\/wp\/v2\/comments?post=71"}],"version-history":[{"count":26,"href":"https:\/\/www.kosmetikfuchs.de\/magazin\/wp-json\/wp\/v2\/posts\/71\/revisions"}],"predecessor-version":[{"id":8752,"href":"https:\/\/www.kosmetikfuchs.de\/magazin\/wp-json\/wp\/v2\/posts\/71\/revisions\/8752"}],"wp:featuredmedia":[{"embeddable":true,"href":"https:\/\/www.kosmetikfuchs.de\/magazin\/wp-json\/wp\/v2\/media\/99"}],"wp:attachment":[{"href":"https:\/\/www.kosmetikfuchs.de\/magazin\/wp-json\/wp\/v2\/media?parent=71"}],"wp:term":[{"taxonomy":"category","embeddable":true,"href":"https:\/\/www.kosmetikfuchs.de\/magazin\/wp-json\/wp\/v2\/categories?post=71"},{"taxonomy":"post_tag","embeddable":true,"href":"https:\/\/www.kosmetikfuchs.de\/magazin\/wp-json\/wp\/v2\/tags?post=71"}],"curies":[{"name":"wp","href":"https:\/\/api.w.org\/{rel}","templated":true}]}}