{"id":6787,"date":"2022-09-23T10:00:01","date_gmt":"2022-09-23T08:00:01","guid":{"rendered":"https:\/\/www.kosmetikfuchs.de\/magazin\/?p=6787"},"modified":"2022-09-27T13:35:46","modified_gmt":"2022-09-27T11:35:46","slug":"faszination-aloe-vera","status":"publish","type":"post","link":"https:\/\/www.kosmetikfuchs.de\/magazin\/faszination-aloe-vera\/","title":{"rendered":"Faszination Aloe vera"},"content":{"rendered":"<h2>\u00ab Aloe vera Gel f\u00fcr die nat\u00fcrliche Hautpflege \u00bb<\/h2>\n<p><strong>Ob bei trockener und gestresster Haut, bei Sonnenbrand oder Pickeln \u2013 das Gel in der Aloe vera Pflanze ist ein echter Allesk\u00f6nner. Bereits seit Jahrhunderten wird die W\u00fcstenlilie f\u00fcr Haut und Haar verwendet und gilt als wichtiger Feuchtigkeitslieferant. Wie genau das Gel der Pflanze wirkt und was Aloe vera so besonders macht, erfahren Sie jetzt.<\/strong><\/p>\n<h2>Herkunft der Aloe vera Pflanze<\/h2>\n<p>Urspr\u00fcnglich kam die Aloe Pflanze, auch bekannt als W\u00fcstenlilie, von der arabischen Halbinsel. Der arabische Name Aloe bedeutet \u201ebitter\u201c und ist auf den bitteren Geschmack der Bl\u00e4tter zur\u00fcckzuf\u00fchren. Die Bezeichnung \u201evera\u201c stammt aus dem Lateinischen und bedeutet \u201eecht\u201c. Inzwischen werden die ca. 250 Pflanzen aus der Gattung der Aloe in vielen L\u00e4ndern entweder angebaut, da wo das milde Klima es zul\u00e4sst, oder als Zierpflanze gerne gesehen. Das Besondere: Die sukkulente Pflanze ist in der Lage, eine gro\u00dfe Menge an Wasser in ihren fleischigen Bl\u00e4ttern zu speichern. Dieses erm\u00f6glicht ihr, auch in wasserarmen Gebieten gut zu \u00fcberleben und sich in ihrer gr\u00fcnen Sch\u00f6nheit zu entfalten.<\/p>\n<h2>Aloe vera: Wirkung im K\u00f6rper<\/h2>\n<p>Oft denken wir bei Aloe vera direkt an die Pflege f\u00fcr unsere Haut. Den Saft der Aloe vera Pflanze k\u00f6nnen Sie allerdings auch trinken. Empfohlen wird dieser unter anderem in der Naturheilkunde bei Gelenkeschmerzen und entfaltet dort seine gesundheitsf\u00f6rdernden Eigenschaften. Wichtig ist: Vergewissern Sie sich, dass der Saft aloinfrei ist.<\/p>\n<h2>Welche Vorteile hat Aloe vera f\u00fcr Haut und Haar?<\/h2>\n<p>Das Aloe vera Gel, extrahiert aus Bl\u00e4ttern der Aloe vera, sch\u00e4tzten die Pharaonen schon in der Antike f\u00fcr seine vielseitigen Eigenschaften und wendeten es bei der t\u00e4glichen Hautpflege an. Frisches Aloe vera Gel enth\u00e4lt \u00fcber 200 N\u00e4hrstoffe. Mineralstoffe wie Zink, Selen, Eisen und Mangan sorgen ebenso wie Vitamin A, Vitamin C und B-Vitamine f\u00fcr sch\u00f6ne Haut und Haare. Auch die enthaltenen Aminos\u00e4uren und Enzyme sind wichtige Vitalstoffe f\u00fcr Ihre Haut. Das Gel besitzt abschwellende Eigenschaften, beruhigt die Haut, f\u00fchrt ihr zus\u00e4tzliche Feuchtigkeit zu und ist daher ideal nach dem Sonnenbaden oder nach der Rasur.<\/p>\n<h2>Aloe vera \u2013 ein wichtiger Bestandteil vieler Produkte von GERTRAUD GRUBER KOSMETIK<\/h2>\n<p>Aloe vera wird in der Kosmetik in pulverisierter Form oder als Frischpflanzen-Presssaft verwendet. GERTRAUD GRUBER verwendet in ihren Produkten Frischpresssaft. Dieser Aloe vera Direktsaft enth\u00e4lt unverf\u00e4lschten, naturbelassenen Frischsaft. Zur Saftgewinnung werden die Bl\u00e4tter der Aloe Pflanze \u201eAloe Barbadensis Miller\u201c verwendet. Diese Pflanze wird in S\u00fcdamerika unter st\u00e4ndiger Kontrolle angebaut. Die sorgf\u00e4ltig ausgew\u00e4hlten reifen Bl\u00e4tter werden von Hand gesch\u00e4lt.<\/p>\n<div class=\"box info  \"><div class=\"box-inner-block\"><i class=\"fa tie-shortcode-boxicon\"><\/i>\n\t\t\tBei der Ernte der Bl\u00e4tter wird der Saft direkt verarbeitet. Er wird nicht konzentriert oder r\u00fcckverd\u00fcnnt. Der Frischsaft wird schonend filtriert und beh\u00e4lt daher alle Bestandteile. Dar\u00fcber hinaus ist der Aloe vera Direktsaft von GERTRAUD GRUBER aloinfrei.\n\t\t\t<\/div><\/div>\n<p><img loading=\"lazy\" decoding=\"async\" class=\"aligncenter wp-image-6803 size-full\" src=\"https:\/\/www.kosmetikfuchs.de\/magazin\/wp-content\/uploads\/2022\/09\/aloe-vera-pflanze.jpg\" alt=\"\" width=\"800\" height=\"426\" srcset=\"https:\/\/www.kosmetikfuchs.de\/magazin\/wp-content\/uploads\/2022\/09\/aloe-vera-pflanze.jpg 800w, https:\/\/www.kosmetikfuchs.de\/magazin\/wp-content\/uploads\/2022\/09\/aloe-vera-pflanze-300x160.jpg 300w, https:\/\/www.kosmetikfuchs.de\/magazin\/wp-content\/uploads\/2022\/09\/aloe-vera-pflanze-768x409.jpg 768w, https:\/\/www.kosmetikfuchs.de\/magazin\/wp-content\/uploads\/2022\/09\/aloe-vera-pflanze-310x165.jpg 310w\" sizes=\"(max-width: 800px) 100vw, 800px\" \/><\/p>\n<h2>ALOE VERA GEL \u2013 der Pflegeklassiker schlechthin aus dem Haus GERTRAUD GRUBER KOSMETIK<\/h2>\n<p>Das fettfreie Gel mit Frischpflanzen-Presssaft aus der Aloe vera spendet der Haut intensive Feuchtigkeit. Seine hervorragenden Pflegeeigenschaften k\u00f6nnen selbst Hautreizungen lindern und beugen Linien und F\u00e4ltchen gezielt vor. Das ALOE VERA GEL wirkt demnach als nat\u00fcrliche Anti-Aging-Pflege. Gleichzeitig beruhigt und sch\u00fctzt das Hamamelis-Destillat die Haut. Hyalurons\u00e4ure sorgt f\u00fcr zus\u00e4tzliche Hauthydration. Die feuchtigkeitsspendende Rezeptur verdankt ihre nat\u00fcrliche Farbe dem enthaltenen Chlorophyll. Das ALOE VERA GEL ist mit oder ohne Duft erh\u00e4ltlich.<\/p>\n<p><a href=\"https:\/\/www.kosmetikfuchs.de\/261\/gertraud-gruber\/aloe-vera-gel-100ml\"><img loading=\"lazy\" decoding=\"async\" class=\"aligncenter wp-image-6804 size-full\" src=\"https:\/\/www.kosmetikfuchs.de\/magazin\/wp-content\/uploads\/2022\/09\/Aloe-vera-gel.jpg\" alt=\"\" width=\"800\" height=\"426\" srcset=\"https:\/\/www.kosmetikfuchs.de\/magazin\/wp-content\/uploads\/2022\/09\/Aloe-vera-gel.jpg 800w, https:\/\/www.kosmetikfuchs.de\/magazin\/wp-content\/uploads\/2022\/09\/Aloe-vera-gel-300x160.jpg 300w, https:\/\/www.kosmetikfuchs.de\/magazin\/wp-content\/uploads\/2022\/09\/Aloe-vera-gel-768x409.jpg 768w, https:\/\/www.kosmetikfuchs.de\/magazin\/wp-content\/uploads\/2022\/09\/Aloe-vera-gel-310x165.jpg 310w\" sizes=\"(max-width: 800px) 100vw, 800px\" \/><\/a><\/p>\n<h2>ALOE VERA PACKUNG \u2013 beruhigt und durchfeuchtet<\/h2>\n<p>F\u00fcr intensive Feuchtigkeit und sofortige Hautberuhigung ist die ALOE VERA PACKUNG eine Wohltat f\u00fcr gestresste Haut. Aloe vera, kombiniert mit Allantoin, wirkt nicht nur intensiv durchfeuchtend, sondern sch\u00fctzt und beruhigt gereizte Haut. Die wertvollen Vitamine A und E helfen, Trockenheitsf\u00e4ltchen zu gl\u00e4tten.<\/p>\n<h2><a href=\"https:\/\/www.kosmetikfuchs.de\/283\/gertraud-gruber\/aloe-vera-packung-50ml\"><img loading=\"lazy\" decoding=\"async\" class=\"aligncenter wp-image-6814 \" src=\"https:\/\/www.kosmetikfuchs.de\/magazin\/wp-content\/uploads\/2022\/09\/125200_MP_AloeVeraPackung_Tube_50ml_Freisteller_ohne-Sp_4000px-e1663652748823-653x1024.png\" alt=\"\" width=\"405\" height=\"635\" srcset=\"https:\/\/www.kosmetikfuchs.de\/magazin\/wp-content\/uploads\/2022\/09\/125200_MP_AloeVeraPackung_Tube_50ml_Freisteller_ohne-Sp_4000px-e1663652748823-653x1024.png 653w, https:\/\/www.kosmetikfuchs.de\/magazin\/wp-content\/uploads\/2022\/09\/125200_MP_AloeVeraPackung_Tube_50ml_Freisteller_ohne-Sp_4000px-e1663652748823-191x300.png 191w, https:\/\/www.kosmetikfuchs.de\/magazin\/wp-content\/uploads\/2022\/09\/125200_MP_AloeVeraPackung_Tube_50ml_Freisteller_ohne-Sp_4000px-e1663652748823-768x1205.png 768w, https:\/\/www.kosmetikfuchs.de\/magazin\/wp-content\/uploads\/2022\/09\/125200_MP_AloeVeraPackung_Tube_50ml_Freisteller_ohne-Sp_4000px-e1663652748823-979x1536.png 979w, https:\/\/www.kosmetikfuchs.de\/magazin\/wp-content\/uploads\/2022\/09\/125200_MP_AloeVeraPackung_Tube_50ml_Freisteller_ohne-Sp_4000px-e1663652748823-1305x2048.png 1305w\" sizes=\"(max-width: 405px) 100vw, 405px\" \/><\/a>Das 2-PHASEN ALOE VERA GESICHTS\u00d6L \u2013 Feuchtigkeit und Pflege in Einem<\/h2>\n<p>Das 2-PHASEN ALOE VERA GESICHTS\u00d6L ist das neueste Produkt unter den GERTRAUD GRUBER Aloe vera Pflegeprodukten mit Frischpresssaft. Als Booster ist es eine wahre Feuchtigkeitsquelle f\u00fcr die Haut und st\u00e4rkt ihre Schutzbarriere und ihr Feuchtigkeitsdepot.<\/p>\n<p>Kombiniert mit den wertvollen Vitaminen und Mineralstoffen eines Feigenkaktusextraktes sowie einem Wirkstoffkomplex aus nat\u00fcrlichen Zuckern wirkt das AlOE VERA GESICHTS\u00d6L beruhigend, rehydratisierend und stressmindernd auf die Haut. Gleichzeitig schenken wertvolle Pflanzen\u00f6le der Haut eine sanfte, nicht fettende Pflege f\u00fcr ein glattes, samtig-weiches Hautgef\u00fchl. Die 2-Phasen Gesichtspflege enth\u00e4lt nat\u00fcrliches Chlorophyll und ist vegan.<\/p>\n<div class=\"box note  \"><div class=\"box-inner-block\"><i class=\"fa tie-shortcode-boxicon\"><\/i>\n\t\t\tUnser Anwendungstipp: Sch\u00fctteln Sie das Gesichts\u00f6l, damit sich die 2-Phasen optimal miteinander vermischen. Unter der Gesichtscreme aufgetragen ist es sowohl als Tages- als auch als Nachtpflege geeignet.\n\t\t\t<\/div><\/div>\n<p>Das 2-PHASEN ALOE VERA GESICHTS\u00d6L ist vor allem f\u00fcr junge Haut geeignet und damit ein ideales Einstiegsprodukt in die Hautpflege.<\/p>\n<p><a href=\"https:\/\/www.kosmetikfuchs.de\/22627\/gertraud-gruber\/2-phasen-aloe-vera-gesichtsoel-30ml\"><img loading=\"lazy\" decoding=\"async\" class=\"aligncenter wp-image-6810 size-large\" src=\"https:\/\/www.kosmetikfuchs.de\/magazin\/wp-content\/uploads\/2022\/09\/GGK_2-Pahsen-Aloe-vera-Gesichtsoel_FS-1024x683.jpg\" alt=\"\" width=\"618\" height=\"412\" \/><\/a><\/p>\n","protected":false},"excerpt":{"rendered":"<p>\u00ab Aloe vera Gel f\u00fcr die nat\u00fcrliche Hautpflege \u00bb Ob bei trockener und gestresster Haut, bei Sonnenbrand oder Pickeln \u2013 das Gel in der Aloe vera Pflanze ist ein echter Allesk\u00f6nner. Bereits seit Jahrhunderten wird die W\u00fcstenlilie f\u00fcr Haut und Haar verwendet und gilt als wichtiger Feuchtigkeitslieferant. Wie genau das Gel der Pflanze wirkt und &hellip;<\/p>\n","protected":false},"author":5,"featured_media":6801,"comment_status":"closed","ping_status":"open","sticky":false,"template":"","format":"standard","meta":{"footnotes":""},"categories":[594,1,3],"tags":[613,982,979,980,559,48,742,167,337,29,981,99],"yoast_head":"<!-- This site is optimized with the Yoast SEO plugin v22.3 - https:\/\/yoast.com\/wordpress\/plugins\/seo\/ -->\n<title>Faszination Aloe vera - Kosmetikfuchs Magazin<\/title>\n<meta name=\"robots\" content=\"index, follow, max-snippet:-1, max-image-preview:large, max-video-preview:-1\" \/>\n<link rel=\"canonical\" href=\"https:\/\/www.kosmetikfuchs.de\/magazin\/faszination-aloe-vera\/\" \/>\n<meta property=\"og:locale\" content=\"de_DE\" \/>\n<meta property=\"og:type\" content=\"article\" \/>\n<meta property=\"og:title\" content=\"Faszination Aloe vera - Kosmetikfuchs Magazin\" \/>\n<meta property=\"og:description\" content=\"\u00ab Aloe vera Gel f\u00fcr die nat\u00fcrliche Hautpflege \u00bb Ob bei trockener und gestresster Haut, bei Sonnenbrand oder Pickeln \u2013 das Gel in der Aloe vera Pflanze ist ein echter Allesk\u00f6nner. Bereits seit Jahrhunderten wird die W\u00fcstenlilie f\u00fcr Haut und Haar verwendet und gilt als wichtiger Feuchtigkeitslieferant. Wie genau das Gel der Pflanze wirkt und &hellip;\" \/>\n<meta property=\"og:url\" content=\"https:\/\/www.kosmetikfuchs.de\/magazin\/faszination-aloe-vera\/\" \/>\n<meta property=\"og:site_name\" content=\"Kosmetikfuchs Magazin\" \/>\n<meta property=\"article:published_time\" content=\"2022-09-23T08:00:01+00:00\" \/>\n<meta property=\"article:modified_time\" content=\"2022-09-27T11:35:46+00:00\" \/>\n<meta property=\"og:image\" content=\"https:\/\/www.kosmetikfuchs.de\/magazin\/wp-content\/uploads\/2022\/09\/GGK_2-Phasen-Aloe-vera-Gesichtsoel2-1024x683.jpg\" \/>\n\t<meta property=\"og:image:width\" content=\"1024\" \/>\n\t<meta property=\"og:image:height\" content=\"683\" \/>\n\t<meta property=\"og:image:type\" content=\"image\/jpeg\" \/>\n<meta name=\"author\" content=\"Sabrina G\u00e4lweiler\" \/>\n<meta name=\"twitter:card\" content=\"summary_large_image\" \/>\n<meta name=\"twitter:label1\" content=\"Verfasst von\" \/>\n\t<meta name=\"twitter:data1\" content=\"Sabrina G\u00e4lweiler\" \/>\n\t<meta name=\"twitter:label2\" content=\"Gesch\u00e4tzte Lesezeit\" \/>\n\t<meta name=\"twitter:data2\" content=\"4\u00a0Minuten\" \/>\n<script type=\"application\/ld+json\" class=\"yoast-schema-graph\">{\"@context\":\"https:\/\/schema.org\",\"@graph\":[{\"@type\":\"WebPage\",\"@id\":\"https:\/\/www.kosmetikfuchs.de\/magazin\/faszination-aloe-vera\/\",\"url\":\"https:\/\/www.kosmetikfuchs.de\/magazin\/faszination-aloe-vera\/\",\"name\":\"Faszination Aloe vera - Kosmetikfuchs Magazin\",\"isPartOf\":{\"@id\":\"https:\/\/www.kosmetikfuchs.de\/magazin\/#website\"},\"primaryImageOfPage\":{\"@id\":\"https:\/\/www.kosmetikfuchs.de\/magazin\/faszination-aloe-vera\/#primaryimage\"},\"image\":{\"@id\":\"https:\/\/www.kosmetikfuchs.de\/magazin\/faszination-aloe-vera\/#primaryimage\"},\"thumbnailUrl\":\"https:\/\/www.kosmetikfuchs.de\/magazin\/wp-content\/uploads\/2022\/09\/GGK_2-Phasen-Aloe-vera-Gesichtsoel2-e1663585189819.jpg\",\"datePublished\":\"2022-09-23T08:00:01+00:00\",\"dateModified\":\"2022-09-27T11:35:46+00:00\",\"author\":{\"@id\":\"https:\/\/www.kosmetikfuchs.de\/magazin\/#\/schema\/person\/834f82bf259954c7221f73ea320c9ab8\"},\"breadcrumb\":{\"@id\":\"https:\/\/www.kosmetikfuchs.de\/magazin\/faszination-aloe-vera\/#breadcrumb\"},\"inLanguage\":\"de\",\"potentialAction\":[{\"@type\":\"ReadAction\",\"target\":[\"https:\/\/www.kosmetikfuchs.de\/magazin\/faszination-aloe-vera\/\"]}]},{\"@type\":\"ImageObject\",\"inLanguage\":\"de\",\"@id\":\"https:\/\/www.kosmetikfuchs.de\/magazin\/faszination-aloe-vera\/#primaryimage\",\"url\":\"https:\/\/www.kosmetikfuchs.de\/magazin\/wp-content\/uploads\/2022\/09\/GGK_2-Phasen-Aloe-vera-Gesichtsoel2-e1663585189819.jpg\",\"contentUrl\":\"https:\/\/www.kosmetikfuchs.de\/magazin\/wp-content\/uploads\/2022\/09\/GGK_2-Phasen-Aloe-vera-Gesichtsoel2-e1663585189819.jpg\",\"width\":900,\"height\":600,\"caption\":\"Aloe vera Gertraud Gruber\"},{\"@type\":\"BreadcrumbList\",\"@id\":\"https:\/\/www.kosmetikfuchs.de\/magazin\/faszination-aloe-vera\/#breadcrumb\",\"itemListElement\":[{\"@type\":\"ListItem\",\"position\":1,\"name\":\"Startseite\",\"item\":\"https:\/\/www.kosmetikfuchs.de\/magazin\/\"},{\"@type\":\"ListItem\",\"position\":2,\"name\":\"Faszination Aloe vera\"}]},{\"@type\":\"WebSite\",\"@id\":\"https:\/\/www.kosmetikfuchs.de\/magazin\/#website\",\"url\":\"https:\/\/www.kosmetikfuchs.de\/magazin\/\",\"name\":\"Kosmetikfuchs Magazin\",\"description\":\"\",\"potentialAction\":[{\"@type\":\"SearchAction\",\"target\":{\"@type\":\"EntryPoint\",\"urlTemplate\":\"https:\/\/www.kosmetikfuchs.de\/magazin\/?s={search_term_string}\"},\"query-input\":\"required name=search_term_string\"}],\"inLanguage\":\"de\"},{\"@type\":\"Person\",\"@id\":\"https:\/\/www.kosmetikfuchs.de\/magazin\/#\/schema\/person\/834f82bf259954c7221f73ea320c9ab8\",\"name\":\"Sabrina G\u00e4lweiler\",\"image\":{\"@type\":\"ImageObject\",\"inLanguage\":\"de\",\"@id\":\"https:\/\/www.kosmetikfuchs.de\/magazin\/#\/schema\/person\/image\/\",\"url\":\"https:\/\/secure.gravatar.com\/avatar\/78d871c7a148ef0478a8806f2422cc17?s=96&d=mm&r=g\",\"contentUrl\":\"https:\/\/secure.gravatar.com\/avatar\/78d871c7a148ef0478a8806f2422cc17?s=96&d=mm&r=g\",\"caption\":\"Sabrina G\u00e4lweiler\"},\"sameAs\":[\"http:\/\/www.kosmetikfuchs.de\"],\"url\":\"https:\/\/www.kosmetikfuchs.de\/magazin\/author\/sabrina\/\"}]}<\/script>\n<!-- \/ Yoast SEO plugin. -->","yoast_head_json":{"title":"Faszination Aloe vera - Kosmetikfuchs Magazin","robots":{"index":"index","follow":"follow","max-snippet":"max-snippet:-1","max-image-preview":"max-image-preview:large","max-video-preview":"max-video-preview:-1"},"canonical":"https:\/\/www.kosmetikfuchs.de\/magazin\/faszination-aloe-vera\/","og_locale":"de_DE","og_type":"article","og_title":"Faszination Aloe vera - Kosmetikfuchs Magazin","og_description":"\u00ab Aloe vera Gel f\u00fcr die nat\u00fcrliche Hautpflege \u00bb Ob bei trockener und gestresster Haut, bei Sonnenbrand oder Pickeln \u2013 das Gel in der Aloe vera Pflanze ist ein echter Allesk\u00f6nner. Bereits seit Jahrhunderten wird die W\u00fcstenlilie f\u00fcr Haut und Haar verwendet und gilt als wichtiger Feuchtigkeitslieferant. Wie genau das Gel der Pflanze wirkt und &hellip;","og_url":"https:\/\/www.kosmetikfuchs.de\/magazin\/faszination-aloe-vera\/","og_site_name":"Kosmetikfuchs Magazin","article_published_time":"2022-09-23T08:00:01+00:00","article_modified_time":"2022-09-27T11:35:46+00:00","og_image":[{"width":1024,"height":683,"url":"https:\/\/www.kosmetikfuchs.de\/magazin\/wp-content\/uploads\/2022\/09\/GGK_2-Phasen-Aloe-vera-Gesichtsoel2-1024x683.jpg","type":"image\/jpeg"}],"author":"Sabrina G\u00e4lweiler","twitter_card":"summary_large_image","twitter_misc":{"Verfasst von":"Sabrina G\u00e4lweiler","Gesch\u00e4tzte Lesezeit":"4\u00a0Minuten"},"schema":{"@context":"https:\/\/schema.org","@graph":[{"@type":"WebPage","@id":"https:\/\/www.kosmetikfuchs.de\/magazin\/faszination-aloe-vera\/","url":"https:\/\/www.kosmetikfuchs.de\/magazin\/faszination-aloe-vera\/","name":"Faszination Aloe vera - Kosmetikfuchs Magazin","isPartOf":{"@id":"https:\/\/www.kosmetikfuchs.de\/magazin\/#website"},"primaryImageOfPage":{"@id":"https:\/\/www.kosmetikfuchs.de\/magazin\/faszination-aloe-vera\/#primaryimage"},"image":{"@id":"https:\/\/www.kosmetikfuchs.de\/magazin\/faszination-aloe-vera\/#primaryimage"},"thumbnailUrl":"https:\/\/www.kosmetikfuchs.de\/magazin\/wp-content\/uploads\/2022\/09\/GGK_2-Phasen-Aloe-vera-Gesichtsoel2-e1663585189819.jpg","datePublished":"2022-09-23T08:00:01+00:00","dateModified":"2022-09-27T11:35:46+00:00","author":{"@id":"https:\/\/www.kosmetikfuchs.de\/magazin\/#\/schema\/person\/834f82bf259954c7221f73ea320c9ab8"},"breadcrumb":{"@id":"https:\/\/www.kosmetikfuchs.de\/magazin\/faszination-aloe-vera\/#breadcrumb"},"inLanguage":"de","potentialAction":[{"@type":"ReadAction","target":["https:\/\/www.kosmetikfuchs.de\/magazin\/faszination-aloe-vera\/"]}]},{"@type":"ImageObject","inLanguage":"de","@id":"https:\/\/www.kosmetikfuchs.de\/magazin\/faszination-aloe-vera\/#primaryimage","url":"https:\/\/www.kosmetikfuchs.de\/magazin\/wp-content\/uploads\/2022\/09\/GGK_2-Phasen-Aloe-vera-Gesichtsoel2-e1663585189819.jpg","contentUrl":"https:\/\/www.kosmetikfuchs.de\/magazin\/wp-content\/uploads\/2022\/09\/GGK_2-Phasen-Aloe-vera-Gesichtsoel2-e1663585189819.jpg","width":900,"height":600,"caption":"Aloe vera Gertraud Gruber"},{"@type":"BreadcrumbList","@id":"https:\/\/www.kosmetikfuchs.de\/magazin\/faszination-aloe-vera\/#breadcrumb","itemListElement":[{"@type":"ListItem","position":1,"name":"Startseite","item":"https:\/\/www.kosmetikfuchs.de\/magazin\/"},{"@type":"ListItem","position":2,"name":"Faszination Aloe vera"}]},{"@type":"WebSite","@id":"https:\/\/www.kosmetikfuchs.de\/magazin\/#website","url":"https:\/\/www.kosmetikfuchs.de\/magazin\/","name":"Kosmetikfuchs Magazin","description":"","potentialAction":[{"@type":"SearchAction","target":{"@type":"EntryPoint","urlTemplate":"https:\/\/www.kosmetikfuchs.de\/magazin\/?s={search_term_string}"},"query-input":"required name=search_term_string"}],"inLanguage":"de"},{"@type":"Person","@id":"https:\/\/www.kosmetikfuchs.de\/magazin\/#\/schema\/person\/834f82bf259954c7221f73ea320c9ab8","name":"Sabrina G\u00e4lweiler","image":{"@type":"ImageObject","inLanguage":"de","@id":"https:\/\/www.kosmetikfuchs.de\/magazin\/#\/schema\/person\/image\/","url":"https:\/\/secure.gravatar.com\/avatar\/78d871c7a148ef0478a8806f2422cc17?s=96&d=mm&r=g","contentUrl":"https:\/\/secure.gravatar.com\/avatar\/78d871c7a148ef0478a8806f2422cc17?s=96&d=mm&r=g","caption":"Sabrina G\u00e4lweiler"},"sameAs":["http:\/\/www.kosmetikfuchs.de"],"url":"https:\/\/www.kosmetikfuchs.de\/magazin\/author\/sabrina\/"}]}},"_links":{"self":[{"href":"https:\/\/www.kosmetikfuchs.de\/magazin\/wp-json\/wp\/v2\/posts\/6787"}],"collection":[{"href":"https:\/\/www.kosmetikfuchs.de\/magazin\/wp-json\/wp\/v2\/posts"}],"about":[{"href":"https:\/\/www.kosmetikfuchs.de\/magazin\/wp-json\/wp\/v2\/types\/post"}],"author":[{"embeddable":true,"href":"https:\/\/www.kosmetikfuchs.de\/magazin\/wp-json\/wp\/v2\/users\/5"}],"replies":[{"embeddable":true,"href":"https:\/\/www.kosmetikfuchs.de\/magazin\/wp-json\/wp\/v2\/comments?post=6787"}],"version-history":[{"count":21,"href":"https:\/\/www.kosmetikfuchs.de\/magazin\/wp-json\/wp\/v2\/posts\/6787\/revisions"}],"predecessor-version":[{"id":6850,"href":"https:\/\/www.kosmetikfuchs.de\/magazin\/wp-json\/wp\/v2\/posts\/6787\/revisions\/6850"}],"wp:featuredmedia":[{"embeddable":true,"href":"https:\/\/www.kosmetikfuchs.de\/magazin\/wp-json\/wp\/v2\/media\/6801"}],"wp:attachment":[{"href":"https:\/\/www.kosmetikfuchs.de\/magazin\/wp-json\/wp\/v2\/media?parent=6787"}],"wp:term":[{"taxonomy":"category","embeddable":true,"href":"https:\/\/www.kosmetikfuchs.de\/magazin\/wp-json\/wp\/v2\/categories?post=6787"},{"taxonomy":"post_tag","embeddable":true,"href":"https:\/\/www.kosmetikfuchs.de\/magazin\/wp-json\/wp\/v2\/tags?post=6787"}],"curies":[{"name":"wp","href":"https:\/\/api.w.org\/{rel}","templated":true}]}}