{"id":6728,"date":"2022-09-02T15:01:59","date_gmt":"2022-09-02T13:01:59","guid":{"rendered":"https:\/\/www.kosmetikfuchs.de\/magazin\/?p=6728"},"modified":"2022-09-09T14:40:30","modified_gmt":"2022-09-09T12:40:30","slug":"tech-neck-das-koennen-sie-gegen-falten-am-hals-tun","status":"publish","type":"post","link":"https:\/\/www.kosmetikfuchs.de\/magazin\/tech-neck-das-koennen-sie-gegen-falten-am-hals-tun\/","title":{"rendered":"Tech Neck &#8211; das k\u00f6nnen Sie gegen Falten am Hals tun"},"content":{"rendered":"<h2>M\u00f6gliche Folgen der Handynutzung auf unsere Sch\u00f6nheit<\/h2>\n<p>Das Handy ist unser st\u00e4ndiger Begleiter. Dabei nutzen wir es im Alltag gar nicht mehr nur zum Telefonieren, sondern auch, um Bilder und Videos \u00fcber Social Media zu teilen, WhatsApp-Nachrichten zu versenden oder online zu shoppen. Der st\u00e4ndige Blick aufs Smartphone mit geneigtem Kopf hat jedoch einige unangenehme Nebenwirkungen: Neben Nackenschmerzen und Muskelverspannungen entstehen immer h\u00e4ufiger &#8211; auch schon in jungen Jahren &#8211; unsch\u00f6ne Falten am Hals, die als &#8222;Handy-Nacken&#8220;, &#8222;Handy-Hals&#8220;, &#8222;Tech-Hals&#8220; oder &#8222;Tech-Neck&#8220; bezeichnet werden.<\/p>\n<p>Erfahren Sie hier, was es mit diesen Halsfalten auf sich hat, wie sie genau entstehen und wie Sie diese gesundheitlichen Folgen der Handy-Nutzung vermeiden oder zumindest minimieren k\u00f6nnen.<\/p>\n<h2>Was ist ein Handynacken (&#8222;Tech-Neck&#8220;) und wie entsteht er?<\/h2>\n<p>Wenn wir den Kopf nach unten neigen, um auf Display unseres Smartphones (oder auf das Notebook) zu schauen, belastet das die Wirbels\u00e4ule. Denn durch die Neigung steigt das Gewicht, das auf Nacken und Halswirbels\u00e4ule lastet, um ein Vielfaches an. Je tiefer die Neigung ist, desto mehr muss der oberste Teil des R\u00fcckgrats tragen &#8211; bei einem Winkel von 45\u00b0 sind es schon 24 kg. Da verwundert es nicht, dass sich auch die Haut am Hals in Falten legt. Sobald wir den Kopf aufrichten, gl\u00e4ttet sich die Haut und die Halsfalten verschwinden zun\u00e4chst wieder.<\/p>\n<p>Doch bei \u00fcberm\u00e4\u00dfiger Smartphone-Nutzung bleiben die Falten bestehen. Das liegt unter anderem daran, dass in der Haut am Hals kaum Kollagen produziert wird. Dieser vom K\u00f6rper gebildete Stoff verleiht der Haut ihre Elastizit\u00e4t und verhindert eine schnelle Faltenbildung. Ohne Kollagen ist die Haut anf\u00e4lliger f\u00fcr Falten &#8211; das gilt insbesondere f\u00fcr den Hals, an dem die Haut ohnehin sehr d\u00fcnn und das Bindegewebe stark beansprucht ist. Hinzu kommt, dass der Hals bei der Hautpflege oft vernachl\u00e4ssigt wird.<\/p>\n<p>Der st\u00e4ndige Blick auf das Handy hat aber noch einen anderen unsch\u00f6nen Effekt: Das Kinn beginnt vorzeitig bzw. st\u00e4rker zu erschlaffen, weil es nicht mehr &#8211; wie bei einer aufrechten Kopfhaltung &#8211; nach oben gedr\u00fcckt wird. Neben den Falten entsteht auf diese Weise ein Doppelkinn. Bei Personen, die famili\u00e4r ohnehin zum Doppelkinn neigen, verst\u00e4rkt sich dieser Effekt.<\/p>\n<figure id=\"attachment_1592\" aria-describedby=\"caption-attachment-1592\" style=\"width: 1000px\" class=\"wp-caption aligncenter\"><img loading=\"lazy\" decoding=\"async\" class=\"wp-image-1592 size-full\" src=\"https:\/\/www.kosmetikfuchs.de\/magazin\/wp-content\/uploads\/2019\/08\/Beschleunigt-Blaulicht-die-Hautalterung.jpg\" alt=\"Halsfalten durch smartphones\" width=\"1000\" height=\"667\" srcset=\"https:\/\/www.kosmetikfuchs.de\/magazin\/wp-content\/uploads\/2019\/08\/Beschleunigt-Blaulicht-die-Hautalterung.jpg 1000w, https:\/\/www.kosmetikfuchs.de\/magazin\/wp-content\/uploads\/2019\/08\/Beschleunigt-Blaulicht-die-Hautalterung-300x200.jpg 300w, https:\/\/www.kosmetikfuchs.de\/magazin\/wp-content\/uploads\/2019\/08\/Beschleunigt-Blaulicht-die-Hautalterung-768x512.jpg 768w\" sizes=\"(max-width: 1000px) 100vw, 1000px\" \/><figcaption id=\"caption-attachment-1592\" class=\"wp-caption-text\">\u00a9 Proxima Studio \u2013 stock.adobe.com<\/figcaption><\/figure>\n<h2>Was Sie gegen den &#8222;Tech Neck&#8220; tun k\u00f6nnen<\/h2>\n<p>Die Beschwerden und Ver\u00e4nderungen, die durch einen Handynacken entstehen, lassen sich ohne sch\u00f6nheitschirurgischen Eingriff nur schwer wieder r\u00fcckg\u00e4ngig machen. Umso wichtiger ist es, den Verspannungen und Falten vorzubeugen, sodass sie gar nicht erst entstehen. Hierzu folgende Tipps:<\/p>\n<p>1. Achten Sie auf Ihre K\u00f6rper- bzw. Kopfhaltung. Versuchen Sie die f\u00fcr die Smartphone-Nutzung typische geneigte Haltung des Kopfes, wann immer es m\u00f6glich ist, zu vermeiden oder zumindest zu verringern oder ihre Dauer zu verk\u00fcrzen. Dazu reicht es oft schon aus, den Kopf etwas anzuheben, bis Sie die Spannung im Kinn sp\u00fcren.<\/p>\n<p>2. Versorgen Sie Ihre Haut am Hals mit Feuchtigkeit durch entsprechende Pflegemittel, zum Beispiel einer Halscreme. Die Haut braucht Feuchtigkeit, um glatt und elastisch zu sein, dann ist sie weniger anf\u00e4llig f\u00fcr Falten. Wir empfehlen eine gr\u00fcndliche Pflege morgens und abends und einmal w\u00f6chentlich ein Peeling und eine spezielle Maske, die der strapazierten Haut an Kinn, Hals und gerne auch am Dekollet\u00e9 eine Extraportion Feuchtigkeit und Pflege gibt.<\/p>\n<p><a href=\"https:\/\/www.kosmetikfuchs.de\/11044\/dr.-spiller\/hals-und-decollete-serum-30ml\"><img loading=\"lazy\" decoding=\"async\" class=\"aligncenter wp-image-6766 size-medium\" src=\"https:\/\/www.kosmetikfuchs.de\/magazin\/wp-content\/uploads\/2022\/09\/DRSPILLER-HALS-DECOLETTE-SERUMLRY6KCoYuHQiJ-300x300.jpg\" alt=\"\" width=\"300\" height=\"300\" srcset=\"https:\/\/www.kosmetikfuchs.de\/magazin\/wp-content\/uploads\/2022\/09\/DRSPILLER-HALS-DECOLETTE-SERUMLRY6KCoYuHQiJ-300x300.jpg 300w, https:\/\/www.kosmetikfuchs.de\/magazin\/wp-content\/uploads\/2022\/09\/DRSPILLER-HALS-DECOLETTE-SERUMLRY6KCoYuHQiJ-150x150.jpg 150w, https:\/\/www.kosmetikfuchs.de\/magazin\/wp-content\/uploads\/2022\/09\/DRSPILLER-HALS-DECOLETTE-SERUMLRY6KCoYuHQiJ-768x768.jpg 768w, https:\/\/www.kosmetikfuchs.de\/magazin\/wp-content\/uploads\/2022\/09\/DRSPILLER-HALS-DECOLETTE-SERUMLRY6KCoYuHQiJ.jpg 800w\" sizes=\"(max-width: 300px) 100vw, 300px\" \/><\/a><\/p>\n<p>3. Leben Sie gesund: Eine gesunde Lebensweise sch\u00fctzt die Haut generell vor Falten &#8211; auch am Hals. Ern\u00e4hren Sie sich also ausgewogen, trinken Sie viel Wasser und sorgen Sie f\u00fcr ausreichend Schlaf und Bewegung (vor allem in der frischen Luft). Verzichten Sie auf Alkohol und Nikotin und sch\u00fctzen Sie Ihre Haut vor direkter Sonneneinstrahlung &#8211; damit beugen Sie vorzeitiger Hautalterung und Faltenbildung vor.<\/p>\n<p><a href=\"https:\/\/www.kosmetikfuchs.de\/21894\/gertraud-gruber\/power-peptid-hals-und-dekolletecreme-30ml\"><img loading=\"lazy\" decoding=\"async\" class=\"alignnone wp-image-6763 size-medium\" src=\"https:\/\/www.kosmetikfuchs.de\/magazin\/wp-content\/uploads\/2022\/09\/GG-POWER-PEPTID-HALS-UND-DEKOLLETE-CREME-GESCHLOSSEN-1-300x300.jpg\" alt=\"\" width=\"300\" height=\"300\" srcset=\"https:\/\/www.kosmetikfuchs.de\/magazin\/wp-content\/uploads\/2022\/09\/GG-POWER-PEPTID-HALS-UND-DEKOLLETE-CREME-GESCHLOSSEN-1-300x300.jpg 300w, https:\/\/www.kosmetikfuchs.de\/magazin\/wp-content\/uploads\/2022\/09\/GG-POWER-PEPTID-HALS-UND-DEKOLLETE-CREME-GESCHLOSSEN-1-150x150.jpg 150w, https:\/\/www.kosmetikfuchs.de\/magazin\/wp-content\/uploads\/2022\/09\/GG-POWER-PEPTID-HALS-UND-DEKOLLETE-CREME-GESCHLOSSEN-1-768x768.jpg 768w, https:\/\/www.kosmetikfuchs.de\/magazin\/wp-content\/uploads\/2022\/09\/GG-POWER-PEPTID-HALS-UND-DEKOLLETE-CREME-GESCHLOSSEN-1.jpg 800w\" sizes=\"(max-width: 300px) 100vw, 300px\" \/><\/a><\/p>\n<h2>Fazit: Schon kleine Verhaltensanpassungen zeigen gro\u00dfe Wirkung<\/h2>\n<p>Wenn Sie Ihr Smartphone oder Ihren Laptop bewusster nutzen, Ihre Kopfhaltung beim Scrollen durch Ihr Instagram-Feed oder beim Schreiben von WhatsApp-Messages anpassen und zudem auf die richtige Pflege achten, bleiben Ihnen die l\u00e4stigen F\u00e4ltchen am Hals und ein unsch\u00f6nes Doppelkinn erspart. Auch Schmerzen und Verspannungen im Bereich der Halswirbels\u00e4ule, die durch die permanente \u00dcberlastung entstehen, beugen Sie so effektiv vor.<\/p>\n<p>&nbsp;<\/p>\n","protected":false},"excerpt":{"rendered":"<p>M\u00f6gliche Folgen der Handynutzung auf unsere Sch\u00f6nheit Das Handy ist unser st\u00e4ndiger Begleiter. Dabei nutzen wir es im Alltag gar nicht mehr nur zum Telefonieren, sondern auch, um Bilder und Videos \u00fcber Social Media zu teilen, WhatsApp-Nachrichten zu versenden oder online zu shoppen. Der st\u00e4ndige Blick aufs Smartphone mit geneigtem Kopf hat jedoch einige unangenehme &hellip;<\/p>\n","protected":false},"author":3,"featured_media":1589,"comment_status":"closed","ping_status":"open","sticky":false,"template":"","format":"standard","meta":{"footnotes":""},"categories":[585,1,3],"tags":[977,20],"yoast_head":"<!-- This site is optimized with the Yoast SEO plugin v22.3 - https:\/\/yoast.com\/wordpress\/plugins\/seo\/ -->\n<title>Tech Neck - das k\u00f6nnen Sie gegen Falten am Hals tun - Kosmetikfuchs Magazin<\/title>\n<meta name=\"description\" content=\"Falten am Hals durch Handynutzung? Lesen Sie hier, wie Sie einen Tech Neck durch ihr Smartphone vermeiden k\u00f6nnen. kosmetikfuchs - Magazin\" \/>\n<meta name=\"robots\" content=\"index, follow, max-snippet:-1, max-image-preview:large, max-video-preview:-1\" \/>\n<link rel=\"canonical\" href=\"https:\/\/www.kosmetikfuchs.de\/magazin\/tech-neck-das-koennen-sie-gegen-falten-am-hals-tun\/\" \/>\n<meta property=\"og:locale\" content=\"de_DE\" \/>\n<meta property=\"og:type\" content=\"article\" \/>\n<meta property=\"og:title\" content=\"Tech Neck - das k\u00f6nnen Sie gegen Falten am Hals tun - Kosmetikfuchs Magazin\" \/>\n<meta property=\"og:description\" content=\"Falten am Hals durch Handynutzung? Lesen Sie hier, wie Sie einen Tech Neck durch ihr Smartphone vermeiden k\u00f6nnen. kosmetikfuchs - Magazin\" \/>\n<meta property=\"og:url\" content=\"https:\/\/www.kosmetikfuchs.de\/magazin\/tech-neck-das-koennen-sie-gegen-falten-am-hals-tun\/\" \/>\n<meta property=\"og:site_name\" content=\"Kosmetikfuchs Magazin\" \/>\n<meta property=\"article:published_time\" content=\"2022-09-02T13:01:59+00:00\" \/>\n<meta property=\"article:modified_time\" content=\"2022-09-09T12:40:30+00:00\" \/>\n<meta property=\"og:image\" content=\"https:\/\/www.kosmetikfuchs.de\/magazin\/wp-content\/uploads\/2019\/08\/Was-macht-Blaulicht-mit-uns.jpg\" \/>\n\t<meta property=\"og:image:width\" content=\"800\" \/>\n\t<meta property=\"og:image:height\" content=\"533\" \/>\n\t<meta property=\"og:image:type\" content=\"image\/jpeg\" \/>\n<meta name=\"author\" content=\"Andrea Schnitzler\" \/>\n<meta name=\"twitter:card\" content=\"summary_large_image\" \/>\n<meta name=\"twitter:label1\" content=\"Verfasst von\" \/>\n\t<meta name=\"twitter:data1\" content=\"Andrea Schnitzler\" \/>\n\t<meta name=\"twitter:label2\" content=\"Gesch\u00e4tzte Lesezeit\" \/>\n\t<meta name=\"twitter:data2\" content=\"3\u00a0Minuten\" \/>\n<script type=\"application\/ld+json\" class=\"yoast-schema-graph\">{\"@context\":\"https:\/\/schema.org\",\"@graph\":[{\"@type\":\"WebPage\",\"@id\":\"https:\/\/www.kosmetikfuchs.de\/magazin\/tech-neck-das-koennen-sie-gegen-falten-am-hals-tun\/\",\"url\":\"https:\/\/www.kosmetikfuchs.de\/magazin\/tech-neck-das-koennen-sie-gegen-falten-am-hals-tun\/\",\"name\":\"Tech Neck - das k\u00f6nnen Sie gegen Falten am Hals tun - Kosmetikfuchs Magazin\",\"isPartOf\":{\"@id\":\"https:\/\/www.kosmetikfuchs.de\/magazin\/#website\"},\"primaryImageOfPage\":{\"@id\":\"https:\/\/www.kosmetikfuchs.de\/magazin\/tech-neck-das-koennen-sie-gegen-falten-am-hals-tun\/#primaryimage\"},\"image\":{\"@id\":\"https:\/\/www.kosmetikfuchs.de\/magazin\/tech-neck-das-koennen-sie-gegen-falten-am-hals-tun\/#primaryimage\"},\"thumbnailUrl\":\"https:\/\/www.kosmetikfuchs.de\/magazin\/wp-content\/uploads\/2019\/08\/Was-macht-Blaulicht-mit-uns.jpg\",\"datePublished\":\"2022-09-02T13:01:59+00:00\",\"dateModified\":\"2022-09-09T12:40:30+00:00\",\"author\":{\"@id\":\"https:\/\/www.kosmetikfuchs.de\/magazin\/#\/schema\/person\/35faae63e208f6683a44bc85e17d5a3b\"},\"description\":\"Falten am Hals durch Handynutzung? Lesen Sie hier, wie Sie einen Tech Neck durch ihr Smartphone vermeiden k\u00f6nnen. kosmetikfuchs - Magazin\",\"breadcrumb\":{\"@id\":\"https:\/\/www.kosmetikfuchs.de\/magazin\/tech-neck-das-koennen-sie-gegen-falten-am-hals-tun\/#breadcrumb\"},\"inLanguage\":\"de\",\"potentialAction\":[{\"@type\":\"ReadAction\",\"target\":[\"https:\/\/www.kosmetikfuchs.de\/magazin\/tech-neck-das-koennen-sie-gegen-falten-am-hals-tun\/\"]}]},{\"@type\":\"ImageObject\",\"inLanguage\":\"de\",\"@id\":\"https:\/\/www.kosmetikfuchs.de\/magazin\/tech-neck-das-koennen-sie-gegen-falten-am-hals-tun\/#primaryimage\",\"url\":\"https:\/\/www.kosmetikfuchs.de\/magazin\/wp-content\/uploads\/2019\/08\/Was-macht-Blaulicht-mit-uns.jpg\",\"contentUrl\":\"https:\/\/www.kosmetikfuchs.de\/magazin\/wp-content\/uploads\/2019\/08\/Was-macht-Blaulicht-mit-uns.jpg\",\"width\":800,\"height\":533,\"caption\":\"\u00a9 sasamihajlovic \u2013 stock.adobe.com\"},{\"@type\":\"BreadcrumbList\",\"@id\":\"https:\/\/www.kosmetikfuchs.de\/magazin\/tech-neck-das-koennen-sie-gegen-falten-am-hals-tun\/#breadcrumb\",\"itemListElement\":[{\"@type\":\"ListItem\",\"position\":1,\"name\":\"Startseite\",\"item\":\"https:\/\/www.kosmetikfuchs.de\/magazin\/\"},{\"@type\":\"ListItem\",\"position\":2,\"name\":\"Tech Neck &#8211; das k\u00f6nnen Sie gegen Falten am Hals tun\"}]},{\"@type\":\"WebSite\",\"@id\":\"https:\/\/www.kosmetikfuchs.de\/magazin\/#website\",\"url\":\"https:\/\/www.kosmetikfuchs.de\/magazin\/\",\"name\":\"Kosmetikfuchs Magazin\",\"description\":\"\",\"potentialAction\":[{\"@type\":\"SearchAction\",\"target\":{\"@type\":\"EntryPoint\",\"urlTemplate\":\"https:\/\/www.kosmetikfuchs.de\/magazin\/?s={search_term_string}\"},\"query-input\":\"required name=search_term_string\"}],\"inLanguage\":\"de\"},{\"@type\":\"Person\",\"@id\":\"https:\/\/www.kosmetikfuchs.de\/magazin\/#\/schema\/person\/35faae63e208f6683a44bc85e17d5a3b\",\"name\":\"Andrea Schnitzler\",\"image\":{\"@type\":\"ImageObject\",\"inLanguage\":\"de\",\"@id\":\"https:\/\/www.kosmetikfuchs.de\/magazin\/#\/schema\/person\/image\/\",\"url\":\"https:\/\/secure.gravatar.com\/avatar\/c462be259c08eb432c40b941fbdefcb0?s=96&d=mm&r=g\",\"contentUrl\":\"https:\/\/secure.gravatar.com\/avatar\/c462be259c08eb432c40b941fbdefcb0?s=96&d=mm&r=g\",\"caption\":\"Andrea Schnitzler\"},\"description\":\"1994 Abschlu\u00df: Diplom Oecotrophologin (FH) 1999 Fachkosmetikerin 2003 Heilpraktikerin Einige Fortbildungen: 2004 Ausbildung Ohrakupunktur I 2004 Ausbildung Ohrakupunktur I 2007 Gasth\u00f6rer Fachbereich \u00d6kotrophologie FH Niederrhein 2008 Biomelekulare vitOrgan Therapie und Allergostop Behandlung 2013 Ausbildung in Acunova - Akupunktur 2000 bei Prof. John Boel 2014 Vertiefung in Acunova - Akupunktur 2000 bei Prof. John Boel 2016 Sympathikustherapie bei Dr. med. Heiner Steinr\u00fccken 2017 Kinesiologie Touch for Health Paracelsus 2017 Frequenz Therapie Anja F\u00fcchtenbusch\",\"sameAs\":[\"https:\/\/www.kosmetikfuchs.de\/magazin\/author\/a-schnitzler\/\"],\"url\":\"https:\/\/www.kosmetikfuchs.de\/magazin\/author\/a-schnitzler\/\"}]}<\/script>\n<!-- \/ Yoast SEO plugin. -->","yoast_head_json":{"title":"Tech Neck - das k\u00f6nnen Sie gegen Falten am Hals tun - Kosmetikfuchs Magazin","description":"Falten am Hals durch Handynutzung? Lesen Sie hier, wie Sie einen Tech Neck durch ihr Smartphone vermeiden k\u00f6nnen. kosmetikfuchs - Magazin","robots":{"index":"index","follow":"follow","max-snippet":"max-snippet:-1","max-image-preview":"max-image-preview:large","max-video-preview":"max-video-preview:-1"},"canonical":"https:\/\/www.kosmetikfuchs.de\/magazin\/tech-neck-das-koennen-sie-gegen-falten-am-hals-tun\/","og_locale":"de_DE","og_type":"article","og_title":"Tech Neck - das k\u00f6nnen Sie gegen Falten am Hals tun - Kosmetikfuchs Magazin","og_description":"Falten am Hals durch Handynutzung? Lesen Sie hier, wie Sie einen Tech Neck durch ihr Smartphone vermeiden k\u00f6nnen. kosmetikfuchs - Magazin","og_url":"https:\/\/www.kosmetikfuchs.de\/magazin\/tech-neck-das-koennen-sie-gegen-falten-am-hals-tun\/","og_site_name":"Kosmetikfuchs Magazin","article_published_time":"2022-09-02T13:01:59+00:00","article_modified_time":"2022-09-09T12:40:30+00:00","og_image":[{"width":800,"height":533,"url":"https:\/\/www.kosmetikfuchs.de\/magazin\/wp-content\/uploads\/2019\/08\/Was-macht-Blaulicht-mit-uns.jpg","type":"image\/jpeg"}],"author":"Andrea Schnitzler","twitter_card":"summary_large_image","twitter_misc":{"Verfasst von":"Andrea Schnitzler","Gesch\u00e4tzte Lesezeit":"3\u00a0Minuten"},"schema":{"@context":"https:\/\/schema.org","@graph":[{"@type":"WebPage","@id":"https:\/\/www.kosmetikfuchs.de\/magazin\/tech-neck-das-koennen-sie-gegen-falten-am-hals-tun\/","url":"https:\/\/www.kosmetikfuchs.de\/magazin\/tech-neck-das-koennen-sie-gegen-falten-am-hals-tun\/","name":"Tech Neck - das k\u00f6nnen Sie gegen Falten am Hals tun - Kosmetikfuchs Magazin","isPartOf":{"@id":"https:\/\/www.kosmetikfuchs.de\/magazin\/#website"},"primaryImageOfPage":{"@id":"https:\/\/www.kosmetikfuchs.de\/magazin\/tech-neck-das-koennen-sie-gegen-falten-am-hals-tun\/#primaryimage"},"image":{"@id":"https:\/\/www.kosmetikfuchs.de\/magazin\/tech-neck-das-koennen-sie-gegen-falten-am-hals-tun\/#primaryimage"},"thumbnailUrl":"https:\/\/www.kosmetikfuchs.de\/magazin\/wp-content\/uploads\/2019\/08\/Was-macht-Blaulicht-mit-uns.jpg","datePublished":"2022-09-02T13:01:59+00:00","dateModified":"2022-09-09T12:40:30+00:00","author":{"@id":"https:\/\/www.kosmetikfuchs.de\/magazin\/#\/schema\/person\/35faae63e208f6683a44bc85e17d5a3b"},"description":"Falten am Hals durch Handynutzung? Lesen Sie hier, wie Sie einen Tech Neck durch ihr Smartphone vermeiden k\u00f6nnen. kosmetikfuchs - Magazin","breadcrumb":{"@id":"https:\/\/www.kosmetikfuchs.de\/magazin\/tech-neck-das-koennen-sie-gegen-falten-am-hals-tun\/#breadcrumb"},"inLanguage":"de","potentialAction":[{"@type":"ReadAction","target":["https:\/\/www.kosmetikfuchs.de\/magazin\/tech-neck-das-koennen-sie-gegen-falten-am-hals-tun\/"]}]},{"@type":"ImageObject","inLanguage":"de","@id":"https:\/\/www.kosmetikfuchs.de\/magazin\/tech-neck-das-koennen-sie-gegen-falten-am-hals-tun\/#primaryimage","url":"https:\/\/www.kosmetikfuchs.de\/magazin\/wp-content\/uploads\/2019\/08\/Was-macht-Blaulicht-mit-uns.jpg","contentUrl":"https:\/\/www.kosmetikfuchs.de\/magazin\/wp-content\/uploads\/2019\/08\/Was-macht-Blaulicht-mit-uns.jpg","width":800,"height":533,"caption":"\u00a9 sasamihajlovic \u2013 stock.adobe.com"},{"@type":"BreadcrumbList","@id":"https:\/\/www.kosmetikfuchs.de\/magazin\/tech-neck-das-koennen-sie-gegen-falten-am-hals-tun\/#breadcrumb","itemListElement":[{"@type":"ListItem","position":1,"name":"Startseite","item":"https:\/\/www.kosmetikfuchs.de\/magazin\/"},{"@type":"ListItem","position":2,"name":"Tech Neck &#8211; das k\u00f6nnen Sie gegen Falten am Hals tun"}]},{"@type":"WebSite","@id":"https:\/\/www.kosmetikfuchs.de\/magazin\/#website","url":"https:\/\/www.kosmetikfuchs.de\/magazin\/","name":"Kosmetikfuchs Magazin","description":"","potentialAction":[{"@type":"SearchAction","target":{"@type":"EntryPoint","urlTemplate":"https:\/\/www.kosmetikfuchs.de\/magazin\/?s={search_term_string}"},"query-input":"required name=search_term_string"}],"inLanguage":"de"},{"@type":"Person","@id":"https:\/\/www.kosmetikfuchs.de\/magazin\/#\/schema\/person\/35faae63e208f6683a44bc85e17d5a3b","name":"Andrea Schnitzler","image":{"@type":"ImageObject","inLanguage":"de","@id":"https:\/\/www.kosmetikfuchs.de\/magazin\/#\/schema\/person\/image\/","url":"https:\/\/secure.gravatar.com\/avatar\/c462be259c08eb432c40b941fbdefcb0?s=96&d=mm&r=g","contentUrl":"https:\/\/secure.gravatar.com\/avatar\/c462be259c08eb432c40b941fbdefcb0?s=96&d=mm&r=g","caption":"Andrea Schnitzler"},"description":"1994 Abschlu\u00df: Diplom Oecotrophologin (FH) 1999 Fachkosmetikerin 2003 Heilpraktikerin Einige Fortbildungen: 2004 Ausbildung Ohrakupunktur I 2004 Ausbildung Ohrakupunktur I 2007 Gasth\u00f6rer Fachbereich \u00d6kotrophologie FH Niederrhein 2008 Biomelekulare vitOrgan Therapie und Allergostop Behandlung 2013 Ausbildung in Acunova - Akupunktur 2000 bei Prof. John Boel 2014 Vertiefung in Acunova - Akupunktur 2000 bei Prof. John Boel 2016 Sympathikustherapie bei Dr. med. Heiner Steinr\u00fccken 2017 Kinesiologie Touch for Health Paracelsus 2017 Frequenz Therapie Anja F\u00fcchtenbusch","sameAs":["https:\/\/www.kosmetikfuchs.de\/magazin\/author\/a-schnitzler\/"],"url":"https:\/\/www.kosmetikfuchs.de\/magazin\/author\/a-schnitzler\/"}]}},"_links":{"self":[{"href":"https:\/\/www.kosmetikfuchs.de\/magazin\/wp-json\/wp\/v2\/posts\/6728"}],"collection":[{"href":"https:\/\/www.kosmetikfuchs.de\/magazin\/wp-json\/wp\/v2\/posts"}],"about":[{"href":"https:\/\/www.kosmetikfuchs.de\/magazin\/wp-json\/wp\/v2\/types\/post"}],"author":[{"embeddable":true,"href":"https:\/\/www.kosmetikfuchs.de\/magazin\/wp-json\/wp\/v2\/users\/3"}],"replies":[{"embeddable":true,"href":"https:\/\/www.kosmetikfuchs.de\/magazin\/wp-json\/wp\/v2\/comments?post=6728"}],"version-history":[{"count":11,"href":"https:\/\/www.kosmetikfuchs.de\/magazin\/wp-json\/wp\/v2\/posts\/6728\/revisions"}],"predecessor-version":[{"id":6769,"href":"https:\/\/www.kosmetikfuchs.de\/magazin\/wp-json\/wp\/v2\/posts\/6728\/revisions\/6769"}],"wp:featuredmedia":[{"embeddable":true,"href":"https:\/\/www.kosmetikfuchs.de\/magazin\/wp-json\/wp\/v2\/media\/1589"}],"wp:attachment":[{"href":"https:\/\/www.kosmetikfuchs.de\/magazin\/wp-json\/wp\/v2\/media?parent=6728"}],"wp:term":[{"taxonomy":"category","embeddable":true,"href":"https:\/\/www.kosmetikfuchs.de\/magazin\/wp-json\/wp\/v2\/categories?post=6728"},{"taxonomy":"post_tag","embeddable":true,"href":"https:\/\/www.kosmetikfuchs.de\/magazin\/wp-json\/wp\/v2\/tags?post=6728"}],"curies":[{"name":"wp","href":"https:\/\/api.w.org\/{rel}","templated":true}]}}