{"id":6329,"date":"2022-06-24T10:00:19","date_gmt":"2022-06-24T08:00:19","guid":{"rendered":"https:\/\/www.kosmetikfuchs.de\/magazin\/?p=6329"},"modified":"2023-10-26T16:31:59","modified_gmt":"2023-10-26T14:31:59","slug":"fettige-haut-im-sommer","status":"publish","type":"post","link":"https:\/\/www.kosmetikfuchs.de\/magazin\/fettige-haut-im-sommer\/","title":{"rendered":"Fettige Haut im Sommer"},"content":{"rendered":"<h2>\u00ab So bringen Sie Ihre fettige Gesichtshaut perfekt in Balance \u00bb<\/h2>\n<p style=\"text-align: justify;\"><strong>Fettige Haut im Sommer ist kein seltenes Ph\u00e4nomen. Lassen Sie sich davon nicht Ihre gute Laune vermiesen, denn es gibt sehr viel, was Sie tun k\u00f6nnen. Wir verraten Ihnen, warum Ihr Gesicht pl\u00f6tzlich so fettig wirkt und vor allem, mit welcher Hautpflege Sie diesem Effekt gut entgegenwirken k\u00f6nnen.<\/strong><\/p>\n<h2>Fettige Haut im Sommer \u2013 wie kommt es dazu?<\/h2>\n<p style=\"text-align: justify;\">Hohe Temperaturen, eine hohe Luftfeuchtigkeit sowie die st\u00e4rkere UV-Einstrahlung k\u00f6nnen der Haut im Sommer ziemlich zu schaffen machen und sie fettig erscheinen lassen. Unsere Poren erweitern sich und vor allem die Gesichtshaut, die \u00e4u\u00dferen Einfl\u00fcssen mehr oder weniger ungesch\u00fctzt ausgesetzt ist, verliert mehr Feuchtigkeit als sonst. Um diesem Verlust entgegenzuwirken, kurbelt der K\u00f6rper die Talgproduktion an. Ein fettig gl\u00e4nzender Teint sowie eine vermehrte Neigung zu Unreinheiten sind die Folge.<\/p>\n<figure id=\"attachment_6372\" aria-describedby=\"caption-attachment-6372\" style=\"width: 900px\" class=\"wp-caption aligncenter\"><img loading=\"lazy\" decoding=\"async\" class=\"wp-image-6372 size-full\" title=\"Bei vermehrter Talgproduktion ist ein fettig gl\u00e4nzender Teint die Folge\" src=\"https:\/\/www.kosmetikfuchs.de\/magazin\/wp-content\/uploads\/2022\/07\/fettige-haut-poren-glanz.jpg\" alt=\"fettige-haut-poren-glanz\" width=\"900\" height=\"600\" srcset=\"https:\/\/www.kosmetikfuchs.de\/magazin\/wp-content\/uploads\/2022\/07\/fettige-haut-poren-glanz.jpg 900w, https:\/\/www.kosmetikfuchs.de\/magazin\/wp-content\/uploads\/2022\/07\/fettige-haut-poren-glanz-300x200.jpg 300w, https:\/\/www.kosmetikfuchs.de\/magazin\/wp-content\/uploads\/2022\/07\/fettige-haut-poren-glanz-768x512.jpg 768w\" sizes=\"(max-width: 900px) 100vw, 900px\" \/><figcaption id=\"caption-attachment-6372\" class=\"wp-caption-text\">\u00a9 Angelina \u2013 stock.adobe.com<\/figcaption><\/figure>\n<p style=\"text-align: justify;\">Auch das vermehrte Schwitzen tr\u00e4gt seinen Teil zum fettigen Teint bei. Schwei\u00df und Talg vermischen sich und der Glanz im Gesicht verst\u00e4rkt sich. Eine optimierte Pflege-Routine sowie Pflegeprodukte, die der Haut besonders viel Feuchtigkeit zuf\u00fchren, sind nun das A und O, um ein fettiges Hautbild wieder in Balance zu bringen.<\/p>\n<h2>Fettige Haut: Gesicht, Hals und Dekollet\u00e9 optimal pflegen<\/h2>\n<p style=\"text-align: justify;\">Ein essenzieller Schritt bei der Pflege ist eine gr\u00fcndliche und gleichzeitig sanfte Reinigung \u2013 und zwar ausnahmslos morgens und abends. So k\u00f6nnen \u00fcbersch\u00fcssiger Talg, Schwei\u00df sowie Produktreste entfernt werden und die Haut ist bereit f\u00fcr eine abgestimmte mattierende Pflege, wie etwa die <a href=\"https:\/\/www.kosmetikfuchs.de\/22166\/babor\/oil-free-matt-effect-cream-50ml\">Oil-Free Matte Effect Gel-Cream von Doctor Babor<\/a> oder die <a href=\"https:\/\/www.kosmetikfuchs.de\/17077\/artemis\/skin-balance-matifying-24h-gel-cream-50ml\">Matifying 24H Gel-Cream von Artemis<\/a>, die ausgleichend auf die Talgdr\u00fcsen wirkt und so eine \u00fcberm\u00e4\u00dfige Talgproduktion verhindert. Auch eine Pflege, die daf\u00fcr sorgt, dass sich die Hautporen zusammenziehen, ist ideal f\u00fcr \u00f6lige Haut.<\/p>\n<p><center><a href=\"https:\/\/www.kosmetikfuchs.de\/17077\/artemis\/skin-balance-matifying-24h-gel-cream-50ml\"><img loading=\"lazy\" decoding=\"async\" class=\"alignnone wp-image-6347\" title=\"Skin Balance Matifying 24h Gel Cream von Artemis | mattierend | feuchtigkeitsspendend | verfeinert Ihre Poren\" src=\"https:\/\/www.kosmetikfuchs.de\/magazin\/wp-content\/uploads\/2022\/07\/artemis-skin-balance-matifying-24h-gel-cream-50ml.jpg\" alt=\"artemis-skin-balance-matifying-24h-gel-cream-50ml\" width=\"278\" height=\"500\" srcset=\"https:\/\/www.kosmetikfuchs.de\/magazin\/wp-content\/uploads\/2022\/07\/artemis-skin-balance-matifying-24h-gel-cream-50ml.jpg 300w, https:\/\/www.kosmetikfuchs.de\/magazin\/wp-content\/uploads\/2022\/07\/artemis-skin-balance-matifying-24h-gel-cream-50ml-167x300.jpg 167w\" sizes=\"(max-width: 278px) 100vw, 278px\" \/><\/a> <a href=\"https:\/\/www.kosmetikfuchs.de\/22166\/babor\/oil-free-matt-effect-cream-50ml\"><img loading=\"lazy\" decoding=\"async\" class=\"alignnone wp-image-6348\" title=\"Oil-Free Matt Effect Cream von BABOR | \u00f6lfreie &amp; leichte Rezeptur | verhindert eine \u00fcberm\u00e4\u00dfige Talgproduktion\" src=\"https:\/\/www.kosmetikfuchs.de\/magazin\/wp-content\/uploads\/2022\/07\/babor-oil-free-matt-effect-cream-50ml.jpg\" alt=\"babor-oil-free-matt-effect-cream-50ml\" width=\"273\" height=\"500\" srcset=\"https:\/\/www.kosmetikfuchs.de\/magazin\/wp-content\/uploads\/2022\/07\/babor-oil-free-matt-effect-cream-50ml.jpg 300w, https:\/\/www.kosmetikfuchs.de\/magazin\/wp-content\/uploads\/2022\/07\/babor-oil-free-matt-effect-cream-50ml-164x300.jpg 164w\" sizes=\"(max-width: 273px) 100vw, 273px\" \/><\/a><\/center><\/p>\n<p style=\"text-align: justify;\">Empfehlenswert ist hier beispielsweise das feuchtigkeitsspendende <a href=\"https:\/\/www.kosmetikfuchs.de\/9940\/klapp\/moist-matt-oilfree-fluid-50ml\">Moist &amp; Matt Oilfree Fluid von KLAPP Cosmetic<\/a> oder die <a href=\"https:\/\/www.kosmetikfuchs.de\/16065\/erborian\/matte-creme-15ml\">5-in-1 Matte Creme von Erborian<\/a>. Wichtig ist, dass Ihre Gesichtscreme, wie die ebenen genannten Pflege-Produkte, eine leichte Textur hat, die gut in die Gesichtshaut einzieht und die Poren nicht verstopft.<\/p>\n<p><center><a href=\"https:\/\/www.kosmetikfuchs.de\/16065\/erborian\/matte-creme-15ml\"><img loading=\"lazy\" decoding=\"async\" class=\"wp-image-6343 alignnone\" title=\"Matte Creme von erborian | verfeinert Poren | gleicht den Teint aus | gibt Ihnen einen mattes Finish\" src=\"https:\/\/www.kosmetikfuchs.de\/magazin\/wp-content\/uploads\/2022\/07\/erborian-matte-creme-15ml.jpg\" alt=\"erborian-matte-creme-15ml\" width=\"273\" height=\"500\" srcset=\"https:\/\/www.kosmetikfuchs.de\/magazin\/wp-content\/uploads\/2022\/07\/erborian-matte-creme-15ml.jpg 300w, https:\/\/www.kosmetikfuchs.de\/magazin\/wp-content\/uploads\/2022\/07\/erborian-matte-creme-15ml-164x300.jpg 164w\" sizes=\"(max-width: 273px) 100vw, 273px\" \/><\/a> <a href=\"https:\/\/www.kosmetikfuchs.de\/9940\/klapp\/moist-matt-oilfree-fluid-50ml\"><img loading=\"lazy\" decoding=\"async\" class=\"alignnone wp-image-6345 size-full\" title=\"Moist &amp; Matt Oilfree Fluid von KLAPP | \u00f6lfreies Fluid mit Gr\u00fcnem Kaffee &amp; Enantia-Chlorantha-Baumrinde\" src=\"https:\/\/www.kosmetikfuchs.de\/magazin\/wp-content\/uploads\/2022\/07\/klapp-moist-matt-oilfree-fluid-50ml.jpg\" alt=\"klapp-moist-matt-oilfree-fluid-50ml\" width=\"300\" height=\"480\" srcset=\"https:\/\/www.kosmetikfuchs.de\/magazin\/wp-content\/uploads\/2022\/07\/klapp-moist-matt-oilfree-fluid-50ml.jpg 300w, https:\/\/www.kosmetikfuchs.de\/magazin\/wp-content\/uploads\/2022\/07\/klapp-moist-matt-oilfree-fluid-50ml-188x300.jpg 188w\" sizes=\"(max-width: 300px) 100vw, 300px\" \/><\/a><\/center>Wenn Sie bereits eine Gesichtscreme haben, die Sie gut vertragen und auch im Sommer anwenden m\u00f6chten, k\u00f6nnte ein mattierendes Puder wie das <a href=\"https:\/\/www.kosmetikfuchs.de\/14482\/dr.-eckstein\/azulene-clear-balance-powder-15g\">Azulene Clear Balance Powder von Doctor Eckstein<\/a> die ideale Erg\u00e4nzung sein. Dieser feine, seidige und leicht get\u00f6nte Gesichtspuder nimmt besonders gut \u00fcbersch\u00fcssigen Talg auf. Er beruhigt die Haut, sorgt f\u00fcr einen makellosen Teint und beugt Unreinheiten vor.<\/p>\n<p>Der krautig &amp; erdig duftende Gesichtspuder enth\u00e4lt wertvolle Inhaltsstoffe wie Azulen und Allantoin, Bisabolol, Calendula-Extrakt, Schiefer\u00f6l, Schwefel, Talkum und Zinkoxid.<\/p>\n<p><img loading=\"lazy\" decoding=\"async\" class=\"Wirkstoffreicher, leicht get\u00f6nter Gesichtspuder zur Behandlung einer fettenden oder unreinen Haut. aligncenter wp-image-6584 size-medium\" title=\"Wirkstoffreicher, leicht get\u00f6nter Gesichtspuder zur Behandlung einer fettenden oder unreinen Haut.\" src=\"https:\/\/www.kosmetikfuchs.de\/magazin\/wp-content\/uploads\/2022\/06\/AZULENE-CLEAR-BALANCE-POWDER-15G-300x300.jpg\" alt=\"mattierender azulen Puder \" width=\"300\" height=\"300\" srcset=\"https:\/\/www.kosmetikfuchs.de\/magazin\/wp-content\/uploads\/2022\/06\/AZULENE-CLEAR-BALANCE-POWDER-15G-300x300.jpg 300w, https:\/\/www.kosmetikfuchs.de\/magazin\/wp-content\/uploads\/2022\/06\/AZULENE-CLEAR-BALANCE-POWDER-15G-150x150.jpg 150w, https:\/\/www.kosmetikfuchs.de\/magazin\/wp-content\/uploads\/2022\/06\/AZULENE-CLEAR-BALANCE-POWDER-15G-768x768.jpg 768w, https:\/\/www.kosmetikfuchs.de\/magazin\/wp-content\/uploads\/2022\/06\/AZULENE-CLEAR-BALANCE-POWDER-15G.jpg 800w\" sizes=\"(max-width: 300px) 100vw, 300px\" \/><\/p>\n<div class=\"box info  aligncenter\"><div class=\"box-inner-block\"><i class=\"fa tie-shortcode-boxicon\"><\/i>\n\t\t\tTragen Sie mithilfe der beiliegenden Puderquaste das Puder von der Mitte des Gesichtes nach au\u00dfen auf und verblenden es. Papeln und Pusteln k\u00f6nnen auch mehrfach t\u00e4glich abgetupft werden.\n\t\t\t<\/div><\/div>\n<p>&nbsp;<\/p>\n<p style=\"text-align: justify;\">Auch auf Anti-Aging-Wirkstoffe m\u00fcssen Sie bei fettiger Haut nicht verzichten. Es gibt eine Reihe spezialisierter Hautpflege-Produkte, die Ihrer Gesichtshaut ein mattes Finish verleiht und obendrein eine gute Anti-Aging-Wirkung haben. Zu nennen w\u00e4re hier etwa das <a href=\"https:\/\/www.kosmetikfuchs.de\/21703\/babor\/comfort-vitamin-c-serum-20ml\">Comfort Vitamin C Serum von BABOR<\/a> mit Antioxidantien und Coenzym Q10. <a href=\"https:\/\/www.kosmetikfuchs.de\/21703\/babor\/comfort-vitamin-c-serum-20ml\"><img loading=\"lazy\" decoding=\"async\" class=\"aligncenter wp-image-6417 size-medium\" title=\"Vitamin C Serum von DOCTOR BABOR. Es gleicht einen unebenen Hautton aus \" src=\"https:\/\/www.kosmetikfuchs.de\/magazin\/wp-content\/uploads\/2022\/06\/babor-comfort-vitamin-c-serum-20ml-164x300.jpg\" alt=\"Vitamin C Serum Babor\" width=\"164\" height=\"300\" srcset=\"https:\/\/www.kosmetikfuchs.de\/magazin\/wp-content\/uploads\/2022\/06\/babor-comfort-vitamin-c-serum-20ml-164x300.jpg 164w, https:\/\/www.kosmetikfuchs.de\/magazin\/wp-content\/uploads\/2022\/06\/babor-comfort-vitamin-c-serum-20ml.jpg 300w\" sizes=\"(max-width: 164px) 100vw, 164px\" \/><\/a><\/p>\n<div class=\"box success  \"><div class=\"box-inner-block\"><i class=\"fa tie-shortcode-boxicon\"><\/i>\n\t\t\tF\u00fcr eine besonders gr\u00fcndliche Reinigung sind Peelings eine gute zus\u00e4tzliche Option. Aber wie bei allem gilt auch hier: weniger ist mehr!\n\t\t\t<\/div><\/div>\n<p style=\"text-align: justify;\">Auch wenn sich Ihre Gesichtshaut sehr fettig anf\u00fchlt, reicht es v\u00f6llig, sie zweimal t\u00e4glich zu reinigen und zwei- bis dreimal pro Woche zu peelen. Ein Mehr an Reinigung hat n\u00e4mlich einen gegenteiligen Effekt: Die Haut trocknet aus und die Talgdr\u00fcsen verst\u00e4rken ihre Aktivit\u00e4t. Der Teint wirkt fettig.<\/p>\n<h2>Feuchtigkeit, Feuchtigkeit und nochmals Feuchtigkeit<\/h2>\n<p style=\"text-align: justify;\"><a href=\"https:\/\/www.kosmetikfuchs.de\/4886\/rosa-graf\/bio-kur-johanniskraut-creme-50ml\"><img loading=\"lazy\" decoding=\"async\" class=\"alignright wp-image-6335 size-full\" title=\"Bio Kur Johanniskraut Creme von Rosa Graf | Hauttyp: fettige\/unreine Haut, Mischhaut\" src=\"https:\/\/www.kosmetikfuchs.de\/magazin\/wp-content\/uploads\/2022\/07\/rosa-graf-bio-kur-johanniskraut-creme-50ml.jpg\" alt=\"rosa-graf-bio-kur-johanniskraut-creme-50ml fettige-haut-im-sommer\" width=\"400\" height=\"200\" srcset=\"https:\/\/www.kosmetikfuchs.de\/magazin\/wp-content\/uploads\/2022\/07\/rosa-graf-bio-kur-johanniskraut-creme-50ml.jpg 400w, https:\/\/www.kosmetikfuchs.de\/magazin\/wp-content\/uploads\/2022\/07\/rosa-graf-bio-kur-johanniskraut-creme-50ml-300x150.jpg 300w\" sizes=\"(max-width: 400px) 100vw, 400px\" \/><\/a>Es gibt viele hochwertige Inhaltsstoffe, die die fettige Haut optimal unterst\u00fctzen und ausgleichend sowie mattierend wirken. Koffein w\u00e4re hier zu nennen oder auch gr\u00fcner Tee. Auch Lavendel\u00f6l und Johanniskraut, wie etwa in der <a href=\"https:\/\/www.kosmetikfuchs.de\/4886\/rosa-graf\/bio-kur-johanniskraut-creme-50ml\">Bio Kur Johanniskraut Creme von Rosa Graf<\/a> sind leistungsstarke Wirkstoffe.<\/p>\n<p style=\"text-align: justify;\">Doch eins ist vor allem wichtig, um \u00f6lige Haut wieder in Balance zu bringen: Feuchtigkeit!<\/p>\n<p style=\"text-align: justify;\">Da eine tendenziell fettige Haut zu einem erh\u00f6hten Wasserverlust f\u00fchrt, ist eine Pflege mit viel Feuchtigkeit die beste Unterst\u00fctzung bei fettigen Teint. Pflege in Form von Gesichtsmasken ist hierbei besonders effektiv.<\/p>\n<p><a href=\"https:\/\/www.kosmetikfuchs.de\/10546\/rosa-graf\/frizzante-mango-mask-50ml\"><img loading=\"lazy\" decoding=\"async\" class=\"aligncenter wp-image-6337\" title=\"Frizzante Mango Mask von Rosa Graf | Hauttyp: f\u00fcr alle Hauttypen, auch f\u00fcr fettige und unreine Haut geeignet\" src=\"https:\/\/www.kosmetikfuchs.de\/magazin\/wp-content\/uploads\/2022\/07\/rosa-graf-frizzante-mango-mask-50ml.jpg\" alt=\"rosa-graf-frizzante-mango-mask-50ml fettige-haut-im-sommer\" width=\"265\" height=\"500\" srcset=\"https:\/\/www.kosmetikfuchs.de\/magazin\/wp-content\/uploads\/2022\/07\/rosa-graf-frizzante-mango-mask-50ml.jpg 300w, https:\/\/www.kosmetikfuchs.de\/magazin\/wp-content\/uploads\/2022\/07\/rosa-graf-frizzante-mango-mask-50ml-159x300.jpg 159w\" sizes=\"(max-width: 265px) 100vw, 265px\" \/><\/a><\/p>\n<p style=\"text-align: justify;\">Ein passendes Produkt f\u00fcr fettige Haut im Sommer ist beispielsweise die <a href=\"https:\/\/www.kosmetikfuchs.de\/10546\/rosa-graf\/frizzante-mango-mask-50ml\">Frizzante Mango Mask von Rosa Graf<\/a>. Sie spendet nicht nur ganz viel Feuchtigkeit, sondern erfrischt auch angenehm. Eine Gesichtsmaske, die etwa 15 Minuten einwirken muss, wenden Sie im Sommer am besten ein- bis zweimal pro Woche an.<\/p>\n<h2>Unerl\u00e4sslich in der Haut- und K\u00f6rperpflege: Sonnenschutz<\/h2>\n<p style=\"text-align: justify;\">Als letzten Schritt Ihrer morgendlichen Pflegeroutine sollten Sie ein <a href=\"https:\/\/www.kosmetikfuchs.de\/sonne\/sonnenschutz\">Sonnenschutzmittel<\/a> anwenden. Nur so k\u00f6nnen Sie Ihre Haut effektiv vor vorzeitiger Hautalterung, Sonnenbrand und auch vor Hautkrebs sch\u00fctzen. Es gibt Pflegecremes, wie zum Beispiel die get\u00f6nte Summer Kiss Glow Cream aus der Hemp Spirit Reihe von Dr. Rimpler, die bereits einen integrierten Lichtschutzfaktor enthalten.<\/p>\n<div class=\"box note  \"><div class=\"box-inner-block\"><i class=\"fa tie-shortcode-boxicon\"><\/i>\n\t\t\tWichtig ist, dass Sie solche Produkte gro\u00dfz\u00fcgig dosieren, da der angegebene Schutzfaktor nur erreicht wird, wenn gen\u00fcgend Produkt auf der Gesichtshaut verteilt wird.\n\t\t\t<\/div><\/div>\n<p style=\"text-align: justify;\">Als Faustregel f\u00fcr Cremes mit Lichtschutzfaktor, aber auch normale Sonnencremes gilt: Etwa ein Gramm Creme brauchen Sie f\u00fcr Ihr Gesicht. Das entspricht etwa einem Viertel Teel\u00f6ffel, was vielleicht erstmal nicht viel klingt, aber doch mehr ist, als wir intuitiv anwenden w\u00fcrden. Probieren Sie es doch einfach mal aus!<\/p>\n<p>&nbsp;<\/p>\n<p style=\"text-align: justify;\">Bei Sonnencremes, die im Sommer am besten einen Lichtschutzfaktor von 30 bis 50 aufweisen sollten, ist es wichtig, darauf zu achten, dass sie nicht nur einen Schutz gegen UVB-Strahlung bieten, sondern auch gegen UVA-Strahlen. Um das perfekte Produkt f\u00fcr Ihren Hauttyp zu finden, sollten Sie darauf achten, dass die Sonnenprodukte \u00f6lfrei und nicht-komedogen sind, denn dann eignen sie sich ideal f\u00fcr fettige Haut.<\/p>\n","protected":false},"excerpt":{"rendered":"<p>\u00ab So bringen Sie Ihre fettige Gesichtshaut perfekt in Balance \u00bb Fettige Haut im Sommer ist kein seltenes Ph\u00e4nomen. Lassen Sie sich davon nicht Ihre gute Laune vermiesen, denn es gibt sehr viel, was Sie tun k\u00f6nnen. Wir verraten Ihnen, warum Ihr Gesicht pl\u00f6tzlich so fettig wirkt und vor allem, mit welcher Hautpflege Sie diesem &hellip;<\/p>\n","protected":false},"author":1,"featured_media":6371,"comment_status":"closed","ping_status":"open","sticky":false,"template":"","format":"standard","meta":{"footnotes":""},"categories":[589,1],"tags":[210,84,169,58,267,55,940,145,943,121,944,833,98,559,406,60,56,57,637,826,20,131,93,49,318,53,941,204,942,937,938,338,928,205,223,119,142,139,757,939,359,99,499],"yoast_head":"<!-- This site is optimized with the Yoast SEO plugin v22.3 - https:\/\/yoast.com\/wordpress\/plugins\/seo\/ -->\n<title>Fettige Haut im Sommer - Kosmetikfuchs Magazin<\/title>\n<meta name=\"description\" content=\"Wie kann ich meine fettige Haut im Sommer optimal pflegen? \u2714 Das Kosmetikfuchs Magazin mit Tipps f\u00fcr eine \u2714 strahlende Sommerhaut.\" \/>\n<meta name=\"robots\" content=\"index, follow, max-snippet:-1, max-image-preview:large, max-video-preview:-1\" \/>\n<link rel=\"canonical\" href=\"https:\/\/www.kosmetikfuchs.de\/magazin\/fettige-haut-im-sommer\/\" \/>\n<meta property=\"og:locale\" content=\"de_DE\" \/>\n<meta property=\"og:type\" content=\"article\" \/>\n<meta property=\"og:title\" content=\"Fettige Haut im Sommer - Kosmetikfuchs Magazin\" \/>\n<meta property=\"og:description\" content=\"Wie kann ich meine fettige Haut im Sommer optimal pflegen? \u2714 Das Kosmetikfuchs Magazin mit Tipps f\u00fcr eine \u2714 strahlende Sommerhaut.\" \/>\n<meta property=\"og:url\" content=\"https:\/\/www.kosmetikfuchs.de\/magazin\/fettige-haut-im-sommer\/\" \/>\n<meta property=\"og:site_name\" content=\"Kosmetikfuchs Magazin\" \/>\n<meta property=\"article:published_time\" content=\"2022-06-24T08:00:19+00:00\" \/>\n<meta property=\"article:modified_time\" content=\"2023-10-26T14:31:59+00:00\" \/>\n<meta property=\"og:image\" content=\"https:\/\/www.kosmetikfuchs.de\/magazin\/wp-content\/uploads\/2022\/07\/Fettige-Haut-im-Sommer.jpg\" \/>\n\t<meta property=\"og:image:width\" content=\"900\" \/>\n\t<meta property=\"og:image:height\" content=\"600\" \/>\n\t<meta property=\"og:image:type\" content=\"image\/jpeg\" \/>\n<meta name=\"author\" content=\"admin\" \/>\n<meta name=\"twitter:card\" content=\"summary_large_image\" \/>\n<meta name=\"twitter:label1\" content=\"Verfasst von\" \/>\n\t<meta name=\"twitter:data1\" content=\"admin\" \/>\n\t<meta name=\"twitter:label2\" content=\"Gesch\u00e4tzte Lesezeit\" \/>\n\t<meta name=\"twitter:data2\" content=\"7\u00a0Minuten\" \/>\n<script type=\"application\/ld+json\" class=\"yoast-schema-graph\">{\"@context\":\"https:\/\/schema.org\",\"@graph\":[{\"@type\":\"WebPage\",\"@id\":\"https:\/\/www.kosmetikfuchs.de\/magazin\/fettige-haut-im-sommer\/\",\"url\":\"https:\/\/www.kosmetikfuchs.de\/magazin\/fettige-haut-im-sommer\/\",\"name\":\"Fettige Haut im Sommer - Kosmetikfuchs Magazin\",\"isPartOf\":{\"@id\":\"https:\/\/www.kosmetikfuchs.de\/magazin\/#website\"},\"primaryImageOfPage\":{\"@id\":\"https:\/\/www.kosmetikfuchs.de\/magazin\/fettige-haut-im-sommer\/#primaryimage\"},\"image\":{\"@id\":\"https:\/\/www.kosmetikfuchs.de\/magazin\/fettige-haut-im-sommer\/#primaryimage\"},\"thumbnailUrl\":\"https:\/\/www.kosmetikfuchs.de\/magazin\/wp-content\/uploads\/2022\/07\/Fettige-Haut-im-Sommer.jpg\",\"datePublished\":\"2022-06-24T08:00:19+00:00\",\"dateModified\":\"2023-10-26T14:31:59+00:00\",\"author\":{\"@id\":\"https:\/\/www.kosmetikfuchs.de\/magazin\/#\/schema\/person\/d74441dfe7021cf7301a89aa8423d147\"},\"description\":\"Wie kann ich meine fettige Haut im Sommer optimal pflegen? \u2714 Das Kosmetikfuchs Magazin mit Tipps f\u00fcr eine \u2714 strahlende Sommerhaut.\",\"breadcrumb\":{\"@id\":\"https:\/\/www.kosmetikfuchs.de\/magazin\/fettige-haut-im-sommer\/#breadcrumb\"},\"inLanguage\":\"de\",\"potentialAction\":[{\"@type\":\"ReadAction\",\"target\":[\"https:\/\/www.kosmetikfuchs.de\/magazin\/fettige-haut-im-sommer\/\"]}]},{\"@type\":\"ImageObject\",\"inLanguage\":\"de\",\"@id\":\"https:\/\/www.kosmetikfuchs.de\/magazin\/fettige-haut-im-sommer\/#primaryimage\",\"url\":\"https:\/\/www.kosmetikfuchs.de\/magazin\/wp-content\/uploads\/2022\/07\/Fettige-Haut-im-Sommer.jpg\",\"contentUrl\":\"https:\/\/www.kosmetikfuchs.de\/magazin\/wp-content\/uploads\/2022\/07\/Fettige-Haut-im-Sommer.jpg\",\"width\":900,\"height\":600,\"caption\":\"\u00a9 Julia \u2013 stock.adobe.com\"},{\"@type\":\"BreadcrumbList\",\"@id\":\"https:\/\/www.kosmetikfuchs.de\/magazin\/fettige-haut-im-sommer\/#breadcrumb\",\"itemListElement\":[{\"@type\":\"ListItem\",\"position\":1,\"name\":\"Startseite\",\"item\":\"https:\/\/www.kosmetikfuchs.de\/magazin\/\"},{\"@type\":\"ListItem\",\"position\":2,\"name\":\"Fettige Haut im Sommer\"}]},{\"@type\":\"WebSite\",\"@id\":\"https:\/\/www.kosmetikfuchs.de\/magazin\/#website\",\"url\":\"https:\/\/www.kosmetikfuchs.de\/magazin\/\",\"name\":\"Kosmetikfuchs Magazin\",\"description\":\"\",\"potentialAction\":[{\"@type\":\"SearchAction\",\"target\":{\"@type\":\"EntryPoint\",\"urlTemplate\":\"https:\/\/www.kosmetikfuchs.de\/magazin\/?s={search_term_string}\"},\"query-input\":\"required name=search_term_string\"}],\"inLanguage\":\"de\"},{\"@type\":\"Person\",\"@id\":\"https:\/\/www.kosmetikfuchs.de\/magazin\/#\/schema\/person\/d74441dfe7021cf7301a89aa8423d147\",\"name\":\"admin\",\"image\":{\"@type\":\"ImageObject\",\"inLanguage\":\"de\",\"@id\":\"https:\/\/www.kosmetikfuchs.de\/magazin\/#\/schema\/person\/image\/\",\"url\":\"https:\/\/secure.gravatar.com\/avatar\/a794a4fe8a9b9c52241597eb381dfa2e?s=96&d=mm&r=g\",\"contentUrl\":\"https:\/\/secure.gravatar.com\/avatar\/a794a4fe8a9b9c52241597eb381dfa2e?s=96&d=mm&r=g\",\"caption\":\"admin\"},\"url\":\"https:\/\/www.kosmetikfuchs.de\/magazin\/author\/321456\/\"}]}<\/script>\n<!-- \/ Yoast SEO plugin. -->","yoast_head_json":{"title":"Fettige Haut im Sommer - Kosmetikfuchs Magazin","description":"Wie kann ich meine fettige Haut im Sommer optimal pflegen? \u2714 Das Kosmetikfuchs Magazin mit Tipps f\u00fcr eine \u2714 strahlende Sommerhaut.","robots":{"index":"index","follow":"follow","max-snippet":"max-snippet:-1","max-image-preview":"max-image-preview:large","max-video-preview":"max-video-preview:-1"},"canonical":"https:\/\/www.kosmetikfuchs.de\/magazin\/fettige-haut-im-sommer\/","og_locale":"de_DE","og_type":"article","og_title":"Fettige Haut im Sommer - Kosmetikfuchs Magazin","og_description":"Wie kann ich meine fettige Haut im Sommer optimal pflegen? \u2714 Das Kosmetikfuchs Magazin mit Tipps f\u00fcr eine \u2714 strahlende Sommerhaut.","og_url":"https:\/\/www.kosmetikfuchs.de\/magazin\/fettige-haut-im-sommer\/","og_site_name":"Kosmetikfuchs Magazin","article_published_time":"2022-06-24T08:00:19+00:00","article_modified_time":"2023-10-26T14:31:59+00:00","og_image":[{"width":900,"height":600,"url":"https:\/\/www.kosmetikfuchs.de\/magazin\/wp-content\/uploads\/2022\/07\/Fettige-Haut-im-Sommer.jpg","type":"image\/jpeg"}],"author":"admin","twitter_card":"summary_large_image","twitter_misc":{"Verfasst von":"admin","Gesch\u00e4tzte Lesezeit":"7\u00a0Minuten"},"schema":{"@context":"https:\/\/schema.org","@graph":[{"@type":"WebPage","@id":"https:\/\/www.kosmetikfuchs.de\/magazin\/fettige-haut-im-sommer\/","url":"https:\/\/www.kosmetikfuchs.de\/magazin\/fettige-haut-im-sommer\/","name":"Fettige Haut im Sommer - Kosmetikfuchs Magazin","isPartOf":{"@id":"https:\/\/www.kosmetikfuchs.de\/magazin\/#website"},"primaryImageOfPage":{"@id":"https:\/\/www.kosmetikfuchs.de\/magazin\/fettige-haut-im-sommer\/#primaryimage"},"image":{"@id":"https:\/\/www.kosmetikfuchs.de\/magazin\/fettige-haut-im-sommer\/#primaryimage"},"thumbnailUrl":"https:\/\/www.kosmetikfuchs.de\/magazin\/wp-content\/uploads\/2022\/07\/Fettige-Haut-im-Sommer.jpg","datePublished":"2022-06-24T08:00:19+00:00","dateModified":"2023-10-26T14:31:59+00:00","author":{"@id":"https:\/\/www.kosmetikfuchs.de\/magazin\/#\/schema\/person\/d74441dfe7021cf7301a89aa8423d147"},"description":"Wie kann ich meine fettige Haut im Sommer optimal pflegen? \u2714 Das Kosmetikfuchs Magazin mit Tipps f\u00fcr eine \u2714 strahlende Sommerhaut.","breadcrumb":{"@id":"https:\/\/www.kosmetikfuchs.de\/magazin\/fettige-haut-im-sommer\/#breadcrumb"},"inLanguage":"de","potentialAction":[{"@type":"ReadAction","target":["https:\/\/www.kosmetikfuchs.de\/magazin\/fettige-haut-im-sommer\/"]}]},{"@type":"ImageObject","inLanguage":"de","@id":"https:\/\/www.kosmetikfuchs.de\/magazin\/fettige-haut-im-sommer\/#primaryimage","url":"https:\/\/www.kosmetikfuchs.de\/magazin\/wp-content\/uploads\/2022\/07\/Fettige-Haut-im-Sommer.jpg","contentUrl":"https:\/\/www.kosmetikfuchs.de\/magazin\/wp-content\/uploads\/2022\/07\/Fettige-Haut-im-Sommer.jpg","width":900,"height":600,"caption":"\u00a9 Julia \u2013 stock.adobe.com"},{"@type":"BreadcrumbList","@id":"https:\/\/www.kosmetikfuchs.de\/magazin\/fettige-haut-im-sommer\/#breadcrumb","itemListElement":[{"@type":"ListItem","position":1,"name":"Startseite","item":"https:\/\/www.kosmetikfuchs.de\/magazin\/"},{"@type":"ListItem","position":2,"name":"Fettige Haut im Sommer"}]},{"@type":"WebSite","@id":"https:\/\/www.kosmetikfuchs.de\/magazin\/#website","url":"https:\/\/www.kosmetikfuchs.de\/magazin\/","name":"Kosmetikfuchs Magazin","description":"","potentialAction":[{"@type":"SearchAction","target":{"@type":"EntryPoint","urlTemplate":"https:\/\/www.kosmetikfuchs.de\/magazin\/?s={search_term_string}"},"query-input":"required name=search_term_string"}],"inLanguage":"de"},{"@type":"Person","@id":"https:\/\/www.kosmetikfuchs.de\/magazin\/#\/schema\/person\/d74441dfe7021cf7301a89aa8423d147","name":"admin","image":{"@type":"ImageObject","inLanguage":"de","@id":"https:\/\/www.kosmetikfuchs.de\/magazin\/#\/schema\/person\/image\/","url":"https:\/\/secure.gravatar.com\/avatar\/a794a4fe8a9b9c52241597eb381dfa2e?s=96&d=mm&r=g","contentUrl":"https:\/\/secure.gravatar.com\/avatar\/a794a4fe8a9b9c52241597eb381dfa2e?s=96&d=mm&r=g","caption":"admin"},"url":"https:\/\/www.kosmetikfuchs.de\/magazin\/author\/321456\/"}]}},"_links":{"self":[{"href":"https:\/\/www.kosmetikfuchs.de\/magazin\/wp-json\/wp\/v2\/posts\/6329"}],"collection":[{"href":"https:\/\/www.kosmetikfuchs.de\/magazin\/wp-json\/wp\/v2\/posts"}],"about":[{"href":"https:\/\/www.kosmetikfuchs.de\/magazin\/wp-json\/wp\/v2\/types\/post"}],"author":[{"embeddable":true,"href":"https:\/\/www.kosmetikfuchs.de\/magazin\/wp-json\/wp\/v2\/users\/1"}],"replies":[{"embeddable":true,"href":"https:\/\/www.kosmetikfuchs.de\/magazin\/wp-json\/wp\/v2\/comments?post=6329"}],"version-history":[{"count":53,"href":"https:\/\/www.kosmetikfuchs.de\/magazin\/wp-json\/wp\/v2\/posts\/6329\/revisions"}],"predecessor-version":[{"id":8082,"href":"https:\/\/www.kosmetikfuchs.de\/magazin\/wp-json\/wp\/v2\/posts\/6329\/revisions\/8082"}],"wp:featuredmedia":[{"embeddable":true,"href":"https:\/\/www.kosmetikfuchs.de\/magazin\/wp-json\/wp\/v2\/media\/6371"}],"wp:attachment":[{"href":"https:\/\/www.kosmetikfuchs.de\/magazin\/wp-json\/wp\/v2\/media?parent=6329"}],"wp:term":[{"taxonomy":"category","embeddable":true,"href":"https:\/\/www.kosmetikfuchs.de\/magazin\/wp-json\/wp\/v2\/categories?post=6329"},{"taxonomy":"post_tag","embeddable":true,"href":"https:\/\/www.kosmetikfuchs.de\/magazin\/wp-json\/wp\/v2\/tags?post=6329"}],"curies":[{"name":"wp","href":"https:\/\/api.w.org\/{rel}","templated":true}]}}