{"id":5986,"date":"2022-05-11T10:00:20","date_gmt":"2022-05-11T08:00:20","guid":{"rendered":"https:\/\/www.kosmetikfuchs.de\/magazin\/?p=5986"},"modified":"2026-02-11T11:50:08","modified_gmt":"2026-02-11T10:50:08","slug":"welches-shampoo-fuer-welchen-haartyp","status":"publish","type":"post","link":"https:\/\/www.kosmetikfuchs.de\/magazin\/welches-shampoo-fuer-welchen-haartyp\/","title":{"rendered":"Welches Shampoo f\u00fcr welchen Haartyp?"},"content":{"rendered":"<h2>\u00ab Mit der richtigen Pflege zum gl\u00e4nzenden Haar \u00bb<\/h2>\n<p style=\"text-align: justify;\"><strong>Gerade erst haben Sie sich geduscht und Ihre Haare gewaschen und schon merken Sie, wie sich wieder fettige Str\u00e4hnen ausbreiten? Keine Sorge: Das muss keine Veranlagung sein, der Sie nicht entgegentreten k\u00f6nnen. Wom\u00f6glich ist dieser Zustand schlicht auf falsche Haarpflege zur\u00fcckzuf\u00fchren. Zum Gl\u00fcck l\u00e4sst sich ein Bad Hair Day einfach vermeiden. Erfahren Sie, welches Shampoo Sie f\u00fcr Ihren Haartyp ben\u00f6tigen und wie Sie dieses Haarshampoo bei der Kopfhaut- und Haarpflege richtig anwenden.<\/strong><\/p>\n<h2>Welche Haartypen gibt es?<\/h2>\n<p style=\"text-align: justify;\">Was gerne vergessen wird: Die Haarpracht kann von Mensch zu Mensch unterschiedlich ausfallen!<\/p>\n<p style=\"text-align: justify;\">Anhand der Haarstruktur werden vier Haartypen differenziert:<\/p>\n<ul>\n<li>glatt<\/li>\n<li>wellig<\/li>\n<li>lockig<\/li>\n<li>kraus<\/li>\n<\/ul>\n<p style=\"text-align: justify;\">Weitere Untertypen klassifizieren sich dann anhand der Haardicke. So gibt es beispielsweise d\u00fcnnes und sehr feines Haar, das sich kaum vom von der Kopfhaut abhebt. Es f\u00fchlt sich seidig und glatt an, wie ein d\u00fcnner Faden. Eine mitteldicke Haarpracht f\u00fchlt sich wie ein Baumwollfaden an und dann gibt es noch sehr dicke Haarstrukturen. Das Shampoo muss entsprechend nach Haartyp ausgew\u00e4hlt werden. Haarshampoos haben n\u00e4mlich unterschiedliche inhaltliche Bestandteile und Wirkungsweisen. Zum Gl\u00fcck halten bekannte Marken wie <a href=\"https:\/\/www.kosmetikfuchs.de\/brands\/oliveda\/products\">Oliveda<\/a>, <a href=\"https:\/\/www.kosmetikfuchs.de\/brands\/korres\/products\">KORRES<\/a> oder <a href=\"https:\/\/www.kosmetikfuchs.de\/brands\/marlies-moeller\/products\">Marlies M\u00f6ller<\/a> f\u00fcr alle Haaranspr\u00fcche wirksame Pflegeshampoos bereit.<\/p>\n<figure id=\"attachment_6021\" aria-describedby=\"caption-attachment-6021\" style=\"width: 900px\" class=\"wp-caption aligncenter\"><img loading=\"lazy\" decoding=\"async\" class=\"wp-image-6021 size-full\" title=\"Die Haarpracht kann von Mensch zu Mensch unterschiedlich ausfallen\" src=\"https:\/\/www.kosmetikfuchs.de\/magazin\/wp-content\/uploads\/2022\/05\/haartypen.jpg\" alt=\"haartypen\" width=\"900\" height=\"600\" srcset=\"https:\/\/www.kosmetikfuchs.de\/magazin\/wp-content\/uploads\/2022\/05\/haartypen.jpg 900w, https:\/\/www.kosmetikfuchs.de\/magazin\/wp-content\/uploads\/2022\/05\/haartypen-300x200.jpg 300w, https:\/\/www.kosmetikfuchs.de\/magazin\/wp-content\/uploads\/2022\/05\/haartypen-768x512.jpg 768w\" sizes=\"(max-width: 900px) 100vw, 900px\" \/><figcaption id=\"caption-attachment-6021\" class=\"wp-caption-text\">\u00a9 Parilov \u2013 stock.adobe.com<\/figcaption><\/figure>\n<h2>Was muss ein gutes Shampoo leisten?<\/h2>\n<p style=\"text-align: justify;\">Beim Haarewaschen geht es um schonende, aber effektive Reinigung sowie um tiefenwirksame Pflege. Weiterhin sorgen gute Haarpflegeprodukte f\u00fcr neuen Haarglanz und daf\u00fcr, dass der Kamm ohne Widerstand durch das Haar kommt. Auch die Regeneration der Haarspitzen sowie eine optimale Feuchtigkeitsversorgung des Haars geh\u00f6rt zur Pflegewirkung eines Shampoos. Die Auswahl an Pflegeprodukten ist \u00e4u\u00dferst gro\u00df. Doch welches Produkt ist nun f\u00fcr einen bestimmten Haartyp geeignet? Ausschlaggebende Kriterien d\u00fcrfen dabei weder die Produktverpackung noch ein g\u00fcnstiger Preis oder eine bestimmte Duftrichtung sein.<\/p>\n<h2>Grundlegende Kaufkriterien f\u00fcr gute Haarshampoos<\/h2>\n<p style=\"text-align: justify;\">Wie bereits erw\u00e4hnt, ist der Haartyp ein bestimmender Faktor f\u00fcr den Kauf der Haarpflege. Kurze oder lange Haare? Fettiger Haaransatz oder trockene Spitzen? Gef\u00e4rbt oder Naturhaarfarbe? Lockig, widerspenstig oder seidig glatt? Diese Fragen spielen in die Entscheidung f\u00fcr ein Shampoo hinein. Allerdings gilt es, noch weitere Aspekte zu ber\u00fccksichtigen.<\/p>\n<figure id=\"attachment_6032\" aria-describedby=\"caption-attachment-6032\" style=\"width: 900px\" class=\"wp-caption aligncenter\"><img loading=\"lazy\" decoding=\"async\" class=\"wp-image-6032 size-full\" title=\"Der Haartyp ein bestimmender Faktor f\u00fcr den Kauf der Haarpflege\" src=\"https:\/\/www.kosmetikfuchs.de\/magazin\/wp-content\/uploads\/2022\/05\/shampoo-kaufkriterien.jpg\" alt=\"shampoo-kaufkriterien\" width=\"900\" height=\"556\" srcset=\"https:\/\/www.kosmetikfuchs.de\/magazin\/wp-content\/uploads\/2022\/05\/shampoo-kaufkriterien.jpg 900w, https:\/\/www.kosmetikfuchs.de\/magazin\/wp-content\/uploads\/2022\/05\/shampoo-kaufkriterien-300x185.jpg 300w, https:\/\/www.kosmetikfuchs.de\/magazin\/wp-content\/uploads\/2022\/05\/shampoo-kaufkriterien-768x474.jpg 768w\" sizes=\"(max-width: 900px) 100vw, 900px\" \/><figcaption id=\"caption-attachment-6032\" class=\"wp-caption-text\">\u00a9 Yevhen \u2013 stock.adobe.com<\/figcaption><\/figure>\n<h3>Kopfhaut<\/h3>\n<p style=\"text-align: justify;\">Wenn Ihre Kopfhaut normal und ausgeglichen ist, m\u00fcssen Sie sich beim Kauf der Haarpflege keine Gedanken machen. Bei sensibler, trockener und juckender Kopfhaut sollten Sie jedoch zu einem sanften Shampoo greifen, das die Haare nicht noch zus\u00e4tzlich reizt und austrocknet. Ein fettiger Haaransatz braucht leichte Pflege. Intensive und reichhaltige Pflegeshampoos sind hier also nicht die richtige Wahl.<\/p>\n<h3>Inhaltliche Zusammensetzung<\/h3>\n<p style=\"text-align: justify;\">Auch bei der inhaltlichen Zusammensetzung der Pflege sollten Sie genau hinschauen. Naturkosmetik und nat\u00fcrliche Haarpflegeprodukte verzichten auf problematische Inhaltsstoffe und bauen auf rein nat\u00fcrliche Wirkstoffkomplexe. Vegane Shampoos ohne Duftstoffe, Silikone, Parabene und vieles mehr sind empfehlenswert. Dar\u00fcber hinaus sind sie nachhaltig und schonen Umwelt, Tier und Natur.<\/p>\n<h3>2-in-1-Pflegeprodukte f\u00fcr die Haarreinigung<\/h3>\n<p style=\"text-align: justify;\">Tipp: Haare waschen mit 2-in-1-Pflege. Solche Produkte enthalten Shampoo und Conditioner in einem und sparen viel Zeit beim Haarewaschen. Das Pflegeshampoo wird gr\u00fcndlich einmassiert und sorgt im Handumdrehen f\u00fcr wunderbar gepflegtes und leicht k\u00e4mmbares Haar. F\u00fcr d\u00fcnne Haarstrukturen sind solche Haarpflegeprodukte jedoch nicht gut geeignet, denn sie beschweren zu sehr.<\/p>\n<p><a href=\"https:\/\/www.kosmetikfuchs.de\/21301\/babor\/energizing-hair-and-body-shampoo-200ml\"><img loading=\"lazy\" decoding=\"async\" class=\"aligncenter wp-image-6010 size-full\" title=\"Energizing Hair and Body Shampoo von BABOR | sch\u00fctzt die Haut vor dem Austrocknen | vitalisierend\" src=\"https:\/\/www.kosmetikfuchs.de\/magazin\/wp-content\/uploads\/2022\/05\/babor-energizing-hair-and-body-shampoo-200ml.jpg\" alt=\"babor-energizing-hair-and-body-shampoo-200ml\" width=\"300\" height=\"470\" srcset=\"https:\/\/www.kosmetikfuchs.de\/magazin\/wp-content\/uploads\/2022\/05\/babor-energizing-hair-and-body-shampoo-200ml.jpg 300w, https:\/\/www.kosmetikfuchs.de\/magazin\/wp-content\/uploads\/2022\/05\/babor-energizing-hair-and-body-shampoo-200ml-191x300.jpg 191w\" sizes=\"(max-width: 300px) 100vw, 300px\" \/><\/a><\/p>\n<p style=\"text-align: justify;\">Pflegestark ist etwa das <a href=\"https:\/\/www.kosmetikfuchs.de\/21301\/babor\/energizing-hair-and-body-shampoo-200ml\">BABOR Energizing Hair and Body Shampoo<\/a>. Dieses vitalisierende M\u00e4nnershampoo verw\u00f6hnt Haut und Haar beim Duschen gleicherma\u00dfen. Es verhindert zudem trockene Haut. Manchmal ist es wichtig, Produkte gezielt miteinander zu kombinieren. Wenn Sie beispielsweise lockiges, jedoch gef\u00e4rbtes Haar haben, sollten diese beiden Merkmale ausreichend ber\u00fccksichtigt werden. In einem solchen Fall empfiehlt sich ein Haarshampoo f\u00fcr Locken und eine Sp\u00fclung f\u00fcr die colorierte Haarpracht.<\/p>\n<figure id=\"attachment_6030\" aria-describedby=\"caption-attachment-6030\" style=\"width: 900px\" class=\"wp-caption aligncenter\"><img loading=\"lazy\" decoding=\"async\" class=\"wp-image-6030 size-full\" title=\"Ein gutes Shampoo sollte sich beim Aufsch\u00e4umen sanft und weich anf\u00fchlen\" src=\"https:\/\/www.kosmetikfuchs.de\/magazin\/wp-content\/uploads\/2022\/05\/shampoo-schaum.jpg\" alt=\"shampoo-schaum\" width=\"900\" height=\"600\" srcset=\"https:\/\/www.kosmetikfuchs.de\/magazin\/wp-content\/uploads\/2022\/05\/shampoo-schaum.jpg 900w, https:\/\/www.kosmetikfuchs.de\/magazin\/wp-content\/uploads\/2022\/05\/shampoo-schaum-300x200.jpg 300w, https:\/\/www.kosmetikfuchs.de\/magazin\/wp-content\/uploads\/2022\/05\/shampoo-schaum-768x512.jpg 768w\" sizes=\"(max-width: 900px) 100vw, 900px\" \/><figcaption id=\"caption-attachment-6030\" class=\"wp-caption-text\">\u00a9 Pixel-Shot \u2013 stock.adobe.com<\/figcaption><\/figure>\n<p style=\"text-align: justify;\">Ein gutes Shampoo sollte sich beim Aufsch\u00e4umen sanft und weich anf\u00fchlen. Entsteht zu viel Schaum, dann ist das ein Hinweis darauf, dass im Haarpflegeprodukt zu viele Tenside enthalten sind. Ein hochwertiges Produkt erkennen Sie zudem daran, dass Ihr Kopfhaar nach dem Waschen gut k\u00e4mmbar und sch\u00f6n geschmeidig ist.<\/p>\n<h2>Das perfekte Shampoo f\u00fcr jeden Haartyp: eine \u00dcbersicht mit Produktempfehlungen<\/h2>\n<h3>Haarshampoo f\u00fcr schnell fettendes Haar und fettige Kopfhaut<\/h3>\n<p style=\"text-align: justify;\">Sind die Talgdr\u00fcsen der Kopfhaut \u00fcberaktiv, k\u00f6nnen die Haare bereits wenige Stunden nach dem Waschen wieder nachfetten. Eine solche Talgdr\u00fcsen\u00fcberfunktion kann erblich bedingt sein oder durch Faktoren wie \u00fcberm\u00e4\u00dfiger Stress oder hormonelle Schwankungen beeinflusst werden.<\/p>\n<p><a href=\"https:\/\/www.kosmetikfuchs.de\/16363\/korres\/liquorice-und-uritca-shampoo-fuer-fettiges-haar-250ml\"><img loading=\"lazy\" decoding=\"async\" class=\"aligncenter wp-image-6008 size-full\" title=\"Liquorice und Uritca Shampoo f\u00fcr fettiges Haar | hemmt \u00fcberm\u00e4\u00dfige Talgproduktion | Haarwachstum wird gef\u00f6rdert\" src=\"https:\/\/www.kosmetikfuchs.de\/magazin\/wp-content\/uploads\/2022\/05\/korres-liquorice-und-uritca-shampoo-fuer-fettiges-haar-250ml.jpg\" alt=\"korres-liquorice-und-uritca-shampoo-fuer-fettiges-haar-250ml\" width=\"300\" height=\"460\" srcset=\"https:\/\/www.kosmetikfuchs.de\/magazin\/wp-content\/uploads\/2022\/05\/korres-liquorice-und-uritca-shampoo-fuer-fettiges-haar-250ml.jpg 300w, https:\/\/www.kosmetikfuchs.de\/magazin\/wp-content\/uploads\/2022\/05\/korres-liquorice-und-uritca-shampoo-fuer-fettiges-haar-250ml-196x300.jpg 196w\" sizes=\"(max-width: 300px) 100vw, 300px\" \/><\/a><\/p>\n<p style=\"text-align: justify;\">Diesem Pflegebed\u00fcrfnis widmen sich Pflegeshampoos mit einem adstringierenden (zusammenziehenden) Effekt. Auch Kr\u00e4uterzus\u00e4tze wie Teebaum\u00f6l, Minze, Rosmarin oder Zitronenmelisse helfen, die Kopfhaut wieder in Balance zu bringen. Pflegetipp: <a href=\"https:\/\/www.kosmetikfuchs.de\/16363\/korres\/liquorice-und-uritca-shampoo-fuer-fettiges-haar-250ml\">das Liquorice und Urtica Shampoo f\u00fcr fettiges Haar von KORRES<\/a>.<\/p>\n<h3>Shampoo f\u00fcr stark strapaziertes und trockenes Haar<\/h3>\n<p style=\"text-align: justify;\">Trockene und strohig wirkende Haare brauchen vor allem eine milde Pflege. Das ideale Pflegeshampoo f\u00fcr diesen Haartyp sollte weniger Tenside enthalten als gew\u00f6hnliche Produkte. Tenside sind ein wichtiger Schaumbildner, doch sie trocknen die Haarpracht stark aus. Stattdessen braucht es einen Fokus auf r\u00fcckfettende Stoffe, wie zum Beispiel Kokosnussextrakte. Ebenso wirken Sheabutter und pflegende \u00d6le gegen Trockenheit und Frizz.<\/p>\n<p><a href=\"https:\/\/www.kosmetikfuchs.de\/15908\/oliveda\/h23-shampoo-fuer-jedes-haar-regenerating-250ml\"><img loading=\"lazy\" decoding=\"async\" class=\"aligncenter wp-image-6006 size-full\" title=\"H23 Shampoo f\u00fcr jedes Haar, Regenerating von Oliveda | n\u00e4hrt Kopfhaut und Haar mit sofortiger Wirkung\" src=\"https:\/\/www.kosmetikfuchs.de\/magazin\/wp-content\/uploads\/2022\/05\/oliveda-h23-shampoo-fuer-jedes-haar-regenerating-250ml.jpg\" alt=\"oliveda-h23-shampoo-fuer-jedes-haar-regenerating-250ml\" width=\"300\" height=\"460\" srcset=\"https:\/\/www.kosmetikfuchs.de\/magazin\/wp-content\/uploads\/2022\/05\/oliveda-h23-shampoo-fuer-jedes-haar-regenerating-250ml.jpg 300w, https:\/\/www.kosmetikfuchs.de\/magazin\/wp-content\/uploads\/2022\/05\/oliveda-h23-shampoo-fuer-jedes-haar-regenerating-250ml-196x300.jpg 196w\" sizes=\"(max-width: 300px) 100vw, 300px\" \/><\/a><\/p>\n<p style=\"text-align: justify;\">Auch pflegende Inhaltsstoffe wie Proteinderivate oder Panthenol verbessern das haareigene Feuchthalteverm\u00f6gen und sch\u00fctzen nachhaltig vor dem Austrocknen. Trockene Kopfhaut ist oftmals mit Juckreiz verbunden. Hier sollte zu juckreizlindernden Inhaltsstoffen gegriffen werden. Bei empfindlicher und gereizter Kopfhaut kommt das <a href=\"https:\/\/www.kosmetikfuchs.de\/15908\/oliveda\/h23-shampoo-fuer-jedes-haar-regenerating-250ml\">Oliveda Pflegeshampoo f\u00fcr jedes Haar &#8211; Regenerating<\/a> infrage. Es pflegt mit der ganzen Kraft der Olive.<\/p>\n<h3>Shampoo f\u00fcr kraftloses und feines Haar<\/h3>\n<p>D\u00fcnnes und feines Haar ben\u00f6tigt einfach mehr Volumen, sonst sieht es schnell kraftlos aus. Wenn Sie feines Haar haben, gehen Sie sparsam mit Ihrem Shampoo um. Entnehmen Sie eine kleine Menge Ihres Shampoos und sch\u00e4umen Sie es erst einmal in Ihren Handfl\u00e4chen auf. Danach auf das nasse Haar auftragen. So vermeiden Sie, dass das Haar nach der W\u00e4sche zu schwer wird.<\/p>\n<p style=\"text-align: justify;\">Keratine verleihen der Haaroberfl\u00e4che Struktur und Elastizit\u00e4t. Fehlen diese Proteine, verringert sich die Geschmeidigkeit. Volumenshampoos sind dann das Mittel der Wahl. Sie enthalten h\u00e4ufig kr\u00e4ftigende Zus\u00e4tze wie Proteine oder Polymere. Auch pflanzliche Extrakte oder Essenzen wie Kollagen sorgen f\u00fcr mehr F\u00fclle und Volumen. Unser Tipp: <a href=\"https:\/\/www.kosmetikfuchs.de\/9053\/annemarie-boerlind\/seide-volumen-shampoo-200ml\">Seide Natural Hair Care Volumen Shampoo von Annemarie B\u00f6rlind<\/a>.<\/p>\n<p><center><a href=\"https:\/\/www.kosmetikfuchs.de\/9053\/annemarie-boerlind\/seide-volumen-shampoo-200ml\"><img loading=\"lazy\" decoding=\"async\" class=\"alignnone wp-image-6001 size-full\" title=\"SEIDE, Volumen Shampoo von ANNEMARIE B\u00d6RLIND | f\u00fcr feines Haar\" src=\"https:\/\/www.kosmetikfuchs.de\/magazin\/wp-content\/uploads\/2022\/05\/annemarie-boerlind-seide-volumen-shampoo-200ml.jpg\" alt=\"annemarie-boerlind-seide-volumen-shampoo-200ml\" width=\"300\" height=\"460\" srcset=\"https:\/\/www.kosmetikfuchs.de\/magazin\/wp-content\/uploads\/2022\/05\/annemarie-boerlind-seide-volumen-shampoo-200ml.jpg 300w, https:\/\/www.kosmetikfuchs.de\/magazin\/wp-content\/uploads\/2022\/05\/annemarie-boerlind-seide-volumen-shampoo-200ml-196x300.jpg 196w\" sizes=\"(max-width: 300px) 100vw, 300px\" \/><\/a>\u00a0<\/center><\/p>\n<p style=\"text-align: justify;\">F\u00fcr ein herrlich luftiges Haarvolumen sorgt ebenso das <a href=\"https:\/\/www.kosmetikfuchs.de\/4223\/marlies-moeller\/daily-volume-shampoo-200ml\">Marlies M\u00f6ller Daily Volume Shampoo<\/a>: Es ummantelt jedes einzelne Haar mit st\u00e4rkendem Baumwollextrakt und ist gleichzeitig frei von Silikonen.<\/p>\n<h3>Pflege bei Schuppen<\/h3>\n<p style=\"text-align: justify;\">Im Allgemeinen entstehen Schuppen auf fettiger Kopfhaut. Manchmal kann aber auch ein Hefepilz dahinterstecken. Hier sind Anti-Schuppen-Shampoos zuverl\u00e4ssige Beauty-Helfer, denn sie enthalten die passenden Wirkstoffe gegen Schuppen. Wer jedoch unter sehr trockener und sensibler Kopfhaut leidet, sollte eher nicht zu solchen Haarshampoos greifen. Denn durch sie wird das Problem trockener Haarschuppen nur noch weiter verschlimmert.<\/p>\n<p><a href=\"https:\/\/www.kosmetikfuchs.de\/16362\/korres\/laurel-und-echinacea-anti-schuppen-shampoo-250ml\"><img loading=\"lazy\" decoding=\"async\" class=\"aligncenter wp-image-5997 size-full\" title=\"Laurel und Echinacea Anti-Schuppen Shampoo von KORRES | wirkt Schuppenbildung entgegen | entfernt \u00fcbersch\u00fcssigen Talg\" src=\"https:\/\/www.kosmetikfuchs.de\/magazin\/wp-content\/uploads\/2022\/05\/korres-laurel-und-echinacea-anti-schuppen-shampoo-250ml.jpg\" alt=\"korres-laurel-und-echinacea-anti-schuppen-shampoo-250ml\" width=\"300\" height=\"460\" srcset=\"https:\/\/www.kosmetikfuchs.de\/magazin\/wp-content\/uploads\/2022\/05\/korres-laurel-und-echinacea-anti-schuppen-shampoo-250ml.jpg 300w, https:\/\/www.kosmetikfuchs.de\/magazin\/wp-content\/uploads\/2022\/05\/korres-laurel-und-echinacea-anti-schuppen-shampoo-250ml-196x300.jpg 196w\" sizes=\"(max-width: 300px) 100vw, 300px\" \/><\/a><\/p>\n<p style=\"text-align: justify;\">In einem solchen Fall sollte trotz schuppigem Haar f\u00fcr die Haarreinigung zu beruhigenden und milden Produkten wie das <a href=\"https:\/\/www.kosmetikfuchs.de\/16362\/korres\/laurel-und-echinacea-anti-schuppen-shampoo-250ml\">KORRES Laurel und Echinacea Anti-Schuppen-Shampoo<\/a> gegriffen werden.<\/p>\n<h3>Pflege bei Haarf\u00e4rbung<\/h3>\n<p style=\"text-align: justify;\">Blondiertes oder anderweitig gef\u00e4rbtes Haar ist auf eine besondere Pflege angewiesen. Zum einen braucht es ein Spezialshampoo, das die strahlende Farbintensit\u00e4t und Leuchtkraft m\u00f6glichst lange bewahrt. Zum anderen sehnt es sich nach tiefenwirksamen Schutz, Regeneration und N\u00e4hrpflege.<\/p>\n<h3>Haarpflege bei Haarverlust<\/h3>\n<p style=\"text-align: justify;\">Eine f\u00fcllige und gl\u00e4nzende Haarpracht ist der Muster-Haartyp und sowohl f\u00fcr M\u00e4nner wie auch f\u00fcr Frauen ein absolutes Sch\u00f6nheitsideal. Umso wichtiger ist es, Haarbruch und daraus resultierendem Haarverlust fr\u00fchzeitig durch die richtige Pflege vorzubeugen.<\/p>\n<p><a href=\"https:\/\/www.kosmetikfuchs.de\/16396\/korres\/magnesium-und-wheat-proteins-shampoo-250ml\"><img loading=\"lazy\" decoding=\"async\" class=\"aligncenter wp-image-5990 size-full\" title=\"Magnesium und Wheat Proteins Shampoo von KORRES | vorbeugend gegen Haarausfall | verbessert die Haarstruktur\" src=\"https:\/\/www.kosmetikfuchs.de\/magazin\/wp-content\/uploads\/2022\/05\/korres-magnesium-und-wheat-proteins-shampoo-250ml.jpg\" alt=\"korres-magnesium-und-wheat-proteins-shampoo-250ml\" width=\"300\" height=\"460\" srcset=\"https:\/\/www.kosmetikfuchs.de\/magazin\/wp-content\/uploads\/2022\/05\/korres-magnesium-und-wheat-proteins-shampoo-250ml.jpg 300w, https:\/\/www.kosmetikfuchs.de\/magazin\/wp-content\/uploads\/2022\/05\/korres-magnesium-und-wheat-proteins-shampoo-250ml-196x300.jpg 196w\" sizes=\"(max-width: 300px) 100vw, 300px\" \/><\/a><\/p>\n<p style=\"text-align: justify;\">Die L\u00f6sung f\u00fcr M\u00e4nner: das <a href=\"https:\/\/www.kosmetikfuchs.de\/16396\/korres\/magnesium-und-wheat-proteins-shampoo-250ml\">KORRES Magnesium &amp; Wheat Proteins Shampoo<\/a>. Diese st\u00e4rkende Multimineralkombination mit Kalzium, Mangan, Zink und Magnesium schenkt den Kopfhautzellen die verlorene Energie zur\u00fcck und st\u00e4rkt br\u00fcchiges, d\u00fcnnes Haar von der Wurzel an.<\/p>\n<p><a href=\"https:\/\/www.kosmetikfuchs.de\/16366\/korres\/cystine-und-glycoprotein-shampoo-gegen-haarausfall-250ml\"><img loading=\"lazy\" decoding=\"async\" class=\"aligncenter wp-image-5993 size-full\" title=\"Cystine und Glycoprotein Shampoo gegen Haarausfall von KORRES | bessere Haardichte bei regelm\u00e4\u00dfiger Anwendung\" src=\"https:\/\/www.kosmetikfuchs.de\/magazin\/wp-content\/uploads\/2022\/05\/korres-cystine-und-glycoprotein-shampoo-gegen-haarausfall-250ml.jpg\" alt=\"korres-cystine-und-glycoprotein-shampoo-gegen-haarausfall-250ml\" width=\"300\" height=\"460\" srcset=\"https:\/\/www.kosmetikfuchs.de\/magazin\/wp-content\/uploads\/2022\/05\/korres-cystine-und-glycoprotein-shampoo-gegen-haarausfall-250ml.jpg 300w, https:\/\/www.kosmetikfuchs.de\/magazin\/wp-content\/uploads\/2022\/05\/korres-cystine-und-glycoprotein-shampoo-gegen-haarausfall-250ml-196x300.jpg 196w\" sizes=\"(max-width: 300px) 100vw, 300px\" \/><\/a><\/p>\n<p style=\"text-align: justify;\">Frauen setzen auf das <a href=\"https:\/\/www.kosmetikfuchs.de\/16366\/korres\/cystine-und-glycoprotein-shampoo-gegen-haarausfall-250ml\">KORRES Cystine &amp; Glycoprotein Shampoo gegen Haarausfall<\/a>: Das Pflegeshampoo st\u00e4rkt die Haarwurzeln und wirkt dank der Aminos\u00e4ure L-Cystein sowie dem Haarstrukturprotein Keratin Haarausfall entgegen.<\/p>\n","protected":false},"excerpt":{"rendered":"<p>\u00ab Mit der richtigen Pflege zum gl\u00e4nzenden Haar \u00bb Gerade erst haben Sie sich geduscht und Ihre Haare gewaschen und schon merken Sie, wie sich wieder fettige Str\u00e4hnen ausbreiten? Keine Sorge: Das muss keine Veranlagung sein, der Sie nicht entgegentreten k\u00f6nnen. Wom\u00f6glich ist dieser Zustand schlicht auf falsche Haarpflege zur\u00fcckzuf\u00fchren. Zum Gl\u00fcck l\u00e4sst sich ein &hellip;<\/p>\n","protected":false},"author":1,"featured_media":6029,"comment_status":"closed","ping_status":"open","sticky":false,"template":"","format":"standard","meta":{"footnotes":""},"categories":[594,1],"tags":[83,84,905,906,904,903,908,417,249,901,899,909,897,898,907,902,268,900,783,309,418,95,42,82,784,251,757,562],"yoast_head":"<!-- This site is optimized with the Yoast SEO plugin v22.3 - https:\/\/yoast.com\/wordpress\/plugins\/seo\/ -->\n<title>Welches Shampoo f\u00fcr welchen Haartyp? - Kosmetikfuchs Magazin<\/title>\n<meta name=\"description\" content=\"Welches Shampoo f\u00fcr welchen Haartyp? \u2013 Erfahren Sie im Kosmetikfuchs Magazin mehr \u00fcber Haarpflege von Marlies M\u00f6ller \u2714 KORRES \u2714 BABOR \u2714 Oliveda\" \/>\n<meta name=\"robots\" content=\"index, follow, max-snippet:-1, max-image-preview:large, max-video-preview:-1\" \/>\n<link rel=\"canonical\" href=\"https:\/\/www.kosmetikfuchs.de\/magazin\/welches-shampoo-fuer-welchen-haartyp\/\" \/>\n<meta property=\"og:locale\" content=\"de_DE\" \/>\n<meta property=\"og:type\" content=\"article\" \/>\n<meta property=\"og:title\" content=\"Welches Shampoo f\u00fcr welchen Haartyp? - Kosmetikfuchs Magazin\" \/>\n<meta property=\"og:description\" content=\"Welches Shampoo f\u00fcr welchen Haartyp? \u2013 Erfahren Sie im Kosmetikfuchs Magazin mehr \u00fcber Haarpflege von Marlies M\u00f6ller \u2714 KORRES \u2714 BABOR \u2714 Oliveda\" \/>\n<meta property=\"og:url\" content=\"https:\/\/www.kosmetikfuchs.de\/magazin\/welches-shampoo-fuer-welchen-haartyp\/\" \/>\n<meta property=\"og:site_name\" content=\"Kosmetikfuchs Magazin\" \/>\n<meta property=\"article:published_time\" content=\"2022-05-11T08:00:20+00:00\" \/>\n<meta property=\"article:modified_time\" content=\"2026-02-11T10:50:08+00:00\" \/>\n<meta property=\"og:image\" content=\"https:\/\/www.kosmetikfuchs.de\/magazin\/wp-content\/uploads\/2022\/05\/Welches-Shampoo-fuer-welchen-Haartyp.jpg\" \/>\n\t<meta property=\"og:image:width\" content=\"900\" \/>\n\t<meta property=\"og:image:height\" content=\"601\" \/>\n\t<meta property=\"og:image:type\" content=\"image\/jpeg\" \/>\n<meta name=\"author\" content=\"admin\" \/>\n<meta name=\"twitter:card\" content=\"summary_large_image\" \/>\n<meta name=\"twitter:label1\" content=\"Verfasst von\" \/>\n\t<meta name=\"twitter:data1\" content=\"admin\" \/>\n\t<meta name=\"twitter:label2\" content=\"Gesch\u00e4tzte Lesezeit\" \/>\n\t<meta name=\"twitter:data2\" content=\"9\u00a0Minuten\" \/>\n<script type=\"application\/ld+json\" class=\"yoast-schema-graph\">{\"@context\":\"https:\/\/schema.org\",\"@graph\":[{\"@type\":\"WebPage\",\"@id\":\"https:\/\/www.kosmetikfuchs.de\/magazin\/welches-shampoo-fuer-welchen-haartyp\/\",\"url\":\"https:\/\/www.kosmetikfuchs.de\/magazin\/welches-shampoo-fuer-welchen-haartyp\/\",\"name\":\"Welches Shampoo f\u00fcr welchen Haartyp? - Kosmetikfuchs Magazin\",\"isPartOf\":{\"@id\":\"https:\/\/www.kosmetikfuchs.de\/magazin\/#website\"},\"primaryImageOfPage\":{\"@id\":\"https:\/\/www.kosmetikfuchs.de\/magazin\/welches-shampoo-fuer-welchen-haartyp\/#primaryimage\"},\"image\":{\"@id\":\"https:\/\/www.kosmetikfuchs.de\/magazin\/welches-shampoo-fuer-welchen-haartyp\/#primaryimage\"},\"thumbnailUrl\":\"https:\/\/www.kosmetikfuchs.de\/magazin\/wp-content\/uploads\/2022\/05\/Welches-Shampoo-fuer-welchen-Haartyp.jpg\",\"datePublished\":\"2022-05-11T08:00:20+00:00\",\"dateModified\":\"2026-02-11T10:50:08+00:00\",\"author\":{\"@id\":\"https:\/\/www.kosmetikfuchs.de\/magazin\/#\/schema\/person\/d74441dfe7021cf7301a89aa8423d147\"},\"description\":\"Welches Shampoo f\u00fcr welchen Haartyp? \u2013 Erfahren Sie im Kosmetikfuchs Magazin mehr \u00fcber Haarpflege von Marlies M\u00f6ller \u2714 KORRES \u2714 BABOR \u2714 Oliveda\",\"breadcrumb\":{\"@id\":\"https:\/\/www.kosmetikfuchs.de\/magazin\/welches-shampoo-fuer-welchen-haartyp\/#breadcrumb\"},\"inLanguage\":\"de\",\"potentialAction\":[{\"@type\":\"ReadAction\",\"target\":[\"https:\/\/www.kosmetikfuchs.de\/magazin\/welches-shampoo-fuer-welchen-haartyp\/\"]}]},{\"@type\":\"ImageObject\",\"inLanguage\":\"de\",\"@id\":\"https:\/\/www.kosmetikfuchs.de\/magazin\/welches-shampoo-fuer-welchen-haartyp\/#primaryimage\",\"url\":\"https:\/\/www.kosmetikfuchs.de\/magazin\/wp-content\/uploads\/2022\/05\/Welches-Shampoo-fuer-welchen-Haartyp.jpg\",\"contentUrl\":\"https:\/\/www.kosmetikfuchs.de\/magazin\/wp-content\/uploads\/2022\/05\/Welches-Shampoo-fuer-welchen-Haartyp.jpg\",\"width\":900,\"height\":601,\"caption\":\"\u00a9 yuichi2k \u2013 stock.adobe.com\"},{\"@type\":\"BreadcrumbList\",\"@id\":\"https:\/\/www.kosmetikfuchs.de\/magazin\/welches-shampoo-fuer-welchen-haartyp\/#breadcrumb\",\"itemListElement\":[{\"@type\":\"ListItem\",\"position\":1,\"name\":\"Startseite\",\"item\":\"https:\/\/www.kosmetikfuchs.de\/magazin\/\"},{\"@type\":\"ListItem\",\"position\":2,\"name\":\"Welches Shampoo f\u00fcr welchen Haartyp?\"}]},{\"@type\":\"WebSite\",\"@id\":\"https:\/\/www.kosmetikfuchs.de\/magazin\/#website\",\"url\":\"https:\/\/www.kosmetikfuchs.de\/magazin\/\",\"name\":\"Kosmetikfuchs Magazin\",\"description\":\"\",\"potentialAction\":[{\"@type\":\"SearchAction\",\"target\":{\"@type\":\"EntryPoint\",\"urlTemplate\":\"https:\/\/www.kosmetikfuchs.de\/magazin\/?s={search_term_string}\"},\"query-input\":\"required name=search_term_string\"}],\"inLanguage\":\"de\"},{\"@type\":\"Person\",\"@id\":\"https:\/\/www.kosmetikfuchs.de\/magazin\/#\/schema\/person\/d74441dfe7021cf7301a89aa8423d147\",\"name\":\"admin\",\"image\":{\"@type\":\"ImageObject\",\"inLanguage\":\"de\",\"@id\":\"https:\/\/www.kosmetikfuchs.de\/magazin\/#\/schema\/person\/image\/\",\"url\":\"https:\/\/secure.gravatar.com\/avatar\/a794a4fe8a9b9c52241597eb381dfa2e?s=96&d=mm&r=g\",\"contentUrl\":\"https:\/\/secure.gravatar.com\/avatar\/a794a4fe8a9b9c52241597eb381dfa2e?s=96&d=mm&r=g\",\"caption\":\"admin\"},\"url\":\"https:\/\/www.kosmetikfuchs.de\/magazin\/author\/321456\/\"}]}<\/script>\n<!-- \/ Yoast SEO plugin. -->","yoast_head_json":{"title":"Welches Shampoo f\u00fcr welchen Haartyp? - Kosmetikfuchs Magazin","description":"Welches Shampoo f\u00fcr welchen Haartyp? \u2013 Erfahren Sie im Kosmetikfuchs Magazin mehr \u00fcber Haarpflege von Marlies M\u00f6ller \u2714 KORRES \u2714 BABOR \u2714 Oliveda","robots":{"index":"index","follow":"follow","max-snippet":"max-snippet:-1","max-image-preview":"max-image-preview:large","max-video-preview":"max-video-preview:-1"},"canonical":"https:\/\/www.kosmetikfuchs.de\/magazin\/welches-shampoo-fuer-welchen-haartyp\/","og_locale":"de_DE","og_type":"article","og_title":"Welches Shampoo f\u00fcr welchen Haartyp? - Kosmetikfuchs Magazin","og_description":"Welches Shampoo f\u00fcr welchen Haartyp? \u2013 Erfahren Sie im Kosmetikfuchs Magazin mehr \u00fcber Haarpflege von Marlies M\u00f6ller \u2714 KORRES \u2714 BABOR \u2714 Oliveda","og_url":"https:\/\/www.kosmetikfuchs.de\/magazin\/welches-shampoo-fuer-welchen-haartyp\/","og_site_name":"Kosmetikfuchs Magazin","article_published_time":"2022-05-11T08:00:20+00:00","article_modified_time":"2026-02-11T10:50:08+00:00","og_image":[{"width":900,"height":601,"url":"https:\/\/www.kosmetikfuchs.de\/magazin\/wp-content\/uploads\/2022\/05\/Welches-Shampoo-fuer-welchen-Haartyp.jpg","type":"image\/jpeg"}],"author":"admin","twitter_card":"summary_large_image","twitter_misc":{"Verfasst von":"admin","Gesch\u00e4tzte Lesezeit":"9\u00a0Minuten"},"schema":{"@context":"https:\/\/schema.org","@graph":[{"@type":"WebPage","@id":"https:\/\/www.kosmetikfuchs.de\/magazin\/welches-shampoo-fuer-welchen-haartyp\/","url":"https:\/\/www.kosmetikfuchs.de\/magazin\/welches-shampoo-fuer-welchen-haartyp\/","name":"Welches Shampoo f\u00fcr welchen Haartyp? - Kosmetikfuchs Magazin","isPartOf":{"@id":"https:\/\/www.kosmetikfuchs.de\/magazin\/#website"},"primaryImageOfPage":{"@id":"https:\/\/www.kosmetikfuchs.de\/magazin\/welches-shampoo-fuer-welchen-haartyp\/#primaryimage"},"image":{"@id":"https:\/\/www.kosmetikfuchs.de\/magazin\/welches-shampoo-fuer-welchen-haartyp\/#primaryimage"},"thumbnailUrl":"https:\/\/www.kosmetikfuchs.de\/magazin\/wp-content\/uploads\/2022\/05\/Welches-Shampoo-fuer-welchen-Haartyp.jpg","datePublished":"2022-05-11T08:00:20+00:00","dateModified":"2026-02-11T10:50:08+00:00","author":{"@id":"https:\/\/www.kosmetikfuchs.de\/magazin\/#\/schema\/person\/d74441dfe7021cf7301a89aa8423d147"},"description":"Welches Shampoo f\u00fcr welchen Haartyp? \u2013 Erfahren Sie im Kosmetikfuchs Magazin mehr \u00fcber Haarpflege von Marlies M\u00f6ller \u2714 KORRES \u2714 BABOR \u2714 Oliveda","breadcrumb":{"@id":"https:\/\/www.kosmetikfuchs.de\/magazin\/welches-shampoo-fuer-welchen-haartyp\/#breadcrumb"},"inLanguage":"de","potentialAction":[{"@type":"ReadAction","target":["https:\/\/www.kosmetikfuchs.de\/magazin\/welches-shampoo-fuer-welchen-haartyp\/"]}]},{"@type":"ImageObject","inLanguage":"de","@id":"https:\/\/www.kosmetikfuchs.de\/magazin\/welches-shampoo-fuer-welchen-haartyp\/#primaryimage","url":"https:\/\/www.kosmetikfuchs.de\/magazin\/wp-content\/uploads\/2022\/05\/Welches-Shampoo-fuer-welchen-Haartyp.jpg","contentUrl":"https:\/\/www.kosmetikfuchs.de\/magazin\/wp-content\/uploads\/2022\/05\/Welches-Shampoo-fuer-welchen-Haartyp.jpg","width":900,"height":601,"caption":"\u00a9 yuichi2k \u2013 stock.adobe.com"},{"@type":"BreadcrumbList","@id":"https:\/\/www.kosmetikfuchs.de\/magazin\/welches-shampoo-fuer-welchen-haartyp\/#breadcrumb","itemListElement":[{"@type":"ListItem","position":1,"name":"Startseite","item":"https:\/\/www.kosmetikfuchs.de\/magazin\/"},{"@type":"ListItem","position":2,"name":"Welches Shampoo f\u00fcr welchen Haartyp?"}]},{"@type":"WebSite","@id":"https:\/\/www.kosmetikfuchs.de\/magazin\/#website","url":"https:\/\/www.kosmetikfuchs.de\/magazin\/","name":"Kosmetikfuchs Magazin","description":"","potentialAction":[{"@type":"SearchAction","target":{"@type":"EntryPoint","urlTemplate":"https:\/\/www.kosmetikfuchs.de\/magazin\/?s={search_term_string}"},"query-input":"required name=search_term_string"}],"inLanguage":"de"},{"@type":"Person","@id":"https:\/\/www.kosmetikfuchs.de\/magazin\/#\/schema\/person\/d74441dfe7021cf7301a89aa8423d147","name":"admin","image":{"@type":"ImageObject","inLanguage":"de","@id":"https:\/\/www.kosmetikfuchs.de\/magazin\/#\/schema\/person\/image\/","url":"https:\/\/secure.gravatar.com\/avatar\/a794a4fe8a9b9c52241597eb381dfa2e?s=96&d=mm&r=g","contentUrl":"https:\/\/secure.gravatar.com\/avatar\/a794a4fe8a9b9c52241597eb381dfa2e?s=96&d=mm&r=g","caption":"admin"},"url":"https:\/\/www.kosmetikfuchs.de\/magazin\/author\/321456\/"}]}},"_links":{"self":[{"href":"https:\/\/www.kosmetikfuchs.de\/magazin\/wp-json\/wp\/v2\/posts\/5986"}],"collection":[{"href":"https:\/\/www.kosmetikfuchs.de\/magazin\/wp-json\/wp\/v2\/posts"}],"about":[{"href":"https:\/\/www.kosmetikfuchs.de\/magazin\/wp-json\/wp\/v2\/types\/post"}],"author":[{"embeddable":true,"href":"https:\/\/www.kosmetikfuchs.de\/magazin\/wp-json\/wp\/v2\/users\/1"}],"replies":[{"embeddable":true,"href":"https:\/\/www.kosmetikfuchs.de\/magazin\/wp-json\/wp\/v2\/comments?post=5986"}],"version-history":[{"count":44,"href":"https:\/\/www.kosmetikfuchs.de\/magazin\/wp-json\/wp\/v2\/posts\/5986\/revisions"}],"predecessor-version":[{"id":9144,"href":"https:\/\/www.kosmetikfuchs.de\/magazin\/wp-json\/wp\/v2\/posts\/5986\/revisions\/9144"}],"wp:featuredmedia":[{"embeddable":true,"href":"https:\/\/www.kosmetikfuchs.de\/magazin\/wp-json\/wp\/v2\/media\/6029"}],"wp:attachment":[{"href":"https:\/\/www.kosmetikfuchs.de\/magazin\/wp-json\/wp\/v2\/media?parent=5986"}],"wp:term":[{"taxonomy":"category","embeddable":true,"href":"https:\/\/www.kosmetikfuchs.de\/magazin\/wp-json\/wp\/v2\/categories?post=5986"},{"taxonomy":"post_tag","embeddable":true,"href":"https:\/\/www.kosmetikfuchs.de\/magazin\/wp-json\/wp\/v2\/tags?post=5986"}],"curies":[{"name":"wp","href":"https:\/\/api.w.org\/{rel}","templated":true}]}}