{"id":5889,"date":"2022-04-22T10:00:39","date_gmt":"2022-04-22T08:00:39","guid":{"rendered":"https:\/\/www.kosmetikfuchs.de\/magazin\/?p=5889"},"modified":"2024-04-03T11:14:02","modified_gmt":"2024-04-03T09:14:02","slug":"acker-schachtelhalm-kosmetik","status":"publish","type":"post","link":"https:\/\/www.kosmetikfuchs.de\/magazin\/acker-schachtelhalm-kosmetik\/","title":{"rendered":"Acker-Schachtelhalm in der Kosmetik"},"content":{"rendered":"<h2>\u00ab Was leistet der Wirkstoff? \u00bb<\/h2>\n<p style=\"text-align: justify;\"><strong>Acker-Schachtelhalm ist eine Pflanzenart, die zur Gattung der Schachtelhalmgew\u00e4chse geh\u00f6rt. In der Naturkosmetik nimmt sie mittlerweile einen hohen Stellenwert ein. Aber was steckt hinter diesem pflanzlichen Inhaltsstoff? Und welche Wirkung entfaltet Ackerschachtelhalm in der Kosmetik? Erfahren Sie mehr.<\/strong><\/p>\n<h2>Grundlegende Fakten \u00fcber Acker-Schachtelhalm<\/h2>\n<p style=\"text-align: justify;\">Acker-Schachtelhalm (Equisetum arvense) ist noch unter vielen volkst\u00fcmlichen Namensbezeichnungen bekannt:<\/p>\n<ul>\n<li>Zinnkraut<\/li>\n<li>Zinngras<\/li>\n<li>Acker-Zinnkraut<\/li>\n<li>Katzenwedel<\/li>\n<li>Katzenschwanz<\/li>\n<li>Pferdeschwanz<\/li>\n<li>Scheuerkraut<\/li>\n<li>Schaftheu<\/li>\n<li>Pfannebutzer<\/li>\n<\/ul>\n<p style=\"text-align: justify;\">Die Pflanze aus der Gattung der Schachtelhalme innerhalb der Familie der Schachtelgew\u00e4chse ist vor allem auf der Nordhalbkugel zu finden. Vereinzelt kommt sie als Neophyt auch in S\u00fcdafrika, Neuseeland und Australien vor. Zur\u00fcckblicken kann das Gew\u00e4chs auf eine lange Geschichte als Zutat in der Naturheilkunde. Zunehmend wird Acker-Schachtelhalm auch in der Kosmetik verwendet. Aufzufinden ist er auf \u00c4ckern, an feucht-lehmigen Wiesenr\u00e4ndern sowie in B\u00f6schungen und Gr\u00e4ben.<\/p>\n<figure id=\"attachment_5916\" aria-describedby=\"caption-attachment-5916\" style=\"width: 900px\" class=\"wp-caption aligncenter\"><img loading=\"lazy\" decoding=\"async\" class=\"wp-image-5916 size-full\" title=\"Ackerschachtelhalm in der Natur\" src=\"https:\/\/www.kosmetikfuchs.de\/magazin\/wp-content\/uploads\/2022\/04\/Ackerschachtelhalm-in-der-Natur.jpg\" alt=\"Ackerschachtelhalm in der Natur\" width=\"900\" height=\"601\" srcset=\"https:\/\/www.kosmetikfuchs.de\/magazin\/wp-content\/uploads\/2022\/04\/Ackerschachtelhalm-in-der-Natur.jpg 900w, https:\/\/www.kosmetikfuchs.de\/magazin\/wp-content\/uploads\/2022\/04\/Ackerschachtelhalm-in-der-Natur-300x200.jpg 300w, https:\/\/www.kosmetikfuchs.de\/magazin\/wp-content\/uploads\/2022\/04\/Ackerschachtelhalm-in-der-Natur-768x513.jpg 768w\" sizes=\"(max-width: 900px) 100vw, 900px\" \/><figcaption id=\"caption-attachment-5916\" class=\"wp-caption-text\">\u00a9 aga7ta \u2013 stock.adobe.com<\/figcaption><\/figure>\n<h2>Woran erkennt man Acker-Schachtelhalm?<\/h2>\n<p style=\"text-align: justify;\">Acker-Schachtelhalm hat eine charakteristische Wuchsform. W\u00e4hrend die \u00c4ste in Quirlen angeordnet sind, sind die seitlichen Pflanzentriebe im Querschnitt sternf\u00f6rmig. Die Sprossen sind br\u00e4unlich gef\u00e4rbt, astlos und haben \u00c4hren. Der St\u00e4ngel ist gerippt und hohl.<\/p>\n<figure id=\"attachment_5914\" aria-describedby=\"caption-attachment-5914\" style=\"width: 900px\" class=\"wp-caption aligncenter\"><img loading=\"lazy\" decoding=\"async\" class=\"wp-image-5914 size-full\" title=\"Ackerschachtelhalm\" src=\"https:\/\/www.kosmetikfuchs.de\/magazin\/wp-content\/uploads\/2022\/04\/Ackerschachtelhalm.jpg\" alt=\"Ackerschachtelhalm\" width=\"900\" height=\"571\" srcset=\"https:\/\/www.kosmetikfuchs.de\/magazin\/wp-content\/uploads\/2022\/04\/Ackerschachtelhalm.jpg 900w, https:\/\/www.kosmetikfuchs.de\/magazin\/wp-content\/uploads\/2022\/04\/Ackerschachtelhalm-300x190.jpg 300w, https:\/\/www.kosmetikfuchs.de\/magazin\/wp-content\/uploads\/2022\/04\/Ackerschachtelhalm-768x487.jpg 768w\" sizes=\"(max-width: 900px) 100vw, 900px\" \/><figcaption id=\"caption-attachment-5914\" class=\"wp-caption-text\">\u00a9 Ruckszio \u2013 stock.adobe.com<\/figcaption><\/figure>\n<h2>Was steckt drinnen?<\/h2>\n<p style=\"text-align: justify;\">In Zinnkraut stecken viele wertvolle Pflanzenstoffe:<\/p>\n<ul>\n<li>Kiesels\u00e4ure<\/li>\n<li>Flavonoide<\/li>\n<li>Glucoside<\/li>\n<li>Pyridinalkaloide<\/li>\n<\/ul>\n<p style=\"text-align: justify;\">Dar\u00fcber hinaus finden sich in der Pflanze wertvolle Mineralstoffe wie<\/p>\n<ul>\n<li>Kalzium<\/li>\n<li>Kalium<\/li>\n<li>Eisen<\/li>\n<li>Magnesium<\/li>\n<\/ul>\n<p style=\"text-align: justify;\">Die Wirkstoffextrakte werden nur aus den Sommertrieben verwendet, wo sie sich voll entfaltet haben. Vor allem der enthaltene Anteil an Kiesels\u00e4ure ist nennenswert. Kiesels\u00e4ure ist ein gek\u00f6rntes, wei\u00dfliches Mineral, das im Grunde \u00fcberall auf der Erde vorkommt. Es wird f\u00fcr den Bindegewebeaufbau sowie f\u00fcr den gesunden Aufbau von Sehnen, B\u00e4ndern, Knochen, Z\u00e4hnen, Haut, N\u00e4geln und Haaren ben\u00f6tigt.<\/p>\n<div class=\"box success  \"><div class=\"box-inner-block\"><i class=\"fa tie-shortcode-boxicon\"><\/i>\n\t\t\tEbenfalls wichtig: Saponine und Flavonoide. Diese Stoffe st\u00e4rken das Immunsystem und wirken antientz\u00fcndlich. Im Komplex mit anderen Inhaltsstoffen wirken Flavonoide zudem harntreibend.\n\t\t\t<\/div><\/div>\n<p style=\"text-align: justify;\">Sie geh\u00f6ren \u00e4hnlich wie Vitamin C und Vitamin E zu den Antioxidantien, die den Zellen einen umfassenden Schutz vor sch\u00e4dlichen freien Radikalen, oxidativem Stress und fr\u00fchzeitiger Alterung bieten. Die Wirkstoffkomplexe machen sich renommierte Kosmetikmarken wie <a href=\"https:\/\/www.kosmetikfuchs.de\/brands\/dr-hauschka\/products\">Dr. Hauschka<\/a>, <a href=\"https:\/\/www.kosmetikfuchs.de\/brands\/hildegard-braukmann\/products\">Hildegard Braukmann<\/a> oder <a href=\"https:\/\/www.kosmetikfuchs.de\/brands\/dr-spiller\/products\">Dr. Spiller<\/a> zunutze.<\/p>\n<h2>Die Wirkung von Acker-Schachtelhalm in Kosmetik f\u00fcr Hautstraffung<\/h2>\n<p style=\"text-align: justify;\">Sehr viele Pflegeprodukte setzen auf die Kraft des Acker-Schachtelhalms, vor allem im Bereich der Naturkosmetik. In der Kosmetik sorgt er f\u00fcr sch\u00f6nere Haare, eine gesunde Haut und rundum gepflegte, starke N\u00e4gel.<\/p>\n<figure id=\"attachment_5922\" aria-describedby=\"caption-attachment-5922\" style=\"width: 900px\" class=\"wp-caption aligncenter\"><img loading=\"lazy\" decoding=\"async\" class=\"wp-image-5922 size-full\" title=\"Acker-Schachtelhalm wirkt durch seine Inhaltsstoffe hautstraffend\" src=\"https:\/\/www.kosmetikfuchs.de\/magazin\/wp-content\/uploads\/2022\/04\/Acker-Schachtelhalm-in-der-Kosmetik-hautstraffend.jpg\" alt=\"Acker-Schachtelhalm in der Kosmetik hautstraffend\" width=\"900\" height=\"600\" srcset=\"https:\/\/www.kosmetikfuchs.de\/magazin\/wp-content\/uploads\/2022\/04\/Acker-Schachtelhalm-in-der-Kosmetik-hautstraffend.jpg 900w, https:\/\/www.kosmetikfuchs.de\/magazin\/wp-content\/uploads\/2022\/04\/Acker-Schachtelhalm-in-der-Kosmetik-hautstraffend-300x200.jpg 300w, https:\/\/www.kosmetikfuchs.de\/magazin\/wp-content\/uploads\/2022\/04\/Acker-Schachtelhalm-in-der-Kosmetik-hautstraffend-768x512.jpg 768w\" sizes=\"(max-width: 900px) 100vw, 900px\" \/><figcaption id=\"caption-attachment-5922\" class=\"wp-caption-text\">\u00a9 iceteastock \u2013 stock.adobe.com<\/figcaption><\/figure>\n<p style=\"text-align: justify;\">Auch in der kosmetischen Pflege zur Bindegewebestraffung ist Zinnkraut sehr wichtig. Insbesondere ein pflanzlicher Inhaltsstoff r\u00fcckt dabei wieder in den Fokus: n\u00e4mlich die Kiesels\u00e4ure. Dieser Wirkstoff f\u00f6rdert die Durchblutung des Gewebes und st\u00e4rkt zugleich die Blutgef\u00e4\u00dfe. Auf diese Weise verbessert er die Hautelastizit\u00e4t nachhaltig und mindert Orangenhaut. Es ergibt sich also ein Anti-Cellulite-Wirkung.<\/p>\n<h3>Straffende Pflegeprodukte mit Acker-Schachtelhalm: Kosmetik-Tipps<\/h3>\n<p style=\"text-align: justify;\">Auf diese straffende und festigende Wirkung setzt der <a href=\"https:\/\/www.kosmetikfuchs.de\/4345\/dr.-hauschka\/regenerations-koerperbalsam-150ml\">regenerative K\u00f6rperbalsam von Dr. Hauschka<\/a>, der mit kieselhaltigem Acker-Schachtelhalm die Formkraft und Elastizit\u00e4t der Haut bewahrt. Ideal f\u00fcr reife und anspruchsvolle Haut.<\/p>\n<p><a href=\"https:\/\/www.kosmetikfuchs.de\/4345\/dr.-hauschka\/regenerations-koerperbalsam-150ml\"><img loading=\"lazy\" decoding=\"async\" class=\"aligncenter wp-image-5912 size-full\" title=\"Regenerations K\u00f6rperbalsam von Dr. Hauschka | kieselhaltiger Ackerschachtelhalm unterst\u00fctzt die Formkraft der Haut\" src=\"https:\/\/www.kosmetikfuchs.de\/magazin\/wp-content\/uploads\/2022\/04\/dr-hauschka-regenerations-koerperbalsam-150ml.jpg\" alt=\"dr-hauschka-regenerations-koerperbalsam-150ml\" width=\"500\" height=\"460\" srcset=\"https:\/\/www.kosmetikfuchs.de\/magazin\/wp-content\/uploads\/2022\/04\/dr-hauschka-regenerations-koerperbalsam-150ml.jpg 500w, https:\/\/www.kosmetikfuchs.de\/magazin\/wp-content\/uploads\/2022\/04\/dr-hauschka-regenerations-koerperbalsam-150ml-300x276.jpg 300w\" sizes=\"(max-width: 500px) 100vw, 500px\" \/><\/a><\/p>\n<p style=\"text-align: justify;\">Wer es lieber frisch, spritzig und lebendig mag, sollte unbedingt die <a href=\"https:\/\/www.kosmetikfuchs.de\/9587\/dr.-hauschka\/zitronen-lemongrass-koerpermilch-145ml\">Zitronen-Lemongrass-K\u00f6rpermilch<\/a> mit Schachtelhalm-Ausz\u00fcgen von Dr. Hauschka probieren.<\/p>\n<p><a href=\"https:\/\/www.kosmetikfuchs.de\/9587\/dr.-hauschka\/zitronen-lemongrass-koerpermilch-145ml\"><img loading=\"lazy\" decoding=\"async\" class=\"aligncenter wp-image-5910 size-full\" title=\"Zitronen Lemongrass K\u00f6rpermilch von Dr. Hauschka | mit strukturgebendem Ackerschachtelhalm\" src=\"https:\/\/www.kosmetikfuchs.de\/magazin\/wp-content\/uploads\/2022\/04\/dr-hauschka-zitronen-lemongrass-koerpermilch-145ml.jpg\" alt=\"dr-hauschka-zitronen-lemongrass-koerpermilch-145ml\" width=\"500\" height=\"410\" srcset=\"https:\/\/www.kosmetikfuchs.de\/magazin\/wp-content\/uploads\/2022\/04\/dr-hauschka-zitronen-lemongrass-koerpermilch-145ml.jpg 500w, https:\/\/www.kosmetikfuchs.de\/magazin\/wp-content\/uploads\/2022\/04\/dr-hauschka-zitronen-lemongrass-koerpermilch-145ml-300x246.jpg 300w\" sizes=\"(max-width: 500px) 100vw, 500px\" \/><\/a><\/p>\n<p style=\"text-align: justify;\">Auch die regenerative <a href=\"https:\/\/www.kosmetikfuchs.de\/4368\/dr.-hauschka\/regeneration-hals-und-dekolletecreme-40ml\">Hals- und Dekollet\u00e9-Creme von Dr. Hauschka<\/a> ist eine einzigartige Spezialkosmetik f\u00fcr anspruchsvolle Hauttypen.<\/p>\n<p><a href=\"https:\/\/www.kosmetikfuchs.de\/4368\/dr.-hauschka\/regeneration-hals-und-dekolletecreme-40ml\"><img loading=\"lazy\" decoding=\"async\" class=\"aligncenter wp-image-5907 size-full\" title=\"Regeneration Hals- und Dekolletecreme von Dr. Hauschka | mit kieselhaltigem Ackerschachtelhalm\" src=\"https:\/\/www.kosmetikfuchs.de\/magazin\/wp-content\/uploads\/2022\/04\/dr-hauschka-regeneration-hals-und-dekolletecreme-40ml.jpg\" alt=\"dr-hauschka-regeneration-hals-und-dekolletecreme-40ml acker-schachtelhalm\" width=\"500\" height=\"450\" srcset=\"https:\/\/www.kosmetikfuchs.de\/magazin\/wp-content\/uploads\/2022\/04\/dr-hauschka-regeneration-hals-und-dekolletecreme-40ml.jpg 500w, https:\/\/www.kosmetikfuchs.de\/magazin\/wp-content\/uploads\/2022\/04\/dr-hauschka-regeneration-hals-und-dekolletecreme-40ml-300x270.jpg 300w\" sizes=\"(max-width: 500px) 100vw, 500px\" \/><\/a><\/p>\n<p style=\"text-align: justify;\">Sie st\u00fctzt sich ebenfalls auf kostbare Naturinhaltsstoffe wie Rotklee, Eibisch- und Birkenbl\u00e4tter sowie Schachtelhalm f\u00fcr ein unvergleichliches Hautgef\u00fchl.<\/p>\n<h2>Entz\u00fcndungshemmende Wirkung<\/h2>\n<p style=\"text-align: justify;\">Schachtelhalm-Pflegeprodukte befreien das Bindegewebe auch von Schlacken und reinigen es somit von innen heraus. Dar\u00fcber hinaus wirkt die Kosmetik entz\u00fcndungshemmend und adstringierend. Das verhilft zu einem sch\u00f6neren sowie reineren Hauterscheinungsbild und bringt vor allem bei Ekzemen und Akne gute Sch\u00f6nheitsergebnisse hervor.<\/p>\n<h3>Tipps f\u00fcr passende Kosmetikprodukte<\/h3>\n<p style=\"text-align: justify;\">Die <a href=\"https:\/\/www.kosmetikfuchs.de\/1646\/dr.-hauschka\/regeneration-tagescreme-40ml\">Regeneration Tagescreme von Dr. Hauschka<\/a> sorgt mit wertvollen inhaltlichen Bestandteilen wie Rotklee, Acerola, Rosenbl\u00fcten, Himbeersamen-\u00d6l, Zinnkraut sowie Sheabutter f\u00fcr ein einzigartig zartes und glattes Hautgef\u00fchl.<\/p>\n<p><a href=\"https:\/\/www.kosmetikfuchs.de\/1646\/dr.-hauschka\/regeneration-tagescreme-40ml\"><img loading=\"lazy\" decoding=\"async\" class=\"aligncenter wp-image-5905 size-full\" title=\"Regeneration Tagescreme von Dr. Hauschka | mit Ackerschachtelhalm\" src=\"https:\/\/www.kosmetikfuchs.de\/magazin\/wp-content\/uploads\/2022\/04\/dr-hauschka-regeneration-tagescreme-40ml.jpg\" alt=\"dr-hauschka-regeneration-tagescreme-40ml acker-schachtelhalm\" width=\"500\" height=\"450\" srcset=\"https:\/\/www.kosmetikfuchs.de\/magazin\/wp-content\/uploads\/2022\/04\/dr-hauschka-regeneration-tagescreme-40ml.jpg 500w, https:\/\/www.kosmetikfuchs.de\/magazin\/wp-content\/uploads\/2022\/04\/dr-hauschka-regeneration-tagescreme-40ml-300x270.jpg 300w\" sizes=\"(max-width: 500px) 100vw, 500px\" \/><\/a><\/p>\n<p style=\"text-align: justify;\">In dieser Kosmetik stecken erlesene Natursch\u00e4tze, die vereint die volle regenerative Kraft f\u00fcr Ihre Haut entfalten. Auch bei schlecht heilenden Wunden oder bei Hautjuckreiz wird die Pflege mit Schachtelhalm empfohlen. Das bekannte Kosmetikunternehmen Hildegard Braukmann setzt sogar in der Deo-Pflege darauf.<\/p>\n<p><a href=\"https:\/\/www.kosmetikfuchs.de\/9883\/hildegard-braukmann\/solution-deo-pure-75ml\"><img loading=\"lazy\" decoding=\"async\" class=\"aligncenter wp-image-5901 size-full\" title=\"Solution Deo Pure Roll on von HILDEGARD BRAUKMANN | Aktivstoff-Komplex aus Salbei &amp; Acker-Schachtelhalm\" src=\"https:\/\/www.kosmetikfuchs.de\/magazin\/wp-content\/uploads\/2022\/04\/hildegard-braukmann-solution-deo-pure-roll-on-75ml.jpg\" alt=\"hildegard-braukmann-solution-deo-pure-roll-on-75ml acker-schachtelhalm\" width=\"500\" height=\"460\" srcset=\"https:\/\/www.kosmetikfuchs.de\/magazin\/wp-content\/uploads\/2022\/04\/hildegard-braukmann-solution-deo-pure-roll-on-75ml.jpg 500w, https:\/\/www.kosmetikfuchs.de\/magazin\/wp-content\/uploads\/2022\/04\/hildegard-braukmann-solution-deo-pure-roll-on-75ml-300x276.jpg 300w\" sizes=\"(max-width: 500px) 100vw, 500px\" \/><\/a><\/p>\n<p style=\"text-align: justify;\">Der Deo-Aktivstoff-Komplex aus Acker-Schachtelhalm und Salbei bek\u00e4mpft im <a href=\"https:\/\/www.kosmetikfuchs.de\/9883\/hildegard-braukmann\/solution-deo-pure-75ml\">Solution Deo Pure Roll on<\/a> zuverl\u00e4ssig unangenehme K\u00f6rperger\u00fcche, ohne die nat\u00fcrliche Funktion der Schwei\u00dfdr\u00fcsen zu beeintr\u00e4chtigen.<\/p>\n<h2>Verwendung in der Haarpflege<\/h2>\n<p style=\"text-align: justify;\">Haare brauchen jeden Tag eine Menge Vitalstoffe, Vitamine und Mineralstoffe. Neben vielen haarwuchsf\u00f6rdernden Stoffen spielt auch hier Kiesels\u00e4ure wieder eine zentrale Rolle. Sie wirkt nicht nur entz\u00fcndungshemmend, sondern sorgt auch f\u00fcr eine ausgewogene Flora auf der Kopfhaut. Die in Acker-Schachtelhalm enthaltenen Flavonoide st\u00e4rken zudem die Haarfasern und beugen somit Haarverlust vor. Durch die verbesserte Durchblutung der Kopfhaut k\u00f6nnen Haarwurzelsch\u00e4den vermieden werden und die Haare sind gesund, gl\u00e4nzend und kraftvoll.<\/p>\n<p><a href=\"https:\/\/www.kosmetikfuchs.de\/10929\/dr.-spiller\/haar-aktiv-tonikum-200ml\"><img loading=\"lazy\" decoding=\"async\" class=\"aligncenter wp-image-5897 size-full\" title=\"Haar Aktiv Tonikum von Dr. Spiller | reguliert die Mikroflora der Kopfhaut\" src=\"https:\/\/www.kosmetikfuchs.de\/magazin\/wp-content\/uploads\/2022\/04\/dr-spiller-haar-aktiv-tonikum-200ml.jpg\" alt=\"dr-spiller-haar-aktiv-tonikum-200ml\" width=\"500\" height=\"450\" srcset=\"https:\/\/www.kosmetikfuchs.de\/magazin\/wp-content\/uploads\/2022\/04\/dr-spiller-haar-aktiv-tonikum-200ml.jpg 500w, https:\/\/www.kosmetikfuchs.de\/magazin\/wp-content\/uploads\/2022\/04\/dr-spiller-haar-aktiv-tonikum-200ml-300x270.jpg 300w\" sizes=\"(max-width: 500px) 100vw, 500px\" \/><\/a><\/p>\n<p style=\"text-align: justify;\">Das <a href=\"https:\/\/www.kosmetikfuchs.de\/10929\/dr.-spiller\/haar-aktiv-tonikum-200ml\">Haar-Aktiv-Tonikum von Dr. Spiller<\/a> reguliert mit einem kostbaren Kr\u00e4uter-Komplex die Durchblutung der Kopfhaut, mildert auf diese Weise unangenehme Reizungen und f\u00f6rdert gesundes Haarwachstum.<\/p>\n<h2>Zinnkraut f\u00fcr eine strahlend sch\u00f6ne Augenpartie<\/h2>\n<p style=\"text-align: justify;\">Acker-Schachtelhalm zeigt nicht nur f\u00fcr Haare, N\u00e4gel und Bindegewebe einzigartige Sch\u00f6nheitsergebnisse, sondern bringt auch die Augenpartie zum Strahlen. Auf diesen Sch\u00f6nheitseffekt setzt das Kosmetikunternehmen Dr. Hauschka in seiner <a href=\"https:\/\/www.kosmetikfuchs.de\/3410\/dr.-hauschka\/regeneration-augencreme-15-ml\">Regeneration Augencreme<\/a>.<\/p>\n<p><a href=\"https:\/\/www.kosmetikfuchs.de\/3410\/dr.-hauschka\/regeneration-augencreme-15-ml\"><img loading=\"lazy\" decoding=\"async\" class=\"aligncenter wp-image-5894 size-full\" title=\"Regeneration Augencreme von Dr. Hauschka | mit kieselhaltigem Ackerschachtelhalm\" src=\"https:\/\/www.kosmetikfuchs.de\/magazin\/wp-content\/uploads\/2022\/04\/dr-hauschka-regeneration-augencreme-15ml.jpg\" alt=\"dr-hauschka-regeneration-augencreme-15ml acker-schachtelhalm\" width=\"500\" height=\"440\" srcset=\"https:\/\/www.kosmetikfuchs.de\/magazin\/wp-content\/uploads\/2022\/04\/dr-hauschka-regeneration-augencreme-15ml.jpg 500w, https:\/\/www.kosmetikfuchs.de\/magazin\/wp-content\/uploads\/2022\/04\/dr-hauschka-regeneration-augencreme-15ml-300x264.jpg 300w\" sizes=\"(max-width: 500px) 100vw, 500px\" \/><\/a><\/p>\n<p style=\"text-align: justify;\">Diese Kosmetik pflegt die Augenpartie mit hochwertigem Borretschsamen-\u00d6l, isoflavonreichem Rotklee und Zinnkraut. Sie versorgt die zarte Haut um die Augen herum sp\u00fcrbar mit Feuchtigkeit und gl\u00e4ttet sie.<\/p>\n","protected":false},"excerpt":{"rendered":"<p>\u00ab Was leistet der Wirkstoff? \u00bb Acker-Schachtelhalm ist eine Pflanzenart, die zur Gattung der Schachtelhalmgew\u00e4chse geh\u00f6rt. In der Naturkosmetik nimmt sie mittlerweile einen hohen Stellenwert ein. Aber was steckt hinter diesem pflanzlichen Inhaltsstoff? Und welche Wirkung entfaltet Ackerschachtelhalm in der Kosmetik? Erfahren Sie mehr. Grundlegende Fakten \u00fcber Acker-Schachtelhalm Acker-Schachtelhalm (Equisetum arvense) ist noch unter vielen &hellip;<\/p>\n","protected":false},"author":1,"featured_media":5918,"comment_status":"closed","ping_status":"open","sticky":false,"template":"","format":"standard","meta":{"footnotes":""},"categories":[594,1],"tags":[878,882,165,886,531,23,52,887,417,249,885,21,880,879,51,881,783,859,883,25,638,82,263,525,884,199,170,888,639,719,889],"yoast_head":"<!-- This site is optimized with the Yoast SEO plugin v22.3 - https:\/\/yoast.com\/wordpress\/plugins\/seo\/ -->\n<title>Acker-Schachtelhalm in der Kosmetik - Kosmetikfuchs Magazin<\/title>\n<meta name=\"description\" content=\"Alles \u00fcber Acker-Schachtelhalm in der Kosmetik erfahren Sie im Kosmetikfuchs Magazin! \u2013 Kosmetik von Dr. Spiller \u2714 Dr. Hauschka \u2714 Hildegard Braukmann.\" \/>\n<meta name=\"robots\" content=\"index, follow, max-snippet:-1, max-image-preview:large, max-video-preview:-1\" \/>\n<link rel=\"canonical\" href=\"https:\/\/www.kosmetikfuchs.de\/magazin\/acker-schachtelhalm-kosmetik\/\" \/>\n<meta property=\"og:locale\" content=\"de_DE\" \/>\n<meta property=\"og:type\" content=\"article\" \/>\n<meta property=\"og:title\" content=\"Acker-Schachtelhalm in der Kosmetik - Kosmetikfuchs Magazin\" \/>\n<meta property=\"og:description\" content=\"Alles \u00fcber Acker-Schachtelhalm in der Kosmetik erfahren Sie im Kosmetikfuchs Magazin! \u2013 Kosmetik von Dr. Spiller \u2714 Dr. Hauschka \u2714 Hildegard Braukmann.\" \/>\n<meta property=\"og:url\" content=\"https:\/\/www.kosmetikfuchs.de\/magazin\/acker-schachtelhalm-kosmetik\/\" \/>\n<meta property=\"og:site_name\" content=\"Kosmetikfuchs Magazin\" \/>\n<meta property=\"article:published_time\" content=\"2022-04-22T08:00:39+00:00\" \/>\n<meta property=\"article:modified_time\" content=\"2024-04-03T09:14:02+00:00\" \/>\n<meta property=\"og:image\" content=\"https:\/\/www.kosmetikfuchs.de\/magazin\/wp-content\/uploads\/2022\/04\/Acker-Schachtelhalm-in-der-Kosmetik.jpg\" \/>\n\t<meta property=\"og:image:width\" content=\"900\" \/>\n\t<meta property=\"og:image:height\" content=\"562\" \/>\n\t<meta property=\"og:image:type\" content=\"image\/jpeg\" \/>\n<meta name=\"author\" content=\"admin\" \/>\n<meta name=\"twitter:card\" content=\"summary_large_image\" \/>\n<meta name=\"twitter:label1\" content=\"Verfasst von\" \/>\n\t<meta name=\"twitter:data1\" content=\"admin\" \/>\n\t<meta name=\"twitter:label2\" content=\"Gesch\u00e4tzte Lesezeit\" \/>\n\t<meta name=\"twitter:data2\" content=\"7\u00a0Minuten\" \/>\n<script type=\"application\/ld+json\" class=\"yoast-schema-graph\">{\"@context\":\"https:\/\/schema.org\",\"@graph\":[{\"@type\":\"WebPage\",\"@id\":\"https:\/\/www.kosmetikfuchs.de\/magazin\/acker-schachtelhalm-kosmetik\/\",\"url\":\"https:\/\/www.kosmetikfuchs.de\/magazin\/acker-schachtelhalm-kosmetik\/\",\"name\":\"Acker-Schachtelhalm in der Kosmetik - Kosmetikfuchs Magazin\",\"isPartOf\":{\"@id\":\"https:\/\/www.kosmetikfuchs.de\/magazin\/#website\"},\"primaryImageOfPage\":{\"@id\":\"https:\/\/www.kosmetikfuchs.de\/magazin\/acker-schachtelhalm-kosmetik\/#primaryimage\"},\"image\":{\"@id\":\"https:\/\/www.kosmetikfuchs.de\/magazin\/acker-schachtelhalm-kosmetik\/#primaryimage\"},\"thumbnailUrl\":\"https:\/\/www.kosmetikfuchs.de\/magazin\/wp-content\/uploads\/2022\/04\/Acker-Schachtelhalm-in-der-Kosmetik.jpg\",\"datePublished\":\"2022-04-22T08:00:39+00:00\",\"dateModified\":\"2024-04-03T09:14:02+00:00\",\"author\":{\"@id\":\"https:\/\/www.kosmetikfuchs.de\/magazin\/#\/schema\/person\/d74441dfe7021cf7301a89aa8423d147\"},\"description\":\"Alles \u00fcber Acker-Schachtelhalm in der Kosmetik erfahren Sie im Kosmetikfuchs Magazin! \u2013 Kosmetik von Dr. Spiller \u2714 Dr. Hauschka \u2714 Hildegard Braukmann.\",\"breadcrumb\":{\"@id\":\"https:\/\/www.kosmetikfuchs.de\/magazin\/acker-schachtelhalm-kosmetik\/#breadcrumb\"},\"inLanguage\":\"de\",\"potentialAction\":[{\"@type\":\"ReadAction\",\"target\":[\"https:\/\/www.kosmetikfuchs.de\/magazin\/acker-schachtelhalm-kosmetik\/\"]}]},{\"@type\":\"ImageObject\",\"inLanguage\":\"de\",\"@id\":\"https:\/\/www.kosmetikfuchs.de\/magazin\/acker-schachtelhalm-kosmetik\/#primaryimage\",\"url\":\"https:\/\/www.kosmetikfuchs.de\/magazin\/wp-content\/uploads\/2022\/04\/Acker-Schachtelhalm-in-der-Kosmetik.jpg\",\"contentUrl\":\"https:\/\/www.kosmetikfuchs.de\/magazin\/wp-content\/uploads\/2022\/04\/Acker-Schachtelhalm-in-der-Kosmetik.jpg\",\"width\":900,\"height\":562,\"caption\":\"\u00a9 Cora M\u00fcller \u2013 stock.adobe.com\"},{\"@type\":\"BreadcrumbList\",\"@id\":\"https:\/\/www.kosmetikfuchs.de\/magazin\/acker-schachtelhalm-kosmetik\/#breadcrumb\",\"itemListElement\":[{\"@type\":\"ListItem\",\"position\":1,\"name\":\"Startseite\",\"item\":\"https:\/\/www.kosmetikfuchs.de\/magazin\/\"},{\"@type\":\"ListItem\",\"position\":2,\"name\":\"Acker-Schachtelhalm in der Kosmetik\"}]},{\"@type\":\"WebSite\",\"@id\":\"https:\/\/www.kosmetikfuchs.de\/magazin\/#website\",\"url\":\"https:\/\/www.kosmetikfuchs.de\/magazin\/\",\"name\":\"Kosmetikfuchs Magazin\",\"description\":\"\",\"potentialAction\":[{\"@type\":\"SearchAction\",\"target\":{\"@type\":\"EntryPoint\",\"urlTemplate\":\"https:\/\/www.kosmetikfuchs.de\/magazin\/?s={search_term_string}\"},\"query-input\":\"required name=search_term_string\"}],\"inLanguage\":\"de\"},{\"@type\":\"Person\",\"@id\":\"https:\/\/www.kosmetikfuchs.de\/magazin\/#\/schema\/person\/d74441dfe7021cf7301a89aa8423d147\",\"name\":\"admin\",\"image\":{\"@type\":\"ImageObject\",\"inLanguage\":\"de\",\"@id\":\"https:\/\/www.kosmetikfuchs.de\/magazin\/#\/schema\/person\/image\/\",\"url\":\"https:\/\/secure.gravatar.com\/avatar\/a794a4fe8a9b9c52241597eb381dfa2e?s=96&d=mm&r=g\",\"contentUrl\":\"https:\/\/secure.gravatar.com\/avatar\/a794a4fe8a9b9c52241597eb381dfa2e?s=96&d=mm&r=g\",\"caption\":\"admin\"},\"url\":\"https:\/\/www.kosmetikfuchs.de\/magazin\/author\/321456\/\"}]}<\/script>\n<!-- \/ Yoast SEO plugin. -->","yoast_head_json":{"title":"Acker-Schachtelhalm in der Kosmetik - Kosmetikfuchs Magazin","description":"Alles \u00fcber Acker-Schachtelhalm in der Kosmetik erfahren Sie im Kosmetikfuchs Magazin! \u2013 Kosmetik von Dr. Spiller \u2714 Dr. Hauschka \u2714 Hildegard Braukmann.","robots":{"index":"index","follow":"follow","max-snippet":"max-snippet:-1","max-image-preview":"max-image-preview:large","max-video-preview":"max-video-preview:-1"},"canonical":"https:\/\/www.kosmetikfuchs.de\/magazin\/acker-schachtelhalm-kosmetik\/","og_locale":"de_DE","og_type":"article","og_title":"Acker-Schachtelhalm in der Kosmetik - Kosmetikfuchs Magazin","og_description":"Alles \u00fcber Acker-Schachtelhalm in der Kosmetik erfahren Sie im Kosmetikfuchs Magazin! \u2013 Kosmetik von Dr. Spiller \u2714 Dr. Hauschka \u2714 Hildegard Braukmann.","og_url":"https:\/\/www.kosmetikfuchs.de\/magazin\/acker-schachtelhalm-kosmetik\/","og_site_name":"Kosmetikfuchs Magazin","article_published_time":"2022-04-22T08:00:39+00:00","article_modified_time":"2024-04-03T09:14:02+00:00","og_image":[{"width":900,"height":562,"url":"https:\/\/www.kosmetikfuchs.de\/magazin\/wp-content\/uploads\/2022\/04\/Acker-Schachtelhalm-in-der-Kosmetik.jpg","type":"image\/jpeg"}],"author":"admin","twitter_card":"summary_large_image","twitter_misc":{"Verfasst von":"admin","Gesch\u00e4tzte Lesezeit":"7\u00a0Minuten"},"schema":{"@context":"https:\/\/schema.org","@graph":[{"@type":"WebPage","@id":"https:\/\/www.kosmetikfuchs.de\/magazin\/acker-schachtelhalm-kosmetik\/","url":"https:\/\/www.kosmetikfuchs.de\/magazin\/acker-schachtelhalm-kosmetik\/","name":"Acker-Schachtelhalm in der Kosmetik - Kosmetikfuchs Magazin","isPartOf":{"@id":"https:\/\/www.kosmetikfuchs.de\/magazin\/#website"},"primaryImageOfPage":{"@id":"https:\/\/www.kosmetikfuchs.de\/magazin\/acker-schachtelhalm-kosmetik\/#primaryimage"},"image":{"@id":"https:\/\/www.kosmetikfuchs.de\/magazin\/acker-schachtelhalm-kosmetik\/#primaryimage"},"thumbnailUrl":"https:\/\/www.kosmetikfuchs.de\/magazin\/wp-content\/uploads\/2022\/04\/Acker-Schachtelhalm-in-der-Kosmetik.jpg","datePublished":"2022-04-22T08:00:39+00:00","dateModified":"2024-04-03T09:14:02+00:00","author":{"@id":"https:\/\/www.kosmetikfuchs.de\/magazin\/#\/schema\/person\/d74441dfe7021cf7301a89aa8423d147"},"description":"Alles \u00fcber Acker-Schachtelhalm in der Kosmetik erfahren Sie im Kosmetikfuchs Magazin! \u2013 Kosmetik von Dr. Spiller \u2714 Dr. Hauschka \u2714 Hildegard Braukmann.","breadcrumb":{"@id":"https:\/\/www.kosmetikfuchs.de\/magazin\/acker-schachtelhalm-kosmetik\/#breadcrumb"},"inLanguage":"de","potentialAction":[{"@type":"ReadAction","target":["https:\/\/www.kosmetikfuchs.de\/magazin\/acker-schachtelhalm-kosmetik\/"]}]},{"@type":"ImageObject","inLanguage":"de","@id":"https:\/\/www.kosmetikfuchs.de\/magazin\/acker-schachtelhalm-kosmetik\/#primaryimage","url":"https:\/\/www.kosmetikfuchs.de\/magazin\/wp-content\/uploads\/2022\/04\/Acker-Schachtelhalm-in-der-Kosmetik.jpg","contentUrl":"https:\/\/www.kosmetikfuchs.de\/magazin\/wp-content\/uploads\/2022\/04\/Acker-Schachtelhalm-in-der-Kosmetik.jpg","width":900,"height":562,"caption":"\u00a9 Cora M\u00fcller \u2013 stock.adobe.com"},{"@type":"BreadcrumbList","@id":"https:\/\/www.kosmetikfuchs.de\/magazin\/acker-schachtelhalm-kosmetik\/#breadcrumb","itemListElement":[{"@type":"ListItem","position":1,"name":"Startseite","item":"https:\/\/www.kosmetikfuchs.de\/magazin\/"},{"@type":"ListItem","position":2,"name":"Acker-Schachtelhalm in der Kosmetik"}]},{"@type":"WebSite","@id":"https:\/\/www.kosmetikfuchs.de\/magazin\/#website","url":"https:\/\/www.kosmetikfuchs.de\/magazin\/","name":"Kosmetikfuchs Magazin","description":"","potentialAction":[{"@type":"SearchAction","target":{"@type":"EntryPoint","urlTemplate":"https:\/\/www.kosmetikfuchs.de\/magazin\/?s={search_term_string}"},"query-input":"required name=search_term_string"}],"inLanguage":"de"},{"@type":"Person","@id":"https:\/\/www.kosmetikfuchs.de\/magazin\/#\/schema\/person\/d74441dfe7021cf7301a89aa8423d147","name":"admin","image":{"@type":"ImageObject","inLanguage":"de","@id":"https:\/\/www.kosmetikfuchs.de\/magazin\/#\/schema\/person\/image\/","url":"https:\/\/secure.gravatar.com\/avatar\/a794a4fe8a9b9c52241597eb381dfa2e?s=96&d=mm&r=g","contentUrl":"https:\/\/secure.gravatar.com\/avatar\/a794a4fe8a9b9c52241597eb381dfa2e?s=96&d=mm&r=g","caption":"admin"},"url":"https:\/\/www.kosmetikfuchs.de\/magazin\/author\/321456\/"}]}},"_links":{"self":[{"href":"https:\/\/www.kosmetikfuchs.de\/magazin\/wp-json\/wp\/v2\/posts\/5889"}],"collection":[{"href":"https:\/\/www.kosmetikfuchs.de\/magazin\/wp-json\/wp\/v2\/posts"}],"about":[{"href":"https:\/\/www.kosmetikfuchs.de\/magazin\/wp-json\/wp\/v2\/types\/post"}],"author":[{"embeddable":true,"href":"https:\/\/www.kosmetikfuchs.de\/magazin\/wp-json\/wp\/v2\/users\/1"}],"replies":[{"embeddable":true,"href":"https:\/\/www.kosmetikfuchs.de\/magazin\/wp-json\/wp\/v2\/comments?post=5889"}],"version-history":[{"count":25,"href":"https:\/\/www.kosmetikfuchs.de\/magazin\/wp-json\/wp\/v2\/posts\/5889\/revisions"}],"predecessor-version":[{"id":8385,"href":"https:\/\/www.kosmetikfuchs.de\/magazin\/wp-json\/wp\/v2\/posts\/5889\/revisions\/8385"}],"wp:featuredmedia":[{"embeddable":true,"href":"https:\/\/www.kosmetikfuchs.de\/magazin\/wp-json\/wp\/v2\/media\/5918"}],"wp:attachment":[{"href":"https:\/\/www.kosmetikfuchs.de\/magazin\/wp-json\/wp\/v2\/media?parent=5889"}],"wp:term":[{"taxonomy":"category","embeddable":true,"href":"https:\/\/www.kosmetikfuchs.de\/magazin\/wp-json\/wp\/v2\/categories?post=5889"},{"taxonomy":"post_tag","embeddable":true,"href":"https:\/\/www.kosmetikfuchs.de\/magazin\/wp-json\/wp\/v2\/tags?post=5889"}],"curies":[{"name":"wp","href":"https:\/\/api.w.org\/{rel}","templated":true}]}}