{"id":5077,"date":"2022-11-11T10:00:18","date_gmt":"2022-11-11T09:00:18","guid":{"rendered":"https:\/\/www.kosmetikfuchs.de\/magazin\/?p=5077"},"modified":"2022-11-11T11:29:53","modified_gmt":"2022-11-11T10:29:53","slug":"morgenpflege-abendpflege-im-winter","status":"publish","type":"post","link":"https:\/\/www.kosmetikfuchs.de\/magazin\/morgenpflege-abendpflege-im-winter\/","title":{"rendered":"Im Winter: Morgenpflege und Abendpflege"},"content":{"rendered":"<h2>\u00ab Mit sch\u00f6ner Haut durch die kalte Jahreszeit \u00bb<\/h2>\n<p style=\"text-align: justify;\"><strong>Alle Jahre wieder: Wenn die kalte Jahreszeit anbricht, muss sich unsere Haut einigen Herausforderungen stellen. Eisige Luft belastet sie dabei ebenso wie erh\u00f6hte Heizw\u00e4rme und trockene Luft. Nicht zu vergessen, dass der Wechsel zwischen diesen Extremen an sich schon hautstrapazierend wirkt. Zum Gl\u00fcck schaffen die richtige Morgenpflege und Abendpflege im Winter Abhilfe. Tipps f\u00fcr die richtige Pflegeroutine erhalten Sie hier.<\/strong><\/p>\n<h2>Trockene Haut im Winter: Warum wir bei K\u00e4lte intensivere Pflege brauchen<\/h2>\n<p style=\"text-align: justify;\">Die kalten Monaten beanspruchen unser gr\u00f6\u00dftes Organ gleich auf mehrfache Weise. Ab einer bestimmten Temperatur beginnen die Talgdr\u00fcsen langsamer zu arbeiten. Der nat\u00fcrliche Fettfilm trocknet aus und Gesicht, H\u00e4nde &amp; Co sind nicht mehr optimal vor Umwelteinfl\u00fcssen gesch\u00fctzt. Die Folge sind Risse, Juckreiz und R\u00f6tungen. K\u00e4lte und Wind veranlassen zudem die Blutgef\u00e4\u00dfe sich zusammenzuziehen, um W\u00e4rme besser speichern zu k\u00f6nnen. Die Folge: Der Teint wird fahl und blass.<\/p>\n<figure id=\"attachment_6934\" aria-describedby=\"caption-attachment-6934\" style=\"width: 4000px\" class=\"wp-caption alignnone\"><img loading=\"lazy\" decoding=\"async\" class=\"wp-image-6934 size-full\" src=\"https:\/\/www.kosmetikfuchs.de\/magazin\/wp-content\/uploads\/2022\/01\/Winterpflege1-rotated.jpg\" alt=\"Winter \" width=\"4000\" height=\"1800\" srcset=\"https:\/\/www.kosmetikfuchs.de\/magazin\/wp-content\/uploads\/2022\/01\/Winterpflege1-rotated.jpg 4000w, https:\/\/www.kosmetikfuchs.de\/magazin\/wp-content\/uploads\/2022\/01\/Winterpflege1-300x135.jpg 300w, https:\/\/www.kosmetikfuchs.de\/magazin\/wp-content\/uploads\/2022\/01\/Winterpflege1-1024x461.jpg 1024w, https:\/\/www.kosmetikfuchs.de\/magazin\/wp-content\/uploads\/2022\/01\/Winterpflege1-768x346.jpg 768w, https:\/\/www.kosmetikfuchs.de\/magazin\/wp-content\/uploads\/2022\/01\/Winterpflege1-1536x691.jpg 1536w, https:\/\/www.kosmetikfuchs.de\/magazin\/wp-content\/uploads\/2022\/01\/Winterpflege1-2048x922.jpg 2048w\" sizes=\"(max-width: 4000px) 100vw, 4000px\" \/><figcaption id=\"caption-attachment-6934\" class=\"wp-caption-text\">@kosmetikfuchs &#8211; Andrea Schnitzler<\/figcaption><\/figure>\n<p style=\"text-align: justify;\">Und selbst in der warmen Wohnung verschwindet die gesteigerte Beanspruchung nicht: Die trockene Heizungsluft wirkt sich ebenfalls negativ auf den Feuchtigkeits- und Fettgehalt der Haut aus. Dementsprechend bekommt ausreichende Hautpflege eine noch gr\u00f6\u00dfere Bedeutung als in den warmen Jahreszeiten. Zielgerichtete Morgenpflege und Abendpflege sind dabei gleicherma\u00dfen wichtig f\u00fcr eine ganzheitliche Pflegeroutine im Winter.<\/p>\n<p style=\"text-align: justify;\">Pflegeprodukte von Marken wie <a href=\"https:\/\/www.kosmetikfuchs.de\/brands\/dr-spiller\/products\">Dr. Spiller<\/a>, <a href=\"https:\/\/www.kosmetikfuchs.de\/brands\/babor\">BABOR<\/a> oder <a href=\"https:\/\/www.kosmetikfuchs.de\/brands\/la-mer\/products\">La mer<\/a> helfen dabei.<\/p>\n<h2>T\u00e4gliche Morgenpflege im Winter<\/h2>\n<p style=\"text-align: justify;\">Nehmen Sie sich auf jeden Fall zweimal am Tag Zeit, um Trockenhaut mit der optimalen Kosmetik zu verw\u00f6hnen. Die Regelm\u00e4\u00dfigkeit bei der Morgenpflege hilft dabei, die Gesichtshaut langfristig vor niedrigen Temperaturen und trockener Luft zu sch\u00fctzen. Die Lieblingscreme aus dem Sommer ist in den meisten F\u00e4llen nicht mehr passend. Deshalb sollten Sie auf spezielle Winterpflegeprodukte umsteigen.<\/p>\n<h3>Reinigung<\/h3>\n<p style=\"text-align: justify;\">Der Tag startet mit einer schonenden Gesichtsreinigung, um alle R\u00fcckst\u00e4nde des Schlafes zu entfernen. An kalten Tagen sollte die Hautreinigung besonders sanft sein, um die bereits beanspruchte Haut nicht noch mehr zu belasten und die nat\u00fcrliche Schutzbarriere nicht anzugreifen. Statt der typischen Gesichtsseife reicht das Abwaschen mit reinem Wasser sowie das Auftragen von erfrischendem Rosenwasser.<\/p>\n<figure id=\"attachment_5106\" aria-describedby=\"caption-attachment-5106\" style=\"width: 900px\" class=\"wp-caption aligncenter\"><img loading=\"lazy\" decoding=\"async\" class=\"wp-image-5106 size-full\" title=\"An kalten Tagen sollte die Hautreinigung besonders sanft sein\" src=\"https:\/\/www.kosmetikfuchs.de\/magazin\/wp-content\/uploads\/2022\/01\/Hautreinigung-besonders-sanft.jpg\" alt=\"Hautreinigung besonders sanft morgenpflege-abendpflege-im-winter\" width=\"900\" height=\"600\" srcset=\"https:\/\/www.kosmetikfuchs.de\/magazin\/wp-content\/uploads\/2022\/01\/Hautreinigung-besonders-sanft.jpg 900w, https:\/\/www.kosmetikfuchs.de\/magazin\/wp-content\/uploads\/2022\/01\/Hautreinigung-besonders-sanft-300x200.jpg 300w, https:\/\/www.kosmetikfuchs.de\/magazin\/wp-content\/uploads\/2022\/01\/Hautreinigung-besonders-sanft-768x512.jpg 768w\" sizes=\"(max-width: 900px) 100vw, 900px\" \/><figcaption id=\"caption-attachment-5106\" class=\"wp-caption-text\">\u00a9 zigres \u2013 stock.adobe.com<\/figcaption><\/figure>\n<h3>Tagescreme<\/h3>\n<p style=\"text-align: justify;\">Im zweiten Schritt der winterlichen Morgenpflege wird eine reichhaltige Creme aufgetragen. F\u00fcr kalte Temperaturen am besten geeignet sind lipidreiche Pflegeprodukte auf Wasser-in-\u00d6l Basis und Inhaltsstoffe wie Jojoba\u00f6l, Sheabutter oder Argan\u00f6l. Die Lipide unterst\u00fctzen Trockenheit beim Aufbau neuer Feuchtigkeit und sch\u00fctzen vor weiteren Umwelteinfl\u00fcssen. Die Tagescreme bildet bei der Morgenpflege die ideale Basis f\u00fcr das Auftragen von Make-up. Vor allem Foundation l\u00e4sst auf trockener Haut sonst schnell schuppige Stellen entstehen.<\/p>\n<h3>UV-Schutz<\/h3>\n<p style=\"text-align: justify;\">Oft vergessen und doch so wichtig \u2013 auch f\u00fcr die Hautpflege im Winter: Sonnenschutz geh\u00f6rt auch von November bis M\u00e4rz zur Pflegeroutine. Die Sonne kann in den kalten Monaten ebenso Hautsch\u00e4den anrichten wie im Sommerurlaub am Strand. Das Risiko steigt vor allem dann, wenn Schnee liegt. Dieser reflektiert das UV-Licht und verst\u00e4rkt die Strahlung.<\/p>\n<div class=\"box note  \"><div class=\"box-inner-block\"><i class=\"fa tie-shortcode-boxicon\"><\/i>\n\t\t\tEine Wintersonnencreme mit erh\u00f6htem Fettanteil ist zudem ein guter Schutz vor K\u00e4lte \u2013 nicht nur auf der Skipiste.\n\t\t\t<\/div><\/div>\n<h3>Die besten Produkte f\u00fcr die Morgenpflege bei K\u00e4lte<\/h3>\n<p style=\"text-align: justify;\">F\u00fcr die morgendliche Pflege im Winter greifen Sie auf sanfte Pflegeprodukte wie <a href=\"https:\/\/www.kosmetikfuchs.de\/10783\/babor\/rose-toning-essence-200ml\">BABOR Rose Tonic Essence<\/a> zur\u00fcck. Dabei handelt es sich um ein erfrischendes Rosenwasser, das den Teint zum Strahlen bringt. Eigenschaften wie der Anti-OX Komplex f\u00fcr eine nat\u00fcrliche Hautschutzfunktion machen die Tonic Essence zur idealen Winterpflege.<\/p>\n<p><a href=\"https:\/\/www.kosmetikfuchs.de\/10783\/babor\/rose-toning-essence-200ml\"><img loading=\"lazy\" decoding=\"async\" class=\"aligncenter wp-image-5094 size-full\" title=\"Rose Toning Essence von BABOR | erfrischendes Gesichtswasser mit Rosenbl\u00fctenextrakt\" src=\"https:\/\/www.kosmetikfuchs.de\/magazin\/wp-content\/uploads\/2022\/01\/babor-rose-toning-essence-200ml.jpg\" alt=\"babor-rose-toning-essence-200ml\" width=\"556\" height=\"500\" srcset=\"https:\/\/www.kosmetikfuchs.de\/magazin\/wp-content\/uploads\/2022\/01\/babor-rose-toning-essence-200ml.jpg 556w, https:\/\/www.kosmetikfuchs.de\/magazin\/wp-content\/uploads\/2022\/01\/babor-rose-toning-essence-200ml-300x270.jpg 300w\" sizes=\"(max-width: 556px) 100vw, 556px\" \/><\/a><\/p>\n<p style=\"text-align: justify;\">Die <a href=\"https:\/\/www.kosmetikfuchs.de\/933\/declare\/hautberuhigungs-creme-lipidreich-100ml\">Hautberuhigungs-Creme von DECLARE<\/a> ist besonders lipidreich und verbessert das Feuchtigkeitshalteverm\u00f6gen der Haut schon nach wenigen Anwendungen um 30 %. Kamillenextrakte wirken beruhigend und reduzieren R\u00f6tungen, die aufgrund von K\u00e4lte entstanden sind.<\/p>\n<p><a href=\"https:\/\/www.kosmetikfuchs.de\/933\/declare\/hautberuhigungs-creme-lipidreich-100ml\"><img loading=\"lazy\" decoding=\"async\" class=\"aligncenter wp-image-5092 size-full\" title=\"Hautberuhigungs Creme lipidreich von DECLARE | pflegt &amp; beruhigt\" src=\"https:\/\/www.kosmetikfuchs.de\/magazin\/wp-content\/uploads\/2022\/01\/declare-hautberuhigungs-creme-lipidreich-100ml.jpg\" alt=\"declare-hautberuhigungs-creme-lipidreich-100ml\" width=\"556\" height=\"500\" srcset=\"https:\/\/www.kosmetikfuchs.de\/magazin\/wp-content\/uploads\/2022\/01\/declare-hautberuhigungs-creme-lipidreich-100ml.jpg 556w, https:\/\/www.kosmetikfuchs.de\/magazin\/wp-content\/uploads\/2022\/01\/declare-hautberuhigungs-creme-lipidreich-100ml-300x270.jpg 300w\" sizes=\"(max-width: 556px) 100vw, 556px\" \/><\/a><\/p>\n<p style=\"text-align: justify;\">Zuverl\u00e4ssigen UV-Schutz im Rahmen der winterlichen Morgenpflege bietet die <a href=\"https:\/\/www.kosmetikfuchs.de\/20030\/m1-select\/sun-50-100ml\">M1 Select SUN 50 Sonnencreme<\/a>.<\/p>\n<p><a href=\"https:\/\/www.kosmetikfuchs.de\/20030\/m1-select\/sun-50-100ml\"><img loading=\"lazy\" decoding=\"async\" class=\"aligncenter wp-image-5090 size-full\" title=\"SUN 50 von M1 Select | 24 Stunden Pflege | Nachtpflege | Tagespflege\" src=\"https:\/\/www.kosmetikfuchs.de\/magazin\/wp-content\/uploads\/2022\/01\/m1-select-sun-50-100ml.jpg\" alt=\"m1-select-sun-50-100ml\" width=\"556\" height=\"500\" srcset=\"https:\/\/www.kosmetikfuchs.de\/magazin\/wp-content\/uploads\/2022\/01\/m1-select-sun-50-100ml.jpg 556w, https:\/\/www.kosmetikfuchs.de\/magazin\/wp-content\/uploads\/2022\/01\/m1-select-sun-50-100ml-300x270.jpg 300w\" sizes=\"(max-width: 556px) 100vw, 556px\" \/><\/a><\/p>\n<p style=\"text-align: justify;\">Die Creme mit hohem Lichtschutzfaktor zieht schnell ein und hinterl\u00e4sst keinen Film. Damit ist es bestens f\u00fcr die Sonnenpflege im Winter geeignet und kann unter dem Make-up getragen werden.<\/p>\n<h2>T\u00e4gliche Abendpflege im Winter<\/h2>\n<p style=\"text-align: justify;\">Die Morgenpflege ist ein Teil f\u00fcr ein gutes Hautgef\u00fchl, aber nicht alles. Nach einem langen Tag zwischen kaltem Wind und Heizungsluft sollte die Abendpflege sehr gr\u00fcndlich ausfallen, um ger\u00f6tete, gereizte und trockene Haut im Winter zu verhindern.<\/p>\n<h3>Reinigung<\/h3>\n<p style=\"text-align: justify;\">Wie die Morgenpflege beginnt die Abendpflege damit, die Haut zu reinigen. Da nun Make-up, \u00fcbersch\u00fcssiger Talg und die R\u00fcckst\u00e4nde des Tages entfernt werden, reichen Wasser und Rosenwasser allein nicht mehr aus.<\/p>\n<div class=\"box info  \"><div class=\"box-inner-block\"><i class=\"fa tie-shortcode-boxicon\"><\/i>\n\t\t\tEin mildes, pH-neutrales Reinigungsgel ist eine der besten Varianten bei einem beanspruchten Hautbild. Je milder die Winterpflegeprodukte, desto weniger nat\u00fcrliche Lipide werden vom Gesicht entfernt. Verzichten sollten Sie auf das starke Reiben und Rubbeln mit Reinigungst\u00fcchern &amp; Co. So vermeiden Sie zus\u00e4tzliche Hautbelastungen.\n\t\t\t<\/div><\/div>\n<h3>Nachtpflege<\/h3>\n<p style=\"text-align: justify;\">Das Einmassieren der t\u00e4glichen Nachtpflegecreme ist das Herzst\u00fcck der Abendpflege. Nachtcremes sind generell reichhaltiger als Tagescremes und m\u00fcssen deswegen nicht unbedingt in jeder Jahreszeit ausgetauscht werden. Die Inhaltsstoffe der Pflege beruhigen idealerweise die \u00fcber den Tag hinweg in Mitleidenschaft gezogene Haut, etwa mit Aloe vera, Mandel\u00f6l und Panthenol.<\/p>\n<figure id=\"attachment_5109\" aria-describedby=\"caption-attachment-5109\" style=\"width: 900px\" class=\"wp-caption aligncenter\"><img loading=\"lazy\" decoding=\"async\" class=\"wp-image-5109 size-full\" title=\"Idealerweise beruhigen die Inhaltsstoffe die \u00fcber den Tag hinweg in Mitleidenschaft gezogene Haut\" src=\"https:\/\/www.kosmetikfuchs.de\/magazin\/wp-content\/uploads\/2022\/01\/hautpflege-aloe-vera.jpg\" alt=\"hautpflege-aloe-vera morgenpflege-abendpflege-im-winter\" width=\"900\" height=\"600\" srcset=\"https:\/\/www.kosmetikfuchs.de\/magazin\/wp-content\/uploads\/2022\/01\/hautpflege-aloe-vera.jpg 900w, https:\/\/www.kosmetikfuchs.de\/magazin\/wp-content\/uploads\/2022\/01\/hautpflege-aloe-vera-300x200.jpg 300w, https:\/\/www.kosmetikfuchs.de\/magazin\/wp-content\/uploads\/2022\/01\/hautpflege-aloe-vera-768x512.jpg 768w\" sizes=\"(max-width: 900px) 100vw, 900px\" \/><figcaption id=\"caption-attachment-5109\" class=\"wp-caption-text\">\u00a9 Pixel-Shot \u2013 stock.adobe.com<\/figcaption><\/figure>\n<h3>Serum<\/h3>\n<p style=\"text-align: justify;\">Eine Extraportion Pflege f\u00fcr die Haut wird durch das finale Auftragen eines Serums erm\u00f6glicht, das je nach Bedarf t\u00e4glich oder mehrmals w\u00f6chentlich in die Pflegeroutine integriert wird. Die hochkonzentrierten Seren geben der Haut \u00fcber Nacht alle wichtigen N\u00e4hrstoffe und regt den nat\u00fcrlichen Erneuerungsprozess der Zellen an. Zudem hinterlassen Seren ein angenehm weiches Hautgef\u00fchl.<\/p>\n<h2>Die besten Produkte f\u00fcr die Abendpflege bei K\u00e4lte<\/h2>\n<p style=\"text-align: justify;\">Make-up, Talg &amp; Co. lassen sich sanft und ohne Reizungen mit der <a href=\"https:\/\/www.kosmetikfuchs.de\/10777\/babor\/gentle-cleansing-milk-200ml\">BABOR Gentle Cleansing Milk<\/a> abwaschen. Sie ist besonders hautfreundlich, wurde speziell f\u00fcr ein empfindliches Hautbild entwickelt und unterst\u00fctzt den Eigenschutz der Hautzellen. Die Auswahl an reichhaltigen Nachtcremes ist vielf\u00e4ltig und riesengro\u00df.<\/p>\n<p><a href=\"https:\/\/www.kosmetikfuchs.de\/10777\/babor\/gentle-cleansing-milk-200ml\"><img loading=\"lazy\" decoding=\"async\" class=\"aligncenter wp-image-5088 size-full\" title=\"Gentle Cleansing Milk von BABOR | bereiten Sie Ihre Haut optimal auf die nachfolgende Pflege vor\" src=\"https:\/\/www.kosmetikfuchs.de\/magazin\/wp-content\/uploads\/2022\/01\/babor-gentle-cleansing-milk-200ml.jpg\" alt=\"babor-gentle-cleansing-milk-200ml\" width=\"583\" height=\"500\" srcset=\"https:\/\/www.kosmetikfuchs.de\/magazin\/wp-content\/uploads\/2022\/01\/babor-gentle-cleansing-milk-200ml.jpg 583w, https:\/\/www.kosmetikfuchs.de\/magazin\/wp-content\/uploads\/2022\/01\/babor-gentle-cleansing-milk-200ml-300x257.jpg 300w\" sizes=\"(max-width: 583px) 100vw, 583px\" \/><\/a><\/p>\n<p style=\"text-align: justify;\">Eines der Highlight-Produkte ist die <a href=\"https:\/\/www.kosmetikfuchs.de\/12763\/la-mer\/med-anti-stress-reichhaltige-nachtcreme-o.p.-50ml\">MED Anti-Stress Nachtcreme von La mer<\/a>. Die Pflege mit Vitamin A, Vitamin E, Sheabutter und Algenextrakten beruhigt und regeneriert die durch Umwelteinfl\u00fcsse gestresste Haut.<\/p>\n<p><a href=\"https:\/\/www.kosmetikfuchs.de\/12763\/la-mer\/med-anti-stress-reichhaltige-nachtcreme-o.p.-50ml\"><img loading=\"lazy\" decoding=\"async\" class=\"aligncenter wp-image-5086\" title=\"MED Anti-Stress, Reichhaltige Nachtcreme o.P. von LA MER | regenerierende Nachtpflege\" src=\"https:\/\/www.kosmetikfuchs.de\/magazin\/wp-content\/uploads\/2022\/01\/la-mer-med-anti-stress-reichhaltige-nachtcreme-o-p-50ml.jpg\" alt=\"la-mer-med-anti-stress-reichhaltige-nachtcreme-o-p-50ml\" width=\"330\" height=\"264\" srcset=\"https:\/\/www.kosmetikfuchs.de\/magazin\/wp-content\/uploads\/2022\/01\/la-mer-med-anti-stress-reichhaltige-nachtcreme-o-p-50ml.jpg 500w, https:\/\/www.kosmetikfuchs.de\/magazin\/wp-content\/uploads\/2022\/01\/la-mer-med-anti-stress-reichhaltige-nachtcreme-o-p-50ml-300x240.jpg 300w\" sizes=\"(max-width: 330px) 100vw, 330px\" \/><\/a><\/p>\n<p style=\"text-align: justify;\">Auch bereits sehr trockene Haut wird im Schlaf wieder erfrischt und mit Feuchtigkeit versorgt. Im letzten Schritt der Abendpflege kommt ein hochkonzentriertes Serum zum Einsatz.<\/p>\n<p><a href=\"https:\/\/www.kosmetikfuchs.de\/20790\/hildegard-braukmann\/relax-serum-30ml\"><img loading=\"lazy\" decoding=\"async\" class=\"aligncenter wp-image-5084 size-full\" title=\"Relax Serum aus der Exquisit Serie von HILDEGARD BRAUKMANN | strafft und verbessert das Hautgef\u00fchl\" src=\"https:\/\/www.kosmetikfuchs.de\/magazin\/wp-content\/uploads\/2022\/01\/hildegard-braukmann-relax-serum-30ml.jpg\" alt=\"hildegard-braukmann-relax-serum-30ml\" width=\"556\" height=\"500\" srcset=\"https:\/\/www.kosmetikfuchs.de\/magazin\/wp-content\/uploads\/2022\/01\/hildegard-braukmann-relax-serum-30ml.jpg 556w, https:\/\/www.kosmetikfuchs.de\/magazin\/wp-content\/uploads\/2022\/01\/hildegard-braukmann-relax-serum-30ml-300x270.jpg 300w\" sizes=\"(max-width: 556px) 100vw, 556px\" \/><\/a><\/p>\n<p style=\"text-align: justify;\">Eines davon ist das <a href=\"https:\/\/www.kosmetikfuchs.de\/20790\/hildegard-braukmann\/relax-serum-30ml\">Relax Serum aus der Exquisit Serie von Hildegard Braukmann<\/a>. Es hilft \u00fcber Nacht bei der Erneuerung der Lipidschicht und beugt nebenbei auch noch den Zeichen der Hautalterung vor.<\/p>\n<h2>Lippenpflege in den kalten Monaten<\/h2>\n<p style=\"text-align: justify;\">Nicht nur das Gesicht selbst wird in der kalten Jahreszeit in Mitleidenschaft gezogen. Viele M\u00e4nner und Frauen klagen \u00fcber spr\u00f6de und trockene Lippen. Teilweise k\u00f6nnen sogar schmerzende Risse entstehen. Die zarte Haut des Mundes produziert von Natur aus weniger Fett und ben\u00f6tigt deshalb besonders intensive Pflege im Winter. Dies ist sowohl bei der Morgenpflege als auch bei der Abendpflege zu ber\u00fccksichtigen.<\/p>\n<figure id=\"attachment_5125\" aria-describedby=\"caption-attachment-5125\" style=\"width: 900px\" class=\"wp-caption aligncenter\"><img loading=\"lazy\" decoding=\"async\" class=\"wp-image-5125 size-full\" title=\"Die zarte Haut des Mundes ben\u00f6tigt im Winter besonders intensive Pflege\" src=\"https:\/\/www.kosmetikfuchs.de\/magazin\/wp-content\/uploads\/2022\/01\/Lippenpflege-in-den-kalten-Monaten.jpg\" alt=\"Lippenpflege in den kalten Monaten morgenpflege-abendpflege-im-winter\" width=\"900\" height=\"600\" srcset=\"https:\/\/www.kosmetikfuchs.de\/magazin\/wp-content\/uploads\/2022\/01\/Lippenpflege-in-den-kalten-Monaten.jpg 900w, https:\/\/www.kosmetikfuchs.de\/magazin\/wp-content\/uploads\/2022\/01\/Lippenpflege-in-den-kalten-Monaten-300x200.jpg 300w, https:\/\/www.kosmetikfuchs.de\/magazin\/wp-content\/uploads\/2022\/01\/Lippenpflege-in-den-kalten-Monaten-768x512.jpg 768w\" sizes=\"(max-width: 900px) 100vw, 900px\" \/><figcaption id=\"caption-attachment-5125\" class=\"wp-caption-text\">\u00a9 Antonioguillem \u2013 stock.adobe.com<\/figcaption><\/figure>\n<p style=\"text-align: justify;\">Ein reichhaltiger Lippenpflegestift, wie das <a href=\"https:\/\/www.kosmetikfuchs.de\/1681\/dr.-hauschka\/lippengold-4-9g\">Lippengold von Dr. Hauschka<\/a> mit Bienenwachs und Sheabutter, ist die perfekte L\u00f6sung w\u00e4hrend des Tages und f\u00fcr unterwegs. Zus\u00e4tzlich kann eine Lippenmaske als Teil der Abendpflege sehr spr\u00f6de Lippen wieder ins Gleichgewicht bringen.<\/p>\n<p><a href=\"https:\/\/www.kosmetikfuchs.de\/1681\/dr.-hauschka\/lippengold-4-9g\"><img loading=\"lazy\" decoding=\"async\" class=\"aligncenter wp-image-5082\" title=\"Lippengold von Dr. Hauschka | kostbare Pflege, die samtweiche Lippen schenkt\" src=\"https:\/\/www.kosmetikfuchs.de\/magazin\/wp-content\/uploads\/2022\/01\/dr-hauschka-lippengold-4-9g.jpg\" alt=\"dr-hauschka-lippengold-4-9g\" width=\"400\" height=\"325\" srcset=\"https:\/\/www.kosmetikfuchs.de\/magazin\/wp-content\/uploads\/2022\/01\/dr-hauschka-lippengold-4-9g.jpg 615w, https:\/\/www.kosmetikfuchs.de\/magazin\/wp-content\/uploads\/2022\/01\/dr-hauschka-lippengold-4-9g-300x244.jpg 300w\" sizes=\"(max-width: 400px) 100vw, 400px\" \/><\/a><\/p>\n<p style=\"text-align: justify;\">Dass Pflegestifte trockene Lippen nur noch mehr f\u00f6rdern und s\u00fcchtig machen ist \u00fcbrigens ein Kosmetik-Mythos. Da die Lippen selbst kaum Fett erzeugen, kommen sie lediglich schneller wieder in den trockenen Originalzustand zur\u00fcck als andere Hautbereiche und brauchen deutlich regelm\u00e4\u00dfiger Pflege.<\/p>\n<h2>Das Must-have der Winterpflege: Handpflege f\u00fcr kalte Tage<\/h2>\n<p style=\"text-align: justify;\">Die H\u00e4nde spielen bei der Winterpflege ebenfalls eine gro\u00dfe Rolle. Wie das Gesicht werden sie stark belastet. Vor allem dann, wenn bei winterlichen Temperaturen keine Handschuhe getragen werden. Pflegeprodukte wie die <a href=\"https:\/\/www.kosmetikfuchs.de\/10949\/dr.-spiller\/sensicura-handcreme-75ml\">SENSICURA Handcreme von Dr. Spiller<\/a> haben einen hohen Anteil an Lipiden und bauen mit Inhaltsstoffen wie Magnolienrinde und Vitamin E eine Schutzbarriere f\u00fcr die H\u00e4nde auf. Das Auftragen der reichhaltigen Handcreme geh\u00f6rt bereits zur Morgenpflege mit dazu, noch bevor das Haus verlassen wird. Zus\u00e4tzlich kommt die Creme mit in die Handtasche, um die H\u00e4nde w\u00e4hrend des Tages regelm\u00e4\u00dfig weich und geschmeidig zu halten.<\/p>\n<p><a href=\"https:\/\/www.kosmetikfuchs.de\/10949\/dr.-spiller\/sensicura-handcreme-75ml\"><img loading=\"lazy\" decoding=\"async\" class=\"aligncenter wp-image-5079 size-full\" title=\"SENSICURA Handcreme von Dr. Spiller | trockene &amp; spannende H\u00e4nde werden intensiv gepflegt\" src=\"https:\/\/www.kosmetikfuchs.de\/magazin\/wp-content\/uploads\/2022\/01\/dr-spiller-sensicura-handcreme-75ml.jpg\" alt=\"dr-spiller-sensicura-handcreme-75ml\" width=\"571\" height=\"500\" srcset=\"https:\/\/www.kosmetikfuchs.de\/magazin\/wp-content\/uploads\/2022\/01\/dr-spiller-sensicura-handcreme-75ml.jpg 571w, https:\/\/www.kosmetikfuchs.de\/magazin\/wp-content\/uploads\/2022\/01\/dr-spiller-sensicura-handcreme-75ml-300x263.jpg 300w\" sizes=\"(max-width: 571px) 100vw, 571px\" \/><\/a><\/p>\n<h2>Fazit zur Morgenpflege und Abendpflege im Winter<\/h2>\n<p style=\"text-align: justify;\">Gereizte, trockene Haut im Winter muss nicht sein. Mit der richtigen Pflegeroutine und Kosmetik werden Gesichtshaut, H\u00e4nde und Lippen bestens gegen die bei\u00dfen-kalte Winterluft sowie vor Austrocknen durch auf Hochtouren laufende Heizungen gesch\u00fctzt. Das inkludiert Morgenpflege und Abendpflege gleicherma\u00dfen. Steigern Sie mit der f\u00fcr Sie passenden Pflege im Winter Ihr Wohlbefinden und freuen Sie sich \u00fcber ein sch\u00f6nes Hautbild das ganze Jahr \u00fcber.<\/p>\n<h2>Nicht vergessen: Auch auf ausreichend Fl\u00fcssigkeit achten<\/h2>\n<p>Trinken ist auch in den kalten Monaten sehr wichtig. Ganz Besonders, wenn man den Tag im warmen R\u00e4umlichkeiten verbringt. Die trockene Heizungsluft trocknet nicht nur die Schleimh\u00e4ute aus, was uns anf\u00e4lliger f\u00fcr Erk\u00e4ltungen macht. Auch die Haut wird trocken. Hydrieren Sie Ihre Haut also auch von innen. Geeignete Winter Getr\u00e4nke sind vor allem Kr\u00e4uter Tees oder hei\u00dfes Ingwer Wasser. Am besten nehmen Sie ein ca. 1 cm gro\u00dfes St\u00fcck Ingwer und lassen es in 2 l Wasser 20 min.\u00a0 k\u00f6cheln. Schluckweise geniessen.<\/p>\n","protected":false},"excerpt":{"rendered":"<p>\u00ab Mit sch\u00f6ner Haut durch die kalte Jahreszeit \u00bb Alle Jahre wieder: Wenn die kalte Jahreszeit anbricht, muss sich unsere Haut einigen Herausforderungen stellen. Eisige Luft belastet sie dabei ebenso wie erh\u00f6hte Heizw\u00e4rme und trockene Luft. Nicht zu vergessen, dass der Wechsel zwischen diesen Extremen an sich schon hautstrapazierend wirkt. Zum Gl\u00fcck schaffen die richtige &hellip;<\/p>\n","protected":false},"author":1,"featured_media":5096,"comment_status":"closed","ping_status":"open","sticky":false,"template":"","format":"standard","meta":{"footnotes":""},"categories":[1,592],"tags":[772,770,84,55,224,23,52,181,149,667,511,51,674,89,771,570,318,769,198,190,42,651,454,482,119,199,191,87,140,641,640,643],"yoast_head":"<!-- This site is optimized with the Yoast SEO plugin v22.3 - https:\/\/yoast.com\/wordpress\/plugins\/seo\/ -->\n<title>Im Winter: Morgenpflege und Abendpflege - Kosmetikfuchs Magazin<\/title>\n<meta name=\"description\" content=\"Tipps f\u00fcr die morgendliche und abendliche Pflegeroutine im Winter im Kosmetikfuchs Magazin! \u2013 Pflege von BABOR\u00a0\u2714 Dr. Spiller \u2714 La mer \u2714 Declare.\" \/>\n<meta name=\"robots\" content=\"index, follow, max-snippet:-1, max-image-preview:large, max-video-preview:-1\" \/>\n<link rel=\"canonical\" href=\"https:\/\/www.kosmetikfuchs.de\/magazin\/morgenpflege-abendpflege-im-winter\/\" \/>\n<meta property=\"og:locale\" content=\"de_DE\" \/>\n<meta property=\"og:type\" content=\"article\" \/>\n<meta property=\"og:title\" content=\"Im Winter: Morgenpflege und Abendpflege - Kosmetikfuchs Magazin\" \/>\n<meta property=\"og:description\" content=\"Tipps f\u00fcr die morgendliche und abendliche Pflegeroutine im Winter im Kosmetikfuchs Magazin! \u2013 Pflege von BABOR\u00a0\u2714 Dr. Spiller \u2714 La mer \u2714 Declare.\" \/>\n<meta property=\"og:url\" content=\"https:\/\/www.kosmetikfuchs.de\/magazin\/morgenpflege-abendpflege-im-winter\/\" \/>\n<meta property=\"og:site_name\" content=\"Kosmetikfuchs Magazin\" \/>\n<meta property=\"article:published_time\" content=\"2022-11-11T09:00:18+00:00\" \/>\n<meta property=\"article:modified_time\" content=\"2022-11-11T10:29:53+00:00\" \/>\n<meta property=\"og:image\" content=\"https:\/\/www.kosmetikfuchs.de\/magazin\/wp-content\/uploads\/2022\/01\/Im-Winter-Morgenpflege-und-Abendpflege.jpg\" \/>\n\t<meta property=\"og:image:width\" content=\"900\" \/>\n\t<meta property=\"og:image:height\" content=\"600\" \/>\n\t<meta property=\"og:image:type\" content=\"image\/jpeg\" \/>\n<meta name=\"author\" content=\"admin\" \/>\n<meta name=\"twitter:card\" content=\"summary_large_image\" \/>\n<meta name=\"twitter:label1\" content=\"Verfasst von\" \/>\n\t<meta name=\"twitter:data1\" content=\"admin\" \/>\n\t<meta name=\"twitter:label2\" content=\"Gesch\u00e4tzte Lesezeit\" \/>\n\t<meta name=\"twitter:data2\" content=\"11\u00a0Minuten\" \/>\n<script type=\"application\/ld+json\" class=\"yoast-schema-graph\">{\"@context\":\"https:\/\/schema.org\",\"@graph\":[{\"@type\":\"WebPage\",\"@id\":\"https:\/\/www.kosmetikfuchs.de\/magazin\/morgenpflege-abendpflege-im-winter\/\",\"url\":\"https:\/\/www.kosmetikfuchs.de\/magazin\/morgenpflege-abendpflege-im-winter\/\",\"name\":\"Im Winter: Morgenpflege und Abendpflege - Kosmetikfuchs Magazin\",\"isPartOf\":{\"@id\":\"https:\/\/www.kosmetikfuchs.de\/magazin\/#website\"},\"primaryImageOfPage\":{\"@id\":\"https:\/\/www.kosmetikfuchs.de\/magazin\/morgenpflege-abendpflege-im-winter\/#primaryimage\"},\"image\":{\"@id\":\"https:\/\/www.kosmetikfuchs.de\/magazin\/morgenpflege-abendpflege-im-winter\/#primaryimage\"},\"thumbnailUrl\":\"https:\/\/www.kosmetikfuchs.de\/magazin\/wp-content\/uploads\/2022\/01\/Im-Winter-Morgenpflege-und-Abendpflege.jpg\",\"datePublished\":\"2022-11-11T09:00:18+00:00\",\"dateModified\":\"2022-11-11T10:29:53+00:00\",\"author\":{\"@id\":\"https:\/\/www.kosmetikfuchs.de\/magazin\/#\/schema\/person\/d74441dfe7021cf7301a89aa8423d147\"},\"description\":\"Tipps f\u00fcr die morgendliche und abendliche Pflegeroutine im Winter im Kosmetikfuchs Magazin! \u2013 Pflege von BABOR\u00a0\u2714 Dr. Spiller \u2714 La mer \u2714 Declare.\",\"breadcrumb\":{\"@id\":\"https:\/\/www.kosmetikfuchs.de\/magazin\/morgenpflege-abendpflege-im-winter\/#breadcrumb\"},\"inLanguage\":\"de\",\"potentialAction\":[{\"@type\":\"ReadAction\",\"target\":[\"https:\/\/www.kosmetikfuchs.de\/magazin\/morgenpflege-abendpflege-im-winter\/\"]}]},{\"@type\":\"ImageObject\",\"inLanguage\":\"de\",\"@id\":\"https:\/\/www.kosmetikfuchs.de\/magazin\/morgenpflege-abendpflege-im-winter\/#primaryimage\",\"url\":\"https:\/\/www.kosmetikfuchs.de\/magazin\/wp-content\/uploads\/2022\/01\/Im-Winter-Morgenpflege-und-Abendpflege.jpg\",\"contentUrl\":\"https:\/\/www.kosmetikfuchs.de\/magazin\/wp-content\/uploads\/2022\/01\/Im-Winter-Morgenpflege-und-Abendpflege.jpg\",\"width\":900,\"height\":600,\"caption\":\"\u00a9 plprod \u2013 stock.adobe.com\"},{\"@type\":\"BreadcrumbList\",\"@id\":\"https:\/\/www.kosmetikfuchs.de\/magazin\/morgenpflege-abendpflege-im-winter\/#breadcrumb\",\"itemListElement\":[{\"@type\":\"ListItem\",\"position\":1,\"name\":\"Startseite\",\"item\":\"https:\/\/www.kosmetikfuchs.de\/magazin\/\"},{\"@type\":\"ListItem\",\"position\":2,\"name\":\"Im Winter: Morgenpflege und Abendpflege\"}]},{\"@type\":\"WebSite\",\"@id\":\"https:\/\/www.kosmetikfuchs.de\/magazin\/#website\",\"url\":\"https:\/\/www.kosmetikfuchs.de\/magazin\/\",\"name\":\"Kosmetikfuchs Magazin\",\"description\":\"\",\"potentialAction\":[{\"@type\":\"SearchAction\",\"target\":{\"@type\":\"EntryPoint\",\"urlTemplate\":\"https:\/\/www.kosmetikfuchs.de\/magazin\/?s={search_term_string}\"},\"query-input\":\"required name=search_term_string\"}],\"inLanguage\":\"de\"},{\"@type\":\"Person\",\"@id\":\"https:\/\/www.kosmetikfuchs.de\/magazin\/#\/schema\/person\/d74441dfe7021cf7301a89aa8423d147\",\"name\":\"admin\",\"image\":{\"@type\":\"ImageObject\",\"inLanguage\":\"de\",\"@id\":\"https:\/\/www.kosmetikfuchs.de\/magazin\/#\/schema\/person\/image\/\",\"url\":\"https:\/\/secure.gravatar.com\/avatar\/a794a4fe8a9b9c52241597eb381dfa2e?s=96&d=mm&r=g\",\"contentUrl\":\"https:\/\/secure.gravatar.com\/avatar\/a794a4fe8a9b9c52241597eb381dfa2e?s=96&d=mm&r=g\",\"caption\":\"admin\"},\"url\":\"https:\/\/www.kosmetikfuchs.de\/magazin\/author\/321456\/\"}]}<\/script>\n<!-- \/ Yoast SEO plugin. -->","yoast_head_json":{"title":"Im Winter: Morgenpflege und Abendpflege - Kosmetikfuchs Magazin","description":"Tipps f\u00fcr die morgendliche und abendliche Pflegeroutine im Winter im Kosmetikfuchs Magazin! \u2013 Pflege von BABOR\u00a0\u2714 Dr. Spiller \u2714 La mer \u2714 Declare.","robots":{"index":"index","follow":"follow","max-snippet":"max-snippet:-1","max-image-preview":"max-image-preview:large","max-video-preview":"max-video-preview:-1"},"canonical":"https:\/\/www.kosmetikfuchs.de\/magazin\/morgenpflege-abendpflege-im-winter\/","og_locale":"de_DE","og_type":"article","og_title":"Im Winter: Morgenpflege und Abendpflege - Kosmetikfuchs Magazin","og_description":"Tipps f\u00fcr die morgendliche und abendliche Pflegeroutine im Winter im Kosmetikfuchs Magazin! \u2013 Pflege von BABOR\u00a0\u2714 Dr. Spiller \u2714 La mer \u2714 Declare.","og_url":"https:\/\/www.kosmetikfuchs.de\/magazin\/morgenpflege-abendpflege-im-winter\/","og_site_name":"Kosmetikfuchs Magazin","article_published_time":"2022-11-11T09:00:18+00:00","article_modified_time":"2022-11-11T10:29:53+00:00","og_image":[{"width":900,"height":600,"url":"https:\/\/www.kosmetikfuchs.de\/magazin\/wp-content\/uploads\/2022\/01\/Im-Winter-Morgenpflege-und-Abendpflege.jpg","type":"image\/jpeg"}],"author":"admin","twitter_card":"summary_large_image","twitter_misc":{"Verfasst von":"admin","Gesch\u00e4tzte Lesezeit":"11\u00a0Minuten"},"schema":{"@context":"https:\/\/schema.org","@graph":[{"@type":"WebPage","@id":"https:\/\/www.kosmetikfuchs.de\/magazin\/morgenpflege-abendpflege-im-winter\/","url":"https:\/\/www.kosmetikfuchs.de\/magazin\/morgenpflege-abendpflege-im-winter\/","name":"Im Winter: Morgenpflege und Abendpflege - Kosmetikfuchs Magazin","isPartOf":{"@id":"https:\/\/www.kosmetikfuchs.de\/magazin\/#website"},"primaryImageOfPage":{"@id":"https:\/\/www.kosmetikfuchs.de\/magazin\/morgenpflege-abendpflege-im-winter\/#primaryimage"},"image":{"@id":"https:\/\/www.kosmetikfuchs.de\/magazin\/morgenpflege-abendpflege-im-winter\/#primaryimage"},"thumbnailUrl":"https:\/\/www.kosmetikfuchs.de\/magazin\/wp-content\/uploads\/2022\/01\/Im-Winter-Morgenpflege-und-Abendpflege.jpg","datePublished":"2022-11-11T09:00:18+00:00","dateModified":"2022-11-11T10:29:53+00:00","author":{"@id":"https:\/\/www.kosmetikfuchs.de\/magazin\/#\/schema\/person\/d74441dfe7021cf7301a89aa8423d147"},"description":"Tipps f\u00fcr die morgendliche und abendliche Pflegeroutine im Winter im Kosmetikfuchs Magazin! \u2013 Pflege von BABOR\u00a0\u2714 Dr. Spiller \u2714 La mer \u2714 Declare.","breadcrumb":{"@id":"https:\/\/www.kosmetikfuchs.de\/magazin\/morgenpflege-abendpflege-im-winter\/#breadcrumb"},"inLanguage":"de","potentialAction":[{"@type":"ReadAction","target":["https:\/\/www.kosmetikfuchs.de\/magazin\/morgenpflege-abendpflege-im-winter\/"]}]},{"@type":"ImageObject","inLanguage":"de","@id":"https:\/\/www.kosmetikfuchs.de\/magazin\/morgenpflege-abendpflege-im-winter\/#primaryimage","url":"https:\/\/www.kosmetikfuchs.de\/magazin\/wp-content\/uploads\/2022\/01\/Im-Winter-Morgenpflege-und-Abendpflege.jpg","contentUrl":"https:\/\/www.kosmetikfuchs.de\/magazin\/wp-content\/uploads\/2022\/01\/Im-Winter-Morgenpflege-und-Abendpflege.jpg","width":900,"height":600,"caption":"\u00a9 plprod \u2013 stock.adobe.com"},{"@type":"BreadcrumbList","@id":"https:\/\/www.kosmetikfuchs.de\/magazin\/morgenpflege-abendpflege-im-winter\/#breadcrumb","itemListElement":[{"@type":"ListItem","position":1,"name":"Startseite","item":"https:\/\/www.kosmetikfuchs.de\/magazin\/"},{"@type":"ListItem","position":2,"name":"Im Winter: Morgenpflege und Abendpflege"}]},{"@type":"WebSite","@id":"https:\/\/www.kosmetikfuchs.de\/magazin\/#website","url":"https:\/\/www.kosmetikfuchs.de\/magazin\/","name":"Kosmetikfuchs Magazin","description":"","potentialAction":[{"@type":"SearchAction","target":{"@type":"EntryPoint","urlTemplate":"https:\/\/www.kosmetikfuchs.de\/magazin\/?s={search_term_string}"},"query-input":"required name=search_term_string"}],"inLanguage":"de"},{"@type":"Person","@id":"https:\/\/www.kosmetikfuchs.de\/magazin\/#\/schema\/person\/d74441dfe7021cf7301a89aa8423d147","name":"admin","image":{"@type":"ImageObject","inLanguage":"de","@id":"https:\/\/www.kosmetikfuchs.de\/magazin\/#\/schema\/person\/image\/","url":"https:\/\/secure.gravatar.com\/avatar\/a794a4fe8a9b9c52241597eb381dfa2e?s=96&d=mm&r=g","contentUrl":"https:\/\/secure.gravatar.com\/avatar\/a794a4fe8a9b9c52241597eb381dfa2e?s=96&d=mm&r=g","caption":"admin"},"url":"https:\/\/www.kosmetikfuchs.de\/magazin\/author\/321456\/"}]}},"_links":{"self":[{"href":"https:\/\/www.kosmetikfuchs.de\/magazin\/wp-json\/wp\/v2\/posts\/5077"}],"collection":[{"href":"https:\/\/www.kosmetikfuchs.de\/magazin\/wp-json\/wp\/v2\/posts"}],"about":[{"href":"https:\/\/www.kosmetikfuchs.de\/magazin\/wp-json\/wp\/v2\/types\/post"}],"author":[{"embeddable":true,"href":"https:\/\/www.kosmetikfuchs.de\/magazin\/wp-json\/wp\/v2\/users\/1"}],"replies":[{"embeddable":true,"href":"https:\/\/www.kosmetikfuchs.de\/magazin\/wp-json\/wp\/v2\/comments?post=5077"}],"version-history":[{"count":43,"href":"https:\/\/www.kosmetikfuchs.de\/magazin\/wp-json\/wp\/v2\/posts\/5077\/revisions"}],"predecessor-version":[{"id":6959,"href":"https:\/\/www.kosmetikfuchs.de\/magazin\/wp-json\/wp\/v2\/posts\/5077\/revisions\/6959"}],"wp:featuredmedia":[{"embeddable":true,"href":"https:\/\/www.kosmetikfuchs.de\/magazin\/wp-json\/wp\/v2\/media\/5096"}],"wp:attachment":[{"href":"https:\/\/www.kosmetikfuchs.de\/magazin\/wp-json\/wp\/v2\/media?parent=5077"}],"wp:term":[{"taxonomy":"category","embeddable":true,"href":"https:\/\/www.kosmetikfuchs.de\/magazin\/wp-json\/wp\/v2\/categories?post=5077"},{"taxonomy":"post_tag","embeddable":true,"href":"https:\/\/www.kosmetikfuchs.de\/magazin\/wp-json\/wp\/v2\/tags?post=5077"}],"curies":[{"name":"wp","href":"https:\/\/api.w.org\/{rel}","templated":true}]}}