{"id":4523,"date":"2022-10-25T08:00:21","date_gmt":"2022-10-25T06:00:21","guid":{"rendered":"https:\/\/www.kosmetikfuchs.de\/magazin\/?p=4523"},"modified":"2025-08-08T14:06:38","modified_gmt":"2025-08-08T12:06:38","slug":"beauty-mythen-bei-der-winterpflege","status":"publish","type":"post","link":"https:\/\/www.kosmetikfuchs.de\/magazin\/beauty-mythen-bei-der-winterpflege\/","title":{"rendered":"Beauty-Mythen bei der Winterpflege"},"content":{"rendered":"<h2>\u00ab Welche Irrt\u00fcmer und Fehler treten besonders h\u00e4ufig auf? \u00bb<\/h2>\n<p style=\"text-align: justify;\"><strong>Jeden Tag hundert B\u00fcrstenstriche sorgen f\u00fcr dichtes und gl\u00e4nzendes Haar. Lippenpflegestifte haben Suchtpotenzial und Sonnenschutz ist nur etwas f\u00fcr den Sommer. Solche und \u00e4hnliche Beauty-Mythen tauchen immer wieder auf und verunsichern viele Frauen. Auch in puncto Winterpflege kommt es h\u00e4ufig zu falschen Annahmen. Darum haben wir die Mythen zusammengestellt, die sich am hartn\u00e4ckigsten halten und verraten, was es tats\u00e4chlich damit auf sich hat.<\/strong><\/p>\n<h2>Starke Hautbelastungen im Winter \u2013 Beauty-Mythen sorgen f\u00fcr Irritationen<\/h2>\n<p style=\"text-align: justify;\">Auch sonst unter dem Jahr kursieren so einige Beauty-Mythen umher. Das \u00e4ndert sich auch im Winter nicht. Das Problem: Gerade die Winterpflege geht mit einigen Herausforderungen einher. Die Haut muss sich etwa aufgrund der Wetterbedingungen und den Temperaturschwankungen von kalter Winterluft und geheizten Innenr\u00e4umen einigen Strapazen stellen. Umso fataler ist es, sich unnachgiebig haltenden Fehlinformationen aufzusitzen, was dazu f\u00fchrt, dass die Hautpflege einfach keine Wirkung erzielen m\u00f6chte.<\/p>\n<figure id=\"attachment_4564\" aria-describedby=\"caption-attachment-4564\" style=\"width: 900px\" class=\"wp-caption aligncenter\"><img loading=\"lazy\" decoding=\"async\" class=\"wp-image-4564 size-full\" title=\"Im Winter muss sich die Haut einigen Strapazen stellen\" src=\"https:\/\/www.kosmetikfuchs.de\/magazin\/wp-content\/uploads\/2021\/11\/winter-haut-strapazen.jpg\" alt=\"winter-haut-strapazen-beauty-mythen-bei-der-winterpflege\" width=\"900\" height=\"600\" srcset=\"https:\/\/www.kosmetikfuchs.de\/magazin\/wp-content\/uploads\/2021\/11\/winter-haut-strapazen.jpg 900w, https:\/\/www.kosmetikfuchs.de\/magazin\/wp-content\/uploads\/2021\/11\/winter-haut-strapazen-300x200.jpg 300w, https:\/\/www.kosmetikfuchs.de\/magazin\/wp-content\/uploads\/2021\/11\/winter-haut-strapazen-768x512.jpg 768w\" sizes=\"(max-width: 900px) 100vw, 900px\" \/><figcaption id=\"caption-attachment-4564\" class=\"wp-caption-text\">\u00a9 prostooleh \u2013 stock.adobe.com<\/figcaption><\/figure>\n<h3><span style=\"color: #000000;\">Im Winter gefrieren Cremes auf der Haut<\/span><\/h3>\n<h4><strong><span style=\"color: #008000;\">Das ist richtig!<\/span><\/strong><\/h4>\n<p style=\"text-align: justify;\">Es handelt sich nicht nur um einen Beauty-Mythos. Die richtige Winterpflege f\u00fcr das Gesicht sollte weniger feuchtigkeitsspendend, sondern vielmehr reichhaltig sein. Pflegeprodukte, die vorwiegend hydratisieren und kaum pflegende Fette enthalten \u2013 sogenannte \u00d6l-in-Wasser-Emulsionen \u2013 sind f\u00fcr die kalte Jahreszeit nicht gut geeignet. Eine zu stark wasserhaltige Creme kann bei Minusgraden tats\u00e4chlich auf der Hautoberfl\u00e4che gefrieren und zu unsch\u00f6nen geplatzen \u00c4derchen f\u00fchren. Die Haut wird allm\u00e4hlich immer d\u00fcnner und infolgedessen kann der S\u00e4ureschutzmantel nicht mehr aufrechterhalten werden. Wasser &#8211; in &#8211; \u00d6l Emulsionen eignen sich daher deutlich besser.<\/p>\n<div class=\"box success  \"><div class=\"box-inner-block\"><i class=\"fa tie-shortcode-boxicon\"><\/i>\n\t\t\tVor allem trockene Haut profitiert daher im Winter von fetthaltigen und reichhaltigen Pflegecremes, die langanhaltend vor dem Austrocknen bewahren. Eine solche Hautpflege sorgt f\u00fcr einen idealen Schutz vor K\u00e4lte und f\u00fcr eine herrliche Geschmeidigkeit.\n\t\t\t<\/div><\/div>\n<h3><span style=\"color: #000000;\">Baden im Winter trocknet die Haut nur noch mehr aus<\/span><\/h3>\n<h4><span style=\"color: #008000;\"><strong>Das ist nur zum Teil wahr!<\/strong><\/span><\/h4>\n<p style=\"text-align: justify;\">Wenn es drau\u00dfen eisig, windig und nasskalt ist, tut ein hei\u00dfes Schaumpflegebad zwar richtig gut, doch wer zu lange in der Badewanne liegt oder es mit der Wassertemperatur \u00fcbertreibt, schadet der Haut. Das hei\u00dfe Badewasser l\u00f6st ihren Schutzfilm. Beauty-Produkte wie sch\u00e4umende Badezus\u00e4tze enthalten oft Emulgatoren, die der Haut zus\u00e4tzlich wertvolle Lipide und Feuchtigkeit entziehen.<\/p>\n<figure id=\"attachment_4558\" aria-describedby=\"caption-attachment-4558\" style=\"width: 900px\" class=\"wp-caption aligncenter\"><img loading=\"lazy\" decoding=\"async\" class=\"wp-image-4558 size-full\" title=\"Ein r\u00fcckfettendes \u00d6l pflegt die trockene Haut bereits w\u00e4hrend des Badens\" src=\"https:\/\/www.kosmetikfuchs.de\/magazin\/wp-content\/uploads\/2021\/11\/Baden-im-Winter-trocknet-die-Haut-nur-noch-mehr-aus.jpg\" alt=\"Baden im Winter trocknet die Haut nur noch mehr aus\" width=\"900\" height=\"600\" srcset=\"https:\/\/www.kosmetikfuchs.de\/magazin\/wp-content\/uploads\/2021\/11\/Baden-im-Winter-trocknet-die-Haut-nur-noch-mehr-aus.jpg 900w, https:\/\/www.kosmetikfuchs.de\/magazin\/wp-content\/uploads\/2021\/11\/Baden-im-Winter-trocknet-die-Haut-nur-noch-mehr-aus-300x200.jpg 300w, https:\/\/www.kosmetikfuchs.de\/magazin\/wp-content\/uploads\/2021\/11\/Baden-im-Winter-trocknet-die-Haut-nur-noch-mehr-aus-768x512.jpg 768w\" sizes=\"(max-width: 900px) 100vw, 900px\" \/><figcaption id=\"caption-attachment-4558\" class=\"wp-caption-text\">\u00a9 alfa27 \u2013 stock.adobe.com<\/figcaption><\/figure>\n<p style=\"text-align: justify;\">Grunds\u00e4tzlich ist im Winter eher eine kurze Dusche zu bevorzugen. Wer aber auf keinen Fall auf ein warmes Wohlf\u00fchlbad verzichten m\u00f6chte, sollte nicht hei\u00dfer als bei 38 Grad Celsius und nicht l\u00e4nger als 15 Minuten baden. Im Idealfall sollte zudem ein r\u00fcckfettendes Bade-\u00d6l verwendet werden, denn auf diese Weise wird trockene Haut bereits w\u00e4hrend des Badens gepflegt. Auch nach dem Vollbad braucht es die richtigen Pflegeprodukte, um die Haut wieder streichelzart zu pflegen.<\/p>\n<h3><span style=\"color: #000000;\">Lippenpflegestifte machen s\u00fcchtig<\/span><\/h3>\n<h4><span style=\"color: #ff0000;\"><strong>Das ist falsch!<\/strong><\/span><\/h4>\n<p style=\"text-align: justify;\">Diese Aussage ist definitiv nur ein Beauty-Mythos. Vor allem in der kalten Jahreszeit leidet die zarte Haut der Lippen besonders unter der frostigen K\u00e4lte, eisigem Wind sowie der trockenen Heizungsluft in Innenr\u00e4umen. Die Lippenhaut ist sehr d\u00fcnn und hat keine Talgdr\u00fcsen. Aus diesem Grund trocknet sie viel schneller als andere Hautpartien aus. Professionelle Hautpflege im Winter schlie\u00dft daher auch immer eine ad\u00e4quate Lippenpflege ein. Pflegeprodukte f\u00fcr die Lippen enthalten jedoch keinerlei Stoffe, die eine physische Abh\u00e4ngigkeit hervorrufen k\u00f6nnten. &#8222;Lippenpflege-Fans&#8220; gew\u00f6hnen sich lediglich an das herrlich weiche Hautgef\u00fchl und f\u00fchlen somit auch Trockenheit viel schneller und intensiver. Daraus entsteht oft das Gef\u00fchl, nachbalsamieren zu wollen.<\/p>\n<p><a href=\"https:\/\/www.kosmetikfuchs.de\/12592\/babor\/essential-care-lip-balm-4g\"><img loading=\"lazy\" decoding=\"async\" class=\"aligncenter wp-image-4549\" title=\"Essential Care Lip Balm von BABOR | schenkt der sensiblen Lippenpartie das Maximum an Pflege\" src=\"https:\/\/www.kosmetikfuchs.de\/magazin\/wp-content\/uploads\/2021\/11\/babor-essential-care-lip-balm-4g.jpg\" alt=\"babor-essential-care-lip-balm-4g\" width=\"389\" height=\"350\" srcset=\"https:\/\/www.kosmetikfuchs.de\/magazin\/wp-content\/uploads\/2021\/11\/babor-essential-care-lip-balm-4g.jpg 444w, https:\/\/www.kosmetikfuchs.de\/magazin\/wp-content\/uploads\/2021\/11\/babor-essential-care-lip-balm-4g-300x270.jpg 300w\" sizes=\"(max-width: 389px) 100vw, 389px\" \/><\/a><\/p>\n<p style=\"text-align: justify;\">Der <a href=\"https:\/\/www.kosmetikfuchs.de\/12592\/babor\/essential-care-lip-balm-4g\">Lippenbalsam von BABOR<\/a> ist beispielsweise vor allem f\u00fcr rissige, spr\u00f6de und trockene Lippen bestens geeignet. Eine Kombination aus Aloe Vera, Shea Butter, Bienenwachs sowie wertvollem Sonnenblumen\u00f6l hinterl\u00e4sst ein angenehmes Gef\u00fchl, das man mit Sicherheit nicht mehr missen m\u00f6chte. Die Lippen werden durch diese <a href=\"https:\/\/www.kosmetikfuchs.de\/brands\/babor\">BABOR Kosmetik<\/a> vor allem auch bei K\u00e4lte mit Feuchtigkeit versorgt und geschmeidig weich gepflegt.<\/p>\n<div class=\"box note  \"><div class=\"box-inner-block\"><i class=\"fa tie-shortcode-boxicon\"><\/i>\n\t\t\tTipp: Mediziner und Hautpflegeexperten raten dazu, eine Lippenpflege zu w\u00e4hlen, die komplett frei von Mineral\u00f6len ist. Am besten ist ein nat\u00fcrlicher Pflegebalsam mit einem hohen Lichtschutzfaktor, der auch im Winter sehr wichtig ist.\n\t\t\t<\/div><\/div>\n<h3><span style=\"color: #000000;\">Eine Creme passt f\u00fcr alle Jahreszeiten<\/span><\/h3>\n<h4><strong><span style=\"color: #ff0000;\">Das ist falsch!<\/span><\/strong><\/h4>\n<p style=\"text-align: justify;\">Auch das ist definitiv ein Mythos. Eine gesunde Haut braucht im Sommer sowie im Winter eine ad\u00e4quate Hautpflege. Durch die eisigen Au\u00dfentemperaturen und die trockene Heizungsluft im Winter ver\u00e4ndern sich die Hautbed\u00fcrfnisse. Die Gesichts- und auch die K\u00f6rperhaut m\u00fcssen ganz anderen Au\u00dfenbedingungen standhalten als in den Sommermonaten. W\u00e4hrend es im Sommer eher leichte, feuchtigkeitsspendende Pflegeprodukte braucht, basiert die Hautpflege im Winter auf reichhaltigen, also fettreicheren Kosmetikprodukten.<\/p>\n<p>Frau Dr. med. Ulrike Thieme, medizinische Leiterin beim Online-Arzt ZAVA Deutschland, erkl\u00e4rt, warum eine Creme nicht f\u00fcr alle Jahreszeiten passt: \u201eJede Jahreszeit bringt unterschiedliche Bedingungen mit sich und weckt somit verschiedene Hautbed\u00fcrfnisse. Die kalten Temperaturen im Herbst und Winter schw\u00e4chen ihre Barrierefunktion, da die Dr\u00fcsen der Haut bei K\u00e4lte deutlich weniger Talg produzieren. Ab einer Temperatur von weniger als acht Grad stellt sich die Talgproduktion sogar g\u00e4nzlich ein, worunter die hauteigene Schutzschicht (Hydrolipidfilm) leidet. Abhilfe schaffen in den kalten Monaten reichhaltige und fettreiche Pflegeprodukte. Die warmen Temperaturen und die erh\u00f6hte Luftfeuchtigkeit im Sommer f\u00fchren zu einer verst\u00e4rkten Schwei\u00dfbildung in den Dr\u00fcsen der Haut. Die Folgen sind Fl\u00fcssigkeitsverlust und eine angeregte Talgproduktion. Daher bietet sich in den warmen Monaten eine feuchtigkeitsspendende und weniger reichhaltige Hautpflege an.\u201c<\/p>\n<h3><span style=\"color: #000000;\">Kaltes Wasser kann in der kalten Jahreszeit f\u00fcr einen besonderen Haarglanz sorgen<\/span><\/h3>\n<h4><strong><span style=\"color: #ff0000;\">Stimmt nicht!<\/span><\/strong><\/h4>\n<p style=\"text-align: justify;\">Es gibt bislang keine wissenschaftlichen Erkenntnisse, die diese Aussage st\u00fctzen w\u00fcrden. Nat\u00fcrlich: Wind, Eis, Schnee und trockene Heizungsluft strapazieren nicht nur die Haut, sondern auch die Haare!<\/p>\n<div class=\"box info  \"><div class=\"box-inner-block\"><i class=\"fa tie-shortcode-boxicon\"><\/i>\n\t\t\tAuch M\u00fctzen und Schals sorgen in der kalten Jahreszeit f\u00fcr fliegendes, stumpfes und kraftloses Haar. Dass kaltes Wasser die Haare wieder zum Gl\u00e4nzen bringen w\u00fcrde, ist jedoch ein Beauty-Mythos.\n\t\t\t<\/div><\/div>\n<p style=\"text-align: justify;\">Kaltes Wasser mag ein ausgezeichneter Wachmacher sein und bestimmt auch ein gro\u00dfartiger Beauty-Helfer f\u00fcr ein straffes Bindegewebe sowie gesunde Gef\u00e4\u00dfe. Um die Haare jedoch wieder seidig sch\u00f6n und gl\u00e4nzend zu pflegen, sollte eher zu einer passenden Pflegesp\u00fclung und einer reichhaltigen Haarkur gegriffen werden.<\/p>\n<p><a href=\"https:\/\/www.kosmetikfuchs.de\/9059\/annemarie-boerlind\/seide-intensiv-kur-125ml\"><img loading=\"lazy\" decoding=\"async\" class=\"aligncenter wp-image-8857\" title=\"Olive Glanzconditioner von KORRES | f\u00fcr intensiv gl\u00e4nzendes, elastisches und weiches Haar\" src=\"https:\/\/www.kosmetikfuchs.de\/magazin\/wp-content\/uploads\/2022\/10\/4011061007958_ANNEMARIE-B-ORLIND-SEIDE-INTENSIV-KUR_INTERNET_858_800X800BdBcO0EeILJlq-300x300.jpg\" alt=\"\" width=\"350\" height=\"350\" srcset=\"https:\/\/www.kosmetikfuchs.de\/magazin\/wp-content\/uploads\/2022\/10\/4011061007958_ANNEMARIE-B-ORLIND-SEIDE-INTENSIV-KUR_INTERNET_858_800X800BdBcO0EeILJlq-300x300.jpg 300w, https:\/\/www.kosmetikfuchs.de\/magazin\/wp-content\/uploads\/2022\/10\/4011061007958_ANNEMARIE-B-ORLIND-SEIDE-INTENSIV-KUR_INTERNET_858_800X800BdBcO0EeILJlq-150x150.jpg 150w, https:\/\/www.kosmetikfuchs.de\/magazin\/wp-content\/uploads\/2022\/10\/4011061007958_ANNEMARIE-B-ORLIND-SEIDE-INTENSIV-KUR_INTERNET_858_800X800BdBcO0EeILJlq-768x768.jpg 768w, https:\/\/www.kosmetikfuchs.de\/magazin\/wp-content\/uploads\/2022\/10\/4011061007958_ANNEMARIE-B-ORLIND-SEIDE-INTENSIV-KUR_INTERNET_858_800X800BdBcO0EeILJlq.jpg 800w\" sizes=\"(max-width: 350px) 100vw, 350px\" \/><\/a><\/p>\n<p class=\"\" data-start=\"0\" data-end=\"282\">Pflegen und reparieren Sie Ihr Haar wirksam \u2013 gerade in der kalten Jahreszeit \u2013 mit der <strong data-start=\"88\" data-end=\"134\">Intensiv-Spr\u00fchpflege von ANNEMARIE B\u00d6RLIND<\/strong>. Denn entgegen des weitverbreiteten Beauty-Mythos sorgt <strong data-start=\"191\" data-end=\"233\">kaltes Wasser nicht f\u00fcr mehr Haarglanz<\/strong>. Wissenschaftliche Belege daf\u00fcr fehlen bislang.<\/p>\n<p class=\"\" data-start=\"284\" data-end=\"678\">Tats\u00e4chlich setzen K\u00e4lte, Wind, trockene Heizungsluft sowie das Tragen von M\u00fctzen und Schals dem Haar sichtbar zu: Es wird stumpf, trocken und verliert an Kraft. Umso wichtiger ist eine gezielte Pflege. Die Spr\u00fchpflege von ANNEMARIE B\u00d6RLIND spendet intensive <strong data-start=\"543\" data-end=\"559\">Feuchtigkeit<\/strong>, macht das Haar <strong data-start=\"576\" data-end=\"596\">leichter k\u00e4mmbar<\/strong> und verleiht ihm wieder <strong data-start=\"621\" data-end=\"650\">Geschmeidigkeit und Glanz<\/strong> \u2013 ganz ohne kalte Duschen.<\/p>\n<p class=\"\" data-start=\"680\" data-end=\"816\"><strong data-start=\"680\" data-end=\"689\">Tipp:<\/strong> Erg\u00e4nzen Sie Ihre Haarpflegeroutine mit einer n\u00e4hrenden Haarkur, um Ihr Haar optimal vor winterlichen Belastungen zu sch\u00fctzen.<\/p>\n<h3><span style=\"color: #000000;\">Haarspliss in der Winterzeit l\u00e4sst sich durch die richtigen Pflegeprodukte reparieren<\/span><\/h3>\n<h4><strong><span style=\"color: #ff0000;\">Stimmt nicht!<\/span><\/strong><\/h4>\n<p style=\"text-align: justify;\">Die Wintermonate beanspruchen das Haar in besonderer Weise! Allein schon der Wechsel zwischen der trockenen Heizungsluft in Innenr\u00e4umen sowie den eisigen Temperaturen drau\u00dfen beg\u00fcnstigt das Austrocknen der Haare und f\u00f6rdert die Spliss-Bildung. Auch Rollkragenpullover, Schals und M\u00fctzen stellen die Haare in der kalten Jahreszeit vor eine echte Herausforderung.<\/p>\n<figure id=\"attachment_4553\" aria-describedby=\"caption-attachment-4553\" style=\"width: 900px\" class=\"wp-caption aligncenter\"><img loading=\"lazy\" decoding=\"async\" class=\"wp-image-4553 size-full\" title=\"Die Wintermonate beanspruchen das Haar in besonderer Weise\" src=\"https:\/\/www.kosmetikfuchs.de\/magazin\/wp-content\/uploads\/2021\/11\/haare-winterzeit.jpg\" alt=\"haare-winterzeit-beauty-mythen-bei-der-winterpflege\" width=\"900\" height=\"600\" srcset=\"https:\/\/www.kosmetikfuchs.de\/magazin\/wp-content\/uploads\/2021\/11\/haare-winterzeit.jpg 900w, https:\/\/www.kosmetikfuchs.de\/magazin\/wp-content\/uploads\/2021\/11\/haare-winterzeit-300x200.jpg 300w, https:\/\/www.kosmetikfuchs.de\/magazin\/wp-content\/uploads\/2021\/11\/haare-winterzeit-768x512.jpg 768w\" sizes=\"(max-width: 900px) 100vw, 900px\" \/><figcaption id=\"caption-attachment-4553\" class=\"wp-caption-text\">\u00a9 De Visu \u2013 stock.adobe.com<\/figcaption><\/figure>\n<p style=\"text-align: justify;\">Sind die Haare aber erst einmal besch\u00e4digt, dann helfen leider keine Pflegeprodukte mehr. Shampoos, Spitzen-Fluide, Kuren und Pflegesp\u00fclungen k\u00f6nnen die gespaltenen Spitzen bedauerlicherweise nicht mehr reparieren! Wenn \u00fcberhaupt ein Reparatureffekt auftritt, so ist dieser nur von kurzer Dauer. Bereits entstandene Sch\u00e4den kann also nur der Friseur entfernen: In diesem Fall hilft also wirklich nur das Spitzenschneiden! Eindeutig also ein Beauty-Mythos.<\/p>\n<h3><span style=\"color: #000000;\">Sonnenschutz ist nur in den hei\u00dfen Sommermonaten wichtig<\/span><\/h3>\n<h4><span style=\"color: #ff0000;\"><strong>Stimmt nicht!<\/strong><\/span><\/h4>\n<p style=\"text-align: justify;\">Wenn es um Mythen in der Hautpflege geht, dann taucht leider auch diese Falschannahme immer wieder auf. Vor allem beim Spazierengehen oder beim Wintersport muss aber auf einen ausreichenden UV-Schutz geachtet werden. In den Bergen ist die Luft d\u00fcnner, was dazu f\u00fchrt, dass ein kleinerer Anteil der UV-Sonnenstrahlung abgehalten wird. Liegt nun auch noch Schnee, dann reflektiert das die Sonnenstrahlung umso st\u00e4rker. Ein starker <a href=\"https:\/\/www.kosmetikfuchs.de\/sonne\/sonnenschutz\">Sonnenschutz<\/a> geh\u00f6rt definitiv zu einer richtigen Hautpflege im Winter mit dazu, um die Haut vor lichtbedingten Sch\u00e4den sowie vor einer vorzeitigen Faltenbildung zu sch\u00fctzen.<\/p>\n<div class=\"box info  aligncenter\"><div class=\"box-inner-block\"><i class=\"fa tie-shortcode-boxicon\"><\/i>\n\t\t\tFrau Dr. med. Ulrike Thieme, medizinische Leiterin beim Online-Arzt ZAVA Deutschland, erklk\u00e4rt warum ein ausreichender Sonnenschutz auch in den Wintermonaten wichtig ist: \u201eDie Wahl des Lichtschutzfaktors sollte sich immer nach der St\u00e4rke der Sonneneinstrahlung und nicht nach der Au\u00dfentemperatur richten. Somit ist ein ausreichender UV-Schutz auch im Winter sehr wichtig. Besonders beim Wintersport in den Bergen kann die UV-Belastung aufgrund der d\u00fcnnen Luft sowie der Reflexion durch Schnee und Eis besonders hoch sein. Dabei dringen die UV-A-Strahlen tief in die Lederhaut (Dermis) ein und f\u00f6rdern hier die Entstehung freier Radikale sowie die Zerst\u00f6rung der elastischen und kollagenen Fasern. Zudem verd\u00fcnnt sich die Oberhaut (Epidermis), wodurch die Haut an Feuchtigkeit und Elastizit\u00e4t verliert und fr\u00fchzeitige Anzeichen der Hautalterung zeigt. Sowohl UV-B- als auch UV-A-Strahlen k\u00f6nnen das Erbgut (DNA) der Hautzellen sch\u00e4digen und somit die Entstehung von Hautkrebs beg\u00fcnstigen.\u201c\n\t\t\t<\/div><\/div>\n<figure id=\"attachment_4537\" aria-describedby=\"caption-attachment-4537\" style=\"width: 900px\" class=\"wp-caption aligncenter\"><img loading=\"lazy\" decoding=\"async\" class=\"wp-image-4537 size-full\" title=\"Ein starker Sonnenschutz geh\u00f6rt zu einer richtigen Hautpflege im Winter mit dazu\" src=\"https:\/\/www.kosmetikfuchs.de\/magazin\/wp-content\/uploads\/2021\/11\/winter-sonnenschutz-beauty-mythen-bei-der-winterpflege.jpg\" alt=\"winter-sonnenschutz-beauty-mythen-bei-der-winterpflege\" width=\"900\" height=\"601\" srcset=\"https:\/\/www.kosmetikfuchs.de\/magazin\/wp-content\/uploads\/2021\/11\/winter-sonnenschutz-beauty-mythen-bei-der-winterpflege.jpg 900w, https:\/\/www.kosmetikfuchs.de\/magazin\/wp-content\/uploads\/2021\/11\/winter-sonnenschutz-beauty-mythen-bei-der-winterpflege-300x200.jpg 300w, https:\/\/www.kosmetikfuchs.de\/magazin\/wp-content\/uploads\/2021\/11\/winter-sonnenschutz-beauty-mythen-bei-der-winterpflege-768x513.jpg 768w\" sizes=\"(max-width: 900px) 100vw, 900px\" \/><figcaption id=\"caption-attachment-4537\" class=\"wp-caption-text\">\u00a9 gpointstudio \u2013 stock.adobe.com<\/figcaption><\/figure>\n<h3><span style=\"color: #000000;\">M\u00e4nnerhaut braucht in der kalten Jahreszeit nicht so viel Pflege<\/span><\/h3>\n<h4><strong><span style=\"color: #ff0000;\">Stimmt nicht!<\/span><\/strong><\/h4>\n<p style=\"text-align: justify;\">Auch die widerstandsf\u00e4higere Haut von M\u00e4nnern kann vorzeitig altern und gesch\u00e4digt werden, wenn sie nicht ad\u00e4quat gepflegt wird \u2013 und das zu jeder Jahreszeit! Es ist also ebenfalls ein Beauty-Mythos, dass besondere Winterpflege f\u00fcr Herren \u00fcberfl\u00fcssig ist.<\/p>\n<h2>Auf keinen Beauty-Mythos hereinfallen: Gute Winterpflege sollte wohl\u00fcberlegt sein<\/h2>\n<p style=\"text-align: justify;\">Sie sehen also: Es gibt etliche Beauty-Mythen. Einige von ihnen halten sich auch leider noch immer stoisch. Vor allem in Bezug auf die Winterpflege existieren noch zu viele Irrt\u00fcmer.<\/p>\n<div class=\"box success  \"><div class=\"box-inner-block\"><i class=\"fa tie-shortcode-boxicon\"><\/i>\n\t\t\tWir hoffen, wir konnten allerdings ein paar von diesen Mythen etwas entschl\u00fcsseln und klarstellen, sodass Sie auf jeden Fall zur richtigen Pflege im Winter greifen.\n\t\t\t<\/div><\/div>\n","protected":false},"excerpt":{"rendered":"<p>\u00ab Welche Irrt\u00fcmer und Fehler treten besonders h\u00e4ufig auf? \u00bb Jeden Tag hundert B\u00fcrstenstriche sorgen f\u00fcr dichtes und gl\u00e4nzendes Haar. Lippenpflegestifte haben Suchtpotenzial und Sonnenschutz ist nur etwas f\u00fcr den Sommer. Solche und \u00e4hnliche Beauty-Mythen tauchen immer wieder auf und verunsichern viele Frauen. Auch in puncto Winterpflege kommt es h\u00e4ufig zu falschen Annahmen. Darum haben &hellip;<\/p>\n","protected":false},"author":1,"featured_media":4561,"comment_status":"open","ping_status":"open","sticky":false,"template":"","format":"standard","meta":{"footnotes":""},"categories":[1,3],"tags":[84,693,169,687,250,9,401,690,417,21,691,20,692,689,695,309,459,570,694,519,688,82,139,697,87,641,640,696],"yoast_head":"<!-- This site is optimized with the Yoast SEO plugin v22.3 - https:\/\/yoast.com\/wordpress\/plugins\/seo\/ -->\n<title>Beauty-Mythen bei der Winterpflege - Kosmetikfuchs Magazin<\/title>\n<meta name=\"description\" content=\"Das Kosmetikfuchs Magazin informiert \u00fcber g\u00e4ngige Beauty-Mythen zur Winterpflege \u2714 gibt Tipps zu Pflegeprodukten von BABOR \u2714 KORRES \u2714 und mehr.\" \/>\n<meta name=\"robots\" content=\"index, follow, max-snippet:-1, max-image-preview:large, max-video-preview:-1\" \/>\n<link rel=\"canonical\" href=\"https:\/\/www.kosmetikfuchs.de\/magazin\/beauty-mythen-bei-der-winterpflege\/\" \/>\n<meta property=\"og:locale\" content=\"de_DE\" \/>\n<meta property=\"og:type\" content=\"article\" \/>\n<meta property=\"og:title\" content=\"Beauty-Mythen bei der Winterpflege - Kosmetikfuchs Magazin\" \/>\n<meta property=\"og:description\" content=\"Das Kosmetikfuchs Magazin informiert \u00fcber g\u00e4ngige Beauty-Mythen zur Winterpflege \u2714 gibt Tipps zu Pflegeprodukten von BABOR \u2714 KORRES \u2714 und mehr.\" \/>\n<meta property=\"og:url\" content=\"https:\/\/www.kosmetikfuchs.de\/magazin\/beauty-mythen-bei-der-winterpflege\/\" \/>\n<meta property=\"og:site_name\" content=\"Kosmetikfuchs Magazin\" \/>\n<meta property=\"article:published_time\" content=\"2022-10-25T06:00:21+00:00\" \/>\n<meta property=\"article:modified_time\" content=\"2025-08-08T12:06:38+00:00\" \/>\n<meta property=\"og:image\" content=\"https:\/\/www.kosmetikfuchs.de\/magazin\/wp-content\/uploads\/2021\/11\/Beauty-Mythen-bei-der-Winterpflege.jpg\" \/>\n\t<meta property=\"og:image:width\" content=\"900\" \/>\n\t<meta property=\"og:image:height\" content=\"600\" \/>\n\t<meta property=\"og:image:type\" content=\"image\/jpeg\" \/>\n<meta name=\"author\" content=\"admin\" \/>\n<meta name=\"twitter:card\" content=\"summary_large_image\" \/>\n<meta name=\"twitter:label1\" content=\"Verfasst von\" \/>\n\t<meta name=\"twitter:data1\" content=\"admin\" \/>\n\t<meta name=\"twitter:label2\" content=\"Gesch\u00e4tzte Lesezeit\" \/>\n\t<meta name=\"twitter:data2\" content=\"11\u00a0Minuten\" \/>\n<script type=\"application\/ld+json\" class=\"yoast-schema-graph\">{\"@context\":\"https:\/\/schema.org\",\"@graph\":[{\"@type\":\"WebPage\",\"@id\":\"https:\/\/www.kosmetikfuchs.de\/magazin\/beauty-mythen-bei-der-winterpflege\/\",\"url\":\"https:\/\/www.kosmetikfuchs.de\/magazin\/beauty-mythen-bei-der-winterpflege\/\",\"name\":\"Beauty-Mythen bei der Winterpflege - Kosmetikfuchs Magazin\",\"isPartOf\":{\"@id\":\"https:\/\/www.kosmetikfuchs.de\/magazin\/#website\"},\"primaryImageOfPage\":{\"@id\":\"https:\/\/www.kosmetikfuchs.de\/magazin\/beauty-mythen-bei-der-winterpflege\/#primaryimage\"},\"image\":{\"@id\":\"https:\/\/www.kosmetikfuchs.de\/magazin\/beauty-mythen-bei-der-winterpflege\/#primaryimage\"},\"thumbnailUrl\":\"https:\/\/www.kosmetikfuchs.de\/magazin\/wp-content\/uploads\/2021\/11\/Beauty-Mythen-bei-der-Winterpflege.jpg\",\"datePublished\":\"2022-10-25T06:00:21+00:00\",\"dateModified\":\"2025-08-08T12:06:38+00:00\",\"author\":{\"@id\":\"https:\/\/www.kosmetikfuchs.de\/magazin\/#\/schema\/person\/d74441dfe7021cf7301a89aa8423d147\"},\"description\":\"Das Kosmetikfuchs Magazin informiert \u00fcber g\u00e4ngige Beauty-Mythen zur Winterpflege \u2714 gibt Tipps zu Pflegeprodukten von BABOR \u2714 KORRES \u2714 und mehr.\",\"breadcrumb\":{\"@id\":\"https:\/\/www.kosmetikfuchs.de\/magazin\/beauty-mythen-bei-der-winterpflege\/#breadcrumb\"},\"inLanguage\":\"de\",\"potentialAction\":[{\"@type\":\"ReadAction\",\"target\":[\"https:\/\/www.kosmetikfuchs.de\/magazin\/beauty-mythen-bei-der-winterpflege\/\"]}]},{\"@type\":\"ImageObject\",\"inLanguage\":\"de\",\"@id\":\"https:\/\/www.kosmetikfuchs.de\/magazin\/beauty-mythen-bei-der-winterpflege\/#primaryimage\",\"url\":\"https:\/\/www.kosmetikfuchs.de\/magazin\/wp-content\/uploads\/2021\/11\/Beauty-Mythen-bei-der-Winterpflege.jpg\",\"contentUrl\":\"https:\/\/www.kosmetikfuchs.de\/magazin\/wp-content\/uploads\/2021\/11\/Beauty-Mythen-bei-der-Winterpflege.jpg\",\"width\":900,\"height\":600,\"caption\":\"\u00a9 kichigin19 \u2013 stock.adobe.com\"},{\"@type\":\"BreadcrumbList\",\"@id\":\"https:\/\/www.kosmetikfuchs.de\/magazin\/beauty-mythen-bei-der-winterpflege\/#breadcrumb\",\"itemListElement\":[{\"@type\":\"ListItem\",\"position\":1,\"name\":\"Startseite\",\"item\":\"https:\/\/www.kosmetikfuchs.de\/magazin\/\"},{\"@type\":\"ListItem\",\"position\":2,\"name\":\"Beauty-Mythen bei der Winterpflege\"}]},{\"@type\":\"WebSite\",\"@id\":\"https:\/\/www.kosmetikfuchs.de\/magazin\/#website\",\"url\":\"https:\/\/www.kosmetikfuchs.de\/magazin\/\",\"name\":\"Kosmetikfuchs Magazin\",\"description\":\"\",\"potentialAction\":[{\"@type\":\"SearchAction\",\"target\":{\"@type\":\"EntryPoint\",\"urlTemplate\":\"https:\/\/www.kosmetikfuchs.de\/magazin\/?s={search_term_string}\"},\"query-input\":\"required name=search_term_string\"}],\"inLanguage\":\"de\"},{\"@type\":\"Person\",\"@id\":\"https:\/\/www.kosmetikfuchs.de\/magazin\/#\/schema\/person\/d74441dfe7021cf7301a89aa8423d147\",\"name\":\"admin\",\"image\":{\"@type\":\"ImageObject\",\"inLanguage\":\"de\",\"@id\":\"https:\/\/www.kosmetikfuchs.de\/magazin\/#\/schema\/person\/image\/\",\"url\":\"https:\/\/secure.gravatar.com\/avatar\/a794a4fe8a9b9c52241597eb381dfa2e?s=96&d=mm&r=g\",\"contentUrl\":\"https:\/\/secure.gravatar.com\/avatar\/a794a4fe8a9b9c52241597eb381dfa2e?s=96&d=mm&r=g\",\"caption\":\"admin\"},\"url\":\"https:\/\/www.kosmetikfuchs.de\/magazin\/author\/321456\/\"}]}<\/script>\n<!-- \/ Yoast SEO plugin. -->","yoast_head_json":{"title":"Beauty-Mythen bei der Winterpflege - Kosmetikfuchs Magazin","description":"Das Kosmetikfuchs Magazin informiert \u00fcber g\u00e4ngige Beauty-Mythen zur Winterpflege \u2714 gibt Tipps zu Pflegeprodukten von BABOR \u2714 KORRES \u2714 und mehr.","robots":{"index":"index","follow":"follow","max-snippet":"max-snippet:-1","max-image-preview":"max-image-preview:large","max-video-preview":"max-video-preview:-1"},"canonical":"https:\/\/www.kosmetikfuchs.de\/magazin\/beauty-mythen-bei-der-winterpflege\/","og_locale":"de_DE","og_type":"article","og_title":"Beauty-Mythen bei der Winterpflege - Kosmetikfuchs Magazin","og_description":"Das Kosmetikfuchs Magazin informiert \u00fcber g\u00e4ngige Beauty-Mythen zur Winterpflege \u2714 gibt Tipps zu Pflegeprodukten von BABOR \u2714 KORRES \u2714 und mehr.","og_url":"https:\/\/www.kosmetikfuchs.de\/magazin\/beauty-mythen-bei-der-winterpflege\/","og_site_name":"Kosmetikfuchs Magazin","article_published_time":"2022-10-25T06:00:21+00:00","article_modified_time":"2025-08-08T12:06:38+00:00","og_image":[{"width":900,"height":600,"url":"https:\/\/www.kosmetikfuchs.de\/magazin\/wp-content\/uploads\/2021\/11\/Beauty-Mythen-bei-der-Winterpflege.jpg","type":"image\/jpeg"}],"author":"admin","twitter_card":"summary_large_image","twitter_misc":{"Verfasst von":"admin","Gesch\u00e4tzte Lesezeit":"11\u00a0Minuten"},"schema":{"@context":"https:\/\/schema.org","@graph":[{"@type":"WebPage","@id":"https:\/\/www.kosmetikfuchs.de\/magazin\/beauty-mythen-bei-der-winterpflege\/","url":"https:\/\/www.kosmetikfuchs.de\/magazin\/beauty-mythen-bei-der-winterpflege\/","name":"Beauty-Mythen bei der Winterpflege - Kosmetikfuchs Magazin","isPartOf":{"@id":"https:\/\/www.kosmetikfuchs.de\/magazin\/#website"},"primaryImageOfPage":{"@id":"https:\/\/www.kosmetikfuchs.de\/magazin\/beauty-mythen-bei-der-winterpflege\/#primaryimage"},"image":{"@id":"https:\/\/www.kosmetikfuchs.de\/magazin\/beauty-mythen-bei-der-winterpflege\/#primaryimage"},"thumbnailUrl":"https:\/\/www.kosmetikfuchs.de\/magazin\/wp-content\/uploads\/2021\/11\/Beauty-Mythen-bei-der-Winterpflege.jpg","datePublished":"2022-10-25T06:00:21+00:00","dateModified":"2025-08-08T12:06:38+00:00","author":{"@id":"https:\/\/www.kosmetikfuchs.de\/magazin\/#\/schema\/person\/d74441dfe7021cf7301a89aa8423d147"},"description":"Das Kosmetikfuchs Magazin informiert \u00fcber g\u00e4ngige Beauty-Mythen zur Winterpflege \u2714 gibt Tipps zu Pflegeprodukten von BABOR \u2714 KORRES \u2714 und mehr.","breadcrumb":{"@id":"https:\/\/www.kosmetikfuchs.de\/magazin\/beauty-mythen-bei-der-winterpflege\/#breadcrumb"},"inLanguage":"de","potentialAction":[{"@type":"ReadAction","target":["https:\/\/www.kosmetikfuchs.de\/magazin\/beauty-mythen-bei-der-winterpflege\/"]}]},{"@type":"ImageObject","inLanguage":"de","@id":"https:\/\/www.kosmetikfuchs.de\/magazin\/beauty-mythen-bei-der-winterpflege\/#primaryimage","url":"https:\/\/www.kosmetikfuchs.de\/magazin\/wp-content\/uploads\/2021\/11\/Beauty-Mythen-bei-der-Winterpflege.jpg","contentUrl":"https:\/\/www.kosmetikfuchs.de\/magazin\/wp-content\/uploads\/2021\/11\/Beauty-Mythen-bei-der-Winterpflege.jpg","width":900,"height":600,"caption":"\u00a9 kichigin19 \u2013 stock.adobe.com"},{"@type":"BreadcrumbList","@id":"https:\/\/www.kosmetikfuchs.de\/magazin\/beauty-mythen-bei-der-winterpflege\/#breadcrumb","itemListElement":[{"@type":"ListItem","position":1,"name":"Startseite","item":"https:\/\/www.kosmetikfuchs.de\/magazin\/"},{"@type":"ListItem","position":2,"name":"Beauty-Mythen bei der Winterpflege"}]},{"@type":"WebSite","@id":"https:\/\/www.kosmetikfuchs.de\/magazin\/#website","url":"https:\/\/www.kosmetikfuchs.de\/magazin\/","name":"Kosmetikfuchs Magazin","description":"","potentialAction":[{"@type":"SearchAction","target":{"@type":"EntryPoint","urlTemplate":"https:\/\/www.kosmetikfuchs.de\/magazin\/?s={search_term_string}"},"query-input":"required name=search_term_string"}],"inLanguage":"de"},{"@type":"Person","@id":"https:\/\/www.kosmetikfuchs.de\/magazin\/#\/schema\/person\/d74441dfe7021cf7301a89aa8423d147","name":"admin","image":{"@type":"ImageObject","inLanguage":"de","@id":"https:\/\/www.kosmetikfuchs.de\/magazin\/#\/schema\/person\/image\/","url":"https:\/\/secure.gravatar.com\/avatar\/a794a4fe8a9b9c52241597eb381dfa2e?s=96&d=mm&r=g","contentUrl":"https:\/\/secure.gravatar.com\/avatar\/a794a4fe8a9b9c52241597eb381dfa2e?s=96&d=mm&r=g","caption":"admin"},"url":"https:\/\/www.kosmetikfuchs.de\/magazin\/author\/321456\/"}]}},"_links":{"self":[{"href":"https:\/\/www.kosmetikfuchs.de\/magazin\/wp-json\/wp\/v2\/posts\/4523"}],"collection":[{"href":"https:\/\/www.kosmetikfuchs.de\/magazin\/wp-json\/wp\/v2\/posts"}],"about":[{"href":"https:\/\/www.kosmetikfuchs.de\/magazin\/wp-json\/wp\/v2\/types\/post"}],"author":[{"embeddable":true,"href":"https:\/\/www.kosmetikfuchs.de\/magazin\/wp-json\/wp\/v2\/users\/1"}],"replies":[{"embeddable":true,"href":"https:\/\/www.kosmetikfuchs.de\/magazin\/wp-json\/wp\/v2\/comments?post=4523"}],"version-history":[{"count":43,"href":"https:\/\/www.kosmetikfuchs.de\/magazin\/wp-json\/wp\/v2\/posts\/4523\/revisions"}],"predecessor-version":[{"id":8968,"href":"https:\/\/www.kosmetikfuchs.de\/magazin\/wp-json\/wp\/v2\/posts\/4523\/revisions\/8968"}],"wp:featuredmedia":[{"embeddable":true,"href":"https:\/\/www.kosmetikfuchs.de\/magazin\/wp-json\/wp\/v2\/media\/4561"}],"wp:attachment":[{"href":"https:\/\/www.kosmetikfuchs.de\/magazin\/wp-json\/wp\/v2\/media?parent=4523"}],"wp:term":[{"taxonomy":"category","embeddable":true,"href":"https:\/\/www.kosmetikfuchs.de\/magazin\/wp-json\/wp\/v2\/categories?post=4523"},{"taxonomy":"post_tag","embeddable":true,"href":"https:\/\/www.kosmetikfuchs.de\/magazin\/wp-json\/wp\/v2\/tags?post=4523"}],"curies":[{"name":"wp","href":"https:\/\/api.w.org\/{rel}","templated":true}]}}