{"id":3961,"date":"2022-12-01T10:00:27","date_gmt":"2022-12-01T09:00:27","guid":{"rendered":"https:\/\/www.kosmetikfuchs.de\/magazin\/?p=3961"},"modified":"2025-08-04T16:33:16","modified_gmt":"2025-08-04T14:33:16","slug":"vitamin-d","status":"publish","type":"post","link":"https:\/\/www.kosmetikfuchs.de\/magazin\/vitamin-d\/","title":{"rendered":"Vitamin D: Wichtig f\u00fcr viele Vorg\u00e4nge im K\u00f6rper"},"content":{"rendered":"<p style=\"text-align: justify;\"><strong>Manch einer hat diesen Satz bestimmt schon \u00f6fter geh\u00f6rt: Einfach mal wieder Sonne tanken und den Akku aufladen. In diesen Weisheiten steckt viel Wahrheit. Aus gutem Grund gilt Vitamin D als Sonnenvitamin und tr\u00e4gt als Vitamin D3 den chemischen Namen Cholecalciferol. Es wird durch UV-B-Licht in der Haut gebildet und kommt im menschlichen K\u00f6rper nat\u00fcrlich vor. Daher spricht man auch vom Sonnenvitamin. Wussten Sie, dass Vitamin D entz\u00fcndungshemmend wirkt und damit f\u00fcr ein gut funktionierendes Immunsystem wichtig ist? Auch f\u00fcr die Gesundheit unserer Knochen spielt Vitamin D eine entscheidende Rolle. Deshalb ist es umso bedeutender, dass in unserem K\u00f6rper kein Vitamin D-Mangel entsteht. Kennen Sie Ihren Vitamin D-Status? Wir zeigen Ihnen, wie sich ein Mangel \u00e4u\u00dfert und was Sie dagegen tun k\u00f6nnen.<\/strong><\/p>\n<h2>Das Sonnenvitamin<\/h2>\n<p style=\"text-align: justify;\">Der chemische Name f\u00fcr Vitamin D3 ist Cholecalciferol. Unser K\u00f6rper kann dank des Sonnenlichts Vitamin D selbst produzieren. Wer sich regelm\u00e4\u00dfig drau\u00dfen aufh\u00e4lt, kann so 80 bis 90 Prozent des eigenen Bedarfs selbst herstellen. Daf\u00fcr gen\u00fcgt es bereits, dass H\u00e4nde, Arme, Beine und das Gesicht von der Sonne gek\u00fcsst werden. Aber Achtung! Ein ausgiebiges Sonnenbad ist nicht notwendig und beg\u00fcnstigt trotz <a href=\"https:\/\/www.kosmetikfuchs.de\/sonne\/sonnenschutz\">hochwertiger Sonnencremes<\/a> manchmal nur einen Sonnenbrand, der aufgrund eines Hautkrebsrisikos vermieden werden sollte. Die restlichen 10 bis 20 Prozent k\u00f6nnen wir \u00fcber die Ern\u00e4hrung aufnehmen.<\/p>\n<figure id=\"attachment_3983\" aria-describedby=\"caption-attachment-3983\" style=\"width: 900px\" class=\"wp-caption aligncenter\"><img loading=\"lazy\" decoding=\"async\" class=\"wp-image-3983 size-full\" title=\"Unser K\u00f6rper kann dank des Sonnenlichts Vitamin D selbst produzieren\" src=\"https:\/\/www.kosmetikfuchs.de\/magazin\/wp-content\/uploads\/2021\/09\/sonnenvitamin-vitamin-d.jpg\" alt=\"sonnenvitamin-vitamin-d\" width=\"900\" height=\"600\" srcset=\"https:\/\/www.kosmetikfuchs.de\/magazin\/wp-content\/uploads\/2021\/09\/sonnenvitamin-vitamin-d.jpg 900w, https:\/\/www.kosmetikfuchs.de\/magazin\/wp-content\/uploads\/2021\/09\/sonnenvitamin-vitamin-d-300x200.jpg 300w, https:\/\/www.kosmetikfuchs.de\/magazin\/wp-content\/uploads\/2021\/09\/sonnenvitamin-vitamin-d-768x512.jpg 768w\" sizes=\"(max-width: 900px) 100vw, 900px\" \/><figcaption id=\"caption-attachment-3983\" class=\"wp-caption-text\">\u00a9 anetlanda \u2013 stock.adobe.com<\/figcaption><\/figure>\n<p style=\"text-align: justify;\">Vitamin D hat aber noch weitere positive Eigenschaften: Es tr\u00e4gt zur Regulierung von Calcium im Blut bei und ist f\u00fcr ein gut funktionierendes Immunsystem wichtig, da es entz\u00fcndungshemmend wirkt. Gerade bei der Entwicklung von Nerven und Muskeln empfiehlt sich ein ausreichend voller Speicher des Sonnenvitamins. Durch gesunde Ern\u00e4hrung und moderate Sonneneinstrahlung kann praktisch kein \u00dcberschuss eintreten. Sie sollten dennoch vorsichtig mit Pr\u00e4paraten und Nahrungserg\u00e4nzungsmitteln sein, die eine hohe Konzentration an Cholecalciferol aufweisen. Von M\u00e4rz bis Oktober, wenn Ihr Schatten k\u00fcrzer als Sie selbst ist, kann Ihr K\u00f6rper das Sonnenvitamin in ausreichendem Ma\u00df aufnehmen.<\/p>\n<h2>Vitamin Mangel Symptome<\/h2>\n<p><strong>Wie zeigt sich ein Vitamin D Mangel?<\/strong><\/p>\n<p style=\"text-align: justify;\">Die Mehrheit der Bev\u00f6lkerung ist nicht von einem schweren Mangel an Cholecalciferol betroffen, doch ist die Versorgung bei fast 60 Prozent der deutschen Bev\u00f6lkerung nicht ausreichend. Die Deutsche Gesellschaft f\u00fcr Ern\u00e4hrung (DGE) empfiehlt f\u00fcr einen erwachsenen Menschen t\u00e4glich 20 Mikrogramm von Sonnenvitamin D. Bei geringer Sonneneinstrahlung in den Herbst- und Wintermonaten kann es sinnvoll sein, Ihrem K\u00f6rper Cholecalciferol separat \u00fcber Nahrungserg\u00e4nzungsmittel zuzuf\u00fchren. Menschen mit einer veganen Lebensweise, die Sonne meiden, sind h\u00e4ufiger von einem Mangel betroffen. In pflanzlichen Produkten ist das Sonnenvitamin kaum enthalten.<\/p>\n<p>Bei einem Wert <strong>unter &lt;25 nmol\/l (&lt;10 ng\/ml)<\/strong> besteht ein extremer Mangel. Hier bestehet die Gefahr einer\u00a0 Mineralisierungsst\u00f6rung des Knochen. Denn Calciferol\u00a0 f\u00f6rdert den Erhalt der Knochen. Bei Erwachsenen kann das zur Knochenerweichung f\u00fchren.\u00a0 Von einer ausreichenden Versorgung spricht man ab einem Wert von <strong>50 nmol\/l (20 ng\/ml), mindestens aber von 40 nmol\/l.\u00a0<\/strong> Daher lohnt sich die regelm\u00e4\u00dfige Vitamin D Kontrolle.<\/p>\n<h3>Diese Symptome k\u00f6nnen sich bei einem Vitamin D Mangel zeigen:<\/h3>\n<ul>\n<li>Infektanf\u00e4lligkeit<\/li>\n<li>M\u00fcdigkeit<\/li>\n<li>Abgeschlagenheit<\/li>\n<li>Paradontitis und Zahnfleischentz\u00fcndungen<\/li>\n<li>schlechte heilende Wunden<\/li>\n<li>Depressive Stimmung<\/li>\n<li>schlechte Gewichtsabnahme, wenn man abnehmen m\u00f6chte<\/li>\n<li>generelle Neigung zu Entz\u00fcndungen<\/li>\n<li>Osteoporose<\/li>\n<\/ul>\n<p>&nbsp;<\/p>\n<h3>Erkrankungen, bei denen ein Mangel eine Rolle spielen kann:<\/h3>\n<p>H\u00e4tten Sie es gewusst? Bei vielen Erkrankungen denken \u00c4rzte und Patienten nicht an die Rolle des Vitamins im Blut. Tats\u00e4chlich ist die Liste lang.<\/p>\n<p><strong><a href=\"https:\/\/www.kosmetikfuchs.de\/magazin\/arteriosklerose-ursachen-risiken-und-behandlung\/\">Arteriosklerose (Arterienverkalkung)<\/a>:<\/strong><\/p>\n<p>Vitamin D kann die Arteriosklerose Entwicklung hemmen, indem es modulierend auf das Immunsystem wirkt.<\/p>\n<p>( Vitamin D and vascular calcification Armin Zittermann 1 , Stefanie S Schleithoff, Reiner Koerfer)<\/p>\n<p><strong>Fettleber:<\/strong><\/p>\n<p>Studien belegen einen Zusammenhang zwischen niedrigem Vitamin Spiegel und der Entstehung einer Fettleber. Aber auch umgekehrt beeinflusst eine bestehende Fettleber die Umwandlung in die aktive Form Calcitriol. Vitamin D wird erst einmal in der Leber gespeichert und dann umgewandelt. Aufgrund von Lebersch\u00e4den kann es so auch zu einem Mangel kommen, obwohl gen\u00fcgend zur Verf\u00fcgung st\u00e4nde.<\/p>\n<p><strong>Neurodermitis\/ <\/strong><strong>Psoriasis:<\/strong><\/p>\n<p>Studien belegen, dass betroffenen Personen einen signifikant niedrigeren Vitamin D Spiegel haben und von einem anheben dessen auf mindestens 50nmol\/l stakt profitieren.<\/p>\n<p>&nbsp;<\/p>\n<p>&nbsp;<\/p>\n<figure id=\"attachment_3986\" aria-describedby=\"caption-attachment-3986\" style=\"width: 900px\" class=\"wp-caption aligncenter\"><img loading=\"lazy\" decoding=\"async\" class=\"wp-image-3986 size-full\" title=\"Bei geringer Sonneneinstrahlung kann Vitamin D \u00fcber Nahrungserg\u00e4nzungsmittel zugef\u00fchrt werden\" src=\"https:\/\/www.kosmetikfuchs.de\/magazin\/wp-content\/uploads\/2021\/09\/vitamin-d-nahrungsergaenzung.jpg\" alt=\"vitamin-d-nahrungsergaenzung\" width=\"900\" height=\"620\" srcset=\"https:\/\/www.kosmetikfuchs.de\/magazin\/wp-content\/uploads\/2021\/09\/vitamin-d-nahrungsergaenzung.jpg 900w, https:\/\/www.kosmetikfuchs.de\/magazin\/wp-content\/uploads\/2021\/09\/vitamin-d-nahrungsergaenzung-300x207.jpg 300w, https:\/\/www.kosmetikfuchs.de\/magazin\/wp-content\/uploads\/2021\/09\/vitamin-d-nahrungsergaenzung-768x529.jpg 768w, https:\/\/www.kosmetikfuchs.de\/magazin\/wp-content\/uploads\/2021\/09\/vitamin-d-nahrungsergaenzung-110x75.jpg 110w\" sizes=\"(max-width: 900px) 100vw, 900px\" \/><figcaption id=\"caption-attachment-3986\" class=\"wp-caption-text\">\u00a9 FotoHelin \u2013 stock.adobe.com<\/figcaption><\/figure>\n<p style=\"text-align: justify;\">Bei S\u00e4uglingen und Kleinkindern f\u00fchrt ein Mangel an Vitamin D zu Knochenweiche (Rachitis). Im Erwachsenenalter k\u00f6nnen infolge des Mangels St\u00f6rungen des Knochenstoffwechsels, erh\u00f6hte Infektanf\u00e4lligkeit sowie Muskel- und Gliederschmerzen auftreten. Im reiferen Alter kann eine Osteoporose beg\u00fcnstigt werden.<\/p>\n<p style=\"text-align: justify;\">Sie m\u00f6chten Ihrem Vitamin D-Wert auf die Spur kommen? Sprechen Sie mit Ihrem Arzt, Vitamin D geh\u00f6rt leider noch nicht zur Routineuntersuchung. Besteht ein Mangel, l\u00e4sst sich dieser mit Hilfe von Ern\u00e4hrung, <a href=\"https:\/\/www.kosmetikfuchs.de\/nahrungsergaenzung\">Nahrungserg\u00e4nzungsmitteln<\/a> und Sonnenlicht bestimmt in den Griff bekommen.<\/p>\n<p>&nbsp;<\/p>\n<h2>Wichtig, wenn Sie Vitamin D einnehmen:<\/h2>\n<p>Wenn Sie Nahrungserg\u00e4nzungsmittel unterst\u00fctzend einnehmen m\u00f6chten, lassen Sie Ihren Spiegel von Ihrem Arzt oder Labor vorher pr\u00fcfen. Achten Sie vor der ersten Einnahme auf eine ausreichende Magnesiumzufuhr, da eine hohe Dosis einen Magnesiummangel versch\u00e4rft. Ohne Magnesium kann Caliciferol nicht aktiviert werden.<\/p>\n<p>Diskutieren Sie die Menge mit Ihrem Arzt und supplementieren Sie nicht einfach planlos. Es bietet sich an, das Vitamin t\u00e4glich einzunehmen, da die Halbwertszeit 24h betr\u00e4gt.<\/p>\n<p>Achten Sie darauf, dass Sie die Nahrungserg\u00e4nzung nach einer fettreichen Mahlzeit zu sich nehmen, so kann es besser resorbiert werden.<\/p>\n<p><strong>Wichtig:<\/strong> Nehmen Sie nicht eigenm\u00e4chtig dauerhaft hohe Dosierungen ein.<\/p>\n<figure id=\"attachment_6995\" aria-describedby=\"caption-attachment-6995\" style=\"width: 862px\" class=\"wp-caption aligncenter\"><img loading=\"lazy\" decoding=\"async\" class=\"wp-image-6995 size-full\" title=\"Vitamin D - das Sonnenvitamin\" src=\"https:\/\/www.kosmetikfuchs.de\/magazin\/wp-content\/uploads\/2021\/08\/Bild-Andrea-Vitamin-D.jpg\" alt=\"Sonenvitamin Vitamin D\" width=\"862\" height=\"431\" srcset=\"https:\/\/www.kosmetikfuchs.de\/magazin\/wp-content\/uploads\/2021\/08\/Bild-Andrea-Vitamin-D.jpg 862w, https:\/\/www.kosmetikfuchs.de\/magazin\/wp-content\/uploads\/2021\/08\/Bild-Andrea-Vitamin-D-300x150.jpg 300w, https:\/\/www.kosmetikfuchs.de\/magazin\/wp-content\/uploads\/2021\/08\/Bild-Andrea-Vitamin-D-768x384.jpg 768w\" sizes=\"(max-width: 862px) 100vw, 862px\" \/><figcaption id=\"caption-attachment-6995\" class=\"wp-caption-text\">kosmetikfuchs &#8211; @Andrea Schnitzler<\/figcaption><\/figure>\n<h2>Nahrungsmittel mit viel Vitamin D<\/h2>\n<p style=\"text-align: justify;\">Reich an Cholecalciferol sind vor allem tierische Lebensmittel, aber auch Pilze. Der Gehalt wird in Mikrogramm pro 100 Gramm Lebensmittel angegeben:<\/p>\n<ul>\n<li>Hering 7,80 bis 25,00<\/li>\n<li>Lachs 16,00<\/li>\n<li>H\u00fchnereigelb 5,60<\/li>\n<li>Makrele 4,00<\/li>\n<li>Vollei 2,90<\/li>\n<li>Margarine 2,50 bis 7,50 (mit Ausnahmegenehmigung)<\/li>\n<li>Pfifferlinge 2,10<\/li>\n<li>Champignons 1,90<\/li>\n<li>Rinderleber 1,70<\/li>\n<li>Goudak\u00e4se, 45% F. i. Tr. 1,30<\/li>\n<li>Butter 1,20<\/li>\n<li>Kalbsleber 0,33<\/li>\n<li>Vollmilch, 3,5 Prozent Fett, 0,09<\/li>\n<\/ul>\n<h2>Sonnenvitamin tanken bei Aufenthalt in der Sonne<\/h2>\n<p style=\"text-align: justify;\">Es ist naheliegend, das Sonnenvitamin durch Aufenthalte in der Sonne aufzunehmen. Wie lange Sie t\u00e4glich in der Sonne ohne Sonnenschutz bleiben d\u00fcrfen, h\u00e4ngt von Ihrer Hautfarbe und vom jeweiligen Monat ab.<\/p>\n<p>&nbsp;<\/p>\n<p><center><a href=\"https:\/\/www.kosmetikfuchs.de\/10710\/la-mer\/sun-protection-sun-gel-spf-50plus-koerper-o.p.-100ml?utm_source=mz_04_08_2021&amp;utm_medium=magazin&amp;utm_campaign=VitaminD%20&amp;utm_content=artikel1\"><img loading=\"lazy\" decoding=\"async\" class=\"alignnone wp-image-3972 size-full\" title=\"Sun-Gel SPF 50+ K\u00f6rper aus der Linie Sun Protection von La mer | sch\u00fctzt vor freien Radikalen\" src=\"https:\/\/www.kosmetikfuchs.de\/magazin\/wp-content\/uploads\/2021\/09\/la-mer-sun-protection-sun-gel-spf-50plus-koerper-o-p-100ml.jpg\" alt=\"la-mer-sun-protection-sun-gel-spf-50plus-koerper-o-p-100ml\" width=\"400\" height=\"370\" srcset=\"https:\/\/www.kosmetikfuchs.de\/magazin\/wp-content\/uploads\/2021\/09\/la-mer-sun-protection-sun-gel-spf-50plus-koerper-o-p-100ml.jpg 400w, https:\/\/www.kosmetikfuchs.de\/magazin\/wp-content\/uploads\/2021\/09\/la-mer-sun-protection-sun-gel-spf-50plus-koerper-o-p-100ml-300x278.jpg 300w\" sizes=\"(max-width: 400px) 100vw, 400px\" \/><\/a> <a href=\"https:\/\/www.kosmetikfuchs.de\/8516\/rosa-graf\/suntime-high-spf-30-50ml?utm_source=mz_04_08_2021&amp;utm_medium=magazin&amp;utm_campaign=VitaminD%20&amp;utm_content=artikel2\"><img loading=\"lazy\" decoding=\"async\" class=\"alignnone wp-image-3973 size-full\" title=\"Wasserfester Sonnenschutz Suntime high SPF 30 von Rosa Graf | Parabenfrei - Mineral\u00f6lfrei - PEG Frei\" src=\"https:\/\/www.kosmetikfuchs.de\/magazin\/wp-content\/uploads\/2021\/09\/rosa-graf-suntime-high-spf-30-50ml.jpg\" alt=\"rosa-graf-suntime-high-spf-30-50ml\" width=\"400\" height=\"390\" srcset=\"https:\/\/www.kosmetikfuchs.de\/magazin\/wp-content\/uploads\/2021\/09\/rosa-graf-suntime-high-spf-30-50ml.jpg 400w, https:\/\/www.kosmetikfuchs.de\/magazin\/wp-content\/uploads\/2021\/09\/rosa-graf-suntime-high-spf-30-50ml-300x293.jpg 300w\" sizes=\"(max-width: 400px) 100vw, 400px\" \/><\/a><\/center><\/p>\n<p style=\"text-align: justify;\">Menschen mit heller und sehr heller Hautfarbe d\u00fcrfen sich t\u00e4glich im M\u00e4rz und April sowie im September und Oktober 10 bis 20 Minuten und von Juni bis August 5 bis 10 Minuten ohne Schutz in der Sonne aufhalten. Etwas l\u00e4nger d\u00fcrfen Menschen mit mittlerer bis dunkler Hautfarbe t\u00e4glich in der Sonne bleiben.<\/p>\n<p><center><img loading=\"lazy\" decoding=\"async\" class=\"alignnone wp-image-3978 size-full\" title=\"UV-Bronze SPF 50Plus Sonnenlotion von Filorga | Anti-Aging und Sonnenschutz f\u00fcr Ihr Gesicht!\" src=\"https:\/\/www.kosmetikfuchs.de\/magazin\/wp-content\/uploads\/2021\/09\/filorga-uv-bronze-spf-50plus-sonnenlotion-40ml.jpg\" alt=\"filorga-uv-bronze-spf-50plus-sonnenlotion-40ml\" width=\"400\" height=\"370\" srcset=\"https:\/\/www.kosmetikfuchs.de\/magazin\/wp-content\/uploads\/2021\/09\/filorga-uv-bronze-spf-50plus-sonnenlotion-40ml.jpg 400w, https:\/\/www.kosmetikfuchs.de\/magazin\/wp-content\/uploads\/2021\/09\/filorga-uv-bronze-spf-50plus-sonnenlotion-40ml-300x278.jpg 300w\" sizes=\"(max-width: 400px) 100vw, 400px\" \/> <a href=\"https:\/\/www.kosmetikfuchs.de\/18129\/korres\/yoghurt-spf-50-sonnenemulsion-150ml?utm_source=mz_04_08_2021&amp;utm_medium=magazin&amp;utm_campaign=VitaminD%20&amp;utm_content=artikel3\"><img loading=\"lazy\" decoding=\"async\" class=\"alignnone wp-image-3979 size-full\" title=\"Feuchtigkeitsspendende Sonnenemulsion YOGHURT SPF 50 von KORRES | zieht schnell ein\" src=\"https:\/\/www.kosmetikfuchs.de\/magazin\/wp-content\/uploads\/2021\/09\/korres-yoghurt-spf-50-sonnenemulsion-150ml.jpg\" alt=\"korres-yoghurt-spf-50-sonnenemulsion-150ml\" width=\"400\" height=\"370\" srcset=\"https:\/\/www.kosmetikfuchs.de\/magazin\/wp-content\/uploads\/2021\/09\/korres-yoghurt-spf-50-sonnenemulsion-150ml.jpg 400w, https:\/\/www.kosmetikfuchs.de\/magazin\/wp-content\/uploads\/2021\/09\/korres-yoghurt-spf-50-sonnenemulsion-150ml-300x278.jpg 300w\" sizes=\"(max-width: 400px) 100vw, 400px\" \/><\/a><\/center><\/p>\n<p style=\"text-align: justify;\">Von M\u00e4rz bis Mai und September bis Oktober werden 15 bis 25 Minuten, von Juni bis August 10 bis 15 Minuten empfohlen. Da die Sonneneinstrahlung in der n\u00f6rdlichen Hemisph\u00e4re in den Wintermonaten meist zu schwach ist, k\u00f6nnen Sie auf Pr\u00e4parate oder Nahrungserg\u00e4nzungsmittel zur\u00fcckgreifen.<\/p>\n<p>&nbsp;<\/p>\n<div class=\"box note  \"><div class=\"box-inner-block\"><i class=\"fa tie-shortcode-boxicon\"><\/i>\n\t\t\tWichtig zu wissen: Vitamin D kann Ihre Haut nur ohne Sonnenschutz aufnehmen. Wenn Sie ein ausgedehnteres Sonnenbad planen, cremen Sie sich unbedingt mit einem guten Sonnenschutz ein.Testen Sie ob gen\u00fcgend des Sonnenvitamins auf Ihre Haut trifft<strong>: Erst wenn ihr Schatten sich k\u00fcrzer zeigt, als Sie selbst, k\u00f6nnen Sie Vitamin D tanken<\/strong>. Zwischen Oktober und April sollten Sie Ihren Spiegel im Augen behalten und substituieren. \n\t\t\t<\/div><\/div>\n<h2>Vitamin D und das Immunsystem<\/h2>\n<p style=\"text-align: justify;\">Bei einem Mangel an Vitamin D besteht ein Risiko f\u00fcr Autoimmunerkrankungen wie Multiple Sklerose, Morbus Crohn, Diabetes mellitus Typ 1 oder Systematischen Lupus erythematodes. Es kann zu Hautkrankheiten, Bluthochdruck und Infektionskrankheiten wie Tuberkulose kommen. Zusammen mit Calcium kann Cholecalciferol vor Dickdarmkrebs sch\u00fctzen.<\/p>\n<p>&nbsp;<\/p>\n<div class=\"box warning  \"><div class=\"box-inner-block\"><i class=\"fa tie-shortcode-boxicon\"><\/i>\n\t\t\t<strong>Gut zu wissen:<\/strong> \u00dcbergewicht\u00a0 f\u00fchrt zu einem Vitamin D Mangel: Der K\u00f6rper speichert das Sonnenvitamin im Fettgewebe. Ein hohes Fettdepot entzieht dem K\u00f6rper das wichtige Calciferol. Gerade in den Wintermonaten neigen wir Menschen, mehr Fett einzulagern. Ein regelm\u00e4\u00dfiger Blick auf diesen Vitamin Spiegel lohnt sich also besonders.\n\t\t\t<\/div><\/div>\n<p>&nbsp;<\/p>\n","protected":false},"excerpt":{"rendered":"<p>Manch einer hat diesen Satz bestimmt schon \u00f6fter geh\u00f6rt: Einfach mal wieder Sonne tanken und den Akku aufladen. In diesen Weisheiten steckt viel Wahrheit. Aus gutem Grund gilt Vitamin D als Sonnenvitamin und tr\u00e4gt als Vitamin D3 den chemischen Namen Cholecalciferol. Es wird durch UV-B-Licht in der Haut gebildet und kommt im menschlichen K\u00f6rper nat\u00fcrlich &hellip;<\/p>\n","protected":false},"author":1,"featured_media":6956,"comment_status":"closed","ping_status":"open","sticky":false,"template":"","format":"standard","meta":{"footnotes":""},"categories":[588,1118,1,587],"tags":[7,406,345,101,309,89,603,323,360,205,141,315,607,606,139,602,604,601,605],"yoast_head":"<!-- This site is optimized with the Yoast SEO plugin v22.3 - https:\/\/yoast.com\/wordpress\/plugins\/seo\/ -->\n<title>Vitamin D: Wichtig f\u00fcr viele Vorg\u00e4nge im K\u00f6rper - Kosmetikfuchs Magazin<\/title>\n<meta name=\"description\" content=\"Wie unverzichtbar Vitamin D f\u00fcr unseren K\u00f6rper ist, erfahren Sie im Kosmetikfuchs Magazin \u2714 \u2013 Mehr zu Gewinnung, Wirkung &amp; Mangel von Vitamin D!\" \/>\n<meta name=\"robots\" content=\"index, follow, max-snippet:-1, max-image-preview:large, max-video-preview:-1\" \/>\n<link rel=\"canonical\" href=\"https:\/\/www.kosmetikfuchs.de\/magazin\/vitamin-d\/\" \/>\n<meta property=\"og:locale\" content=\"de_DE\" \/>\n<meta property=\"og:type\" content=\"article\" \/>\n<meta property=\"og:title\" content=\"Vitamin D: Wichtig f\u00fcr viele Vorg\u00e4nge im K\u00f6rper - Kosmetikfuchs Magazin\" \/>\n<meta property=\"og:description\" content=\"Wie unverzichtbar Vitamin D f\u00fcr unseren K\u00f6rper ist, erfahren Sie im Kosmetikfuchs Magazin \u2714 \u2013 Mehr zu Gewinnung, Wirkung &amp; Mangel von Vitamin D!\" \/>\n<meta property=\"og:url\" content=\"https:\/\/www.kosmetikfuchs.de\/magazin\/vitamin-d\/\" \/>\n<meta property=\"og:site_name\" content=\"Kosmetikfuchs Magazin\" \/>\n<meta property=\"article:published_time\" content=\"2022-12-01T09:00:27+00:00\" \/>\n<meta property=\"article:modified_time\" content=\"2025-08-04T14:33:16+00:00\" \/>\n<meta property=\"og:image\" content=\"https:\/\/www.kosmetikfuchs.de\/magazin\/wp-content\/uploads\/2021\/08\/Vitamin-D_MagazinBild-1.jpg\" \/>\n\t<meta property=\"og:image:width\" content=\"862\" \/>\n\t<meta property=\"og:image:height\" content=\"431\" \/>\n\t<meta property=\"og:image:type\" content=\"image\/jpeg\" \/>\n<meta name=\"author\" content=\"admin\" \/>\n<meta name=\"twitter:card\" content=\"summary_large_image\" \/>\n<meta name=\"twitter:label1\" content=\"Verfasst von\" \/>\n\t<meta name=\"twitter:data1\" content=\"admin\" \/>\n\t<meta name=\"twitter:label2\" content=\"Gesch\u00e4tzte Lesezeit\" \/>\n\t<meta name=\"twitter:data2\" content=\"9\u00a0Minuten\" \/>\n<script type=\"application\/ld+json\" class=\"yoast-schema-graph\">{\"@context\":\"https:\/\/schema.org\",\"@graph\":[{\"@type\":\"WebPage\",\"@id\":\"https:\/\/www.kosmetikfuchs.de\/magazin\/vitamin-d\/\",\"url\":\"https:\/\/www.kosmetikfuchs.de\/magazin\/vitamin-d\/\",\"name\":\"Vitamin D: Wichtig f\u00fcr viele Vorg\u00e4nge im K\u00f6rper - Kosmetikfuchs Magazin\",\"isPartOf\":{\"@id\":\"https:\/\/www.kosmetikfuchs.de\/magazin\/#website\"},\"primaryImageOfPage\":{\"@id\":\"https:\/\/www.kosmetikfuchs.de\/magazin\/vitamin-d\/#primaryimage\"},\"image\":{\"@id\":\"https:\/\/www.kosmetikfuchs.de\/magazin\/vitamin-d\/#primaryimage\"},\"thumbnailUrl\":\"https:\/\/www.kosmetikfuchs.de\/magazin\/wp-content\/uploads\/2021\/08\/Vitamin-D_MagazinBild-1.jpg\",\"datePublished\":\"2022-12-01T09:00:27+00:00\",\"dateModified\":\"2025-08-04T14:33:16+00:00\",\"author\":{\"@id\":\"https:\/\/www.kosmetikfuchs.de\/magazin\/#\/schema\/person\/d74441dfe7021cf7301a89aa8423d147\"},\"description\":\"Wie unverzichtbar Vitamin D f\u00fcr unseren K\u00f6rper ist, erfahren Sie im Kosmetikfuchs Magazin \u2714 \u2013 Mehr zu Gewinnung, Wirkung & Mangel von Vitamin D!\",\"breadcrumb\":{\"@id\":\"https:\/\/www.kosmetikfuchs.de\/magazin\/vitamin-d\/#breadcrumb\"},\"inLanguage\":\"de\",\"potentialAction\":[{\"@type\":\"ReadAction\",\"target\":[\"https:\/\/www.kosmetikfuchs.de\/magazin\/vitamin-d\/\"]}]},{\"@type\":\"ImageObject\",\"inLanguage\":\"de\",\"@id\":\"https:\/\/www.kosmetikfuchs.de\/magazin\/vitamin-d\/#primaryimage\",\"url\":\"https:\/\/www.kosmetikfuchs.de\/magazin\/wp-content\/uploads\/2021\/08\/Vitamin-D_MagazinBild-1.jpg\",\"contentUrl\":\"https:\/\/www.kosmetikfuchs.de\/magazin\/wp-content\/uploads\/2021\/08\/Vitamin-D_MagazinBild-1.jpg\",\"width\":862,\"height\":431,\"caption\":\"kosmetikfuchs - @Andrea Schnitzler\"},{\"@type\":\"BreadcrumbList\",\"@id\":\"https:\/\/www.kosmetikfuchs.de\/magazin\/vitamin-d\/#breadcrumb\",\"itemListElement\":[{\"@type\":\"ListItem\",\"position\":1,\"name\":\"Startseite\",\"item\":\"https:\/\/www.kosmetikfuchs.de\/magazin\/\"},{\"@type\":\"ListItem\",\"position\":2,\"name\":\"Vitamin D: Wichtig f\u00fcr viele Vorg\u00e4nge im K\u00f6rper\"}]},{\"@type\":\"WebSite\",\"@id\":\"https:\/\/www.kosmetikfuchs.de\/magazin\/#website\",\"url\":\"https:\/\/www.kosmetikfuchs.de\/magazin\/\",\"name\":\"Kosmetikfuchs Magazin\",\"description\":\"\",\"potentialAction\":[{\"@type\":\"SearchAction\",\"target\":{\"@type\":\"EntryPoint\",\"urlTemplate\":\"https:\/\/www.kosmetikfuchs.de\/magazin\/?s={search_term_string}\"},\"query-input\":\"required name=search_term_string\"}],\"inLanguage\":\"de\"},{\"@type\":\"Person\",\"@id\":\"https:\/\/www.kosmetikfuchs.de\/magazin\/#\/schema\/person\/d74441dfe7021cf7301a89aa8423d147\",\"name\":\"admin\",\"image\":{\"@type\":\"ImageObject\",\"inLanguage\":\"de\",\"@id\":\"https:\/\/www.kosmetikfuchs.de\/magazin\/#\/schema\/person\/image\/\",\"url\":\"https:\/\/secure.gravatar.com\/avatar\/a794a4fe8a9b9c52241597eb381dfa2e?s=96&d=mm&r=g\",\"contentUrl\":\"https:\/\/secure.gravatar.com\/avatar\/a794a4fe8a9b9c52241597eb381dfa2e?s=96&d=mm&r=g\",\"caption\":\"admin\"},\"url\":\"https:\/\/www.kosmetikfuchs.de\/magazin\/author\/321456\/\"}]}<\/script>\n<!-- \/ Yoast SEO plugin. -->","yoast_head_json":{"title":"Vitamin D: Wichtig f\u00fcr viele Vorg\u00e4nge im K\u00f6rper - Kosmetikfuchs Magazin","description":"Wie unverzichtbar Vitamin D f\u00fcr unseren K\u00f6rper ist, erfahren Sie im Kosmetikfuchs Magazin \u2714 \u2013 Mehr zu Gewinnung, Wirkung & Mangel von Vitamin D!","robots":{"index":"index","follow":"follow","max-snippet":"max-snippet:-1","max-image-preview":"max-image-preview:large","max-video-preview":"max-video-preview:-1"},"canonical":"https:\/\/www.kosmetikfuchs.de\/magazin\/vitamin-d\/","og_locale":"de_DE","og_type":"article","og_title":"Vitamin D: Wichtig f\u00fcr viele Vorg\u00e4nge im K\u00f6rper - Kosmetikfuchs Magazin","og_description":"Wie unverzichtbar Vitamin D f\u00fcr unseren K\u00f6rper ist, erfahren Sie im Kosmetikfuchs Magazin \u2714 \u2013 Mehr zu Gewinnung, Wirkung & Mangel von Vitamin D!","og_url":"https:\/\/www.kosmetikfuchs.de\/magazin\/vitamin-d\/","og_site_name":"Kosmetikfuchs Magazin","article_published_time":"2022-12-01T09:00:27+00:00","article_modified_time":"2025-08-04T14:33:16+00:00","og_image":[{"width":862,"height":431,"url":"https:\/\/www.kosmetikfuchs.de\/magazin\/wp-content\/uploads\/2021\/08\/Vitamin-D_MagazinBild-1.jpg","type":"image\/jpeg"}],"author":"admin","twitter_card":"summary_large_image","twitter_misc":{"Verfasst von":"admin","Gesch\u00e4tzte Lesezeit":"9\u00a0Minuten"},"schema":{"@context":"https:\/\/schema.org","@graph":[{"@type":"WebPage","@id":"https:\/\/www.kosmetikfuchs.de\/magazin\/vitamin-d\/","url":"https:\/\/www.kosmetikfuchs.de\/magazin\/vitamin-d\/","name":"Vitamin D: Wichtig f\u00fcr viele Vorg\u00e4nge im K\u00f6rper - Kosmetikfuchs Magazin","isPartOf":{"@id":"https:\/\/www.kosmetikfuchs.de\/magazin\/#website"},"primaryImageOfPage":{"@id":"https:\/\/www.kosmetikfuchs.de\/magazin\/vitamin-d\/#primaryimage"},"image":{"@id":"https:\/\/www.kosmetikfuchs.de\/magazin\/vitamin-d\/#primaryimage"},"thumbnailUrl":"https:\/\/www.kosmetikfuchs.de\/magazin\/wp-content\/uploads\/2021\/08\/Vitamin-D_MagazinBild-1.jpg","datePublished":"2022-12-01T09:00:27+00:00","dateModified":"2025-08-04T14:33:16+00:00","author":{"@id":"https:\/\/www.kosmetikfuchs.de\/magazin\/#\/schema\/person\/d74441dfe7021cf7301a89aa8423d147"},"description":"Wie unverzichtbar Vitamin D f\u00fcr unseren K\u00f6rper ist, erfahren Sie im Kosmetikfuchs Magazin \u2714 \u2013 Mehr zu Gewinnung, Wirkung & Mangel von Vitamin D!","breadcrumb":{"@id":"https:\/\/www.kosmetikfuchs.de\/magazin\/vitamin-d\/#breadcrumb"},"inLanguage":"de","potentialAction":[{"@type":"ReadAction","target":["https:\/\/www.kosmetikfuchs.de\/magazin\/vitamin-d\/"]}]},{"@type":"ImageObject","inLanguage":"de","@id":"https:\/\/www.kosmetikfuchs.de\/magazin\/vitamin-d\/#primaryimage","url":"https:\/\/www.kosmetikfuchs.de\/magazin\/wp-content\/uploads\/2021\/08\/Vitamin-D_MagazinBild-1.jpg","contentUrl":"https:\/\/www.kosmetikfuchs.de\/magazin\/wp-content\/uploads\/2021\/08\/Vitamin-D_MagazinBild-1.jpg","width":862,"height":431,"caption":"kosmetikfuchs - @Andrea Schnitzler"},{"@type":"BreadcrumbList","@id":"https:\/\/www.kosmetikfuchs.de\/magazin\/vitamin-d\/#breadcrumb","itemListElement":[{"@type":"ListItem","position":1,"name":"Startseite","item":"https:\/\/www.kosmetikfuchs.de\/magazin\/"},{"@type":"ListItem","position":2,"name":"Vitamin D: Wichtig f\u00fcr viele Vorg\u00e4nge im K\u00f6rper"}]},{"@type":"WebSite","@id":"https:\/\/www.kosmetikfuchs.de\/magazin\/#website","url":"https:\/\/www.kosmetikfuchs.de\/magazin\/","name":"Kosmetikfuchs Magazin","description":"","potentialAction":[{"@type":"SearchAction","target":{"@type":"EntryPoint","urlTemplate":"https:\/\/www.kosmetikfuchs.de\/magazin\/?s={search_term_string}"},"query-input":"required name=search_term_string"}],"inLanguage":"de"},{"@type":"Person","@id":"https:\/\/www.kosmetikfuchs.de\/magazin\/#\/schema\/person\/d74441dfe7021cf7301a89aa8423d147","name":"admin","image":{"@type":"ImageObject","inLanguage":"de","@id":"https:\/\/www.kosmetikfuchs.de\/magazin\/#\/schema\/person\/image\/","url":"https:\/\/secure.gravatar.com\/avatar\/a794a4fe8a9b9c52241597eb381dfa2e?s=96&d=mm&r=g","contentUrl":"https:\/\/secure.gravatar.com\/avatar\/a794a4fe8a9b9c52241597eb381dfa2e?s=96&d=mm&r=g","caption":"admin"},"url":"https:\/\/www.kosmetikfuchs.de\/magazin\/author\/321456\/"}]}},"_links":{"self":[{"href":"https:\/\/www.kosmetikfuchs.de\/magazin\/wp-json\/wp\/v2\/posts\/3961"}],"collection":[{"href":"https:\/\/www.kosmetikfuchs.de\/magazin\/wp-json\/wp\/v2\/posts"}],"about":[{"href":"https:\/\/www.kosmetikfuchs.de\/magazin\/wp-json\/wp\/v2\/types\/post"}],"author":[{"embeddable":true,"href":"https:\/\/www.kosmetikfuchs.de\/magazin\/wp-json\/wp\/v2\/users\/1"}],"replies":[{"embeddable":true,"href":"https:\/\/www.kosmetikfuchs.de\/magazin\/wp-json\/wp\/v2\/comments?post=3961"}],"version-history":[{"count":52,"href":"https:\/\/www.kosmetikfuchs.de\/magazin\/wp-json\/wp\/v2\/posts\/3961\/revisions"}],"predecessor-version":[{"id":8953,"href":"https:\/\/www.kosmetikfuchs.de\/magazin\/wp-json\/wp\/v2\/posts\/3961\/revisions\/8953"}],"wp:featuredmedia":[{"embeddable":true,"href":"https:\/\/www.kosmetikfuchs.de\/magazin\/wp-json\/wp\/v2\/media\/6956"}],"wp:attachment":[{"href":"https:\/\/www.kosmetikfuchs.de\/magazin\/wp-json\/wp\/v2\/media?parent=3961"}],"wp:term":[{"taxonomy":"category","embeddable":true,"href":"https:\/\/www.kosmetikfuchs.de\/magazin\/wp-json\/wp\/v2\/categories?post=3961"},{"taxonomy":"post_tag","embeddable":true,"href":"https:\/\/www.kosmetikfuchs.de\/magazin\/wp-json\/wp\/v2\/tags?post=3961"}],"curies":[{"name":"wp","href":"https:\/\/api.w.org\/{rel}","templated":true}]}}