{"id":3806,"date":"2023-03-17T10:00:27","date_gmt":"2023-03-17T09:00:27","guid":{"rendered":"https:\/\/www.kosmetikfuchs.de\/magazin\/?p=3806"},"modified":"2025-10-22T13:21:01","modified_gmt":"2025-10-22T11:21:01","slug":"pollenallergie","status":"publish","type":"post","link":"https:\/\/www.kosmetikfuchs.de\/magazin\/pollenallergie\/","title":{"rendered":"Pollenallergie"},"content":{"rendered":"<h2>\u00abWie reagiert unsere Haut?\u00bb<\/h2>\n<p style=\"text-align: justify;\"><strong>Mehr als jeder dritte Deutsche leidet unter Allergien. Pollenallergien treten besonders h\u00e4ufig auf. Mit der laufenden Nase und den tr\u00e4nenden Augen ist es allerdings l\u00e4ngst nicht immer getan. Neben m\u00f6glichen Kreuzallergien auf Lebensmitteln oder einer zus\u00e4tzlichen Belastung durch Asthma wird durch die Reaktion auf Pollen vielfach auch die Haut in Mitleidenschaft gezogen. Ganz unt\u00e4tig zusehen m\u00fcssen Sie hier nicht. Wichtige Tipps zu Gegen- und Vorbeugema\u00dfnahmen helfen Ihnen dabei, die f\u00fcr Sie schlimmste Pollenflugzeit leichter zu \u00fcberstehen.<\/strong><\/p>\n<h2>Ausl\u00f6ser einer Pollenallergie erkennen und vorbeugende Ma\u00dfnahmen ergreifen<\/h2>\n<p style=\"text-align: justify;\">Viele der Ausl\u00f6ser f\u00fcr Heuschnupfen und Atemwegsbelastungen erkennen die Betroffenen selbst, andere wiederum wird der Facharzt durch einen Allergietest feststellen. Von nun an hei\u00dft es f\u00fcr Sie, sich in m\u00f6glichst geringem Ma\u00dfe diesen Qu\u00e4lgeistern auszusetzen. Dazu dienen Schutzma\u00dfnahmen wie die Meidung solcher Ausl\u00f6ser, aber auch die rasche Abhilfe nach dem Kontakt mit den entsprechenden Pollen.<\/p>\n<div class=\"box success  \"><div class=\"box-inner-block\"><i class=\"fa tie-shortcode-boxicon\"><\/i>\n\t\t\tEine wertvolle Hilfe bei Pollenallergien sind Apps, die den Pollenflug vorhersagen. An diesen Tagen ist es sinnvoll, den Weg durch die Birkenallee zu meiden oder die Freizeit nicht in der N\u00e4he von ungem\u00e4hten Wiesen zu verbringen.\n\t\t\t<\/div><\/div>\n<p style=\"text-align: justify;\">Oft sind die Pollenflugmeldungen auch ein Teil der Wettervorhersage. Dann haben Sie zwei Instrumente zur Hand, um sich zu orientieren. Kurz nach dem Regen schadet Ihnen ein Spaziergang sicher weniger als an warmen, trockenen Tagen. Dazu halten Wissenschaftler allgemeine Tipps f\u00fcr Allergiker parat, etwa durch die Erkenntnis, dass die Pollenbelastung in der Stadt am Morgen, auf dem Land dagegen am Abend am st\u00e4rksten ist. Zumindest Ihr Freizeitverhalten k\u00f6nnen Sie so entsprechend planen, um sich etwas Abhilfe zu verschaffen.<\/p>\n<h2>Pollen auf der Haut: So wirken sie sich aus<\/h2>\n<p style=\"text-align: justify;\">Unsere Haut als fl\u00e4chenm\u00e4\u00dfig gr\u00f6\u00dftes und zudem sehr vielseitiges Organ reagiert immer auf \u00e4u\u00dfere Einfl\u00fcsse. Wie stark diese Einwirkung empfunden wird, ist individuell. Selbst Menschen mit einem robusten Immunsystem, die nicht unter Allergien leiden, stellen zu starken Pollenflugzeiten fest, dass sich insbesondere auf der Gesichtshaut eine deutlich zu f\u00fchlende Bl\u00fctenstaubkonzentration befindet. F\u00fcr Allergiker kann dieser sp\u00fcrbare Bl\u00fctenstaub bedeuten, dass neben Heuschnupfen auch Hautreaktionen eintreten.<\/p>\n<p><a href=\"https:\/\/www.kosmetikfuchs.de\/8262\/dr.-hauschka\/med-gesichtscreme-mittagsblume-40ml\"><img loading=\"lazy\" decoding=\"async\" class=\"alignnone wp-image-3834 size-full\" title=\"Med, Gesichtscreme Mittagsblume von Dr. Hauschka | wirkt wie eine unsichtbarere Schutzh\u00fclle\" src=\"https:\/\/www.kosmetikfuchs.de\/magazin\/wp-content\/uploads\/2021\/07\/dr-hauschka-med-gesichtscreme-mittagsblume-40ml-1.jpg\" alt=\"dr-hauschka-med-gesichtscreme-mittagsblume-40ml Pollenallergie\" width=\"400\" height=\"410\" srcset=\"https:\/\/www.kosmetikfuchs.de\/magazin\/wp-content\/uploads\/2021\/07\/dr-hauschka-med-gesichtscreme-mittagsblume-40ml-1.jpg 400w, https:\/\/www.kosmetikfuchs.de\/magazin\/wp-content\/uploads\/2021\/07\/dr-hauschka-med-gesichtscreme-mittagsblume-40ml-1-293x300.jpg 293w\" sizes=\"(max-width: 400px) 100vw, 400px\" \/><\/a><\/p>\n<p style=\"text-align: justify;\">Vielfach klagen Menschen, die von einer Pollenallergie betroffen sind, \u00fcber trockene, spannende Haut, die sich mitunter wie Pergament anf\u00fchlt, d\u00fcnn und verletzlich. Im sp\u00e4teren Verlauf k\u00f6nnen Irritationen wie Hautr\u00f6tungen, Juckreiz und Ausschlag dazukommen. Patienten, die bereits unter einer Neurodermitis leiden, z\u00e4hlen besonders oft zur gef\u00e4hrdeten Gruppe. Bei diesen Personen ist die Hautbarriere durch die Neurodermitis bereits geschw\u00e4cht. Allergene haben es deshalb besonders leicht, in die Hautschichten einzudringen und Beschwerden zu verursachen.<\/p>\n<div class=\"box note  \"><div class=\"box-inner-block\"><i class=\"fa tie-shortcode-boxicon\"><\/i>\n\t\t\tNeben der Gesichtshaut sind der Hals-Brust-Bereich und die Innenseite der Arme besonders betroffen. Auch die Kopfhaut kann Anzeichen von pollenbedingter \u00dcberempfindlichkeit zeigen.\n\t\t\t<\/div><\/div>\n<h2>Bei Pollenallergie mit der richtigen Pflege die Haut st\u00e4rken<\/h2>\n<p style=\"text-align: justify;\">Warten Sie bei bekannter Pollenallergie nicht, bis Ihre Haut ebenfalls reagiert, sondern beugen Sie den Symptomen rechtzeitig vor. Vielleicht haben Sie schon festgestellt, dass alle Ihre Beschwerden wie brennende Augen und Heuschnupfen sich verschlechtern, wenn Sie geschlossene R\u00e4ume betreten. Trockene Heizungsluft und die sich bereits im Raum befindlichen Pollen wirken dann als Verst\u00e4rker Ihrer Allergie.<\/p>\n<p style=\"text-align: justify;\">Duschen und Haarewaschen sind bew\u00e4hrte erste Ma\u00dfnahmen. Besondere Aufmerksamkeit sollten Sie jetzt Ihrer Haut schenken. Reinigen Sie diese gr\u00fcndlich mit milden Waschst\u00fccken oder Lotionen. Eine anschlie\u00dfende Kl\u00e4rung mit Gesichtswasser nimmt die letzten Pollenreste von der Haut.<\/p>\n<p><a href=\"https:\/\/www.kosmetikfuchs.de\/1492\/la-mer\/med-anti-dry-lipidcreme-o.p-100ml\"><img loading=\"lazy\" decoding=\"async\" class=\"alignnone wp-image-3813 size-full\" title=\"MED Anti-Dry, Lipidcreme o.P von LA MER | therapiebegleitende Pflege bei Psoriasis und Neurodermitis\" src=\"https:\/\/www.kosmetikfuchs.de\/magazin\/wp-content\/uploads\/2021\/07\/la-mer-med-anti-dry-lipidcreme-o-p-100ml.jpg\" alt=\"la-mer-med-anti-dry-lipidcreme-o-p-100ml Pollenallergie\" width=\"400\" height=\"420\" srcset=\"https:\/\/www.kosmetikfuchs.de\/magazin\/wp-content\/uploads\/2021\/07\/la-mer-med-anti-dry-lipidcreme-o-p-100ml.jpg 400w, https:\/\/www.kosmetikfuchs.de\/magazin\/wp-content\/uploads\/2021\/07\/la-mer-med-anti-dry-lipidcreme-o-p-100ml-286x300.jpg 286w\" sizes=\"(max-width: 400px) 100vw, 400px\" \/><\/a> <a href=\"https:\/\/www.kosmetikfuchs.de\/1498\/la-mer\/med-basic-care-reinigungsmilch-o.p-200ml\"><img loading=\"lazy\" decoding=\"async\" class=\"alignnone wp-image-3814 size-full\" title=\"MED Basic Care, Reinigungsmilch o.P von LA MER | Hautvertr\u00e4glichkeit dermatologisch getestet\" src=\"https:\/\/www.kosmetikfuchs.de\/magazin\/wp-content\/uploads\/2021\/07\/la-mer-med-basic-care-reinigungsmilch-o-p-200ml.jpg\" alt=\"la-mer-med-basic-care-reinigungsmilch-o-p-200ml\" width=\"400\" height=\"420\" srcset=\"https:\/\/www.kosmetikfuchs.de\/magazin\/wp-content\/uploads\/2021\/07\/la-mer-med-basic-care-reinigungsmilch-o-p-200ml.jpg 400w, https:\/\/www.kosmetikfuchs.de\/magazin\/wp-content\/uploads\/2021\/07\/la-mer-med-basic-care-reinigungsmilch-o-p-200ml-286x300.jpg 286w\" sizes=\"(max-width: 400px) 100vw, 400px\" \/><\/a><\/p>\n<p style=\"text-align: justify;\">Selbst, wenn Sie generell auf Naturkosmetik setzen, kann es durchaus sinnvoll sein, besonders allergiegepr\u00fcften Produkten den Vorzug zu geben. Naturkosmetik enth\u00e4lt oft Bestandteile der Pflanzen, die zu den bekannten Allergieausl\u00f6sern z\u00e4hlen, wie etwa Kamille oder Kr\u00e4uterextrakte.<\/p>\n<p style=\"text-align: justify;\">Wir haben eine kleine Auswahl wirksamer Pflegeprodukte bei einer Pollenallergie f\u00fcr Sie zusammengestellt:<\/p>\n<ul>\n<li><a href=\"https:\/\/www.kosmetikfuchs.de\/1498\/la-mer\/med-basic-care-reinigungsmilch-o.p-200ml\">La mer MED Basic Care Reinigungsmilch<\/a><\/li>\n<li><a href=\"https:\/\/www.kosmetikfuchs.de\/4294\/hildegard-braukmann\/24h-tonic-spray-anti-irritativ-100ml\">Hildegard Braukmann 24h Tonic Spray anti irritativ<\/a><\/li>\n<li><a href=\"https:\/\/www.kosmetikfuchs.de\/1492\/la-mer\/med-anti-dry-lipidcreme-o.p-100ml\">La mer MED Anti-Dry Lipidcreme<\/a><\/li>\n<li><a href=\"https:\/\/www.kosmetikfuchs.de\/8262\/dr.-hauschka\/med-gesichtscreme-mittagsblume-40ml\"> Hauschka Med Gesichtscreme Mittagsblume<\/a><\/li>\n<\/ul>\n<h2>Verst\u00e4rker meiden: Pollenallergien lindern<\/h2>\n<p style=\"text-align: justify;\">Raumluftfilter und Pollenschutzgitter an den Fenstern tragen dazu bei, die Zahl der Allergene in den R\u00e4umen m\u00f6glichst gering zu halten. Zum regelm\u00e4\u00dfigen Waschen der Bettw\u00e4sche und Kleidung verwenden Sie in dieser Zeit am besten ein unparf\u00fcmiertes Waschmittel, das speziell f\u00fcr Allergiker entwickelt wurde.<\/p>\n<div class=\"box info  \"><div class=\"box-inner-block\"><i class=\"fa tie-shortcode-boxicon\"><\/i>\n\t\t\tB\u00f6den feucht wischen statt staubsaugen zahlt sich bei Pollenallergie ebenfalls aus, alternativ helfen spezielle Staubbeutel und Kassetten, die Pollen in der Raumluft zu verringern.\n\t\t\t<\/div><\/div>\n","protected":false},"excerpt":{"rendered":"<p>\u00abWie reagiert unsere Haut?\u00bb Mehr als jeder dritte Deutsche leidet unter Allergien. Pollenallergien treten besonders h\u00e4ufig auf. Mit der laufenden Nase und den tr\u00e4nenden Augen ist es allerdings l\u00e4ngst nicht immer getan. Neben m\u00f6glichen Kreuzallergien auf Lebensmitteln oder einer zus\u00e4tzlichen Belastung durch Asthma wird durch die Reaktion auf Pollen vielfach auch die Haut in Mitleidenschaft &hellip;<\/p>\n","protected":false},"author":1,"featured_media":3808,"comment_status":"closed","ping_status":"open","sticky":false,"template":"","format":"standard","meta":{"footnotes":""},"categories":[1],"tags":[97,23,150,21,1031,51,89,579,95,583,582,482,251,307,67],"yoast_head":"<!-- This site is optimized with the Yoast SEO plugin v22.3 - https:\/\/yoast.com\/wordpress\/plugins\/seo\/ -->\n<title>Pollenallergie - Kosmetikfuchs Magazin<\/title>\n<meta name=\"description\" content=\"Was tun bei Pollenallergie? \u2013 Das Kosmetikfuchs Magazin gibt Tipps: Pflege von Dr. Hauschka \u2714 La mer \u2714 Dermalogica \u2714 Hildegard Braukmann\" \/>\n<meta name=\"robots\" content=\"index, follow, max-snippet:-1, max-image-preview:large, max-video-preview:-1\" \/>\n<link rel=\"canonical\" href=\"https:\/\/www.kosmetikfuchs.de\/magazin\/pollenallergie\/\" \/>\n<meta property=\"og:locale\" content=\"de_DE\" \/>\n<meta property=\"og:type\" content=\"article\" \/>\n<meta property=\"og:title\" content=\"Pollenallergie - Kosmetikfuchs Magazin\" \/>\n<meta property=\"og:description\" content=\"Was tun bei Pollenallergie? \u2013 Das Kosmetikfuchs Magazin gibt Tipps: Pflege von Dr. Hauschka \u2714 La mer \u2714 Dermalogica \u2714 Hildegard Braukmann\" \/>\n<meta property=\"og:url\" content=\"https:\/\/www.kosmetikfuchs.de\/magazin\/pollenallergie\/\" \/>\n<meta property=\"og:site_name\" content=\"Kosmetikfuchs Magazin\" \/>\n<meta property=\"article:published_time\" content=\"2023-03-17T09:00:27+00:00\" \/>\n<meta property=\"article:modified_time\" content=\"2025-10-22T11:21:01+00:00\" \/>\n<meta property=\"og:image\" content=\"https:\/\/www.kosmetikfuchs.de\/magazin\/wp-content\/uploads\/2021\/07\/pollenallergie.jpg\" \/>\n\t<meta property=\"og:image:width\" content=\"900\" \/>\n\t<meta property=\"og:image:height\" content=\"601\" \/>\n\t<meta property=\"og:image:type\" content=\"image\/jpeg\" \/>\n<meta name=\"author\" content=\"admin\" \/>\n<meta name=\"twitter:card\" content=\"summary_large_image\" \/>\n<meta name=\"twitter:label1\" content=\"Verfasst von\" \/>\n\t<meta name=\"twitter:data1\" content=\"admin\" \/>\n\t<meta name=\"twitter:label2\" content=\"Gesch\u00e4tzte Lesezeit\" \/>\n\t<meta name=\"twitter:data2\" content=\"5\u00a0Minuten\" \/>\n<script type=\"application\/ld+json\" class=\"yoast-schema-graph\">{\"@context\":\"https:\/\/schema.org\",\"@graph\":[{\"@type\":\"WebPage\",\"@id\":\"https:\/\/www.kosmetikfuchs.de\/magazin\/pollenallergie\/\",\"url\":\"https:\/\/www.kosmetikfuchs.de\/magazin\/pollenallergie\/\",\"name\":\"Pollenallergie - Kosmetikfuchs Magazin\",\"isPartOf\":{\"@id\":\"https:\/\/www.kosmetikfuchs.de\/magazin\/#website\"},\"primaryImageOfPage\":{\"@id\":\"https:\/\/www.kosmetikfuchs.de\/magazin\/pollenallergie\/#primaryimage\"},\"image\":{\"@id\":\"https:\/\/www.kosmetikfuchs.de\/magazin\/pollenallergie\/#primaryimage\"},\"thumbnailUrl\":\"https:\/\/www.kosmetikfuchs.de\/magazin\/wp-content\/uploads\/2021\/07\/pollenallergie.jpg\",\"datePublished\":\"2023-03-17T09:00:27+00:00\",\"dateModified\":\"2025-10-22T11:21:01+00:00\",\"author\":{\"@id\":\"https:\/\/www.kosmetikfuchs.de\/magazin\/#\/schema\/person\/d74441dfe7021cf7301a89aa8423d147\"},\"description\":\"Was tun bei Pollenallergie? \u2013 Das Kosmetikfuchs Magazin gibt Tipps: Pflege von Dr. Hauschka \u2714 La mer \u2714 Dermalogica \u2714 Hildegard Braukmann\",\"breadcrumb\":{\"@id\":\"https:\/\/www.kosmetikfuchs.de\/magazin\/pollenallergie\/#breadcrumb\"},\"inLanguage\":\"de\",\"potentialAction\":[{\"@type\":\"ReadAction\",\"target\":[\"https:\/\/www.kosmetikfuchs.de\/magazin\/pollenallergie\/\"]}]},{\"@type\":\"ImageObject\",\"inLanguage\":\"de\",\"@id\":\"https:\/\/www.kosmetikfuchs.de\/magazin\/pollenallergie\/#primaryimage\",\"url\":\"https:\/\/www.kosmetikfuchs.de\/magazin\/wp-content\/uploads\/2021\/07\/pollenallergie.jpg\",\"contentUrl\":\"https:\/\/www.kosmetikfuchs.de\/magazin\/wp-content\/uploads\/2021\/07\/pollenallergie.jpg\",\"width\":900,\"height\":601,\"caption\":\"\u00a9 detailblick-foto \u2013 stock.adobe.com\"},{\"@type\":\"BreadcrumbList\",\"@id\":\"https:\/\/www.kosmetikfuchs.de\/magazin\/pollenallergie\/#breadcrumb\",\"itemListElement\":[{\"@type\":\"ListItem\",\"position\":1,\"name\":\"Startseite\",\"item\":\"https:\/\/www.kosmetikfuchs.de\/magazin\/\"},{\"@type\":\"ListItem\",\"position\":2,\"name\":\"Pollenallergie\"}]},{\"@type\":\"WebSite\",\"@id\":\"https:\/\/www.kosmetikfuchs.de\/magazin\/#website\",\"url\":\"https:\/\/www.kosmetikfuchs.de\/magazin\/\",\"name\":\"Kosmetikfuchs Magazin\",\"description\":\"\",\"potentialAction\":[{\"@type\":\"SearchAction\",\"target\":{\"@type\":\"EntryPoint\",\"urlTemplate\":\"https:\/\/www.kosmetikfuchs.de\/magazin\/?s={search_term_string}\"},\"query-input\":\"required name=search_term_string\"}],\"inLanguage\":\"de\"},{\"@type\":\"Person\",\"@id\":\"https:\/\/www.kosmetikfuchs.de\/magazin\/#\/schema\/person\/d74441dfe7021cf7301a89aa8423d147\",\"name\":\"admin\",\"image\":{\"@type\":\"ImageObject\",\"inLanguage\":\"de\",\"@id\":\"https:\/\/www.kosmetikfuchs.de\/magazin\/#\/schema\/person\/image\/\",\"url\":\"https:\/\/secure.gravatar.com\/avatar\/a794a4fe8a9b9c52241597eb381dfa2e?s=96&d=mm&r=g\",\"contentUrl\":\"https:\/\/secure.gravatar.com\/avatar\/a794a4fe8a9b9c52241597eb381dfa2e?s=96&d=mm&r=g\",\"caption\":\"admin\"},\"url\":\"https:\/\/www.kosmetikfuchs.de\/magazin\/author\/321456\/\"}]}<\/script>\n<!-- \/ Yoast SEO plugin. -->","yoast_head_json":{"title":"Pollenallergie - Kosmetikfuchs Magazin","description":"Was tun bei Pollenallergie? \u2013 Das Kosmetikfuchs Magazin gibt Tipps: Pflege von Dr. Hauschka \u2714 La mer \u2714 Dermalogica \u2714 Hildegard Braukmann","robots":{"index":"index","follow":"follow","max-snippet":"max-snippet:-1","max-image-preview":"max-image-preview:large","max-video-preview":"max-video-preview:-1"},"canonical":"https:\/\/www.kosmetikfuchs.de\/magazin\/pollenallergie\/","og_locale":"de_DE","og_type":"article","og_title":"Pollenallergie - Kosmetikfuchs Magazin","og_description":"Was tun bei Pollenallergie? \u2013 Das Kosmetikfuchs Magazin gibt Tipps: Pflege von Dr. Hauschka \u2714 La mer \u2714 Dermalogica \u2714 Hildegard Braukmann","og_url":"https:\/\/www.kosmetikfuchs.de\/magazin\/pollenallergie\/","og_site_name":"Kosmetikfuchs Magazin","article_published_time":"2023-03-17T09:00:27+00:00","article_modified_time":"2025-10-22T11:21:01+00:00","og_image":[{"width":900,"height":601,"url":"https:\/\/www.kosmetikfuchs.de\/magazin\/wp-content\/uploads\/2021\/07\/pollenallergie.jpg","type":"image\/jpeg"}],"author":"admin","twitter_card":"summary_large_image","twitter_misc":{"Verfasst von":"admin","Gesch\u00e4tzte Lesezeit":"5\u00a0Minuten"},"schema":{"@context":"https:\/\/schema.org","@graph":[{"@type":"WebPage","@id":"https:\/\/www.kosmetikfuchs.de\/magazin\/pollenallergie\/","url":"https:\/\/www.kosmetikfuchs.de\/magazin\/pollenallergie\/","name":"Pollenallergie - Kosmetikfuchs Magazin","isPartOf":{"@id":"https:\/\/www.kosmetikfuchs.de\/magazin\/#website"},"primaryImageOfPage":{"@id":"https:\/\/www.kosmetikfuchs.de\/magazin\/pollenallergie\/#primaryimage"},"image":{"@id":"https:\/\/www.kosmetikfuchs.de\/magazin\/pollenallergie\/#primaryimage"},"thumbnailUrl":"https:\/\/www.kosmetikfuchs.de\/magazin\/wp-content\/uploads\/2021\/07\/pollenallergie.jpg","datePublished":"2023-03-17T09:00:27+00:00","dateModified":"2025-10-22T11:21:01+00:00","author":{"@id":"https:\/\/www.kosmetikfuchs.de\/magazin\/#\/schema\/person\/d74441dfe7021cf7301a89aa8423d147"},"description":"Was tun bei Pollenallergie? \u2013 Das Kosmetikfuchs Magazin gibt Tipps: Pflege von Dr. Hauschka \u2714 La mer \u2714 Dermalogica \u2714 Hildegard Braukmann","breadcrumb":{"@id":"https:\/\/www.kosmetikfuchs.de\/magazin\/pollenallergie\/#breadcrumb"},"inLanguage":"de","potentialAction":[{"@type":"ReadAction","target":["https:\/\/www.kosmetikfuchs.de\/magazin\/pollenallergie\/"]}]},{"@type":"ImageObject","inLanguage":"de","@id":"https:\/\/www.kosmetikfuchs.de\/magazin\/pollenallergie\/#primaryimage","url":"https:\/\/www.kosmetikfuchs.de\/magazin\/wp-content\/uploads\/2021\/07\/pollenallergie.jpg","contentUrl":"https:\/\/www.kosmetikfuchs.de\/magazin\/wp-content\/uploads\/2021\/07\/pollenallergie.jpg","width":900,"height":601,"caption":"\u00a9 detailblick-foto \u2013 stock.adobe.com"},{"@type":"BreadcrumbList","@id":"https:\/\/www.kosmetikfuchs.de\/magazin\/pollenallergie\/#breadcrumb","itemListElement":[{"@type":"ListItem","position":1,"name":"Startseite","item":"https:\/\/www.kosmetikfuchs.de\/magazin\/"},{"@type":"ListItem","position":2,"name":"Pollenallergie"}]},{"@type":"WebSite","@id":"https:\/\/www.kosmetikfuchs.de\/magazin\/#website","url":"https:\/\/www.kosmetikfuchs.de\/magazin\/","name":"Kosmetikfuchs Magazin","description":"","potentialAction":[{"@type":"SearchAction","target":{"@type":"EntryPoint","urlTemplate":"https:\/\/www.kosmetikfuchs.de\/magazin\/?s={search_term_string}"},"query-input":"required name=search_term_string"}],"inLanguage":"de"},{"@type":"Person","@id":"https:\/\/www.kosmetikfuchs.de\/magazin\/#\/schema\/person\/d74441dfe7021cf7301a89aa8423d147","name":"admin","image":{"@type":"ImageObject","inLanguage":"de","@id":"https:\/\/www.kosmetikfuchs.de\/magazin\/#\/schema\/person\/image\/","url":"https:\/\/secure.gravatar.com\/avatar\/a794a4fe8a9b9c52241597eb381dfa2e?s=96&d=mm&r=g","contentUrl":"https:\/\/secure.gravatar.com\/avatar\/a794a4fe8a9b9c52241597eb381dfa2e?s=96&d=mm&r=g","caption":"admin"},"url":"https:\/\/www.kosmetikfuchs.de\/magazin\/author\/321456\/"}]}},"_links":{"self":[{"href":"https:\/\/www.kosmetikfuchs.de\/magazin\/wp-json\/wp\/v2\/posts\/3806"}],"collection":[{"href":"https:\/\/www.kosmetikfuchs.de\/magazin\/wp-json\/wp\/v2\/posts"}],"about":[{"href":"https:\/\/www.kosmetikfuchs.de\/magazin\/wp-json\/wp\/v2\/types\/post"}],"author":[{"embeddable":true,"href":"https:\/\/www.kosmetikfuchs.de\/magazin\/wp-json\/wp\/v2\/users\/1"}],"replies":[{"embeddable":true,"href":"https:\/\/www.kosmetikfuchs.de\/magazin\/wp-json\/wp\/v2\/comments?post=3806"}],"version-history":[{"count":30,"href":"https:\/\/www.kosmetikfuchs.de\/magazin\/wp-json\/wp\/v2\/posts\/3806\/revisions"}],"predecessor-version":[{"id":9010,"href":"https:\/\/www.kosmetikfuchs.de\/magazin\/wp-json\/wp\/v2\/posts\/3806\/revisions\/9010"}],"wp:featuredmedia":[{"embeddable":true,"href":"https:\/\/www.kosmetikfuchs.de\/magazin\/wp-json\/wp\/v2\/media\/3808"}],"wp:attachment":[{"href":"https:\/\/www.kosmetikfuchs.de\/magazin\/wp-json\/wp\/v2\/media?parent=3806"}],"wp:term":[{"taxonomy":"category","embeddable":true,"href":"https:\/\/www.kosmetikfuchs.de\/magazin\/wp-json\/wp\/v2\/categories?post=3806"},{"taxonomy":"post_tag","embeddable":true,"href":"https:\/\/www.kosmetikfuchs.de\/magazin\/wp-json\/wp\/v2\/tags?post=3806"}],"curies":[{"name":"wp","href":"https:\/\/api.w.org\/{rel}","templated":true}]}}