{"id":2900,"date":"2021-03-05T10:00:17","date_gmt":"2021-03-05T09:00:17","guid":{"rendered":"https:\/\/www.kosmetikfuchs.de\/magazin\/?p=2900"},"modified":"2026-02-11T11:21:53","modified_gmt":"2026-02-11T10:21:53","slug":"gesichtsoel-statt-gesichtscreme","status":"publish","type":"post","link":"https:\/\/www.kosmetikfuchs.de\/magazin\/gesichtsoel-statt-gesichtscreme\/","title":{"rendered":"Gesichts\u00f6l statt Gesichtscreme"},"content":{"rendered":"<h2>\u00ab Ein Hauch von Luxus f\u00fcr Ihre Haut \u00bb<\/h2>\n<p style=\"text-align: justify;\"><strong>Ein Gesichts\u00f6l anstelle einer Gesichtscreme zu verwenden \u2013 damit tun Sie Ihrer Haut etwas rundum Gutes. W\u00e4hrend eine Creme zwar \u2013 je nach Produkt \u2013 spezifische Vitamine, N\u00e4hrstoffe, feuchtigkeitsspendende Essenzen und Antioxidantien enth\u00e4lt, ist ein \u00d6l erheblich reichhaltiger. Verw\u00f6hnen Sie Ihr Gesicht und erleben Sie, wie gut es sich anf\u00fchlt, ein hauttypgerechtes Pflege\u00f6l zu verwenden.<\/strong><\/p>\n<h2>Das Gesichts\u00f6l hat Tradition<\/h2>\n<p style=\"text-align: justify;\">Bereits in der Antike nahm Gesichts\u00f6l in der weiten Welt der Gesundheit und des Wohlbefindens einen hohen Stellenwert ein. Auch Kleopatra wollte nicht darauf verzichten. \u00d6le sind seit jeher wertvolle Begleiter und kommen in den verschiedensten Bereichen zur Anwendung. Pflanzen\u00f6le stellen die essenzielle Basis vieler Gesichts- und K\u00f6rpercremes dar. Aber auch pur sind sie \u00fcberaus kostbar und brillieren durch zahlreiche Vorz\u00fcge. Weil sie den nat\u00fcrlichen Hautfetten so \u00e4hneln, sind qualitativ hochwertige Gesichts\u00f6le besonders vertr\u00e4glich.<\/p>\n<figure id=\"attachment_2937\" aria-describedby=\"caption-attachment-2937\" style=\"width: 900px\" class=\"wp-caption aligncenter\"><img loading=\"lazy\" decoding=\"async\" class=\"wp-image-2937 size-full\" title=\"\u00d6le sind wertvolle Begleiter und kommen in den verschiedensten Bereichen zur Anwendung\" src=\"https:\/\/www.kosmetikfuchs.de\/magazin\/wp-content\/uploads\/2021\/03\/Gesichtsoel-hat-Tradition.jpg\" alt=\"Gesichtsoel hat Tradition\" width=\"900\" height=\"675\" srcset=\"https:\/\/www.kosmetikfuchs.de\/magazin\/wp-content\/uploads\/2021\/03\/Gesichtsoel-hat-Tradition.jpg 900w, https:\/\/www.kosmetikfuchs.de\/magazin\/wp-content\/uploads\/2021\/03\/Gesichtsoel-hat-Tradition-300x225.jpg 300w, https:\/\/www.kosmetikfuchs.de\/magazin\/wp-content\/uploads\/2021\/03\/Gesichtsoel-hat-Tradition-768x576.jpg 768w\" sizes=\"(max-width: 900px) 100vw, 900px\" \/><figcaption id=\"caption-attachment-2937\" class=\"wp-caption-text\">\u00a9 Gus Andi \u2013 stock.adobe.com<\/figcaption><\/figure>\n<p style=\"text-align: justify;\">\u00c4therische \u00d6le sind keine Fette, sondern \u00f6lige Extrakte aus ausgesuchten Pflanzen, die sehr leicht verdampfen. \u00d6le dieser Kategorie erfreuen sich aufgrund ihrer intensiven Aromen gr\u00f6\u00dfter Beliebtheit und sind f\u00fcr die Anwendung besonders empfehlenswert. Trotz der \u00f6ligen Konsistenz nimmt die Haut das Naturprodukt sehr leicht auf und saugt die darin enthaltenen Essenzen praktisch auf wie ein Schwamm.<\/p>\n<h2>Worauf es bei einem guten Pflege\u00f6l ankommt<\/h2>\n<p style=\"text-align: justify;\">Kaufen Sie nicht irgendein Gesichts\u00f6l, sondern achten Sie unbedingt auf die hochwertige Konzeptionierung. Die Bezeichnung &#8222;Paraffinum Liquidum&#8220; deutet darauf hin, dass diese Produktmischung aus Erd\u00f6l gewonnen wird. Halten Sie Abstand von derartigen gesundheits- und umweltsch\u00e4digenden Erzeugnissen. Idealerweise greifen Sie auf native \u00d6le in Bioqualit\u00e4t zur\u00fcck. Minderwertige Produkte enthalten oft Emulgatoren, chemische Zus\u00e4tze oder Konservierungsstoffe, die jedoch zu Hautunvertr\u00e4glichkeiten f\u00fchren k\u00f6nnten. Hochwertige Gesichts\u00f6le kommen sehr gut ohne derartige Substanzen aus und gl\u00e4nzen dennoch durch ihre exzellente Wirkung.<\/p>\n<figure id=\"attachment_2942\" aria-describedby=\"caption-attachment-2942\" style=\"width: 900px\" class=\"wp-caption aligncenter\"><img loading=\"lazy\" decoding=\"async\" class=\"wp-image-2942 size-full\" title=\"In regelm\u00e4\u00dfigen Abst\u00e4nden sollte noch eine Gesichtscreme verwendet werden\" src=\"https:\/\/www.kosmetikfuchs.de\/magazin\/wp-content\/uploads\/2021\/03\/gutes-pflegeoel-gesicht.jpg\" alt=\"gutes-pflegeoel-gesicht\" width=\"900\" height=\"638\" srcset=\"https:\/\/www.kosmetikfuchs.de\/magazin\/wp-content\/uploads\/2021\/03\/gutes-pflegeoel-gesicht.jpg 900w, https:\/\/www.kosmetikfuchs.de\/magazin\/wp-content\/uploads\/2021\/03\/gutes-pflegeoel-gesicht-300x213.jpg 300w, https:\/\/www.kosmetikfuchs.de\/magazin\/wp-content\/uploads\/2021\/03\/gutes-pflegeoel-gesicht-768x544.jpg 768w\" sizes=\"(max-width: 900px) 100vw, 900px\" \/><figcaption id=\"caption-attachment-2942\" class=\"wp-caption-text\">\u00a9 Prostock-studio \u2013 stock.adobe.com<\/figcaption><\/figure>\n<p style=\"text-align: justify;\">Unser Tipp f\u00fcr Sie: Mit einem Gesichts\u00f6l allein kommen Sie nicht aus. Verwenden Sie dar\u00fcber hinaus in regelm\u00e4\u00dfigen Abst\u00e4nden eine Gesichtscreme, die Ihrem Hauttyp besonders gut entspricht. Denn \u00d6le k\u00f6nnen keine Feuchtigkeit binden. Menschen, die unter Akne leiden, sind gut beraten, g\u00e4nzlich auf sie zu verzichten, da dadurch das Krankheitsbild noch verschlimmert werden k\u00f6nnte.<\/p>\n<blockquote>\n<p style=\"text-align: justify;\">Um die volle Wirkung zu erzielen, tragen Sie das Pflege\u00f6l Ihrer Wahl m\u00f6glichst abends auf die trockene, zuvor gr\u00fcndlich gereinigte Haut auf. So verhindern Sie, dass Ihre Haut zum Gl\u00e4nzen beginnt.<\/p>\n<\/blockquote>\n<p style=\"text-align: justify;\">Dar\u00fcber hinaus h\u00e4lt Augen- und Gesichtsmake-up nicht auf einer \u00f6ligen Basis. F\u00fcr optimalen Halt benutzen Sie am besten Ihre gewohnte Pflegecreme. W\u00e4hrend der Nacht ist die Zellaktivit\u00e4t besonders tiefgreifend. Die kostbaren \u00d6linhaltsstoffe k\u00f6nnen somit im Schlaf ihre volle Wirkung entfalten und tiefer in die Hautschichten eindringen. Ein wunderbares Gef\u00fchl!<\/p>\n<h2>Die kostbaren Klassiker unter den Gesichts\u00f6len<\/h2>\n<p style=\"text-align: justify;\">Mandel\u00f6l ist reich an Vitamin A, E, D und B und wurde schon im alten Rom verwendet. Es ist besonders gut vertr\u00e4glich und vielseitig anwendbar. Aufgrund der relativ fl\u00fcssigen Beschaffenheit l\u00e4sst es sich ausgesprochen leicht auf der Gesichts- und K\u00f6rperhaut verteilen. Es st\u00e4rkt die Hautbarriere und kann der Faltenneubildung vorbeugen. Es hilft, trockene Hautstellen zu regenerieren und zieht besonders schnell ein.<\/p>\n<figure id=\"attachment_2925\" aria-describedby=\"caption-attachment-2925\" style=\"width: 900px\" class=\"wp-caption aligncenter\"><img loading=\"lazy\" decoding=\"async\" class=\"wp-image-2925 size-full\" title=\"Oliven\u00f6l wird besonders f\u00fcr seine r\u00fcckfettende Wirkung gesch\u00e4tzt\" src=\"https:\/\/www.kosmetikfuchs.de\/magazin\/wp-content\/uploads\/2021\/03\/olivenoel-gesichtsoel.jpg\" alt=\"olivenoel-gesichtsoel\" width=\"900\" height=\"601\" srcset=\"https:\/\/www.kosmetikfuchs.de\/magazin\/wp-content\/uploads\/2021\/03\/olivenoel-gesichtsoel.jpg 900w, https:\/\/www.kosmetikfuchs.de\/magazin\/wp-content\/uploads\/2021\/03\/olivenoel-gesichtsoel-300x200.jpg 300w, https:\/\/www.kosmetikfuchs.de\/magazin\/wp-content\/uploads\/2021\/03\/olivenoel-gesichtsoel-768x513.jpg 768w\" sizes=\"(max-width: 900px) 100vw, 900px\" \/><figcaption id=\"caption-attachment-2925\" class=\"wp-caption-text\">\u00a9 Du\u0161an Zidar \u2013 stock.adobe.com<\/figcaption><\/figure>\n<p style=\"text-align: justify;\"><a href=\"https:\/\/www.kosmetikfuchs.de\/magazin\/olivenoel-cremes\/\">Oliven\u00f6l<\/a> ist ebenfalls sehr beliebt und wird seit jeher f\u00fcr die r\u00fcckfettende Wirkung gesch\u00e4tzt. Es versorgt trockene Haut mit elementaren N\u00e4hrstoffen und hilft bei rauen Stellen an den tendenziell eher trockenen Ellenbogen- und den Fersenpartien. Es zeichnet sich durch einen charakterstarken Duft aus und zieht nur langsam in die Haut ein.<\/p>\n<blockquote>\n<p style=\"text-align: justify;\">H\u00fcllen Sie sich nach dem Eincremen m\u00f6glichst in lauwarme Handt\u00fccher, um zu vermeiden, dass Flecken auf Ihrer Kleidung entstehen.<\/p>\n<\/blockquote>\n<p style=\"text-align: justify;\">Jojoba\u00f6l ist das \u00d6l aus den Samen des Jojobastrauchs und gilt als vergleichsweise kostspieliges und exklusives Gesichts\u00f6l. Eigentlich ist es ein fl\u00fcssiges Wachs, das durch einen herrlich nat\u00fcrlichen Geruch brilliert. Das entz\u00fcndungshemmende Pflege\u00f6l ist perfekt f\u00fcr die Gesichtspflege von Mischhaut, zieht rasch ein und fettet nicht.<\/p>\n<h2>Hochwertige Pflegeprodukte von renommierten Marken<\/h2>\n<p style=\"text-align: justify;\">Wer auf der Suche nach qualitativ hochwertigen \u00d6lprodukten ist, wird bei vielen bekannten Marken f\u00fcndig, die Pflege f\u00fcr etliche dezidierte Anwendungen anbieten.<\/p>\n<p><a href=\"https:\/\/www.kosmetikfuchs.de\/18104\/dr.-hauschka\/gesichtsoel-18-ml\"><img loading=\"lazy\" decoding=\"async\" class=\"aligncenter wp-image-2906\" title=\"Gesichts\u00f6l gegen \u00fcberm\u00e4\u00dfige Talgproduktion von Dr. Hauschka\" src=\"https:\/\/www.kosmetikfuchs.de\/magazin\/wp-content\/uploads\/2021\/03\/dr-hauschka-gesichtsoel-18ml.jpg\" alt=\"dr-hauschka-gesichtsoel-18ml\" width=\"357\" height=\"330\" srcset=\"https:\/\/www.kosmetikfuchs.de\/magazin\/wp-content\/uploads\/2021\/03\/dr-hauschka-gesichtsoel-18ml.jpg 400w, https:\/\/www.kosmetikfuchs.de\/magazin\/wp-content\/uploads\/2021\/03\/dr-hauschka-gesichtsoel-18ml-300x278.jpg 300w\" sizes=\"(max-width: 357px) 100vw, 357px\" \/><\/a><\/p>\n<p style=\"text-align: justify;\">F\u00fcr ein ausgewogenes Hautbild unterst\u00fctzt etwa das <a href=\"https:\/\/www.kosmetikfuchs.de\/18104\/dr.-hauschka\/gesichtsoel-18ml\">Dr. Hauschka Gesichts\u00f6l<\/a>.<\/p>\n<p><a href=\"https:\/\/www.kosmetikfuchs.de\/15878\/a4-cosmetics-munich\/a4-golden-face-oil-30ml\"><img loading=\"lazy\" decoding=\"async\" class=\"aligncenter wp-image-2914\" title=\"A4 Golden Face Oil von A4 Cosmetics Munich\" src=\"https:\/\/www.kosmetikfuchs.de\/magazin\/wp-content\/uploads\/2021\/03\/a4-cosmetics-munich-a4-golden-face-oil-30ml.jpg\" alt=\"a4-cosmetics-munich-a4-golden-face-oil-30ml\" width=\"346\" height=\"320\" srcset=\"https:\/\/www.kosmetikfuchs.de\/magazin\/wp-content\/uploads\/2021\/03\/a4-cosmetics-munich-a4-golden-face-oil-30ml.jpg 400w, https:\/\/www.kosmetikfuchs.de\/magazin\/wp-content\/uploads\/2021\/03\/a4-cosmetics-munich-a4-golden-face-oil-30ml-300x278.jpg 300w\" sizes=\"(max-width: 346px) 100vw, 346px\" \/><\/a><\/p>\n<p style=\"text-align: justify;\">Menschen, die unter trockener Haut leiden, k\u00f6nnen dieser mit dem <a href=\"https:\/\/www.kosmetikfuchs.de\/15878\/a4-cosmetics-munich\/a4-golden-face-oil-30ml\">Anti-Aging Gesichtspflege\u00f6l A4 Golden Face Oil<\/a> so einen richtigen Frischekick verschaffen.<\/p>\n<p><a href=\"https:\/\/www.kosmetikfuchs.de\/10972\/dr.-spiller\/aloe-vera-avocado-vitamin-e-oel-30ml\"><img loading=\"lazy\" decoding=\"async\" class=\"aligncenter wp-image-2916 size-full\" title=\"Aloe Vera Avocado Vitamin E \u00d6l von Dr. Spiller\" src=\"https:\/\/www.kosmetikfuchs.de\/magazin\/wp-content\/uploads\/2021\/03\/dr-spiller-aloe-vera-avocado-vitamin-e-oel-30ml.jpg\" alt=\"dr-spiller-aloe-vera-avocado-vitamin-e-oel-30ml\" width=\"400\" height=\"370\" srcset=\"https:\/\/www.kosmetikfuchs.de\/magazin\/wp-content\/uploads\/2021\/03\/dr-spiller-aloe-vera-avocado-vitamin-e-oel-30ml.jpg 400w, https:\/\/www.kosmetikfuchs.de\/magazin\/wp-content\/uploads\/2021\/03\/dr-spiller-aloe-vera-avocado-vitamin-e-oel-30ml-300x278.jpg 300w\" sizes=\"(max-width: 400px) 100vw, 400px\" \/><\/a><\/p>\n<p style=\"text-align: justify;\">Das <a href=\"https:\/\/www.kosmetikfuchs.de\/10972\/dr.-spiller\/aloe-vera-avocado-vitamin-e-oel-30ml\">Dr. Spiller Aloe Vera Avocado Vitamin E \u00d6l<\/a> beruhigt mit seiner Vitaminformel trockene Haut und im mit Oliven\u00f6l angereicherten <a href=\"https:\/\/www.kosmetikfuchs.de\/16344\/korres\/olive-naehrendes-3-in-1-oel-100ml\">3-in-1-Pflege\u00f6l von Korres<\/a> entfaltet sich die ganze Kraft der Olive \u2013 nat\u00fcrliche Hautpflege der Extraklasse.<\/p>\n<p><a href=\"https:\/\/www.kosmetikfuchs.de\/16344\/korres\/olive-naehrendes-3-in-1-oel-100ml\"><img loading=\"lazy\" decoding=\"async\" class=\"aligncenter wp-image-2918\" title=\"Olive n\u00e4hrendes 3-in-1 \u00d6l von KORRES\" src=\"https:\/\/www.kosmetikfuchs.de\/magazin\/wp-content\/uploads\/2021\/03\/korres-olive-naehrendes-3-in-1-oel-100ml.jpg\" alt=\"korres-olive-naehrendes-3-in-1-oel-100ml\" width=\"378\" height=\"350\" srcset=\"https:\/\/www.kosmetikfuchs.de\/magazin\/wp-content\/uploads\/2021\/03\/korres-olive-naehrendes-3-in-1-oel-100ml.jpg 400w, https:\/\/www.kosmetikfuchs.de\/magazin\/wp-content\/uploads\/2021\/03\/korres-olive-naehrendes-3-in-1-oel-100ml-300x278.jpg 300w\" sizes=\"(max-width: 378px) 100vw, 378px\" \/><\/a><\/p>\n<h2>Fazit: F\u00fcr jeden ist das passende Gesichts\u00f6l erh\u00e4ltlich<\/h2>\n<p style=\"text-align: justify;\">Ob Argan- oder Jojoba-\u00d6l, ob Oliven-, Kokos- oder Mandel\u00f6l \u2013 f\u00fcr jeden Hauttyp gibt es das passende hochwertige Gesichts\u00f6l. Ob pur oder als wertvoller Bestandteil von Cremes \u2013 Sie haben die Wahl. Bedenken Sie aber, dass eine Gesichtscreme mitunter zus\u00e4tzliche Inhaltsstoffe enth\u00e4lt, die zu unerw\u00fcnschten Nebenwirkungen in Form von R\u00f6tungen, Reizungen oder Allergien f\u00fchren kann.<\/p>\n<figure id=\"attachment_2927\" aria-describedby=\"caption-attachment-2927\" style=\"width: 900px\" class=\"wp-caption aligncenter\"><img loading=\"lazy\" decoding=\"async\" class=\"wp-image-2927 size-full\" title=\"Kokos\u00f6l wird h\u00e4ufig f\u00fcr die Haut- und Gesichtspflege empfohlen\" src=\"https:\/\/www.kosmetikfuchs.de\/magazin\/wp-content\/uploads\/2021\/03\/kokos-gesichtsoel.jpg\" alt=\"kokos-gesichtsoel\" width=\"900\" height=\"600\" srcset=\"https:\/\/www.kosmetikfuchs.de\/magazin\/wp-content\/uploads\/2021\/03\/kokos-gesichtsoel.jpg 900w, https:\/\/www.kosmetikfuchs.de\/magazin\/wp-content\/uploads\/2021\/03\/kokos-gesichtsoel-300x200.jpg 300w, https:\/\/www.kosmetikfuchs.de\/magazin\/wp-content\/uploads\/2021\/03\/kokos-gesichtsoel-768x512.jpg 768w\" sizes=\"(max-width: 900px) 100vw, 900px\" \/><figcaption id=\"caption-attachment-2927\" class=\"wp-caption-text\">\u00a9 Pixel-Shot \u2013 stock.adobe.com<\/figcaption><\/figure>\n<p style=\"text-align: justify;\">Bei einem puren \u00d6l hingegen kennen Sie den Inhalt ganz genau und k\u00f6nnen das Naturprodukt somit perfekt auf die Bed\u00fcrfnisse Ihrer Haut abstimmen.<\/p>\n<blockquote>\n<p style=\"text-align: justify;\">F\u00fcr optimale Resultate verwenden Sie Ihr \u00d6l am besten in Verbindung mit einer hochwertigen Creme. Somit profitiert Ihre Haut von einem zus\u00e4tzlichen Feuchtigkeitskick, den sie lange speichern kann.<\/p>\n<\/blockquote>\n","protected":false},"excerpt":{"rendered":"<p>\u00ab Ein Hauch von Luxus f\u00fcr Ihre Haut \u00bb Ein Gesichts\u00f6l anstelle einer Gesichtscreme zu verwenden \u2013 damit tun Sie Ihrer Haut etwas rundum Gutes. W\u00e4hrend eine Creme zwar \u2013 je nach Produkt \u2013 spezifische Vitamine, N\u00e4hrstoffe, feuchtigkeitsspendende Essenzen und Antioxidantien enth\u00e4lt, ist ein \u00d6l erheblich reichhaltiger. Verw\u00f6hnen Sie Ihr Gesicht und erleben Sie, wie &hellip;<\/p>\n","protected":false},"author":1,"featured_media":2930,"comment_status":"closed","ping_status":"open","sticky":false,"template":"","format":"standard","meta":{"footnotes":""},"categories":[584,3],"tags":[495,23,52,496,48,57,194,71,21,20,309,244,241,493,82,497,494,294],"yoast_head":"<!-- This site is optimized with the Yoast SEO plugin v22.3 - https:\/\/yoast.com\/wordpress\/plugins\/seo\/ -->\n<title>Gesichts\u00f6l statt Gesichtscreme - Kosmetikfuchs Magazin<\/title>\n<meta name=\"description\" content=\"Warum man h\u00e4ufiger zum Gesichts\u00f6l greifen sollte, erkl\u00e4rt das Kosmetikfuchs Magazin! \u2013 Hochwertige \u00d6le von Korres \u2714 Dr. Spiller \u2714 Gertraud Gruber.\" \/>\n<meta name=\"robots\" content=\"index, follow, max-snippet:-1, max-image-preview:large, max-video-preview:-1\" \/>\n<link rel=\"canonical\" href=\"https:\/\/www.kosmetikfuchs.de\/magazin\/gesichtsoel-statt-gesichtscreme\/\" \/>\n<meta property=\"og:locale\" content=\"de_DE\" \/>\n<meta property=\"og:type\" content=\"article\" \/>\n<meta property=\"og:title\" content=\"Gesichts\u00f6l statt Gesichtscreme - Kosmetikfuchs Magazin\" \/>\n<meta property=\"og:description\" content=\"Warum man h\u00e4ufiger zum Gesichts\u00f6l greifen sollte, erkl\u00e4rt das Kosmetikfuchs Magazin! \u2013 Hochwertige \u00d6le von Korres \u2714 Dr. Spiller \u2714 Gertraud Gruber.\" \/>\n<meta property=\"og:url\" content=\"https:\/\/www.kosmetikfuchs.de\/magazin\/gesichtsoel-statt-gesichtscreme\/\" \/>\n<meta property=\"og:site_name\" content=\"Kosmetikfuchs Magazin\" \/>\n<meta property=\"article:published_time\" content=\"2021-03-05T09:00:17+00:00\" \/>\n<meta property=\"article:modified_time\" content=\"2026-02-11T10:21:53+00:00\" \/>\n<meta property=\"og:image\" content=\"https:\/\/www.kosmetikfuchs.de\/magazin\/wp-content\/uploads\/2021\/03\/gesichtsoel-statt-gesichtscreme.jpg\" \/>\n\t<meta property=\"og:image:width\" content=\"900\" \/>\n\t<meta property=\"og:image:height\" content=\"600\" \/>\n\t<meta property=\"og:image:type\" content=\"image\/jpeg\" \/>\n<meta name=\"author\" content=\"admin\" \/>\n<meta name=\"twitter:card\" content=\"summary_large_image\" \/>\n<meta name=\"twitter:label1\" content=\"Verfasst von\" \/>\n\t<meta name=\"twitter:data1\" content=\"admin\" \/>\n\t<meta name=\"twitter:label2\" content=\"Gesch\u00e4tzte Lesezeit\" \/>\n\t<meta name=\"twitter:data2\" content=\"6\u00a0Minuten\" \/>\n<script type=\"application\/ld+json\" class=\"yoast-schema-graph\">{\"@context\":\"https:\/\/schema.org\",\"@graph\":[{\"@type\":\"WebPage\",\"@id\":\"https:\/\/www.kosmetikfuchs.de\/magazin\/gesichtsoel-statt-gesichtscreme\/\",\"url\":\"https:\/\/www.kosmetikfuchs.de\/magazin\/gesichtsoel-statt-gesichtscreme\/\",\"name\":\"Gesichts\u00f6l statt Gesichtscreme - Kosmetikfuchs Magazin\",\"isPartOf\":{\"@id\":\"https:\/\/www.kosmetikfuchs.de\/magazin\/#website\"},\"primaryImageOfPage\":{\"@id\":\"https:\/\/www.kosmetikfuchs.de\/magazin\/gesichtsoel-statt-gesichtscreme\/#primaryimage\"},\"image\":{\"@id\":\"https:\/\/www.kosmetikfuchs.de\/magazin\/gesichtsoel-statt-gesichtscreme\/#primaryimage\"},\"thumbnailUrl\":\"https:\/\/www.kosmetikfuchs.de\/magazin\/wp-content\/uploads\/2021\/03\/gesichtsoel-statt-gesichtscreme.jpg\",\"datePublished\":\"2021-03-05T09:00:17+00:00\",\"dateModified\":\"2026-02-11T10:21:53+00:00\",\"author\":{\"@id\":\"https:\/\/www.kosmetikfuchs.de\/magazin\/#\/schema\/person\/d74441dfe7021cf7301a89aa8423d147\"},\"description\":\"Warum man h\u00e4ufiger zum Gesichts\u00f6l greifen sollte, erkl\u00e4rt das Kosmetikfuchs Magazin! \u2013 Hochwertige \u00d6le von Korres \u2714 Dr. Spiller \u2714 Gertraud Gruber.\",\"breadcrumb\":{\"@id\":\"https:\/\/www.kosmetikfuchs.de\/magazin\/gesichtsoel-statt-gesichtscreme\/#breadcrumb\"},\"inLanguage\":\"de\",\"potentialAction\":[{\"@type\":\"ReadAction\",\"target\":[\"https:\/\/www.kosmetikfuchs.de\/magazin\/gesichtsoel-statt-gesichtscreme\/\"]}]},{\"@type\":\"ImageObject\",\"inLanguage\":\"de\",\"@id\":\"https:\/\/www.kosmetikfuchs.de\/magazin\/gesichtsoel-statt-gesichtscreme\/#primaryimage\",\"url\":\"https:\/\/www.kosmetikfuchs.de\/magazin\/wp-content\/uploads\/2021\/03\/gesichtsoel-statt-gesichtscreme.jpg\",\"contentUrl\":\"https:\/\/www.kosmetikfuchs.de\/magazin\/wp-content\/uploads\/2021\/03\/gesichtsoel-statt-gesichtscreme.jpg\",\"width\":900,\"height\":600,\"caption\":\"\u00a9 Drobot Dean \u2013 stock.adobe.com\"},{\"@type\":\"BreadcrumbList\",\"@id\":\"https:\/\/www.kosmetikfuchs.de\/magazin\/gesichtsoel-statt-gesichtscreme\/#breadcrumb\",\"itemListElement\":[{\"@type\":\"ListItem\",\"position\":1,\"name\":\"Startseite\",\"item\":\"https:\/\/www.kosmetikfuchs.de\/magazin\/\"},{\"@type\":\"ListItem\",\"position\":2,\"name\":\"Gesichts\u00f6l statt Gesichtscreme\"}]},{\"@type\":\"WebSite\",\"@id\":\"https:\/\/www.kosmetikfuchs.de\/magazin\/#website\",\"url\":\"https:\/\/www.kosmetikfuchs.de\/magazin\/\",\"name\":\"Kosmetikfuchs Magazin\",\"description\":\"\",\"potentialAction\":[{\"@type\":\"SearchAction\",\"target\":{\"@type\":\"EntryPoint\",\"urlTemplate\":\"https:\/\/www.kosmetikfuchs.de\/magazin\/?s={search_term_string}\"},\"query-input\":\"required name=search_term_string\"}],\"inLanguage\":\"de\"},{\"@type\":\"Person\",\"@id\":\"https:\/\/www.kosmetikfuchs.de\/magazin\/#\/schema\/person\/d74441dfe7021cf7301a89aa8423d147\",\"name\":\"admin\",\"image\":{\"@type\":\"ImageObject\",\"inLanguage\":\"de\",\"@id\":\"https:\/\/www.kosmetikfuchs.de\/magazin\/#\/schema\/person\/image\/\",\"url\":\"https:\/\/secure.gravatar.com\/avatar\/a794a4fe8a9b9c52241597eb381dfa2e?s=96&d=mm&r=g\",\"contentUrl\":\"https:\/\/secure.gravatar.com\/avatar\/a794a4fe8a9b9c52241597eb381dfa2e?s=96&d=mm&r=g\",\"caption\":\"admin\"},\"url\":\"https:\/\/www.kosmetikfuchs.de\/magazin\/author\/321456\/\"}]}<\/script>\n<!-- \/ Yoast SEO plugin. -->","yoast_head_json":{"title":"Gesichts\u00f6l statt Gesichtscreme - Kosmetikfuchs Magazin","description":"Warum man h\u00e4ufiger zum Gesichts\u00f6l greifen sollte, erkl\u00e4rt das Kosmetikfuchs Magazin! \u2013 Hochwertige \u00d6le von Korres \u2714 Dr. Spiller \u2714 Gertraud Gruber.","robots":{"index":"index","follow":"follow","max-snippet":"max-snippet:-1","max-image-preview":"max-image-preview:large","max-video-preview":"max-video-preview:-1"},"canonical":"https:\/\/www.kosmetikfuchs.de\/magazin\/gesichtsoel-statt-gesichtscreme\/","og_locale":"de_DE","og_type":"article","og_title":"Gesichts\u00f6l statt Gesichtscreme - Kosmetikfuchs Magazin","og_description":"Warum man h\u00e4ufiger zum Gesichts\u00f6l greifen sollte, erkl\u00e4rt das Kosmetikfuchs Magazin! \u2013 Hochwertige \u00d6le von Korres \u2714 Dr. Spiller \u2714 Gertraud Gruber.","og_url":"https:\/\/www.kosmetikfuchs.de\/magazin\/gesichtsoel-statt-gesichtscreme\/","og_site_name":"Kosmetikfuchs Magazin","article_published_time":"2021-03-05T09:00:17+00:00","article_modified_time":"2026-02-11T10:21:53+00:00","og_image":[{"width":900,"height":600,"url":"https:\/\/www.kosmetikfuchs.de\/magazin\/wp-content\/uploads\/2021\/03\/gesichtsoel-statt-gesichtscreme.jpg","type":"image\/jpeg"}],"author":"admin","twitter_card":"summary_large_image","twitter_misc":{"Verfasst von":"admin","Gesch\u00e4tzte Lesezeit":"6\u00a0Minuten"},"schema":{"@context":"https:\/\/schema.org","@graph":[{"@type":"WebPage","@id":"https:\/\/www.kosmetikfuchs.de\/magazin\/gesichtsoel-statt-gesichtscreme\/","url":"https:\/\/www.kosmetikfuchs.de\/magazin\/gesichtsoel-statt-gesichtscreme\/","name":"Gesichts\u00f6l statt Gesichtscreme - Kosmetikfuchs Magazin","isPartOf":{"@id":"https:\/\/www.kosmetikfuchs.de\/magazin\/#website"},"primaryImageOfPage":{"@id":"https:\/\/www.kosmetikfuchs.de\/magazin\/gesichtsoel-statt-gesichtscreme\/#primaryimage"},"image":{"@id":"https:\/\/www.kosmetikfuchs.de\/magazin\/gesichtsoel-statt-gesichtscreme\/#primaryimage"},"thumbnailUrl":"https:\/\/www.kosmetikfuchs.de\/magazin\/wp-content\/uploads\/2021\/03\/gesichtsoel-statt-gesichtscreme.jpg","datePublished":"2021-03-05T09:00:17+00:00","dateModified":"2026-02-11T10:21:53+00:00","author":{"@id":"https:\/\/www.kosmetikfuchs.de\/magazin\/#\/schema\/person\/d74441dfe7021cf7301a89aa8423d147"},"description":"Warum man h\u00e4ufiger zum Gesichts\u00f6l greifen sollte, erkl\u00e4rt das Kosmetikfuchs Magazin! \u2013 Hochwertige \u00d6le von Korres \u2714 Dr. Spiller \u2714 Gertraud Gruber.","breadcrumb":{"@id":"https:\/\/www.kosmetikfuchs.de\/magazin\/gesichtsoel-statt-gesichtscreme\/#breadcrumb"},"inLanguage":"de","potentialAction":[{"@type":"ReadAction","target":["https:\/\/www.kosmetikfuchs.de\/magazin\/gesichtsoel-statt-gesichtscreme\/"]}]},{"@type":"ImageObject","inLanguage":"de","@id":"https:\/\/www.kosmetikfuchs.de\/magazin\/gesichtsoel-statt-gesichtscreme\/#primaryimage","url":"https:\/\/www.kosmetikfuchs.de\/magazin\/wp-content\/uploads\/2021\/03\/gesichtsoel-statt-gesichtscreme.jpg","contentUrl":"https:\/\/www.kosmetikfuchs.de\/magazin\/wp-content\/uploads\/2021\/03\/gesichtsoel-statt-gesichtscreme.jpg","width":900,"height":600,"caption":"\u00a9 Drobot Dean \u2013 stock.adobe.com"},{"@type":"BreadcrumbList","@id":"https:\/\/www.kosmetikfuchs.de\/magazin\/gesichtsoel-statt-gesichtscreme\/#breadcrumb","itemListElement":[{"@type":"ListItem","position":1,"name":"Startseite","item":"https:\/\/www.kosmetikfuchs.de\/magazin\/"},{"@type":"ListItem","position":2,"name":"Gesichts\u00f6l statt Gesichtscreme"}]},{"@type":"WebSite","@id":"https:\/\/www.kosmetikfuchs.de\/magazin\/#website","url":"https:\/\/www.kosmetikfuchs.de\/magazin\/","name":"Kosmetikfuchs Magazin","description":"","potentialAction":[{"@type":"SearchAction","target":{"@type":"EntryPoint","urlTemplate":"https:\/\/www.kosmetikfuchs.de\/magazin\/?s={search_term_string}"},"query-input":"required name=search_term_string"}],"inLanguage":"de"},{"@type":"Person","@id":"https:\/\/www.kosmetikfuchs.de\/magazin\/#\/schema\/person\/d74441dfe7021cf7301a89aa8423d147","name":"admin","image":{"@type":"ImageObject","inLanguage":"de","@id":"https:\/\/www.kosmetikfuchs.de\/magazin\/#\/schema\/person\/image\/","url":"https:\/\/secure.gravatar.com\/avatar\/a794a4fe8a9b9c52241597eb381dfa2e?s=96&d=mm&r=g","contentUrl":"https:\/\/secure.gravatar.com\/avatar\/a794a4fe8a9b9c52241597eb381dfa2e?s=96&d=mm&r=g","caption":"admin"},"url":"https:\/\/www.kosmetikfuchs.de\/magazin\/author\/321456\/"}]}},"_links":{"self":[{"href":"https:\/\/www.kosmetikfuchs.de\/magazin\/wp-json\/wp\/v2\/posts\/2900"}],"collection":[{"href":"https:\/\/www.kosmetikfuchs.de\/magazin\/wp-json\/wp\/v2\/posts"}],"about":[{"href":"https:\/\/www.kosmetikfuchs.de\/magazin\/wp-json\/wp\/v2\/types\/post"}],"author":[{"embeddable":true,"href":"https:\/\/www.kosmetikfuchs.de\/magazin\/wp-json\/wp\/v2\/users\/1"}],"replies":[{"embeddable":true,"href":"https:\/\/www.kosmetikfuchs.de\/magazin\/wp-json\/wp\/v2\/comments?post=2900"}],"version-history":[{"count":38,"href":"https:\/\/www.kosmetikfuchs.de\/magazin\/wp-json\/wp\/v2\/posts\/2900\/revisions"}],"predecessor-version":[{"id":9142,"href":"https:\/\/www.kosmetikfuchs.de\/magazin\/wp-json\/wp\/v2\/posts\/2900\/revisions\/9142"}],"wp:featuredmedia":[{"embeddable":true,"href":"https:\/\/www.kosmetikfuchs.de\/magazin\/wp-json\/wp\/v2\/media\/2930"}],"wp:attachment":[{"href":"https:\/\/www.kosmetikfuchs.de\/magazin\/wp-json\/wp\/v2\/media?parent=2900"}],"wp:term":[{"taxonomy":"category","embeddable":true,"href":"https:\/\/www.kosmetikfuchs.de\/magazin\/wp-json\/wp\/v2\/categories?post=2900"},{"taxonomy":"post_tag","embeddable":true,"href":"https:\/\/www.kosmetikfuchs.de\/magazin\/wp-json\/wp\/v2\/tags?post=2900"}],"curies":[{"name":"wp","href":"https:\/\/api.w.org\/{rel}","templated":true}]}}