{"id":2747,"date":"2020-12-04T10:00:38","date_gmt":"2020-12-04T09:00:38","guid":{"rendered":"https:\/\/www.kosmetikfuchs.de\/magazin\/?p=2747"},"modified":"2023-05-22T16:11:09","modified_gmt":"2023-05-22T14:11:09","slug":"milch-und-akne","status":"publish","type":"post","link":"https:\/\/www.kosmetikfuchs.de\/magazin\/milch-und-akne\/","title":{"rendered":"Milch und Akne"},"content":{"rendered":"<h2>\u00ab K\u00f6nnen Milchprodukte Hautverunreinigungen ausl\u00f6sen? \u00bb<\/h2>\n<p style=\"text-align: justify;\"><strong>Milch schmeckt zwar k\u00f6stlich, steht jedoch immer wieder in Verdacht, sich negativ auf das Hautbild auszuwirken. So hei\u00dft es, dass Milch Akne f\u00f6rdern kann. Wenn auch die beste Hautpflege nichts an Unreinheiten ver\u00e4ndert, kann die Ern\u00e4hrung ein Ausl\u00f6ser sein. H\u00e4ufig sind die Ursachen also innerlich zu suchen. Was genau dahintersteckt, erfahren Sie hier.<\/strong><\/p>\n<h2>So wirken Inhaltsstoffe der Milch auf die Haut<\/h2>\n<p style=\"text-align: justify;\">Dass Akne in Verbindung mit der Ern\u00e4hrung steht, konnte bereits durch Studien belegt werden. Es sind vor allem die Wachstumshormone in der Kuhmilch, die wiederum die Hormone im menschlichen K\u00f6rper durcheinanderbringen k\u00f6nnen. Wird der Testosteronhaushalt durch eine milchreiche Ern\u00e4hrung erh\u00f6ht, kann es bei einigen Menschen zu vermehrten Entz\u00fcndungsprozessen kommen, die sich letztendlich auf der Haut zeigen. Auch die Proteine Casein und Whey gelten als Ursache, dass Milch Akne beg\u00fcnstigt.<\/p>\n<figure id=\"attachment_2763\" aria-describedby=\"caption-attachment-2763\" style=\"width: 900px\" class=\"wp-caption aligncenter\"><img loading=\"lazy\" decoding=\"async\" class=\"wp-image-2763 size-full\" title=\"Verschiedene Milchprodukte\" src=\"https:\/\/www.kosmetikfuchs.de\/magazin\/wp-content\/uploads\/2020\/12\/milchprodukte.jpg\" alt=\"milchprodukte-milch-und-akne\" width=\"900\" height=\"600\" srcset=\"https:\/\/www.kosmetikfuchs.de\/magazin\/wp-content\/uploads\/2020\/12\/milchprodukte.jpg 900w, https:\/\/www.kosmetikfuchs.de\/magazin\/wp-content\/uploads\/2020\/12\/milchprodukte-300x200.jpg 300w, https:\/\/www.kosmetikfuchs.de\/magazin\/wp-content\/uploads\/2020\/12\/milchprodukte-768x512.jpg 768w\" sizes=\"(max-width: 900px) 100vw, 900px\" \/><figcaption id=\"caption-attachment-2763\" class=\"wp-caption-text\">\u00a9 karandaev \u2013 stock.adobe.com<\/figcaption><\/figure>\n<p style=\"text-align: justify;\">Nicht zuletzt erh\u00f6ht vor allem das Molkeprotein den Insulinspiegel im K\u00f6rper und gilt daher als Insulinotrop. Ein erh\u00f6hter Insulinspiegel ist jedoch eine der Mitursachen f\u00fcr eine gesteigerte Talgproduktion. Der Effekt eines gesteigerten Insulinspiegels in Kombination mit einem erh\u00f6hten IGF-1 (Insulin-like Growth Factor) ist Grundlage f\u00fcr die Entstehung der Akne. Verstopfte Poren, die sich entz\u00fcnden, k\u00f6nnen die Folge sein.<\/p>\n<figure id=\"attachment_2761\" aria-describedby=\"caption-attachment-2761\" style=\"width: 900px\" class=\"wp-caption aligncenter\"><img loading=\"lazy\" decoding=\"async\" class=\"wp-image-2761 size-full\" title=\"Teenagerin mit Akneproblem\" src=\"https:\/\/www.kosmetikfuchs.de\/magazin\/wp-content\/uploads\/2020\/12\/akne.jpg\" alt=\"akne-milch-zusammenhang\" width=\"900\" height=\"600\" srcset=\"https:\/\/www.kosmetikfuchs.de\/magazin\/wp-content\/uploads\/2020\/12\/akne.jpg 900w, https:\/\/www.kosmetikfuchs.de\/magazin\/wp-content\/uploads\/2020\/12\/akne-300x200.jpg 300w, https:\/\/www.kosmetikfuchs.de\/magazin\/wp-content\/uploads\/2020\/12\/akne-768x512.jpg 768w\" sizes=\"(max-width: 900px) 100vw, 900px\" \/><figcaption id=\"caption-attachment-2761\" class=\"wp-caption-text\">\u00a9 New Africa \u2013 stock.adobe.com<\/figcaption><\/figure>\n<p style=\"text-align: justify;\">Um das Wachstum und die Gesundheit von K\u00e4lbern zu f\u00f6rdern, sind die in Kuhmilch enthaltenen Inhaltsstoffe geeignet. Jedoch sind sie f\u00fcr den menschlichen K\u00f6rper nicht unbedingt gesund, wie bereits erl\u00e4utert wurde. Neben der potenziellen Ausl\u00f6sung von Akne k\u00f6nnen verschiedene andere Krankheiten mit einem starken Milchkonsum in Verbindung gebracht werden.<\/p>\n<h2>Den Milchkonsum im Selbstversuch reduzieren<\/h2>\n<p style=\"text-align: justify;\">Jedoch haben Milchprodukte nicht auf jeden Menschen die gleiche Wirkung. So leiden nicht alle Konsumenten von Milch an Akne und im Gegenzug gibt es Betroffene, die sich vegan ern\u00e4hren. Wer mit unreiner Haut zu tun hat, kann ganz einfach selbst austesten, inwiefern sich seine Ern\u00e4hrung auf das Hautbild auswirkt.<\/p>\n<figure id=\"attachment_2767\" aria-describedby=\"caption-attachment-2767\" style=\"width: 900px\" class=\"wp-caption aligncenter\"><img loading=\"lazy\" decoding=\"async\" class=\"wp-image-2767 size-full\" title=\"Bewusster Verzicht auf Milch\" src=\"https:\/\/www.kosmetikfuchs.de\/magazin\/wp-content\/uploads\/2020\/12\/milchverzicht.jpg\" alt=\"milchverzicht-milch-und-akne\" width=\"900\" height=\"600\" srcset=\"https:\/\/www.kosmetikfuchs.de\/magazin\/wp-content\/uploads\/2020\/12\/milchverzicht.jpg 900w, https:\/\/www.kosmetikfuchs.de\/magazin\/wp-content\/uploads\/2020\/12\/milchverzicht-300x200.jpg 300w, https:\/\/www.kosmetikfuchs.de\/magazin\/wp-content\/uploads\/2020\/12\/milchverzicht-768x512.jpg 768w\" sizes=\"(max-width: 900px) 100vw, 900px\" \/><figcaption id=\"caption-attachment-2767\" class=\"wp-caption-text\">\u00a9 Andrey Popov \u2013 stock.adobe.com<\/figcaption><\/figure>\n<p style=\"text-align: justify;\">Reduzieren Sie f\u00fcr eine ern\u00e4hrungsbasierte Akne-Therapie am besten f\u00fcr mehrere Monate hinweg die Zufuhr an Milchprodukten deutlich. Im Idealfall k\u00f6nnen Sie sogar ganz auf Milch und Co. verzichten und auf vegane Alternativen aus Soja, Reis oder auch Mandeln und Kokos zur\u00fcckgreifen. Ebenso ist der Verzehr von Produkten aus Lupinenbohnen und aus Erbsen denkbar. <strong>Denn bereits die Menge an Milch von mehr als 1 Glas pro Tag erh\u00f6ht das Risiko um 12 Prozent bei mehr als einem Glas Milch pro Tag und um 8 Prozent bei bis zu einem Glas Milch pro Tag.<\/strong><\/p>\n<figure id=\"attachment_2769\" aria-describedby=\"caption-attachment-2769\" style=\"width: 900px\" class=\"wp-caption aligncenter\"><img loading=\"lazy\" decoding=\"async\" class=\"wp-image-2769 size-full\" title=\"Pflanzliche Alternativen zur Kuhmilch\" src=\"https:\/\/www.kosmetikfuchs.de\/magazin\/wp-content\/uploads\/2020\/12\/pflanzliche-alternativen-kuhmilch.jpg\" alt=\"pflanzliche-alternativen-kuhmilch\" width=\"900\" height=\"601\" srcset=\"https:\/\/www.kosmetikfuchs.de\/magazin\/wp-content\/uploads\/2020\/12\/pflanzliche-alternativen-kuhmilch.jpg 900w, https:\/\/www.kosmetikfuchs.de\/magazin\/wp-content\/uploads\/2020\/12\/pflanzliche-alternativen-kuhmilch-300x200.jpg 300w, https:\/\/www.kosmetikfuchs.de\/magazin\/wp-content\/uploads\/2020\/12\/pflanzliche-alternativen-kuhmilch-768x513.jpg 768w\" sizes=\"(max-width: 900px) 100vw, 900px\" \/><figcaption id=\"caption-attachment-2769\" class=\"wp-caption-text\">\u00a9 alex9500 \u2013 stock.adobe.com<\/figcaption><\/figure>\n<p style=\"text-align: justify;\">Zus\u00e4tzlich empfehlen \u00c4rzte eine zuckerarme Ern\u00e4hrung, um in Kombination mit dem reduzierten Milchkonsum die besten Ergebnisse zu erzielen. Ein insgesamt gesunkener Insulinspiegel kann bereits nach zwei bis drei Monaten eine Verbesserung des Hautbilds nach sich ziehen. Zeigt sich Ihre Haut im Laufe der Testphase weniger entz\u00fcndlich, k\u00f6nnten Milch- und Milchprodukte auch bei Ihnen Ausl\u00f6ser f\u00fcr die Hautunreinheiten sein. Der dauerhafte Verzicht auf einfache Kohlehydrate unterst\u00fctzt diesen Effekt.<\/p>\n<h2>Fettstufen machen den Unterschied: Mager-, fettarm- oder Vollmilch?<\/h2>\n<p>Laut einer Studie (The effect of milk consumption on acne: a meta-analysis of observational studies mit 72.000 Probanden) wirken sich die Fettstufen unterschiedlich auf die Haut aus:<\/p>\n<p><strong>Steigerung des Risikos der Akneentstehung bei:<\/strong><\/p>\n<ul>\n<li>Magermilchkonsumenten um 24 Prozent<\/li>\n<li>bei fettarmer Milch um 14 Prozent<\/li>\n<li>Vollmilch um 13 Prozent.<\/li>\n<\/ul>\n<p>&nbsp;<\/p>\n<h2>Fazit zum Zusammenhang von Milch und Akne: Hautpflege und Ern\u00e4hrung gehen Hand in Hand<\/h2>\n<p style=\"text-align: justify;\">Wie wir wissen, sind gute Reinigung und Pflege bei entz\u00fcndungsgeplagter Haut das A und O.<\/p>\n<p><a href=\"https:\/\/www.kosmetikfuchs.de\/584\/jean-d-arcel\/purifiante-creme-sebo-balance-50ml\"><img loading=\"lazy\" decoding=\"async\" class=\"aligncenter wp-image-2755\" title=\"Purifiante Creme Sebo Balance von Jean d Arcel | wirkt der Entstehung von Unreinheiten gezielt entgegen\" src=\"https:\/\/www.kosmetikfuchs.de\/magazin\/wp-content\/uploads\/2020\/12\/jean-d-arcel-purifiante-creme-sebo-balance-50ml.jpg\" alt=\"jean-d-arcel-purifiante-creme-sebo-balance-50ml\" width=\"444\" height=\"400\" srcset=\"https:\/\/www.kosmetikfuchs.de\/magazin\/wp-content\/uploads\/2020\/12\/jean-d-arcel-purifiante-creme-sebo-balance-50ml.jpg 500w, https:\/\/www.kosmetikfuchs.de\/magazin\/wp-content\/uploads\/2020\/12\/jean-d-arcel-purifiante-creme-sebo-balance-50ml-300x270.jpg 300w\" sizes=\"(max-width: 444px) 100vw, 444px\" \/><\/a><\/p>\n<p style=\"text-align: justify;\">Pflegeprodukte wie die <a href=\"https:\/\/www.kosmetikfuchs.de\/584\/jean-d-arcel\/purifiante-creme-sebo-balance-50ml\">Creme Sebo Balance Creme von Jean D`Arcel<\/a> und <a href=\"https:\/\/www.kosmetikfuchs.de\/9452\/biodroga\/clear-anti-aging-care-fuer-unreine-haut-75ml\">Clear + Anti Aging Care von Biodroga<\/a> reduzieren Fettglanz sowie Talgfluss und bek\u00e4mpfen Hautverunreinigungen insgesamt effektiv bei regelm\u00e4\u00dfiger Anwendung. Als Basis sollte aber auch die Ern\u00e4hrung stimmen und Akne nicht noch f\u00f6rdern \u2013 das gilt vor allem f\u00fcr leidenschaftliche Milchtrinker.<\/p>\n<p><a href=\"https:\/\/www.kosmetikfuchs.de\/9452\/biodroga\/clear-anti-aging-care-fuer-unreine-haut-75ml\"><img loading=\"lazy\" decoding=\"async\" class=\"aligncenter wp-image-2757\" title=\"Clear+ Anti Aging Care f\u00fcr unreine Haut von BIODROGA | gezielte Bek\u00e4mpfung der Unreinheiten mit gleichzeitiger Anti Aging Wirkung\" src=\"https:\/\/www.kosmetikfuchs.de\/magazin\/wp-content\/uploads\/2020\/12\/clear-anti-aging-care-fuer-unreine-haut-75ml.jpg\" alt=\"clear-anti-aging-care-fuer-unreine-haut-75ml\" width=\"467\" height=\"420\" srcset=\"https:\/\/www.kosmetikfuchs.de\/magazin\/wp-content\/uploads\/2020\/12\/clear-anti-aging-care-fuer-unreine-haut-75ml.jpg 500w, https:\/\/www.kosmetikfuchs.de\/magazin\/wp-content\/uploads\/2020\/12\/clear-anti-aging-care-fuer-unreine-haut-75ml-300x270.jpg 300w\" sizes=\"(max-width: 467px) 100vw, 467px\" \/><\/a><\/p>\n<p style=\"text-align: justify;\">Mit dem Verzicht oder zumindest der Reduzierung des Konsums von Milchprodukten, k\u00f6nnen Sie Ihren Insulinspiegel sowie den IGF-1 senken und den Hormonhaushalt im Gleichgewicht halten.<\/p>\n<blockquote>\n<p style=\"text-align: justify;\">Ob und wie sich Ihr Konsum von Milch auf Akne auswirkt, k\u00f6nnen Sie im Selbstversuch testen. Dieser sollte mindestens acht Wochen andauern.<\/p>\n<div class=\"BorlabsCookie _brlbs-cb-youtube\"><div class=\"_brlbs-content-blocker\"> <div class=\"_brlbs-embed _brlbs-video-youtube\"> <img class=\"_brlbs-thumbnail\" src=\"https:\/\/www.kosmetikfuchs.de\/magazin\/wp-content\/plugins\/borlabs-cookie\/assets\/images\/cb-no-thumbnail.png\" alt=\"YouTube\"> <div class=\"_brlbs-caption\"> <p>Mit dem Laden des Videos akzeptieren Sie die Datenschutzerkl\u00e4rung von YouTube.<br><a href=\"https:\/\/policies.google.com\/privacy\" target=\"_blank\" rel=\"nofollow noopener noreferrer\">Mehr erfahren<\/a><\/p> <p><a class=\"_brlbs-btn _brlbs-icon-play-white\" href=\"#\" data-borlabs-cookie-unblock role=\"button\">Video laden<\/a><\/p> <p><label><input type=\"checkbox\" name=\"unblockAll\" value=\"1\" checked> <small>YouTube immer entsperren<\/small><\/label><\/p> <\/div> <\/div> <\/div><div class=\"borlabs-hide\" data-borlabs-cookie-type=\"content-blocker\" data-borlabs-cookie-id=\"youtube\"><script type=\"text\/template\">PHA+PGlmcmFtZSBsb2FkaW5nPSJsYXp5IiB0aXRsZT0iWW91VHViZSB2aWRlbyBwbGF5ZXIiIHNyYz0iaHR0cHM6Ly93d3cueW91dHViZS1ub2Nvb2tpZS5jb20vZW1iZWQvazNYNmpYUjZNRmsiIHdpZHRoPSI1NjAiIGhlaWdodD0iMzE1IiBmcmFtZWJvcmRlcj0iMCIgYWxsb3dmdWxsc2NyZWVuPSJhbGxvd2Z1bGxzY3JlZW4iPjwvaWZyYW1lPjwvcD4=<\/script><\/div><\/div><\/blockquote>\n","protected":false},"excerpt":{"rendered":"<p>\u00ab K\u00f6nnen Milchprodukte Hautverunreinigungen ausl\u00f6sen? \u00bb Milch schmeckt zwar k\u00f6stlich, steht jedoch immer wieder in Verdacht, sich negativ auf das Hautbild auszuwirken. So hei\u00dft es, dass Milch Akne f\u00f6rdern kann. Wenn auch die beste Hautpflege nichts an Unreinheiten ver\u00e4ndert, kann die Ern\u00e4hrung ein Ausl\u00f6ser sein. H\u00e4ufig sind die Ursachen also innerlich zu suchen. Was genau &hellip;<\/p>\n","protected":false},"author":1,"featured_media":2750,"comment_status":"closed","ping_status":"open","sticky":false,"template":"","format":"standard","meta":{"footnotes":""},"categories":[593],"tags":[471,7,399,55,328,21,20,473,268,91,470,474,472,99,475],"yoast_head":"<!-- This site is optimized with the Yoast SEO plugin v22.3 - https:\/\/yoast.com\/wordpress\/plugins\/seo\/ -->\n<title>Milch und Akne - Kosmetikfuchs Magazin<\/title>\n<meta name=\"description\" content=\"Welcher Zusammenhang besteht zwischen der Ern\u00e4hrung und reiner Haut? \u2714 Wie sich Milch auf das Hautbild auswirkt, lesen Sie im Kosmetikfuchs Magazin.\" \/>\n<meta name=\"robots\" content=\"index, follow, max-snippet:-1, max-image-preview:large, max-video-preview:-1\" \/>\n<link rel=\"canonical\" href=\"https:\/\/www.kosmetikfuchs.de\/magazin\/milch-und-akne\/\" \/>\n<meta property=\"og:locale\" content=\"de_DE\" \/>\n<meta property=\"og:type\" content=\"article\" \/>\n<meta property=\"og:title\" content=\"Milch und Akne - Kosmetikfuchs Magazin\" \/>\n<meta property=\"og:description\" content=\"Welcher Zusammenhang besteht zwischen der Ern\u00e4hrung und reiner Haut? \u2714 Wie sich Milch auf das Hautbild auswirkt, lesen Sie im Kosmetikfuchs Magazin.\" \/>\n<meta property=\"og:url\" content=\"https:\/\/www.kosmetikfuchs.de\/magazin\/milch-und-akne\/\" \/>\n<meta property=\"og:site_name\" content=\"Kosmetikfuchs Magazin\" \/>\n<meta property=\"article:published_time\" content=\"2020-12-04T09:00:38+00:00\" \/>\n<meta property=\"article:modified_time\" content=\"2023-05-22T14:11:09+00:00\" \/>\n<meta property=\"og:image\" content=\"https:\/\/www.kosmetikfuchs.de\/magazin\/wp-content\/uploads\/2020\/12\/milch-und-akne.jpg\" \/>\n\t<meta property=\"og:image:width\" content=\"900\" \/>\n\t<meta property=\"og:image:height\" content=\"600\" \/>\n\t<meta property=\"og:image:type\" content=\"image\/jpeg\" \/>\n<meta name=\"author\" content=\"admin\" \/>\n<meta name=\"twitter:card\" content=\"summary_large_image\" \/>\n<meta name=\"twitter:label1\" content=\"Verfasst von\" \/>\n\t<meta name=\"twitter:data1\" content=\"admin\" \/>\n\t<meta name=\"twitter:label2\" content=\"Gesch\u00e4tzte Lesezeit\" \/>\n\t<meta name=\"twitter:data2\" content=\"5\u00a0Minuten\" \/>\n<script type=\"application\/ld+json\" class=\"yoast-schema-graph\">{\"@context\":\"https:\/\/schema.org\",\"@graph\":[{\"@type\":\"WebPage\",\"@id\":\"https:\/\/www.kosmetikfuchs.de\/magazin\/milch-und-akne\/\",\"url\":\"https:\/\/www.kosmetikfuchs.de\/magazin\/milch-und-akne\/\",\"name\":\"Milch und Akne - Kosmetikfuchs Magazin\",\"isPartOf\":{\"@id\":\"https:\/\/www.kosmetikfuchs.de\/magazin\/#website\"},\"primaryImageOfPage\":{\"@id\":\"https:\/\/www.kosmetikfuchs.de\/magazin\/milch-und-akne\/#primaryimage\"},\"image\":{\"@id\":\"https:\/\/www.kosmetikfuchs.de\/magazin\/milch-und-akne\/#primaryimage\"},\"thumbnailUrl\":\"https:\/\/www.kosmetikfuchs.de\/magazin\/wp-content\/uploads\/2020\/12\/milch-und-akne.jpg\",\"datePublished\":\"2020-12-04T09:00:38+00:00\",\"dateModified\":\"2023-05-22T14:11:09+00:00\",\"author\":{\"@id\":\"https:\/\/www.kosmetikfuchs.de\/magazin\/#\/schema\/person\/d74441dfe7021cf7301a89aa8423d147\"},\"description\":\"Welcher Zusammenhang besteht zwischen der Ern\u00e4hrung und reiner Haut? \u2714 Wie sich Milch auf das Hautbild auswirkt, lesen Sie im Kosmetikfuchs Magazin.\",\"breadcrumb\":{\"@id\":\"https:\/\/www.kosmetikfuchs.de\/magazin\/milch-und-akne\/#breadcrumb\"},\"inLanguage\":\"de\",\"potentialAction\":[{\"@type\":\"ReadAction\",\"target\":[\"https:\/\/www.kosmetikfuchs.de\/magazin\/milch-und-akne\/\"]}]},{\"@type\":\"ImageObject\",\"inLanguage\":\"de\",\"@id\":\"https:\/\/www.kosmetikfuchs.de\/magazin\/milch-und-akne\/#primaryimage\",\"url\":\"https:\/\/www.kosmetikfuchs.de\/magazin\/wp-content\/uploads\/2020\/12\/milch-und-akne.jpg\",\"contentUrl\":\"https:\/\/www.kosmetikfuchs.de\/magazin\/wp-content\/uploads\/2020\/12\/milch-und-akne.jpg\",\"width\":900,\"height\":600,\"caption\":\"\u00a9 New Africa \u2013 stock.adobe.com\"},{\"@type\":\"BreadcrumbList\",\"@id\":\"https:\/\/www.kosmetikfuchs.de\/magazin\/milch-und-akne\/#breadcrumb\",\"itemListElement\":[{\"@type\":\"ListItem\",\"position\":1,\"name\":\"Startseite\",\"item\":\"https:\/\/www.kosmetikfuchs.de\/magazin\/\"},{\"@type\":\"ListItem\",\"position\":2,\"name\":\"Milch und Akne\"}]},{\"@type\":\"WebSite\",\"@id\":\"https:\/\/www.kosmetikfuchs.de\/magazin\/#website\",\"url\":\"https:\/\/www.kosmetikfuchs.de\/magazin\/\",\"name\":\"Kosmetikfuchs Magazin\",\"description\":\"\",\"potentialAction\":[{\"@type\":\"SearchAction\",\"target\":{\"@type\":\"EntryPoint\",\"urlTemplate\":\"https:\/\/www.kosmetikfuchs.de\/magazin\/?s={search_term_string}\"},\"query-input\":\"required name=search_term_string\"}],\"inLanguage\":\"de\"},{\"@type\":\"Person\",\"@id\":\"https:\/\/www.kosmetikfuchs.de\/magazin\/#\/schema\/person\/d74441dfe7021cf7301a89aa8423d147\",\"name\":\"admin\",\"image\":{\"@type\":\"ImageObject\",\"inLanguage\":\"de\",\"@id\":\"https:\/\/www.kosmetikfuchs.de\/magazin\/#\/schema\/person\/image\/\",\"url\":\"https:\/\/secure.gravatar.com\/avatar\/a794a4fe8a9b9c52241597eb381dfa2e?s=96&d=mm&r=g\",\"contentUrl\":\"https:\/\/secure.gravatar.com\/avatar\/a794a4fe8a9b9c52241597eb381dfa2e?s=96&d=mm&r=g\",\"caption\":\"admin\"},\"url\":\"https:\/\/www.kosmetikfuchs.de\/magazin\/author\/321456\/\"}]}<\/script>\n<!-- \/ Yoast SEO plugin. -->","yoast_head_json":{"title":"Milch und Akne - Kosmetikfuchs Magazin","description":"Welcher Zusammenhang besteht zwischen der Ern\u00e4hrung und reiner Haut? \u2714 Wie sich Milch auf das Hautbild auswirkt, lesen Sie im Kosmetikfuchs Magazin.","robots":{"index":"index","follow":"follow","max-snippet":"max-snippet:-1","max-image-preview":"max-image-preview:large","max-video-preview":"max-video-preview:-1"},"canonical":"https:\/\/www.kosmetikfuchs.de\/magazin\/milch-und-akne\/","og_locale":"de_DE","og_type":"article","og_title":"Milch und Akne - Kosmetikfuchs Magazin","og_description":"Welcher Zusammenhang besteht zwischen der Ern\u00e4hrung und reiner Haut? \u2714 Wie sich Milch auf das Hautbild auswirkt, lesen Sie im Kosmetikfuchs Magazin.","og_url":"https:\/\/www.kosmetikfuchs.de\/magazin\/milch-und-akne\/","og_site_name":"Kosmetikfuchs Magazin","article_published_time":"2020-12-04T09:00:38+00:00","article_modified_time":"2023-05-22T14:11:09+00:00","og_image":[{"width":900,"height":600,"url":"https:\/\/www.kosmetikfuchs.de\/magazin\/wp-content\/uploads\/2020\/12\/milch-und-akne.jpg","type":"image\/jpeg"}],"author":"admin","twitter_card":"summary_large_image","twitter_misc":{"Verfasst von":"admin","Gesch\u00e4tzte Lesezeit":"5\u00a0Minuten"},"schema":{"@context":"https:\/\/schema.org","@graph":[{"@type":"WebPage","@id":"https:\/\/www.kosmetikfuchs.de\/magazin\/milch-und-akne\/","url":"https:\/\/www.kosmetikfuchs.de\/magazin\/milch-und-akne\/","name":"Milch und Akne - Kosmetikfuchs Magazin","isPartOf":{"@id":"https:\/\/www.kosmetikfuchs.de\/magazin\/#website"},"primaryImageOfPage":{"@id":"https:\/\/www.kosmetikfuchs.de\/magazin\/milch-und-akne\/#primaryimage"},"image":{"@id":"https:\/\/www.kosmetikfuchs.de\/magazin\/milch-und-akne\/#primaryimage"},"thumbnailUrl":"https:\/\/www.kosmetikfuchs.de\/magazin\/wp-content\/uploads\/2020\/12\/milch-und-akne.jpg","datePublished":"2020-12-04T09:00:38+00:00","dateModified":"2023-05-22T14:11:09+00:00","author":{"@id":"https:\/\/www.kosmetikfuchs.de\/magazin\/#\/schema\/person\/d74441dfe7021cf7301a89aa8423d147"},"description":"Welcher Zusammenhang besteht zwischen der Ern\u00e4hrung und reiner Haut? \u2714 Wie sich Milch auf das Hautbild auswirkt, lesen Sie im Kosmetikfuchs Magazin.","breadcrumb":{"@id":"https:\/\/www.kosmetikfuchs.de\/magazin\/milch-und-akne\/#breadcrumb"},"inLanguage":"de","potentialAction":[{"@type":"ReadAction","target":["https:\/\/www.kosmetikfuchs.de\/magazin\/milch-und-akne\/"]}]},{"@type":"ImageObject","inLanguage":"de","@id":"https:\/\/www.kosmetikfuchs.de\/magazin\/milch-und-akne\/#primaryimage","url":"https:\/\/www.kosmetikfuchs.de\/magazin\/wp-content\/uploads\/2020\/12\/milch-und-akne.jpg","contentUrl":"https:\/\/www.kosmetikfuchs.de\/magazin\/wp-content\/uploads\/2020\/12\/milch-und-akne.jpg","width":900,"height":600,"caption":"\u00a9 New Africa \u2013 stock.adobe.com"},{"@type":"BreadcrumbList","@id":"https:\/\/www.kosmetikfuchs.de\/magazin\/milch-und-akne\/#breadcrumb","itemListElement":[{"@type":"ListItem","position":1,"name":"Startseite","item":"https:\/\/www.kosmetikfuchs.de\/magazin\/"},{"@type":"ListItem","position":2,"name":"Milch und Akne"}]},{"@type":"WebSite","@id":"https:\/\/www.kosmetikfuchs.de\/magazin\/#website","url":"https:\/\/www.kosmetikfuchs.de\/magazin\/","name":"Kosmetikfuchs Magazin","description":"","potentialAction":[{"@type":"SearchAction","target":{"@type":"EntryPoint","urlTemplate":"https:\/\/www.kosmetikfuchs.de\/magazin\/?s={search_term_string}"},"query-input":"required name=search_term_string"}],"inLanguage":"de"},{"@type":"Person","@id":"https:\/\/www.kosmetikfuchs.de\/magazin\/#\/schema\/person\/d74441dfe7021cf7301a89aa8423d147","name":"admin","image":{"@type":"ImageObject","inLanguage":"de","@id":"https:\/\/www.kosmetikfuchs.de\/magazin\/#\/schema\/person\/image\/","url":"https:\/\/secure.gravatar.com\/avatar\/a794a4fe8a9b9c52241597eb381dfa2e?s=96&d=mm&r=g","contentUrl":"https:\/\/secure.gravatar.com\/avatar\/a794a4fe8a9b9c52241597eb381dfa2e?s=96&d=mm&r=g","caption":"admin"},"url":"https:\/\/www.kosmetikfuchs.de\/magazin\/author\/321456\/"}]}},"_links":{"self":[{"href":"https:\/\/www.kosmetikfuchs.de\/magazin\/wp-json\/wp\/v2\/posts\/2747"}],"collection":[{"href":"https:\/\/www.kosmetikfuchs.de\/magazin\/wp-json\/wp\/v2\/posts"}],"about":[{"href":"https:\/\/www.kosmetikfuchs.de\/magazin\/wp-json\/wp\/v2\/types\/post"}],"author":[{"embeddable":true,"href":"https:\/\/www.kosmetikfuchs.de\/magazin\/wp-json\/wp\/v2\/users\/1"}],"replies":[{"embeddable":true,"href":"https:\/\/www.kosmetikfuchs.de\/magazin\/wp-json\/wp\/v2\/comments?post=2747"}],"version-history":[{"count":23,"href":"https:\/\/www.kosmetikfuchs.de\/magazin\/wp-json\/wp\/v2\/posts\/2747\/revisions"}],"predecessor-version":[{"id":7544,"href":"https:\/\/www.kosmetikfuchs.de\/magazin\/wp-json\/wp\/v2\/posts\/2747\/revisions\/7544"}],"wp:featuredmedia":[{"embeddable":true,"href":"https:\/\/www.kosmetikfuchs.de\/magazin\/wp-json\/wp\/v2\/media\/2750"}],"wp:attachment":[{"href":"https:\/\/www.kosmetikfuchs.de\/magazin\/wp-json\/wp\/v2\/media?parent=2747"}],"wp:term":[{"taxonomy":"category","embeddable":true,"href":"https:\/\/www.kosmetikfuchs.de\/magazin\/wp-json\/wp\/v2\/categories?post=2747"},{"taxonomy":"post_tag","embeddable":true,"href":"https:\/\/www.kosmetikfuchs.de\/magazin\/wp-json\/wp\/v2\/tags?post=2747"}],"curies":[{"name":"wp","href":"https:\/\/api.w.org\/{rel}","templated":true}]}}