{"id":2099,"date":"2020-03-27T10:00:04","date_gmt":"2020-03-27T09:00:04","guid":{"rendered":"https:\/\/www.kosmetikfuchs.de\/magazin\/?p=2099"},"modified":"2023-10-17T17:32:02","modified_gmt":"2023-10-17T15:32:02","slug":"ernaehrung-und-haut-zusammenhang","status":"publish","type":"post","link":"https:\/\/www.kosmetikfuchs.de\/magazin\/ernaehrung-und-haut-zusammenhang\/","title":{"rendered":"Ern\u00e4hrung und Haut \u2013 wir kl\u00e4ren auf!"},"content":{"rendered":"<h2>\u00ab Fachexpertin f\u00fcr Kosmetik und Dipl. \u00d6kotrophologin Andrea Schnitzler im Interview \u00bb<\/h2>\n<p style=\"text-align: justify;\"><strong>Ein sch\u00f6nes Hautbild kann nicht nur durch kosmetische Ma\u00dfnahmen erzielt werden, auch Wirkung von innen heraus macht sich durchaus bemerkbar. In diesem Zusammenhang stellen sich viele die Frage, ob eine gesunde Ern\u00e4hrung tats\u00e4chlich f\u00fcr sch\u00f6ne Haut sorgen kann. Dieser Frage gehen wir n\u00e4her auf den Grund. Im Interview erl\u00e4utert Dip. \u00d6kotrophologin Andrea Schnitzler den Zusammenhang zwischen Ern\u00e4hrung und Haut sowie den Nutzen von <\/strong><a href=\"https:\/\/www.kosmetikfuchs.de\/nahrungsergaenzung\"><strong>Nahrungserg\u00e4nzung<\/strong><\/a><strong>.<\/strong><\/p>\n<h2>Kann man mit gezielter Ern\u00e4hrung das Hautbild beeinflussen?<\/h2>\n<p style=\"text-align: justify;\">Alles, was unsere Haut f\u00fcr ihre Erneuerung innerhalb des 30-Tage-Zyklus ben\u00f6tigt, findet sich in einer ausgewogenen Ern\u00e4hrung: Makron\u00e4hrstoffe, wie Fette, Eiwei\u00dfe und Kohlenhydrate, Mikron\u00e4hrstoffe, wie Vitamine, dazu Mineralstoffe und Spurenelemente. Das bedeutet umgekehrt:<\/p>\n<blockquote>\n<p style=\"text-align: justify;\">Ein Mangel an wichtigen Hautn\u00e4hrstoffen, wie beispielsweise ausgel\u00f6st durch Fast-Food, aber auch Rauchen, Stress, oder Medikamente, macht sich im Hautbild bemerkbar.<\/p>\n<\/blockquote>\n<p style=\"text-align: justify;\">Wichtig ist die Ausgewogenheit. Viel hilft in diesem Fall nicht viel. Zu viele Kohlenhydrate, also Zucker, wirken sich negativ auf das Erscheinungsbild unserer Haut aus. Zucker f\u00fchrt zu einer vermehrten Talgproduktion und damit zu vergr\u00f6\u00dferten Poren. Zucker l\u00e4sst uns insgesamt schneller altern. Daher empfehle ich ballaststoffreiche Lebensmittel, wie Haferflocken, Vollkornbrot, Obst und Gem\u00fcse.<\/p>\n<figure id=\"attachment_2122\" aria-describedby=\"caption-attachment-2122\" style=\"width: 900px\" class=\"wp-caption aligncenter\"><img loading=\"lazy\" decoding=\"async\" class=\"wp-image-2122 size-full\" title=\"Haferflocken und Obst z\u00e4hlen zu den ballaststoffreichen Lebensmitteln\" src=\"https:\/\/www.kosmetikfuchs.de\/magazin\/wp-content\/uploads\/2020\/04\/ballaststoffe-haferflocken-obst.jpg\" alt=\"ballaststoffe-haferflocken-obst\" width=\"900\" height=\"600\" srcset=\"https:\/\/www.kosmetikfuchs.de\/magazin\/wp-content\/uploads\/2020\/04\/ballaststoffe-haferflocken-obst.jpg 900w, https:\/\/www.kosmetikfuchs.de\/magazin\/wp-content\/uploads\/2020\/04\/ballaststoffe-haferflocken-obst-300x200.jpg 300w, https:\/\/www.kosmetikfuchs.de\/magazin\/wp-content\/uploads\/2020\/04\/ballaststoffe-haferflocken-obst-768x512.jpg 768w\" sizes=\"(max-width: 900px) 100vw, 900px\" \/><figcaption id=\"caption-attachment-2122\" class=\"wp-caption-text\">\u00a9 PhotoSG \u2013 stock.adobe.com<\/figcaption><\/figure>\n<p style=\"text-align: justify;\">Sparsam bei der Ern\u00e4hrung sollte man auch mit Milch und Milchprodukten umgehen. Eine Studie unter 70.000 Teilnehmern hat gezeigt, dass ein Zuviel an Milch die Entstehung von Akne f\u00f6rdert. Zudem steigt das Krebsrisiko. Wir Ern\u00e4hrungsexperten empfehlen eine t\u00e4gliche Menge von maximal 125 Gramm pro Tag.<\/p>\n<blockquote>\n<p style=\"text-align: justify;\">Mein Fazit: Wenn wir uns gesund und ausgewogen ern\u00e4hren, das hei\u00dft abwechslungsreich und regional sowie auf saisonale Produkte setzen, sind wir in der Regel gut versorgt und werden mit einer sch\u00f6nen, strahlenden und gesund aussehenden Haut belohnt.<\/p>\n<\/blockquote>\n<h2>Welche Rolle spielen Vitamine in Sachen Haut?<\/h2>\n<p style=\"text-align: justify;\">Vitamin A wird von Dermatologen als Hautvitamin bezeichnet. Es sch\u00fctzt die oberste Hautschicht, das sogenannte Epithel. Ist zu wenig Vitamin A vorhanden, muss es durch die Ern\u00e4hrung zugef\u00fchrt werden. Kosmetische Produkte enthalten nur wenig Vitamin A; dennoch f\u00f6rdern einige Produkte die Synthese von Elastin.<\/p>\n<figure id=\"attachment_2126\" aria-describedby=\"caption-attachment-2126\" style=\"width: 900px\" class=\"wp-caption aligncenter\"><img loading=\"lazy\" decoding=\"async\" class=\"wp-image-2126 size-full\" title=\"Vitamin A-reiche Lebensmittel\" src=\"https:\/\/www.kosmetikfuchs.de\/magazin\/wp-content\/uploads\/2020\/04\/vitamin-a-lebensmittel.jpg\" alt=\"vitamin-a-lebensmittel\" width=\"900\" height=\"599\" srcset=\"https:\/\/www.kosmetikfuchs.de\/magazin\/wp-content\/uploads\/2020\/04\/vitamin-a-lebensmittel.jpg 900w, https:\/\/www.kosmetikfuchs.de\/magazin\/wp-content\/uploads\/2020\/04\/vitamin-a-lebensmittel-300x200.jpg 300w, https:\/\/www.kosmetikfuchs.de\/magazin\/wp-content\/uploads\/2020\/04\/vitamin-a-lebensmittel-768x511.jpg 768w\" sizes=\"(max-width: 900px) 100vw, 900px\" \/><figcaption id=\"caption-attachment-2126\" class=\"wp-caption-text\">\u00a9 reichdernatur \u2013 stock.adobe.com<\/figcaption><\/figure>\n<p style=\"text-align: justify;\">Ich empfehle Beta-Carotin, die Vorstufe von Vitamin A, enthalten in Obst und Gem\u00fcse. Vitamin C ist wichtig f\u00fcr die Kollagensynthese. Wer zu wenig davon hat, wie beispielsweise Raucher, bei dem altert die Haut viel schneller. Zudem st\u00e4rkt es unser Immunsystem. Auch dieses Vitamin findet sich in Obst und Gem\u00fcse.<\/p>\n<h2>Welche Form der Ern\u00e4hrung ist f\u00fcr die Haut empfehlenswert?<\/h2>\n<p style=\"text-align: justify;\">Ich empfehle meinen Patienten eine ausgewogene Mischkost. Gesund ist zum Beispiel Porridge mit einem Apfel zum Fr\u00fchst\u00fcck. Mittags eine warme Mahlzeit, nat\u00fcrlich frisch gekocht, am besten mit 60 % Gem\u00fcse, 20 % Eiwei\u00df und 20 % Kohlenhydraten. Ganz wichtig: D\u00e4mpfen Sie das Gem\u00fcse, sonst verlieren Sie die wichtigen Inhaltsstoffe mit dem Kochwasser.<\/p>\n<figure id=\"attachment_2114\" aria-describedby=\"caption-attachment-2114\" style=\"width: 900px\" class=\"wp-caption aligncenter\"><img loading=\"lazy\" decoding=\"async\" class=\"wp-image-2114 size-full\" title=\"Gem\u00fcse d\u00e4mpfen\" src=\"https:\/\/www.kosmetikfuchs.de\/magazin\/wp-content\/uploads\/2020\/04\/gemuese-daempfen.jpg\" alt=\"gemuese-daempfen\" width=\"900\" height=\"600\" srcset=\"https:\/\/www.kosmetikfuchs.de\/magazin\/wp-content\/uploads\/2020\/04\/gemuese-daempfen.jpg 900w, https:\/\/www.kosmetikfuchs.de\/magazin\/wp-content\/uploads\/2020\/04\/gemuese-daempfen-300x200.jpg 300w, https:\/\/www.kosmetikfuchs.de\/magazin\/wp-content\/uploads\/2020\/04\/gemuese-daempfen-768x512.jpg 768w\" sizes=\"(max-width: 900px) 100vw, 900px\" \/><figcaption id=\"caption-attachment-2114\" class=\"wp-caption-text\">\u00a9 weyo \u2013 stock.adobe.com<\/figcaption><\/figure>\n<p style=\"text-align: justify;\">Im \u00dcbrigen gilt bei der Ern\u00e4hrung: ein- bis zweimal pro Woche Fleisch, nat\u00fcrlich in Bioqualit\u00e4t, einmal w\u00f6chentlich Fisch, ebenfalls Bio. Zudem sind ein bis zwei St\u00fccke Obst am Tag eine echte Energiequelle. Mehrere Portionen Gem\u00fcse pro Tag sind erlaubt, dazu gute \u00d6le und Fette. Zur\u00fcckhaltend sollte man bei Milchprodukten sein.<\/p>\n<figure id=\"attachment_2116\" aria-describedby=\"caption-attachment-2116\" style=\"width: 900px\" class=\"wp-caption aligncenter\"><img loading=\"lazy\" decoding=\"async\" class=\"wp-image-2116 size-full\" title=\"Wasser sollte aus Glasflaschen bezogen werden\" src=\"https:\/\/www.kosmetikfuchs.de\/magazin\/wp-content\/uploads\/2020\/04\/wasser-glasflasche.jpg\" alt=\"wasser-glasflasche\" width=\"900\" height=\"600\" srcset=\"https:\/\/www.kosmetikfuchs.de\/magazin\/wp-content\/uploads\/2020\/04\/wasser-glasflasche.jpg 900w, https:\/\/www.kosmetikfuchs.de\/magazin\/wp-content\/uploads\/2020\/04\/wasser-glasflasche-300x200.jpg 300w, https:\/\/www.kosmetikfuchs.de\/magazin\/wp-content\/uploads\/2020\/04\/wasser-glasflasche-768x512.jpg 768w\" sizes=\"(max-width: 900px) 100vw, 900px\" \/><figcaption id=\"caption-attachment-2116\" class=\"wp-caption-text\">\u00a9 Irina Burakova \u2013 stock.adobe.com<\/figcaption><\/figure>\n<p style=\"text-align: justify;\">Schlie\u00dflich ist das Trinken ganz entscheidend. Als Faustregel gilt: 30 ml\/kg K\u00f6rpergewicht. Der K\u00f6rper holt sich fehlende Fl\u00fcssigkeit aus der Haut, dem Darm und sogar den Bandscheiben. Die Haut wirkt trocken, wir bekommen Verstopfung und R\u00fcckenschmerzen. Ich empfehle gutes Wasser aus Glasflaschen, oder blond gezogener Tee. Die beste Fl\u00fcssigkeit ist ein f\u00fcr 20 Minuten gek\u00f6cheltes Wasser. Es gelangt besonders gut in die Zellen und hilft dabei, Giftstoffe abzutransportieren.<\/p>\n<h2>Gibt es ein &#8222;Super Food&#8220; f\u00fcr einen reinen, strahlenden Teint?<\/h2>\n<p style=\"text-align: justify;\">Mein Favorit ist ein uraltes Rezept von Oma: Knochensuppe. Es gibt sogar eine kleine Studie, die Knochensuppe mit einem Hyaluronfiller vergleicht, diese also als ein wunderbares Anti-Faltenmittel beweist. Knochensuppe enth\u00e4lt die Hauptbestandteile f\u00fcr ein festes Bindegewebe, wie Collagen und Elastin. Der regelm\u00e4\u00dfige Genuss wirkt zudem positiv auf unsere Darmgesundheit.<\/p>\n<p><a href=\"https:\/\/www.kosmetikfuchs.de\/14455\/oliveda\/i66-the-beauty-fountain-500ml\"><img loading=\"lazy\" decoding=\"async\" class=\"aligncenter wp-image-2110 size-full\" title=\"I66 The Beauty Fountain von Oliveda | feinporigere, rosigere und straffere Haut\" src=\"https:\/\/www.kosmetikfuchs.de\/magazin\/wp-content\/uploads\/2020\/04\/oliveda-i66-the-beauty-fountain-500ml-e1585219758667.jpg\" alt=\"oliveda-i66-the-beauty-fountain-500ml\" width=\"600\" height=\"550\" srcset=\"https:\/\/www.kosmetikfuchs.de\/magazin\/wp-content\/uploads\/2020\/04\/oliveda-i66-the-beauty-fountain-500ml-e1585219758667.jpg 600w, https:\/\/www.kosmetikfuchs.de\/magazin\/wp-content\/uploads\/2020\/04\/oliveda-i66-the-beauty-fountain-500ml-e1585219758667-300x275.jpg 300w\" sizes=\"(max-width: 600px) 100vw, 600px\" \/><\/a><\/p>\n<p style=\"text-align: justify;\">Wer nicht unbedingt so viel Zeit in der K\u00fcche verbringen m\u00f6chte, kann alternativ den <a href=\"https:\/\/www.kosmetikfuchs.de\/14455\/oliveda\/i66-the-beauty-fountain-500ml\">Sch\u00f6nheitsdrink von Oliveda<\/a> verwenden. Und dann gibt es nat\u00fcrlich bekanntes Super Food, wie Beeren, Broccoli, Leinsamen und rote Zwiebeln. Je farbenreicher und dunkler, desto ges\u00fcnder. Schlie\u00dflich d\u00fcrfen Bitterstoffe nicht fehlen, man findet sie in Chicor\u00e9e und Endiviensalat. In Tomaten, Tomatenmark und Hagebutten ist Lycopin enthalten, einer der wichtigsten Baustoffe in der Ern\u00e4hrung f\u00fcr die Haut.<\/p>\n<h2>Woher wei\u00df man, ob man ein Beauty Nahrungsmittel einnehmen soll?<\/h2>\n<p style=\"text-align: justify;\">Wer sich rundum gesund und energiegeladen f\u00fchlt und einen glatten und strahlenden Teint besitzt, wird keinen N\u00e4hrstoff- oder Vitaminmangel haben. F\u00fchlt man sich m\u00fcde, angeschlagen und energielos, dann sollte man beim Arzt einmal seine Werte checken lassen. Vorzeitige Hautalterung, Pigmentflecken, Augenringe, verminderte Spannkraft, Hautirritationen oder splitternde Fingern\u00e4gel sind ebenfalls untr\u00fcgliche Zeichen f\u00fcr einen N\u00e4hrstoff- oder Vitaminmangel.<\/p>\n<p><a href=\"https:\/\/www.kosmetikfuchs.de\/18012\/declare\/beauty-inside-skin-balance-nahrungsergaenzung-60-stueck\"><img loading=\"lazy\" decoding=\"async\" class=\"aligncenter wp-image-2104 size-full\" title=\"Nahrungserg\u00e4nzung von DECLARE: Beauty Inside Skin Balance | vegan\" src=\"https:\/\/www.kosmetikfuchs.de\/magazin\/wp-content\/uploads\/2020\/04\/declare-beauty-inside-skin-balance-nahrungsergaenzung-60-stueck.jpg\" alt=\"declare-beauty-inside-skin-balance-nahrungsergaenzung-60-stueck\" width=\"500\" height=\"460\" srcset=\"https:\/\/www.kosmetikfuchs.de\/magazin\/wp-content\/uploads\/2020\/04\/declare-beauty-inside-skin-balance-nahrungsergaenzung-60-stueck.jpg 500w, https:\/\/www.kosmetikfuchs.de\/magazin\/wp-content\/uploads\/2020\/04\/declare-beauty-inside-skin-balance-nahrungsergaenzung-60-stueck-300x276.jpg 300w\" sizes=\"(max-width: 500px) 100vw, 500px\" \/><\/a><\/p>\n<p style=\"text-align: justify;\">\n<p>&nbsp;<\/p>\n<p style=\"text-align: justify;\">\n<h2>Braucht man \u00fcberhaupt Nahrungserg\u00e4nzungsmittel?<\/h2>\n<p style=\"text-align: justify;\">Wer sich ausgewogen und gesund ern\u00e4hrt, gen\u00fcgend Schlaf bekommt, keine Medikamente einnimmt \u2013 und dazu z\u00e4hle ich auch die Pille \u2013 nur wenig Alkohol trinkt, regelm\u00e4\u00dfig seinen Stress durch Sport oder Meditation abbaut, braucht sicher keine Nahrungserg\u00e4nzungsmittel. Alle anderen sollten zun\u00e4chst einmal ihren Alltag checken und hier gegebenenfalls korrigierend eingreifen: bei der Ern\u00e4hrung, beim Schlaf, beim Alkohol oder dem Rauchen.<\/p>\n<figure id=\"attachment_2129\" aria-describedby=\"caption-attachment-2129\" style=\"width: 900px\" class=\"wp-caption aligncenter\"><img loading=\"lazy\" decoding=\"async\" class=\"wp-image-2129 size-full\" title=\"Omega-3-haltige Lebensmittel\" src=\"https:\/\/www.kosmetikfuchs.de\/magazin\/wp-content\/uploads\/2020\/04\/omega-3-lebensmittel.jpg\" alt=\"omega-3-lebensmittel\" width=\"900\" height=\"600\" srcset=\"https:\/\/www.kosmetikfuchs.de\/magazin\/wp-content\/uploads\/2020\/04\/omega-3-lebensmittel.jpg 900w, https:\/\/www.kosmetikfuchs.de\/magazin\/wp-content\/uploads\/2020\/04\/omega-3-lebensmittel-300x200.jpg 300w, https:\/\/www.kosmetikfuchs.de\/magazin\/wp-content\/uploads\/2020\/04\/omega-3-lebensmittel-768x512.jpg 768w\" sizes=\"(max-width: 900px) 100vw, 900px\" \/><figcaption id=\"caption-attachment-2129\" class=\"wp-caption-text\">\u00a9 airborne77 \u2013 stock.adobe.com<\/figcaption><\/figure>\n<p style=\"text-align: justify;\">Bei langfristigem oder dauerhaftem Stress helfen Omega-3-Fetts\u00e4uren, enthalten in Lein\u00f6l, Weizenkeim\u00f6l und Oliven\u00f6l. Omega-3-Fetts\u00e4uren besitzen zudem eine echte Anti-Aging Power.<\/p>\n","protected":false},"excerpt":{"rendered":"<p>\u00ab Fachexpertin f\u00fcr Kosmetik und Dipl. \u00d6kotrophologin Andrea Schnitzler im Interview \u00bb Ein sch\u00f6nes Hautbild kann nicht nur durch kosmetische Ma\u00dfnahmen erzielt werden, auch Wirkung von innen heraus macht sich durchaus bemerkbar. In diesem Zusammenhang stellen sich viele die Frage, ob eine gesunde Ern\u00e4hrung tats\u00e4chlich f\u00fcr sch\u00f6ne Haut sorgen kann. Dieser Frage gehen wir n\u00e4her &hellip;<\/p>\n","protected":false},"author":1,"featured_media":2112,"comment_status":"closed","ping_status":"open","sticky":false,"template":"","format":"standard","meta":{"footnotes":""},"categories":[588],"tags":[339,169,224,328,21,203,357,323,360,95,324,358,359,294],"yoast_head":"<!-- This site is optimized with the Yoast SEO plugin v22.3 - https:\/\/yoast.com\/wordpress\/plugins\/seo\/ -->\n<title>Ern\u00e4hrung und Haut \u2013 wir kl\u00e4ren auf! - Kosmetikfuchs Magazin<\/title>\n<meta name=\"description\" content=\"Wie wirkt sich die Ern\u00e4hrung auf die Haut aus? Was n\u00fctzen Nahrungserg\u00e4nzungsmittel? Diesen Fragen gehen wir im Kosmetikfuchs Magazin nach.\" \/>\n<meta name=\"robots\" content=\"index, follow, max-snippet:-1, max-image-preview:large, max-video-preview:-1\" \/>\n<link rel=\"canonical\" href=\"https:\/\/www.kosmetikfuchs.de\/magazin\/ernaehrung-und-haut-zusammenhang\/\" \/>\n<meta property=\"og:locale\" content=\"de_DE\" \/>\n<meta property=\"og:type\" content=\"article\" \/>\n<meta property=\"og:title\" content=\"Ern\u00e4hrung und Haut \u2013 wir kl\u00e4ren auf! - Kosmetikfuchs Magazin\" \/>\n<meta property=\"og:description\" content=\"Wie wirkt sich die Ern\u00e4hrung auf die Haut aus? Was n\u00fctzen Nahrungserg\u00e4nzungsmittel? Diesen Fragen gehen wir im Kosmetikfuchs Magazin nach.\" \/>\n<meta property=\"og:url\" content=\"https:\/\/www.kosmetikfuchs.de\/magazin\/ernaehrung-und-haut-zusammenhang\/\" \/>\n<meta property=\"og:site_name\" content=\"Kosmetikfuchs Magazin\" \/>\n<meta property=\"article:published_time\" content=\"2020-03-27T09:00:04+00:00\" \/>\n<meta property=\"article:modified_time\" content=\"2023-10-17T15:32:02+00:00\" \/>\n<meta property=\"og:image\" content=\"https:\/\/www.kosmetikfuchs.de\/magazin\/wp-content\/uploads\/2020\/04\/ernaehrung-und-haut-zusammenhang.jpg\" \/>\n\t<meta property=\"og:image:width\" content=\"900\" \/>\n\t<meta property=\"og:image:height\" content=\"601\" \/>\n\t<meta property=\"og:image:type\" content=\"image\/jpeg\" \/>\n<meta name=\"author\" content=\"admin\" \/>\n<meta name=\"twitter:card\" content=\"summary_large_image\" \/>\n<meta name=\"twitter:label1\" content=\"Verfasst von\" \/>\n\t<meta name=\"twitter:data1\" content=\"admin\" \/>\n\t<meta name=\"twitter:label2\" content=\"Gesch\u00e4tzte Lesezeit\" \/>\n\t<meta name=\"twitter:data2\" content=\"7\u00a0Minuten\" \/>\n<script type=\"application\/ld+json\" class=\"yoast-schema-graph\">{\"@context\":\"https:\/\/schema.org\",\"@graph\":[{\"@type\":\"WebPage\",\"@id\":\"https:\/\/www.kosmetikfuchs.de\/magazin\/ernaehrung-und-haut-zusammenhang\/\",\"url\":\"https:\/\/www.kosmetikfuchs.de\/magazin\/ernaehrung-und-haut-zusammenhang\/\",\"name\":\"Ern\u00e4hrung und Haut \u2013 wir kl\u00e4ren auf! - Kosmetikfuchs Magazin\",\"isPartOf\":{\"@id\":\"https:\/\/www.kosmetikfuchs.de\/magazin\/#website\"},\"primaryImageOfPage\":{\"@id\":\"https:\/\/www.kosmetikfuchs.de\/magazin\/ernaehrung-und-haut-zusammenhang\/#primaryimage\"},\"image\":{\"@id\":\"https:\/\/www.kosmetikfuchs.de\/magazin\/ernaehrung-und-haut-zusammenhang\/#primaryimage\"},\"thumbnailUrl\":\"https:\/\/www.kosmetikfuchs.de\/magazin\/wp-content\/uploads\/2020\/04\/ernaehrung-und-haut-zusammenhang.jpg\",\"datePublished\":\"2020-03-27T09:00:04+00:00\",\"dateModified\":\"2023-10-17T15:32:02+00:00\",\"author\":{\"@id\":\"https:\/\/www.kosmetikfuchs.de\/magazin\/#\/schema\/person\/d74441dfe7021cf7301a89aa8423d147\"},\"description\":\"Wie wirkt sich die Ern\u00e4hrung auf die Haut aus? Was n\u00fctzen Nahrungserg\u00e4nzungsmittel? Diesen Fragen gehen wir im Kosmetikfuchs Magazin nach.\",\"breadcrumb\":{\"@id\":\"https:\/\/www.kosmetikfuchs.de\/magazin\/ernaehrung-und-haut-zusammenhang\/#breadcrumb\"},\"inLanguage\":\"de\",\"potentialAction\":[{\"@type\":\"ReadAction\",\"target\":[\"https:\/\/www.kosmetikfuchs.de\/magazin\/ernaehrung-und-haut-zusammenhang\/\"]}]},{\"@type\":\"ImageObject\",\"inLanguage\":\"de\",\"@id\":\"https:\/\/www.kosmetikfuchs.de\/magazin\/ernaehrung-und-haut-zusammenhang\/#primaryimage\",\"url\":\"https:\/\/www.kosmetikfuchs.de\/magazin\/wp-content\/uploads\/2020\/04\/ernaehrung-und-haut-zusammenhang.jpg\",\"contentUrl\":\"https:\/\/www.kosmetikfuchs.de\/magazin\/wp-content\/uploads\/2020\/04\/ernaehrung-und-haut-zusammenhang.jpg\",\"width\":900,\"height\":601,\"caption\":\"\u00a9 deagreez \u2013 stock.adobe.com\"},{\"@type\":\"BreadcrumbList\",\"@id\":\"https:\/\/www.kosmetikfuchs.de\/magazin\/ernaehrung-und-haut-zusammenhang\/#breadcrumb\",\"itemListElement\":[{\"@type\":\"ListItem\",\"position\":1,\"name\":\"Startseite\",\"item\":\"https:\/\/www.kosmetikfuchs.de\/magazin\/\"},{\"@type\":\"ListItem\",\"position\":2,\"name\":\"Ern\u00e4hrung und Haut \u2013 wir kl\u00e4ren auf!\"}]},{\"@type\":\"WebSite\",\"@id\":\"https:\/\/www.kosmetikfuchs.de\/magazin\/#website\",\"url\":\"https:\/\/www.kosmetikfuchs.de\/magazin\/\",\"name\":\"Kosmetikfuchs Magazin\",\"description\":\"\",\"potentialAction\":[{\"@type\":\"SearchAction\",\"target\":{\"@type\":\"EntryPoint\",\"urlTemplate\":\"https:\/\/www.kosmetikfuchs.de\/magazin\/?s={search_term_string}\"},\"query-input\":\"required name=search_term_string\"}],\"inLanguage\":\"de\"},{\"@type\":\"Person\",\"@id\":\"https:\/\/www.kosmetikfuchs.de\/magazin\/#\/schema\/person\/d74441dfe7021cf7301a89aa8423d147\",\"name\":\"admin\",\"image\":{\"@type\":\"ImageObject\",\"inLanguage\":\"de\",\"@id\":\"https:\/\/www.kosmetikfuchs.de\/magazin\/#\/schema\/person\/image\/\",\"url\":\"https:\/\/secure.gravatar.com\/avatar\/a794a4fe8a9b9c52241597eb381dfa2e?s=96&d=mm&r=g\",\"contentUrl\":\"https:\/\/secure.gravatar.com\/avatar\/a794a4fe8a9b9c52241597eb381dfa2e?s=96&d=mm&r=g\",\"caption\":\"admin\"},\"url\":\"https:\/\/www.kosmetikfuchs.de\/magazin\/author\/321456\/\"}]}<\/script>\n<!-- \/ Yoast SEO plugin. -->","yoast_head_json":{"title":"Ern\u00e4hrung und Haut \u2013 wir kl\u00e4ren auf! - Kosmetikfuchs Magazin","description":"Wie wirkt sich die Ern\u00e4hrung auf die Haut aus? Was n\u00fctzen Nahrungserg\u00e4nzungsmittel? Diesen Fragen gehen wir im Kosmetikfuchs Magazin nach.","robots":{"index":"index","follow":"follow","max-snippet":"max-snippet:-1","max-image-preview":"max-image-preview:large","max-video-preview":"max-video-preview:-1"},"canonical":"https:\/\/www.kosmetikfuchs.de\/magazin\/ernaehrung-und-haut-zusammenhang\/","og_locale":"de_DE","og_type":"article","og_title":"Ern\u00e4hrung und Haut \u2013 wir kl\u00e4ren auf! - Kosmetikfuchs Magazin","og_description":"Wie wirkt sich die Ern\u00e4hrung auf die Haut aus? Was n\u00fctzen Nahrungserg\u00e4nzungsmittel? Diesen Fragen gehen wir im Kosmetikfuchs Magazin nach.","og_url":"https:\/\/www.kosmetikfuchs.de\/magazin\/ernaehrung-und-haut-zusammenhang\/","og_site_name":"Kosmetikfuchs Magazin","article_published_time":"2020-03-27T09:00:04+00:00","article_modified_time":"2023-10-17T15:32:02+00:00","og_image":[{"width":900,"height":601,"url":"https:\/\/www.kosmetikfuchs.de\/magazin\/wp-content\/uploads\/2020\/04\/ernaehrung-und-haut-zusammenhang.jpg","type":"image\/jpeg"}],"author":"admin","twitter_card":"summary_large_image","twitter_misc":{"Verfasst von":"admin","Gesch\u00e4tzte Lesezeit":"7\u00a0Minuten"},"schema":{"@context":"https:\/\/schema.org","@graph":[{"@type":"WebPage","@id":"https:\/\/www.kosmetikfuchs.de\/magazin\/ernaehrung-und-haut-zusammenhang\/","url":"https:\/\/www.kosmetikfuchs.de\/magazin\/ernaehrung-und-haut-zusammenhang\/","name":"Ern\u00e4hrung und Haut \u2013 wir kl\u00e4ren auf! - Kosmetikfuchs Magazin","isPartOf":{"@id":"https:\/\/www.kosmetikfuchs.de\/magazin\/#website"},"primaryImageOfPage":{"@id":"https:\/\/www.kosmetikfuchs.de\/magazin\/ernaehrung-und-haut-zusammenhang\/#primaryimage"},"image":{"@id":"https:\/\/www.kosmetikfuchs.de\/magazin\/ernaehrung-und-haut-zusammenhang\/#primaryimage"},"thumbnailUrl":"https:\/\/www.kosmetikfuchs.de\/magazin\/wp-content\/uploads\/2020\/04\/ernaehrung-und-haut-zusammenhang.jpg","datePublished":"2020-03-27T09:00:04+00:00","dateModified":"2023-10-17T15:32:02+00:00","author":{"@id":"https:\/\/www.kosmetikfuchs.de\/magazin\/#\/schema\/person\/d74441dfe7021cf7301a89aa8423d147"},"description":"Wie wirkt sich die Ern\u00e4hrung auf die Haut aus? Was n\u00fctzen Nahrungserg\u00e4nzungsmittel? Diesen Fragen gehen wir im Kosmetikfuchs Magazin nach.","breadcrumb":{"@id":"https:\/\/www.kosmetikfuchs.de\/magazin\/ernaehrung-und-haut-zusammenhang\/#breadcrumb"},"inLanguage":"de","potentialAction":[{"@type":"ReadAction","target":["https:\/\/www.kosmetikfuchs.de\/magazin\/ernaehrung-und-haut-zusammenhang\/"]}]},{"@type":"ImageObject","inLanguage":"de","@id":"https:\/\/www.kosmetikfuchs.de\/magazin\/ernaehrung-und-haut-zusammenhang\/#primaryimage","url":"https:\/\/www.kosmetikfuchs.de\/magazin\/wp-content\/uploads\/2020\/04\/ernaehrung-und-haut-zusammenhang.jpg","contentUrl":"https:\/\/www.kosmetikfuchs.de\/magazin\/wp-content\/uploads\/2020\/04\/ernaehrung-und-haut-zusammenhang.jpg","width":900,"height":601,"caption":"\u00a9 deagreez \u2013 stock.adobe.com"},{"@type":"BreadcrumbList","@id":"https:\/\/www.kosmetikfuchs.de\/magazin\/ernaehrung-und-haut-zusammenhang\/#breadcrumb","itemListElement":[{"@type":"ListItem","position":1,"name":"Startseite","item":"https:\/\/www.kosmetikfuchs.de\/magazin\/"},{"@type":"ListItem","position":2,"name":"Ern\u00e4hrung und Haut \u2013 wir kl\u00e4ren auf!"}]},{"@type":"WebSite","@id":"https:\/\/www.kosmetikfuchs.de\/magazin\/#website","url":"https:\/\/www.kosmetikfuchs.de\/magazin\/","name":"Kosmetikfuchs Magazin","description":"","potentialAction":[{"@type":"SearchAction","target":{"@type":"EntryPoint","urlTemplate":"https:\/\/www.kosmetikfuchs.de\/magazin\/?s={search_term_string}"},"query-input":"required name=search_term_string"}],"inLanguage":"de"},{"@type":"Person","@id":"https:\/\/www.kosmetikfuchs.de\/magazin\/#\/schema\/person\/d74441dfe7021cf7301a89aa8423d147","name":"admin","image":{"@type":"ImageObject","inLanguage":"de","@id":"https:\/\/www.kosmetikfuchs.de\/magazin\/#\/schema\/person\/image\/","url":"https:\/\/secure.gravatar.com\/avatar\/a794a4fe8a9b9c52241597eb381dfa2e?s=96&d=mm&r=g","contentUrl":"https:\/\/secure.gravatar.com\/avatar\/a794a4fe8a9b9c52241597eb381dfa2e?s=96&d=mm&r=g","caption":"admin"},"url":"https:\/\/www.kosmetikfuchs.de\/magazin\/author\/321456\/"}]}},"_links":{"self":[{"href":"https:\/\/www.kosmetikfuchs.de\/magazin\/wp-json\/wp\/v2\/posts\/2099"}],"collection":[{"href":"https:\/\/www.kosmetikfuchs.de\/magazin\/wp-json\/wp\/v2\/posts"}],"about":[{"href":"https:\/\/www.kosmetikfuchs.de\/magazin\/wp-json\/wp\/v2\/types\/post"}],"author":[{"embeddable":true,"href":"https:\/\/www.kosmetikfuchs.de\/magazin\/wp-json\/wp\/v2\/users\/1"}],"replies":[{"embeddable":true,"href":"https:\/\/www.kosmetikfuchs.de\/magazin\/wp-json\/wp\/v2\/comments?post=2099"}],"version-history":[{"count":28,"href":"https:\/\/www.kosmetikfuchs.de\/magazin\/wp-json\/wp\/v2\/posts\/2099\/revisions"}],"predecessor-version":[{"id":7991,"href":"https:\/\/www.kosmetikfuchs.de\/magazin\/wp-json\/wp\/v2\/posts\/2099\/revisions\/7991"}],"wp:featuredmedia":[{"embeddable":true,"href":"https:\/\/www.kosmetikfuchs.de\/magazin\/wp-json\/wp\/v2\/media\/2112"}],"wp:attachment":[{"href":"https:\/\/www.kosmetikfuchs.de\/magazin\/wp-json\/wp\/v2\/media?parent=2099"}],"wp:term":[{"taxonomy":"category","embeddable":true,"href":"https:\/\/www.kosmetikfuchs.de\/magazin\/wp-json\/wp\/v2\/categories?post=2099"},{"taxonomy":"post_tag","embeddable":true,"href":"https:\/\/www.kosmetikfuchs.de\/magazin\/wp-json\/wp\/v2\/tags?post=2099"}],"curies":[{"name":"wp","href":"https:\/\/api.w.org\/{rel}","templated":true}]}}