{"id":1994,"date":"2020-03-06T10:00:52","date_gmt":"2020-03-06T09:00:52","guid":{"rendered":"https:\/\/www.kosmetikfuchs.de\/magazin\/?p=1994"},"modified":"2023-10-17T17:11:50","modified_gmt":"2023-10-17T15:11:50","slug":"was-hat-es-mit-grossen-poren-auf-sich","status":"publish","type":"post","link":"https:\/\/www.kosmetikfuchs.de\/magazin\/was-hat-es-mit-grossen-poren-auf-sich\/","title":{"rendered":"Was hat es mit gro\u00dfen Poren auf sich?"},"content":{"rendered":"<h2>\u00ab F\u00fcnf Fragen an Fachexpertin f\u00fcr Kosmetik und Dipl. \u00d6kotrophologin Andrea Schnitzler \u00bb<\/h2>\n<p style=\"text-align: justify;\"><strong>Eines schon mal vorweg: Alle Menschen haben Poren. Allein im Gesicht sind es rund 300.000! Je nach<\/strong> <strong>Hauttyp haben sie entweder gro\u00dfe oder weniger gro\u00dfe Haut\u00f6ffnungen. Fettige und Mischhauttypen neigen leider eher zu vergr\u00f6\u00dferten \u00d6ffnungen und somit eher zu unreiner Haut. Aber mit der richtigen Pflege k\u00f6nnen Sie Ihre Poren deutlich verfeinern. Unsere Fachexpertin f\u00fcr Kosmetik und Dipl. \u00d6kotrophologin Andrea Schnitzler gibt Ihnen hilfreiche Tipps!<\/strong><\/p>\n<p style=\"text-align: justify;\"><strong>Frau Schnitzler, Sie arbeiten bereits seit \u00fcber <\/strong><strong>20<\/strong><strong> Jahren in der Kosmetik, sind ausgebildete Kosmetikerin und haben sich unter anderem auf die Gesichtshaut spezialisiert. Oft klagen Menschen \u00fcber gro\u00dfe Poren. Doch was sind gro\u00dfe Poren \u00fcberhaupt und wie entstehen diese?<\/strong><\/p>\n<p style=\"text-align: justify;\">Jeder Mensch besitzt ein angeborenes Hautbild, dessen Struktur individuell gepr\u00e4gt ist. Wer zu fettiger Haut neigt, hat eher mit gr\u00f6\u00dferen Haut\u00f6ffnungen zu k\u00e4mpfen und ist anf\u00e4lliger f\u00fcr Pickel und Akne. Bei diesen sichtbaren Poren handelt es sich um Kan\u00e4le von Talgdr\u00fcsen. Talg sch\u00fctzt die Haut vor Witterungseinfl\u00fcssen. Wird zu viel Talg produziert oder kann der Talg durch eine unreine Hautoberfl\u00e4che nicht austreten, kommt es zu einem Talgstau und die Pore vergr\u00f6\u00dfert sich.<\/p>\n<figure id=\"attachment_6372\" aria-describedby=\"caption-attachment-6372\" style=\"width: 900px\" class=\"wp-caption aligncenter\"><img loading=\"lazy\" decoding=\"async\" class=\"wp-image-6372 size-full\" src=\"https:\/\/www.kosmetikfuchs.de\/magazin\/wp-content\/uploads\/2022\/07\/fettige-haut-poren-glanz.jpg\" alt=\"fettige-haut-poren-glanz\" width=\"900\" height=\"600\" srcset=\"https:\/\/www.kosmetikfuchs.de\/magazin\/wp-content\/uploads\/2022\/07\/fettige-haut-poren-glanz.jpg 900w, https:\/\/www.kosmetikfuchs.de\/magazin\/wp-content\/uploads\/2022\/07\/fettige-haut-poren-glanz-300x200.jpg 300w, https:\/\/www.kosmetikfuchs.de\/magazin\/wp-content\/uploads\/2022\/07\/fettige-haut-poren-glanz-768x512.jpg 768w\" sizes=\"(max-width: 900px) 100vw, 900px\" \/><figcaption id=\"caption-attachment-6372\" class=\"wp-caption-text\">\u00a9 Angelina \u2013 stock.adobe.com<\/figcaption><\/figure>\n<p><strong>Und wodurch werden vergr\u00f6\u00dferte Poren zus\u00e4tzlich beeinflusst?<\/strong><\/p>\n<p style=\"text-align: justify;\">Da gibt es leider einige Faktoren, die wir ber\u00fccksichtigen m\u00fcssen. Umwelteinfl\u00fcsse, wie trockene Luft oder UV-Strahlen, sowie Rauchen, Alkohol und Stress sorgen f\u00fcr eine unreine Haut mit gro\u00dfen Poren. Bei bestimmten Lebensmitteln, wie zum <a href=\"https:\/\/www.kosmetikfuchs.de\/magazin\/milch-und-akne\/\">Beispiel Milchprodukte<\/a> und Kohlenhydrate, rate ich dazu, diese eine Zeitlang zu vermeiden. So kann sich die Gesichtshaut wieder regulieren. Meine Empfehlung als Ern\u00e4hrungswissenschaftlerin: Nehmen Sie maximal 125 g Milch pro Tag zu sich. Milchprodukte, wie Joghurt, Quark, K\u00e4se oder auch Sahne stehen aufgrund ihrer Wachstums- und Sexualhormone im Verdacht, unreine Haut und Akne auszul\u00f6sen.<\/p>\n<figure id=\"attachment_2015\" aria-describedby=\"caption-attachment-2015\" style=\"width: 900px\" class=\"wp-caption aligncenter\"><img loading=\"lazy\" decoding=\"async\" class=\"wp-image-2015 size-full\" title=\"Milchprodukte k\u00f6nnen unreine Haut und Akne ausl\u00f6sen\" src=\"https:\/\/www.kosmetikfuchs.de\/magazin\/wp-content\/uploads\/2020\/04\/milchprodukte.jpg\" alt=\"milchprodukte\" width=\"900\" height=\"628\" srcset=\"https:\/\/www.kosmetikfuchs.de\/magazin\/wp-content\/uploads\/2020\/04\/milchprodukte.jpg 900w, https:\/\/www.kosmetikfuchs.de\/magazin\/wp-content\/uploads\/2020\/04\/milchprodukte-300x209.jpg 300w, https:\/\/www.kosmetikfuchs.de\/magazin\/wp-content\/uploads\/2020\/04\/milchprodukte-768x536.jpg 768w\" sizes=\"(max-width: 900px) 100vw, 900px\" \/><figcaption id=\"caption-attachment-2015\" class=\"wp-caption-text\">\u00a9 baibaz \u2013 stock.adobe.com<\/figcaption><\/figure>\n<p style=\"text-align: justify;\">Obst, Gem\u00fcse, N\u00fcsse, Seefisch mit hohem Fettanteil sowie H\u00fclsenfr\u00fcchte wirken hingegen entz\u00fcndungshemmend und unterst\u00fctzen, das Hautbild zu verfeinern. Hier gebe ich eine klare Empfehlung! Diese Lebensmittel tun der Haut gut. Nicht zuletzt beeinflussen hormonelle Umstellungen in Pubert\u00e4t, Schwangerschaft und Wechseljahren die Funktion unserer Haut und damit das Hautbild. Meist befinden sich Pickel und Pusteln am Kinn.<\/p>\n<h3>Sieben Hauptfaktoren f\u00fcr vergr\u00f6\u00dferte Poren im Gesicht:<\/h3>\n<ul>\n<li style=\"text-align: justify;\">hohe Talgproduktion<\/li>\n<li style=\"text-align: justify;\">reduzierte Elastizit\u00e4t der Poren<\/li>\n<li style=\"text-align: justify;\">vergr\u00f6\u00dfertes Haarfollikelvolumen<\/li>\n<li style=\"text-align: justify;\">chronische Akne<\/li>\n<li style=\"text-align: justify;\">Hormone<\/li>\n<li style=\"text-align: justify;\">Stress<\/li>\n<li style=\"text-align: justify;\">Milch, Kohlenhydrate, wie beispielsweise Brot, Marmelade, Nudeln, Kuchen, und Produkte aus Wei\u00dfmehl<\/li>\n<\/ul>\n<p>&nbsp;<\/p>\n<p><strong>Welche Tipps haben Sie gegen gro\u00dfe Poren, Frau Schnitzler?<\/strong><\/p>\n<p style=\"text-align: justify;\">Generell ist es so, dass vergr\u00f6\u00dferte Poren mit der Zeit an Elastizit\u00e4t und damit ihre F\u00e4higkeit zur R\u00fcckbildung verlieren. Das hei\u00dft, gro\u00dfe Poren bleiben gro\u00df. Dennoch, hier kommt ein gro\u00dfes ABER: Spezielle Pflegeprodukte lassen gro\u00dfe Poren optisch kleiner wirken und helfen, das Hautbild zu verfeinern.<\/p>\n<figure id=\"attachment_6691\" aria-describedby=\"caption-attachment-6691\" style=\"width: 400px\" class=\"wp-caption aligncenter\"><a href=\"https:\/\/www.kosmetikfuchs.de\/1709\/dr.-hauschka\/reinigungsmilch-145-ml\"><img loading=\"lazy\" decoding=\"async\" class=\"wp-image-6691\" src=\"https:\/\/www.kosmetikfuchs.de\/magazin\/wp-content\/uploads\/2020\/03\/REINIGUNGSMILCH-DE-GB_PRESSEvFC93nkiYSwi0-300x300.jpg\" alt=\"Reinigungsmilch\" width=\"400\" height=\"400\" srcset=\"https:\/\/www.kosmetikfuchs.de\/magazin\/wp-content\/uploads\/2020\/03\/REINIGUNGSMILCH-DE-GB_PRESSEvFC93nkiYSwi0-300x300.jpg 300w, https:\/\/www.kosmetikfuchs.de\/magazin\/wp-content\/uploads\/2020\/03\/REINIGUNGSMILCH-DE-GB_PRESSEvFC93nkiYSwi0-150x150.jpg 150w, https:\/\/www.kosmetikfuchs.de\/magazin\/wp-content\/uploads\/2020\/03\/REINIGUNGSMILCH-DE-GB_PRESSEvFC93nkiYSwi0-768x768.jpg 768w, https:\/\/www.kosmetikfuchs.de\/magazin\/wp-content\/uploads\/2020\/03\/REINIGUNGSMILCH-DE-GB_PRESSEvFC93nkiYSwi0.jpg 800w\" sizes=\"(max-width: 400px) 100vw, 400px\" \/><\/a><figcaption id=\"caption-attachment-6691\" class=\"wp-caption-text\">Dr. Hauschka Skin Care; Dr. Hauschka Kosmetik<\/figcaption><\/figure>\n<p style=\"text-align: justify;\">Eine <a href=\"https:\/\/www.kosmetikfuchs.de\/magazin\/empfindliche-haut-reinigen\/\">gr\u00fcndliche Reinigung<\/a> ist das A und O. Aber bitte nicht h\u00e4ufiger als zweimal am Tag, sonst trocknet die Haut aus. Am besten verwenden Sie Reinigungslotionen, -milch oder Reinigungs\u00f6le wie beispielsweise die <a href=\"https:\/\/www.kosmetikfuchs.de\/1709\/dr.-hauschka\/reinigungsmilch-145-ml\">Reinigungsmilch aus dem Hause Dr. Hauschka<\/a>. Generell rate ich Ihnen: Vermeiden Sie cremige und fettreiche Texturen und setzen Sie auf feuchtigkeitsspendende Pflegeprodukte. Wenn Ihre Haut viel Talg produziert, empfehle ich die Inhaltsstoffe wie Salicyls\u00e4ure und wildem Pistazienbaum. Die Wirkstoffe des wilden Pistazienbaumes reduziert die Talgproduktion nachweislich.<\/p>\n<p>&nbsp;<\/p>\n<p>&nbsp;<\/p>\n<p style=\"text-align: justify;\">\u00a0Bei h\u00e4ufig auftretenden Mitessern ist zus\u00e4tzlich eine professionelle Ausreinigung der Haut und eine Dermabrasion im Kosmetikstudio empfehlenswert. Dies ist eine schmerzfreie Methode, abgestorbene, aber vorhandene Hautzellen zu entfernen. Bei Akne sollte diese Methode allerdings nicht angewendet werden, da Schmierinfektionen entstehen k\u00f6nnen.<\/p>\n<p>Meine Pflegetipps f\u00fcr verfeinerte Poren sehen so aus:<\/p>\n<ul>\n<li style=\"text-align: justify;\">Reinigen Sie morgens und abends Ihre Haut mit einem Gesichtswasser ohne Alkohol oder mit einer r\u00fcckfettenden Reinigungsmilch.<\/li>\n<li style=\"text-align: justify;\">F\u00fchren Sie h\u00f6chstens einmal pro Woche ein Peeling durch. Es entfernt Hautschuppen und regt die Erneuerung der Haut an. Achten Sie darauf, enzymatische Peelings zu verwenden, da diese besonders sanft zur Haut sind und keine mikroskopisch kleinen Kratzspuren auf der Haut hinterlassen.<\/li>\n<li style=\"text-align: justify;\">Greifen Sie zu feuchtigkeitsspendenden Pflegeprodukten wie Gels oder erfrischende Fluids. Aus meiner fachlichen Sicht erzielen Pflegeprodukte mit hochwertigen pflanzlichen Ausz\u00fcgen und \u00d6len die Hautpartien sichtbare Ergebnisse. Ich empfehle das <a href=\"https:\/\/www.kosmetikfuchs.de\/21726\/dr.-hauschka\/ausgleichendes-tagesfluid-50-ml\">ausgleichende Tagesfluid von Dr. Hauschka<\/a>.<\/li>\n<\/ul>\n<p><a href=\"https:\/\/www.kosmetikfuchs.de\/21726\/dr.-hauschka\/ausgleichendes-tagesfluid-50-ml\"><img loading=\"lazy\" decoding=\"async\" class=\"aligncenter wp-image-6693\" title=\"Wirkt regulierend auf die Talgproduktion \" src=\"https:\/\/www.kosmetikfuchs.de\/magazin\/wp-content\/uploads\/2020\/03\/42004652_AUSGLEICHENDES-TAGESFLUID-50ML-FS-DE_800X800-300x300.jpg\" alt=\"Ausgleichendes Tagesfluid \" width=\"400\" height=\"400\" srcset=\"https:\/\/www.kosmetikfuchs.de\/magazin\/wp-content\/uploads\/2020\/03\/42004652_AUSGLEICHENDES-TAGESFLUID-50ML-FS-DE_800X800-300x300.jpg 300w, https:\/\/www.kosmetikfuchs.de\/magazin\/wp-content\/uploads\/2020\/03\/42004652_AUSGLEICHENDES-TAGESFLUID-50ML-FS-DE_800X800-150x150.jpg 150w, https:\/\/www.kosmetikfuchs.de\/magazin\/wp-content\/uploads\/2020\/03\/42004652_AUSGLEICHENDES-TAGESFLUID-50ML-FS-DE_800X800-768x768.jpg 768w, https:\/\/www.kosmetikfuchs.de\/magazin\/wp-content\/uploads\/2020\/03\/42004652_AUSGLEICHENDES-TAGESFLUID-50ML-FS-DE_800X800.jpg 800w\" sizes=\"(max-width: 400px) 100vw, 400px\" \/><\/a><\/p>\n<p><strong>Welche gute Gesichtsmaske k\u00f6nnen Sie empfehlen?<\/strong><\/p>\n<p style=\"text-align: justify;\">Es gibt eine Vielzahl an Masken, die alles verspricht. Bei vergr\u00f6\u00dferten Poren sollte eine Maske bereits sichtbare Erfolge erzielen und nat\u00fcrlich auch langfristig wirken. Das hei\u00dft, g\u00f6nnen Sie sich auch regelm\u00e4\u00dfig,\u00a0 1 &#8211; 2 x pro Woche <a href=\"https:\/\/www.kosmetikfuchs.de\/1647\/dr.-hauschka\/revitalisierende-maske-30-ml\">eine Maske.<\/a> Die Komposition mit Quitte, Wundklee und Kamille regt die Eigenaktivit\u00e4t der Haut an und hilft ihr, Feuchtigkeit zu bewahren. Gleichzeitig verfeinern diese Heilkr\u00e4uter auch die Poren.<\/p>\n<p>&nbsp;<\/p>\n<figure id=\"attachment_6696\" aria-describedby=\"caption-attachment-6696\" style=\"width: 400px\" class=\"wp-caption aligncenter\"><a href=\"https:\/\/www.kosmetikfuchs.de\/1647\/dr.-hauschka\/revitalisierende-maske-30-ml\"><img loading=\"lazy\" decoding=\"async\" class=\"wp-image-6696\" src=\"https:\/\/www.kosmetikfuchs.de\/magazin\/wp-content\/uploads\/2020\/03\/REVITALISIERENDE-MASKE-DE-GB_PRESSEQcRZHh0dDn81n-300x300.jpg\" alt=\"Porenverfeinernde Maske \" width=\"400\" height=\"400\" srcset=\"https:\/\/www.kosmetikfuchs.de\/magazin\/wp-content\/uploads\/2020\/03\/REVITALISIERENDE-MASKE-DE-GB_PRESSEQcRZHh0dDn81n-300x300.jpg 300w, https:\/\/www.kosmetikfuchs.de\/magazin\/wp-content\/uploads\/2020\/03\/REVITALISIERENDE-MASKE-DE-GB_PRESSEQcRZHh0dDn81n-150x150.jpg 150w, https:\/\/www.kosmetikfuchs.de\/magazin\/wp-content\/uploads\/2020\/03\/REVITALISIERENDE-MASKE-DE-GB_PRESSEQcRZHh0dDn81n-768x768.jpg 768w, https:\/\/www.kosmetikfuchs.de\/magazin\/wp-content\/uploads\/2020\/03\/REVITALISIERENDE-MASKE-DE-GB_PRESSEQcRZHh0dDn81n.jpg 800w\" sizes=\"(max-width: 400px) 100vw, 400px\" \/><\/a><figcaption id=\"caption-attachment-6696\" class=\"wp-caption-text\">Dr. Hauschka Skin Care; Dr. Hauschka Kosmetik<\/figcaption><\/figure>\n<h2>Ein Tipp wenn Sie Make up tragen<\/h2>\n<p style=\"text-align: justify;\">Bei gro\u00dfporiger Haut bleibt die Foundation oft in den Poren h\u00e4ngen, das l\u00e4sst sie noch gr\u00f6\u00dfer und unsch\u00f6ner aussehen. Nehmen Sie stattdessen Concealer, nur punktuell und nicht f\u00fcr das ganze Gesicht. Ansonsten greifen Sie am besten zu einer leichten BB- oder <a href=\"https:\/\/www.kosmetikfuchs.de\/12328\/payot\/creme-nr.2-cc-cream-spf50plus-40ml\">CC-Cream<\/a>. Diese wirken nat\u00fcrlicher und setzen sich nicht in die Poren. Ein letzter wichtiger Punkt: Achten Sie auf ausreichend Lichtschutz. Wenn die Haut schneller altert, wird sie schlaff und die Poren dehnen sich mehr aus.<\/p>\n<p>&nbsp;<\/p>\n<blockquote>\n<p style=\"text-align: justify;\">Generell ist es wirklich sinnvoll, als ersten Schritt eine Hautanalyse durchf\u00fchren zu lassen. So k\u00f6nnen die Pflegeprodukte entsprechend Ihres Hauttyps abgestimmt werden.<\/p>\n<\/blockquote>\n<p style=\"text-align: justify;\">Wenn Sie eine umfangreiche Beratung w\u00fcnschen, <a href=\"https:\/\/www.kosmetikfuchs.de\/service\/kontaktformular\">rufen Sie mich gerne an<\/a> oder besuchen Sie unser Kosmetikstudio in Gerderath.<\/p>\n<p>&nbsp;<\/p>\n<p>&nbsp;<\/p>\n","protected":false},"excerpt":{"rendered":"<p>\u00ab F\u00fcnf Fragen an Fachexpertin f\u00fcr Kosmetik und Dipl. \u00d6kotrophologin Andrea Schnitzler \u00bb Eines schon mal vorweg: Alle Menschen haben Poren. Allein im Gesicht sind es rund 300.000! Je nach Hauttyp haben sie entweder gro\u00dfe oder weniger gro\u00dfe Haut\u00f6ffnungen. Fettige und Mischhauttypen neigen leider eher zu vergr\u00f6\u00dferten \u00d6ffnungen und somit eher zu unreiner Haut. Aber &hellip;<\/p>\n","protected":false},"author":1,"featured_media":2014,"comment_status":"closed","ping_status":"open","sticky":false,"template":"","format":"standard","meta":{"footnotes":""},"categories":[593],"tags":[339,144,63,345,341,20,93,73,25,338,344,342,206,343,340],"yoast_head":"<!-- This site is optimized with the Yoast SEO plugin v22.3 - https:\/\/yoast.com\/wordpress\/plugins\/seo\/ -->\n<title>Was hat es mit gro\u00dfen Poren auf sich? - Kosmetikfuchs Magazin<\/title>\n<meta name=\"description\" content=\"Wie entstehen Poren? Wie beseitigt man gro\u00dfe Haut\u00f6ffnungen? \u2013 Diese und weitere Fragen beantwortet Dipl. \u00d6kotrophologin Andrea Schnitzler.\" \/>\n<meta name=\"robots\" content=\"index, follow, max-snippet:-1, max-image-preview:large, max-video-preview:-1\" \/>\n<link rel=\"canonical\" href=\"https:\/\/www.kosmetikfuchs.de\/magazin\/was-hat-es-mit-grossen-poren-auf-sich\/\" \/>\n<meta property=\"og:locale\" content=\"de_DE\" \/>\n<meta property=\"og:type\" content=\"article\" \/>\n<meta property=\"og:title\" content=\"Was hat es mit gro\u00dfen Poren auf sich? - Kosmetikfuchs Magazin\" \/>\n<meta property=\"og:description\" content=\"Wie entstehen Poren? Wie beseitigt man gro\u00dfe Haut\u00f6ffnungen? \u2013 Diese und weitere Fragen beantwortet Dipl. \u00d6kotrophologin Andrea Schnitzler.\" \/>\n<meta property=\"og:url\" content=\"https:\/\/www.kosmetikfuchs.de\/magazin\/was-hat-es-mit-grossen-poren-auf-sich\/\" \/>\n<meta property=\"og:site_name\" content=\"Kosmetikfuchs Magazin\" \/>\n<meta property=\"article:published_time\" content=\"2020-03-06T09:00:52+00:00\" \/>\n<meta property=\"article:modified_time\" content=\"2023-10-17T15:11:50+00:00\" \/>\n<meta property=\"og:image\" content=\"https:\/\/www.kosmetikfuchs.de\/magazin\/wp-content\/uploads\/2020\/04\/was-hat-es-mit-grossen-poren-auf-sich.jpg\" \/>\n\t<meta property=\"og:image:width\" content=\"1000\" \/>\n\t<meta property=\"og:image:height\" content=\"667\" \/>\n\t<meta property=\"og:image:type\" content=\"image\/jpeg\" \/>\n<meta name=\"author\" content=\"admin\" \/>\n<meta name=\"twitter:card\" content=\"summary_large_image\" \/>\n<meta name=\"twitter:label1\" content=\"Verfasst von\" \/>\n\t<meta name=\"twitter:data1\" content=\"admin\" \/>\n\t<meta name=\"twitter:label2\" content=\"Gesch\u00e4tzte Lesezeit\" \/>\n\t<meta name=\"twitter:data2\" content=\"6\u00a0Minuten\" \/>\n<script type=\"application\/ld+json\" class=\"yoast-schema-graph\">{\"@context\":\"https:\/\/schema.org\",\"@graph\":[{\"@type\":\"WebPage\",\"@id\":\"https:\/\/www.kosmetikfuchs.de\/magazin\/was-hat-es-mit-grossen-poren-auf-sich\/\",\"url\":\"https:\/\/www.kosmetikfuchs.de\/magazin\/was-hat-es-mit-grossen-poren-auf-sich\/\",\"name\":\"Was hat es mit gro\u00dfen Poren auf sich? - Kosmetikfuchs Magazin\",\"isPartOf\":{\"@id\":\"https:\/\/www.kosmetikfuchs.de\/magazin\/#website\"},\"primaryImageOfPage\":{\"@id\":\"https:\/\/www.kosmetikfuchs.de\/magazin\/was-hat-es-mit-grossen-poren-auf-sich\/#primaryimage\"},\"image\":{\"@id\":\"https:\/\/www.kosmetikfuchs.de\/magazin\/was-hat-es-mit-grossen-poren-auf-sich\/#primaryimage\"},\"thumbnailUrl\":\"https:\/\/www.kosmetikfuchs.de\/magazin\/wp-content\/uploads\/2020\/04\/was-hat-es-mit-grossen-poren-auf-sich.jpg\",\"datePublished\":\"2020-03-06T09:00:52+00:00\",\"dateModified\":\"2023-10-17T15:11:50+00:00\",\"author\":{\"@id\":\"https:\/\/www.kosmetikfuchs.de\/magazin\/#\/schema\/person\/d74441dfe7021cf7301a89aa8423d147\"},\"description\":\"Wie entstehen Poren? Wie beseitigt man gro\u00dfe Haut\u00f6ffnungen? \u2013 Diese und weitere Fragen beantwortet Dipl. \u00d6kotrophologin Andrea Schnitzler.\",\"breadcrumb\":{\"@id\":\"https:\/\/www.kosmetikfuchs.de\/magazin\/was-hat-es-mit-grossen-poren-auf-sich\/#breadcrumb\"},\"inLanguage\":\"de\",\"potentialAction\":[{\"@type\":\"ReadAction\",\"target\":[\"https:\/\/www.kosmetikfuchs.de\/magazin\/was-hat-es-mit-grossen-poren-auf-sich\/\"]}]},{\"@type\":\"ImageObject\",\"inLanguage\":\"de\",\"@id\":\"https:\/\/www.kosmetikfuchs.de\/magazin\/was-hat-es-mit-grossen-poren-auf-sich\/#primaryimage\",\"url\":\"https:\/\/www.kosmetikfuchs.de\/magazin\/wp-content\/uploads\/2020\/04\/was-hat-es-mit-grossen-poren-auf-sich.jpg\",\"contentUrl\":\"https:\/\/www.kosmetikfuchs.de\/magazin\/wp-content\/uploads\/2020\/04\/was-hat-es-mit-grossen-poren-auf-sich.jpg\",\"width\":1000,\"height\":667,\"caption\":\"\u00a9 Angelina \u2013 stock.adobe.com\"},{\"@type\":\"BreadcrumbList\",\"@id\":\"https:\/\/www.kosmetikfuchs.de\/magazin\/was-hat-es-mit-grossen-poren-auf-sich\/#breadcrumb\",\"itemListElement\":[{\"@type\":\"ListItem\",\"position\":1,\"name\":\"Startseite\",\"item\":\"https:\/\/www.kosmetikfuchs.de\/magazin\/\"},{\"@type\":\"ListItem\",\"position\":2,\"name\":\"Was hat es mit gro\u00dfen Poren auf sich?\"}]},{\"@type\":\"WebSite\",\"@id\":\"https:\/\/www.kosmetikfuchs.de\/magazin\/#website\",\"url\":\"https:\/\/www.kosmetikfuchs.de\/magazin\/\",\"name\":\"Kosmetikfuchs Magazin\",\"description\":\"\",\"potentialAction\":[{\"@type\":\"SearchAction\",\"target\":{\"@type\":\"EntryPoint\",\"urlTemplate\":\"https:\/\/www.kosmetikfuchs.de\/magazin\/?s={search_term_string}\"},\"query-input\":\"required name=search_term_string\"}],\"inLanguage\":\"de\"},{\"@type\":\"Person\",\"@id\":\"https:\/\/www.kosmetikfuchs.de\/magazin\/#\/schema\/person\/d74441dfe7021cf7301a89aa8423d147\",\"name\":\"admin\",\"image\":{\"@type\":\"ImageObject\",\"inLanguage\":\"de\",\"@id\":\"https:\/\/www.kosmetikfuchs.de\/magazin\/#\/schema\/person\/image\/\",\"url\":\"https:\/\/secure.gravatar.com\/avatar\/a794a4fe8a9b9c52241597eb381dfa2e?s=96&d=mm&r=g\",\"contentUrl\":\"https:\/\/secure.gravatar.com\/avatar\/a794a4fe8a9b9c52241597eb381dfa2e?s=96&d=mm&r=g\",\"caption\":\"admin\"},\"url\":\"https:\/\/www.kosmetikfuchs.de\/magazin\/author\/321456\/\"}]}<\/script>\n<!-- \/ Yoast SEO plugin. -->","yoast_head_json":{"title":"Was hat es mit gro\u00dfen Poren auf sich? - Kosmetikfuchs Magazin","description":"Wie entstehen Poren? Wie beseitigt man gro\u00dfe Haut\u00f6ffnungen? \u2013 Diese und weitere Fragen beantwortet Dipl. \u00d6kotrophologin Andrea Schnitzler.","robots":{"index":"index","follow":"follow","max-snippet":"max-snippet:-1","max-image-preview":"max-image-preview:large","max-video-preview":"max-video-preview:-1"},"canonical":"https:\/\/www.kosmetikfuchs.de\/magazin\/was-hat-es-mit-grossen-poren-auf-sich\/","og_locale":"de_DE","og_type":"article","og_title":"Was hat es mit gro\u00dfen Poren auf sich? - Kosmetikfuchs Magazin","og_description":"Wie entstehen Poren? Wie beseitigt man gro\u00dfe Haut\u00f6ffnungen? \u2013 Diese und weitere Fragen beantwortet Dipl. \u00d6kotrophologin Andrea Schnitzler.","og_url":"https:\/\/www.kosmetikfuchs.de\/magazin\/was-hat-es-mit-grossen-poren-auf-sich\/","og_site_name":"Kosmetikfuchs Magazin","article_published_time":"2020-03-06T09:00:52+00:00","article_modified_time":"2023-10-17T15:11:50+00:00","og_image":[{"width":1000,"height":667,"url":"https:\/\/www.kosmetikfuchs.de\/magazin\/wp-content\/uploads\/2020\/04\/was-hat-es-mit-grossen-poren-auf-sich.jpg","type":"image\/jpeg"}],"author":"admin","twitter_card":"summary_large_image","twitter_misc":{"Verfasst von":"admin","Gesch\u00e4tzte Lesezeit":"6\u00a0Minuten"},"schema":{"@context":"https:\/\/schema.org","@graph":[{"@type":"WebPage","@id":"https:\/\/www.kosmetikfuchs.de\/magazin\/was-hat-es-mit-grossen-poren-auf-sich\/","url":"https:\/\/www.kosmetikfuchs.de\/magazin\/was-hat-es-mit-grossen-poren-auf-sich\/","name":"Was hat es mit gro\u00dfen Poren auf sich? - Kosmetikfuchs Magazin","isPartOf":{"@id":"https:\/\/www.kosmetikfuchs.de\/magazin\/#website"},"primaryImageOfPage":{"@id":"https:\/\/www.kosmetikfuchs.de\/magazin\/was-hat-es-mit-grossen-poren-auf-sich\/#primaryimage"},"image":{"@id":"https:\/\/www.kosmetikfuchs.de\/magazin\/was-hat-es-mit-grossen-poren-auf-sich\/#primaryimage"},"thumbnailUrl":"https:\/\/www.kosmetikfuchs.de\/magazin\/wp-content\/uploads\/2020\/04\/was-hat-es-mit-grossen-poren-auf-sich.jpg","datePublished":"2020-03-06T09:00:52+00:00","dateModified":"2023-10-17T15:11:50+00:00","author":{"@id":"https:\/\/www.kosmetikfuchs.de\/magazin\/#\/schema\/person\/d74441dfe7021cf7301a89aa8423d147"},"description":"Wie entstehen Poren? Wie beseitigt man gro\u00dfe Haut\u00f6ffnungen? \u2013 Diese und weitere Fragen beantwortet Dipl. \u00d6kotrophologin Andrea Schnitzler.","breadcrumb":{"@id":"https:\/\/www.kosmetikfuchs.de\/magazin\/was-hat-es-mit-grossen-poren-auf-sich\/#breadcrumb"},"inLanguage":"de","potentialAction":[{"@type":"ReadAction","target":["https:\/\/www.kosmetikfuchs.de\/magazin\/was-hat-es-mit-grossen-poren-auf-sich\/"]}]},{"@type":"ImageObject","inLanguage":"de","@id":"https:\/\/www.kosmetikfuchs.de\/magazin\/was-hat-es-mit-grossen-poren-auf-sich\/#primaryimage","url":"https:\/\/www.kosmetikfuchs.de\/magazin\/wp-content\/uploads\/2020\/04\/was-hat-es-mit-grossen-poren-auf-sich.jpg","contentUrl":"https:\/\/www.kosmetikfuchs.de\/magazin\/wp-content\/uploads\/2020\/04\/was-hat-es-mit-grossen-poren-auf-sich.jpg","width":1000,"height":667,"caption":"\u00a9 Angelina \u2013 stock.adobe.com"},{"@type":"BreadcrumbList","@id":"https:\/\/www.kosmetikfuchs.de\/magazin\/was-hat-es-mit-grossen-poren-auf-sich\/#breadcrumb","itemListElement":[{"@type":"ListItem","position":1,"name":"Startseite","item":"https:\/\/www.kosmetikfuchs.de\/magazin\/"},{"@type":"ListItem","position":2,"name":"Was hat es mit gro\u00dfen Poren auf sich?"}]},{"@type":"WebSite","@id":"https:\/\/www.kosmetikfuchs.de\/magazin\/#website","url":"https:\/\/www.kosmetikfuchs.de\/magazin\/","name":"Kosmetikfuchs Magazin","description":"","potentialAction":[{"@type":"SearchAction","target":{"@type":"EntryPoint","urlTemplate":"https:\/\/www.kosmetikfuchs.de\/magazin\/?s={search_term_string}"},"query-input":"required name=search_term_string"}],"inLanguage":"de"},{"@type":"Person","@id":"https:\/\/www.kosmetikfuchs.de\/magazin\/#\/schema\/person\/d74441dfe7021cf7301a89aa8423d147","name":"admin","image":{"@type":"ImageObject","inLanguage":"de","@id":"https:\/\/www.kosmetikfuchs.de\/magazin\/#\/schema\/person\/image\/","url":"https:\/\/secure.gravatar.com\/avatar\/a794a4fe8a9b9c52241597eb381dfa2e?s=96&d=mm&r=g","contentUrl":"https:\/\/secure.gravatar.com\/avatar\/a794a4fe8a9b9c52241597eb381dfa2e?s=96&d=mm&r=g","caption":"admin"},"url":"https:\/\/www.kosmetikfuchs.de\/magazin\/author\/321456\/"}]}},"_links":{"self":[{"href":"https:\/\/www.kosmetikfuchs.de\/magazin\/wp-json\/wp\/v2\/posts\/1994"}],"collection":[{"href":"https:\/\/www.kosmetikfuchs.de\/magazin\/wp-json\/wp\/v2\/posts"}],"about":[{"href":"https:\/\/www.kosmetikfuchs.de\/magazin\/wp-json\/wp\/v2\/types\/post"}],"author":[{"embeddable":true,"href":"https:\/\/www.kosmetikfuchs.de\/magazin\/wp-json\/wp\/v2\/users\/1"}],"replies":[{"embeddable":true,"href":"https:\/\/www.kosmetikfuchs.de\/magazin\/wp-json\/wp\/v2\/comments?post=1994"}],"version-history":[{"count":29,"href":"https:\/\/www.kosmetikfuchs.de\/magazin\/wp-json\/wp\/v2\/posts\/1994\/revisions"}],"predecessor-version":[{"id":7976,"href":"https:\/\/www.kosmetikfuchs.de\/magazin\/wp-json\/wp\/v2\/posts\/1994\/revisions\/7976"}],"wp:featuredmedia":[{"embeddable":true,"href":"https:\/\/www.kosmetikfuchs.de\/magazin\/wp-json\/wp\/v2\/media\/2014"}],"wp:attachment":[{"href":"https:\/\/www.kosmetikfuchs.de\/magazin\/wp-json\/wp\/v2\/media?parent=1994"}],"wp:term":[{"taxonomy":"category","embeddable":true,"href":"https:\/\/www.kosmetikfuchs.de\/magazin\/wp-json\/wp\/v2\/categories?post=1994"},{"taxonomy":"post_tag","embeddable":true,"href":"https:\/\/www.kosmetikfuchs.de\/magazin\/wp-json\/wp\/v2\/tags?post=1994"}],"curies":[{"name":"wp","href":"https:\/\/api.w.org\/{rel}","templated":true}]}}