{"id":1625,"date":"2019-08-10T11:20:50","date_gmt":"2019-08-10T09:20:50","guid":{"rendered":"https:\/\/www.kosmetikfuchs.de\/magazin\/?p=1625"},"modified":"2021-07-07T11:47:06","modified_gmt":"2021-07-07T09:47:06","slug":"nanopartikel-in-der-kosmetik","status":"publish","type":"post","link":"https:\/\/www.kosmetikfuchs.de\/magazin\/nanopartikel-in-der-kosmetik\/","title":{"rendered":"Nanopartikel in der Kosmetik"},"content":{"rendered":"<h2>\u00ab Wie sinnvoll ist Nanotechnologie bei Pflegeprodukten? \u00bb<\/h2>\n<p style=\"text-align: justify;\"><strong>Jeder hat schon mal etwas von ihnen geh\u00f6rt, doch wer wei\u00df wirklich, worum es dabei genau geht? Nanopartikel in der Kosmetik. Die Partikel sind etwa tausendmal d\u00fcnner als ein Menschenhaar. Auch in der Industrie werden sie verwendet, zum Beispiel bei der Herstellung von Kunststoff. Doch warum wird Nanotechnologie \u00fcberhaupt in der Kosmetik eingesetzt und wieso steht sie so in der Kritik?<\/strong><\/p>\n<h2>Was genau sind Nanopartikel?<\/h2>\n<figure id=\"attachment_1691\" aria-describedby=\"caption-attachment-1691\" style=\"width: 437px\" class=\"wp-caption alignright\"><img loading=\"lazy\" decoding=\"async\" class=\"wp-image-1691\" title=\"Nanopartikel sind f\u00fcr das blo\u00dfe Auge unsichtbar\" src=\"https:\/\/www.kosmetikfuchs.de\/magazin\/wp-content\/uploads\/2019\/08\/AdobeStock_275289711_9.jpg\" alt=\"Nanopartikel sind f\u00fcr das blo\u00dfe Auge unsichtbar\" width=\"437\" height=\"583\" srcset=\"https:\/\/www.kosmetikfuchs.de\/magazin\/wp-content\/uploads\/2019\/08\/AdobeStock_275289711_9.jpg 500w, https:\/\/www.kosmetikfuchs.de\/magazin\/wp-content\/uploads\/2019\/08\/AdobeStock_275289711_9-225x300.jpg 225w\" sizes=\"(max-width: 437px) 100vw, 437px\" \/><figcaption id=\"caption-attachment-1691\" class=\"wp-caption-text\">\u00a9 wanwalder1988 &#8211; stock.adobe.com<\/figcaption><\/figure>\n<p style=\"text-align: justify;\">Nanopartikel sind nicht nur klein, sie sind winzig und f\u00fcr das menschliche Auge nicht sichtbar. Genauer gesagt sind sie zwischen 1 und 100 Nanometer klein. Zum Vergleich: Ein Menschenhaar ist tausendmal dicker. Daher leitet sich auch ihr Name ab: &#8222;Nan\u00f3s&#8220; kommt aus dem Griechischen und bedeutet so viel wie Zwerg. Durch ihre minimale Gr\u00f6\u00dfe verf\u00fcgen die Teilchen \u00fcber besondere Eigenschaften. Sie k\u00f6nnen etwa Kunststoffe stabiler und robuster machen. Folgende Einsatzgebiete der Nanotechnologie lassen sich aufzeigen:<\/p>\n<ul>\n<li style=\"text-align: justify;\">Medizin<\/li>\n<li style=\"text-align: justify;\">Elektronik<\/li>\n<li style=\"text-align: justify;\">Lebensmittelherstellung<\/li>\n<li style=\"text-align: justify;\">Chemie<\/li>\n<li style=\"text-align: justify;\">Kosmetik<\/li>\n<\/ul>\n<p style=\"text-align: justify;\">Teilchen in Nanogr\u00f6\u00dfe verf\u00fcgen \u00fcber andere Eigenschaften als gr\u00f6\u00dfere Teilchen desselben Stoffs. Au\u00dferdem reagieren sie effizienter als Partikel in gr\u00f6\u00dferem Umfang. Zur Veranschaulichung: Porzellan ist in Nanogr\u00f6\u00dfe biegsam, w\u00e4hrend es sonst brechen w\u00fcrde. Zwar ist das Gesamtvolumen gleich, aber die Oberfl\u00e4che stark vergr\u00f6\u00dfert. Diese Tatsache h\u00e4lt die M\u00f6glichkeit zahlreicher neuer Anwendungen bereit.<\/p>\n<h2>Welchen Nutzen erf\u00fcllen Nanopartikel f\u00fcr Kosmetik?<\/h2>\n<p style=\"text-align: justify;\">In der Kosmetikindustrie finden die filigranen Partikel im gro\u00dfen Ma\u00df ihren Einsatz \u2013 etwa beim <a href=\"https:\/\/www.kosmetikfuchs.de\/sonne\/sonnenschutz\">Sonnenschutz<\/a>. Der bekannteste Vertreter solcher <a href=\"https:\/\/www.kosmetikfuchs.de\/sonne\">Sonnenpflege<\/a> ist hier wohl die Sonnencreme. Fr\u00fcher brachte das Eincremen mit Sonnencreme einen unsch\u00f6nen Effekt mit sich. Die Haut verf\u00e4rbte sich wei\u00df, da die Inhaltsstoffe Titan- und Zinkoxid einen sichtbar wei\u00dfen Film hinterlie\u00dfen. Das ist heute dank der Nanotechnologie nicht mehr so. Die wei\u00dfen Partikel des Titan- und Zinkoxids sind aufgrund der Verkleinerung auf Nanogr\u00f6\u00dfe heute nahezu unsichtbar.<\/p>\n<p><a href=\"https:\/\/www.kosmetikfuchs.de\/9754\/dr.-eckstein\/beautipharm-sun-milk-spf30-high-150ml\"><img loading=\"lazy\" decoding=\"async\" class=\"alignnone wp-image-1642\" title=\"Beautipharm Sun Milk SPF30 High, 150ml\" src=\"https:\/\/www.kosmetikfuchs.de\/magazin\/wp-content\/uploads\/2019\/08\/Beautipharm-Sun-Milk-SPF30-High-150ml.jpg\" alt=\"Beautipharm Sun Milk SPF30 High, 150ml\" width=\"290\" height=\"528\" srcset=\"https:\/\/www.kosmetikfuchs.de\/magazin\/wp-content\/uploads\/2019\/08\/Beautipharm-Sun-Milk-SPF30-High-150ml.jpg 413w, https:\/\/www.kosmetikfuchs.de\/magazin\/wp-content\/uploads\/2019\/08\/Beautipharm-Sun-Milk-SPF30-High-150ml-165x300.jpg 165w\" sizes=\"(max-width: 290px) 100vw, 290px\" \/><\/a> \u00a0<a href=\"https:\/\/www.kosmetikfuchs.de\/1207\/dr.-rimpler\/sun-after-sun-balm-200-ml\"><img loading=\"lazy\" decoding=\"async\" class=\"alignnone wp-image-1643\" title=\"SUN After Sun Balm, 200 ml\" src=\"https:\/\/www.kosmetikfuchs.de\/magazin\/wp-content\/uploads\/2019\/08\/SUN-After-Sun-Balm-200-ml.jpg\" alt=\"SUN After Sun Balm, 200 ml\" width=\"283\" height=\"516\" srcset=\"https:\/\/www.kosmetikfuchs.de\/magazin\/wp-content\/uploads\/2019\/08\/SUN-After-Sun-Balm-200-ml.jpg 405w, https:\/\/www.kosmetikfuchs.de\/magazin\/wp-content\/uploads\/2019\/08\/SUN-After-Sun-Balm-200-ml-165x300.jpg 165w\" sizes=\"(max-width: 283px) 100vw, 283px\" \/><\/a> \u00a0 <a href=\"https:\/\/www.kosmetikfuchs.de\/10649\/gertraud-gruber\/sun-care-selbstbraeuner-fluid-gesicht-50ml\"><img loading=\"lazy\" decoding=\"async\" class=\"alignnone wp-image-1646\" title=\"Sun Care, Selbstbr\u00e4uner Fluid Gesicht, 50ml\" src=\"https:\/\/www.kosmetikfuchs.de\/magazin\/wp-content\/uploads\/2019\/08\/Sun-Care-Selbstbr\u00e4uner-Fluid-Gesicht-50ml.jpg\" alt=\"Sun Care, Selbstbr\u00e4uner Fluid Gesicht, 50ml\" width=\"223\" height=\"514\" srcset=\"https:\/\/www.kosmetikfuchs.de\/magazin\/wp-content\/uploads\/2019\/08\/Sun-Care-Selbstbr\u00e4uner-Fluid-Gesicht-50ml.jpg 310w, https:\/\/www.kosmetikfuchs.de\/magazin\/wp-content\/uploads\/2019\/08\/Sun-Care-Selbstbr\u00e4uner-Fluid-Gesicht-50ml-130x300.jpg 130w\" sizes=\"(max-width: 223px) 100vw, 223px\" \/><\/a><\/p>\n<p style=\"text-align: justify;\">Doch auch Zahnpasta oder Deos enthalten verschiedene Nanoteilchen so wie viele andere Pflegeprodukte. Dort sorgen die Teilchen daf\u00fcr, dass die Inhaltsstoffe besser aufgenommen werden k\u00f6nnen und schneller einziehen. Das ist ein nicht zu untersch\u00e4tzender Vorteil, denn K\u00f6rper- und Hautpflege soll heutzutage effektiv sein und m\u00f6glichst schnell gehen. Es gibt auch Nanopartikel, die eine direkte Pflegewirkung aufweisen. So wirken Nanoteilchen aus Silber zum Beispiel antibakteriell. Diese werden unter anderem in Sprays verwendet, die vor Schwei\u00df sch\u00fctzen. In dekorativer Kosmetik wie <a href=\"https:\/\/www.kosmetikfuchs.de\/make-up\/augen\/mascara\">Mascaras<\/a>, <a href=\"https:\/\/www.kosmetikfuchs.de\/make-up\/augen\/lidschatten\">Lidschatten<\/a> oder Kajalstiften sorgen nanogro\u00dfe Farbpartikel f\u00fcr eine verl\u00e4ngerte Haltbarkeit.<\/p>\n<p><a href=\"https:\/\/www.kosmetikfuchs.de\/12857\/hildegard-braukmann\/mascara-charming-black-6-ml\"><img loading=\"lazy\" decoding=\"async\" class=\"alignnone wp-image-1743\" title=\"Mascara Charming black, 6 ml\" src=\"https:\/\/www.kosmetikfuchs.de\/magazin\/wp-content\/uploads\/2019\/08\/Mascara-Charming-black-6-ml.jpg\" alt=\"Mascara Charming black, 6 ml\" width=\"246\" height=\"515\" srcset=\"https:\/\/www.kosmetikfuchs.de\/magazin\/wp-content\/uploads\/2019\/08\/Mascara-Charming-black-6-ml.jpg 312w, https:\/\/www.kosmetikfuchs.de\/magazin\/wp-content\/uploads\/2019\/08\/Mascara-Charming-black-6-ml-143x300.jpg 143w\" sizes=\"(max-width: 246px) 100vw, 246px\" \/><\/a> \u00a0 \u00a0 \u00a0<a href=\"https:\/\/www.kosmetikfuchs.de\/9324\/annemarie-boerlind\/puderlidschatten-mocha-45-2g\"><img loading=\"lazy\" decoding=\"async\" class=\"alignnone wp-image-1746\" title=\"Puderlidschatten mocha 45, 2g\" src=\"https:\/\/www.kosmetikfuchs.de\/magazin\/wp-content\/uploads\/2019\/08\/Puderlidschatten-mocha-45-2g_2.jpg\" alt=\"Puderlidschatten mocha 45, 2g\" width=\"321\" height=\"411\" srcset=\"https:\/\/www.kosmetikfuchs.de\/magazin\/wp-content\/uploads\/2019\/08\/Puderlidschatten-mocha-45-2g_2.jpg 400w, https:\/\/www.kosmetikfuchs.de\/magazin\/wp-content\/uploads\/2019\/08\/Puderlidschatten-mocha-45-2g_2-235x300.jpg 235w\" sizes=\"(max-width: 321px) 100vw, 321px\" \/><\/a> \u00a0 \u00a0 \u00a0 \u00a0\u00a0<a href=\"https:\/\/www.kosmetikfuchs.de\/13176\/jean-d-arcel\/high-definition-mascara-nr.70-12-ml-fl\"><img loading=\"lazy\" decoding=\"async\" class=\"alignnone wp-image-1749\" title=\"High Definition Mascara NR.70, 12 ML FL\" src=\"https:\/\/www.kosmetikfuchs.de\/magazin\/wp-content\/uploads\/2019\/08\/HIGH-DEFINITION-MASCARA-NR.jpg\" alt=\"High Definition Mascara NR.70, 12 ML FL\" width=\"189\" height=\"511\" srcset=\"https:\/\/www.kosmetikfuchs.de\/magazin\/wp-content\/uploads\/2019\/08\/HIGH-DEFINITION-MASCARA-NR.jpg 192w, https:\/\/www.kosmetikfuchs.de\/magazin\/wp-content\/uploads\/2019\/08\/HIGH-DEFINITION-MASCARA-NR-111x300.jpg 111w\" sizes=\"(max-width: 189px) 100vw, 189px\" \/><\/a><\/p>\n<h2>Nanopartikel in Kosmetik \u2013 warum der Einsatz umstritten ist<\/h2>\n<p style=\"text-align: justify;\">Von der Gefahr in Bezug auf Nanotechnologie und Kosmetikartikel h\u00f6rt man immer wieder. Nicht nur im Zusammenhang mit der Gesundheit, auch als Umwelts\u00fcnde wird diese Technologie deklariert. Tats\u00e4chlich ist es so, dass es sich hier noch um ein unzureichend erforschtes Feld handelt. Genaue Informationen und Studien zu den Langzeitwirkungen und Sch\u00e4den gibt es noch nicht beziehungsweise in zu geringer Anzahl. Nanopartikel haben in Sonnencremes durchaus ihre Berechtigung gefunden, da sie dort ihre wichtigste Aufgabe erf\u00fcllen. Hier gilt das Prinzip der Risikoabw\u00e4gung: Die Gefahr, welche von der UV-Strahlung ausgeht und dadurch an Hautkrebs zu erkranken, ist wesentlich dringender als diese, die von den Nanoteilchen ausgeht. Bei anderen Pflegeprodukten sind Nanopartikel nicht unbedingt notwendig, weshalb man durchaus darauf verzichten kann.<\/p>\n<h2>Nanopartikel in Kosmetik \u2013 Vorsicht ist bei verletzten Hautstellen geboten<\/h2>\n<p style=\"text-align: justify;\">Unabh\u00e4ngig vom Stand der Forschung: eine intakte Hautschutzbarriere reicht aus, damit die Teilchen nicht in die Blutbahn gelangen. Somit ist klar, dass es sich bei Verletzungen anders verh\u00e4lt. Tragen Sie Pflegeprodukte mit Nanopartikeln daher vorsichtshalber nicht auf besch\u00e4digte Hautstellen auf. Das gilt f\u00fcr:<\/p>\n<ul>\n<li style=\"text-align: justify;\">Schnittwunden nach der Rasur,<\/li>\n<li style=\"text-align: justify;\">Ausschl\u00e4ge beziehungsweise Ekzeme,<\/li>\n<li style=\"text-align: justify;\">aufgekratzte Stellen und<\/li>\n<li style=\"text-align: justify;\">Risse, die sich anderweitig zugezogen wurden.<\/li>\n<\/ul>\n<figure id=\"attachment_1659\" aria-describedby=\"caption-attachment-1659\" style=\"width: 850px\" class=\"wp-caption alignnone\"><img loading=\"lazy\" decoding=\"async\" class=\"wp-image-1659 size-full\" title=\"Bei Hautirritationen sind Nano Produkte nicht angezeigt\" src=\"https:\/\/www.kosmetikfuchs.de\/magazin\/wp-content\/uploads\/2019\/08\/AdobeStock_230843473.jpg\" alt=\"Bei Hautirritationen sind Nano Produkte nicht angezeigt\" width=\"850\" height=\"524\" srcset=\"https:\/\/www.kosmetikfuchs.de\/magazin\/wp-content\/uploads\/2019\/08\/AdobeStock_230843473.jpg 850w, https:\/\/www.kosmetikfuchs.de\/magazin\/wp-content\/uploads\/2019\/08\/AdobeStock_230843473-300x185.jpg 300w, https:\/\/www.kosmetikfuchs.de\/magazin\/wp-content\/uploads\/2019\/08\/AdobeStock_230843473-768x473.jpg 768w\" sizes=\"(max-width: 850px) 100vw, 850px\" \/><figcaption id=\"caption-attachment-1659\" class=\"wp-caption-text\">\u00a9 suriya &#8211; stock.adobe.com<\/figcaption><\/figure>\n<h2>Gibt es Mittel und Wege, die Nanoteilchen unsch\u00e4dlich zu machen?<\/h2>\n<p style=\"text-align: justify;\">Fr\u00fcher war der Einsatz von Nanotechnologie noch innovativ und technisch auf h\u00f6chstem Niveau. Heute \u00e4u\u00dfern sich mehr und mehr Bedenkentr\u00e4ger zu dieser technischen Errungenschaft. Damit erlebt sie einen enormen Imagewechsel und sch\u00fcrt vor allem eines \u2013 Unsicherheit bei den Verbrauchern. Aufdr\u00fccke auf Kosmetikartikeln, die wie folgt lauten: &#8222;garantiert ohne Nano&#8220;, erh\u00f6hen die Bedenken nat\u00fcrlich noch zus\u00e4tzlich. Fakt ist, man wei\u00df nicht, was die Partikel im menschlichen K\u00f6rper anrichten k\u00f6nnen. Zudem ist erwiesen, dass Partikel, die kleiner als 50 Nanometer sind die Epidermis (Oberhaut) durchdringen k\u00f6nnen. Das hei\u00dft, Nanomaterial in Kosmetikartikeln muss eine Strukturgr\u00f6\u00dfe aufweisen, die gr\u00f6\u00dfer als 50 Nanometer ist. So k\u00f6nnen diese eine unbesch\u00e4digte Oberhaut theoretisch nicht durchdringen. Zudem t\u00fcftelt die Kosmetikindustrie an M\u00f6glichkeiten, die es g\u00e4nzlich vermeiden, dass Nanopartikel aus der Kosmetik in den K\u00f6rper gelangen. So werden sie in verschiedene \u00d6le oder Silikone verpackt und dadurch isoliert. Sie k\u00f6nnen dann die Hautbarriere nicht \u00fcberwinden. Wenn Sie dem Ganzen dennoch nicht trauen, gehen Sie auf Nummer sicher, wenn Sie Ihre Pflegeprodukte auf den Verweis &#8222;Nano&#8220; untersuchen.<\/p>\n<figure id=\"attachment_1739\" aria-describedby=\"caption-attachment-1739\" style=\"width: 850px\" class=\"wp-caption alignnone\"><img loading=\"lazy\" decoding=\"async\" class=\"wp-image-1739 size-full\" title=\"Gute Pflege mit hochwertigen Produkten ist wichtig f\u00fcr die Haut\" src=\"https:\/\/www.kosmetikfuchs.de\/magazin\/wp-content\/uploads\/2019\/08\/AdobeStock_220212186.jpg\" alt=\"Gute Pflege mit hochwertigen Produkten ist wichtig f\u00fcr die Haut\" width=\"850\" height=\"564\" srcset=\"https:\/\/www.kosmetikfuchs.de\/magazin\/wp-content\/uploads\/2019\/08\/AdobeStock_220212186.jpg 850w, https:\/\/www.kosmetikfuchs.de\/magazin\/wp-content\/uploads\/2019\/08\/AdobeStock_220212186-300x199.jpg 300w, https:\/\/www.kosmetikfuchs.de\/magazin\/wp-content\/uploads\/2019\/08\/AdobeStock_220212186-768x510.jpg 768w, https:\/\/www.kosmetikfuchs.de\/magazin\/wp-content\/uploads\/2019\/08\/AdobeStock_220212186-378x250.jpg 378w\" sizes=\"(max-width: 850px) 100vw, 850px\" \/><figcaption id=\"caption-attachment-1739\" class=\"wp-caption-text\">\u00a9 Rido &#8211; stock.adobe.com<\/figcaption><\/figure>\n<h2>Nanoprodukte meiden oder nicht?<\/h2>\n<p style=\"text-align: justify;\">Letztendlich sollten Sie f\u00fcr sich entscheiden, bei welchen Produkten Sie auf Nanopartikel verzichten k\u00f6nnen und bei welchen nicht. So verh\u00e4lt es sich schlie\u00dflich mit allen Dingen, die noch Unklarheiten aufweisen. Ob Sie unbedingt Deodorants (als Pumpspray) mit nanogro\u00dfen Silberteilchen ben\u00f6tigen, ist eine andere Frage. Dasselbe gilt f\u00fcr dekorative Kosmetik. Hier empfiehlt es sich durchaus, auf nanofreie Produkte zur\u00fcckzugreifen. Was definitiv unn\u00f6tig ist, sind Kleidungsst\u00fccke mit Silber zur Schwei\u00dfvorbeugung. Darauf k\u00f6nnen Sie getrost verzichten, denn normale K\u00f6rperhygiene erf\u00fcllt ihren Job vollkommen ausreichend. Es gibt zum Beispiel Silbersocken, die Schwei\u00dff\u00fc\u00dfen vorbeugen. Diese lassen sich definitiv in die Kategorie &#8222;unn\u00f6tig&#8220; einstufen. Auch Nahrungserg\u00e4nzungsmittel mit Nanoteilchen sind mehr als fragw\u00fcrdig.<\/p>\n","protected":false},"excerpt":{"rendered":"<p>\u00ab Wie sinnvoll ist Nanotechnologie bei Pflegeprodukten? \u00bb Jeder hat schon mal etwas von ihnen geh\u00f6rt, doch wer wei\u00df wirklich, worum es dabei genau geht? Nanopartikel in der Kosmetik. Die Partikel sind etwa tausendmal d\u00fcnner als ein Menschenhaar. Auch in der Industrie werden sie verwendet, zum Beispiel bei der Herstellung von Kunststoff. Doch warum wird &hellip;<\/p>\n","protected":false},"author":1,"featured_media":1635,"comment_status":"closed","ping_status":"open","sticky":false,"template":"","format":"standard","meta":{"footnotes":""},"categories":[594],"tags":[20,25,311,310,314,82,315,139,312,313],"yoast_head":"<!-- This site is optimized with the Yoast SEO plugin v22.3 - https:\/\/yoast.com\/wordpress\/plugins\/seo\/ -->\n<title>Nanopartikel in der Kosmetik - Kosmetikfuchs Magazin<\/title>\n<meta name=\"description\" content=\"Wie sinnvoll sind Nanopartikel in der Kosmetik? \u2013 Erfahren Sie mehr \u00fcber Nanotechnologie im Einsatz f\u00fcr Pflegeprodukte im Kosmetikfuchs Magazin!\" \/>\n<meta name=\"robots\" content=\"index, follow, max-snippet:-1, max-image-preview:large, max-video-preview:-1\" \/>\n<link rel=\"canonical\" href=\"https:\/\/www.kosmetikfuchs.de\/magazin\/nanopartikel-in-der-kosmetik\/\" \/>\n<meta property=\"og:locale\" content=\"de_DE\" \/>\n<meta property=\"og:type\" content=\"article\" \/>\n<meta property=\"og:title\" content=\"Nanopartikel in der Kosmetik - Kosmetikfuchs Magazin\" \/>\n<meta property=\"og:description\" content=\"Wie sinnvoll sind Nanopartikel in der Kosmetik? \u2013 Erfahren Sie mehr \u00fcber Nanotechnologie im Einsatz f\u00fcr Pflegeprodukte im Kosmetikfuchs Magazin!\" \/>\n<meta property=\"og:url\" content=\"https:\/\/www.kosmetikfuchs.de\/magazin\/nanopartikel-in-der-kosmetik\/\" \/>\n<meta property=\"og:site_name\" content=\"Kosmetikfuchs Magazin\" \/>\n<meta property=\"article:published_time\" content=\"2019-08-10T09:20:50+00:00\" \/>\n<meta property=\"article:modified_time\" content=\"2021-07-07T09:47:06+00:00\" \/>\n<meta property=\"og:image\" content=\"https:\/\/www.kosmetikfuchs.de\/magazin\/wp-content\/uploads\/2019\/08\/AdobeStock_161439792.jpg\" \/>\n\t<meta property=\"og:image:width\" content=\"850\" \/>\n\t<meta property=\"og:image:height\" content=\"567\" \/>\n\t<meta property=\"og:image:type\" content=\"image\/jpeg\" \/>\n<meta name=\"author\" content=\"admin\" \/>\n<meta name=\"twitter:card\" content=\"summary_large_image\" \/>\n<meta name=\"twitter:label1\" content=\"Verfasst von\" \/>\n\t<meta name=\"twitter:data1\" content=\"admin\" \/>\n\t<meta name=\"twitter:label2\" content=\"Gesch\u00e4tzte Lesezeit\" \/>\n\t<meta name=\"twitter:data2\" content=\"5\u00a0Minuten\" \/>\n<script type=\"application\/ld+json\" class=\"yoast-schema-graph\">{\"@context\":\"https:\/\/schema.org\",\"@graph\":[{\"@type\":\"WebPage\",\"@id\":\"https:\/\/www.kosmetikfuchs.de\/magazin\/nanopartikel-in-der-kosmetik\/\",\"url\":\"https:\/\/www.kosmetikfuchs.de\/magazin\/nanopartikel-in-der-kosmetik\/\",\"name\":\"Nanopartikel in der Kosmetik - Kosmetikfuchs Magazin\",\"isPartOf\":{\"@id\":\"https:\/\/www.kosmetikfuchs.de\/magazin\/#website\"},\"primaryImageOfPage\":{\"@id\":\"https:\/\/www.kosmetikfuchs.de\/magazin\/nanopartikel-in-der-kosmetik\/#primaryimage\"},\"image\":{\"@id\":\"https:\/\/www.kosmetikfuchs.de\/magazin\/nanopartikel-in-der-kosmetik\/#primaryimage\"},\"thumbnailUrl\":\"https:\/\/www.kosmetikfuchs.de\/magazin\/wp-content\/uploads\/2019\/08\/AdobeStock_161439792.jpg\",\"datePublished\":\"2019-08-10T09:20:50+00:00\",\"dateModified\":\"2021-07-07T09:47:06+00:00\",\"author\":{\"@id\":\"https:\/\/www.kosmetikfuchs.de\/magazin\/#\/schema\/person\/d74441dfe7021cf7301a89aa8423d147\"},\"description\":\"Wie sinnvoll sind Nanopartikel in der Kosmetik? \u2013 Erfahren Sie mehr \u00fcber Nanotechnologie im Einsatz f\u00fcr Pflegeprodukte im Kosmetikfuchs Magazin!\",\"breadcrumb\":{\"@id\":\"https:\/\/www.kosmetikfuchs.de\/magazin\/nanopartikel-in-der-kosmetik\/#breadcrumb\"},\"inLanguage\":\"de\",\"potentialAction\":[{\"@type\":\"ReadAction\",\"target\":[\"https:\/\/www.kosmetikfuchs.de\/magazin\/nanopartikel-in-der-kosmetik\/\"]}]},{\"@type\":\"ImageObject\",\"inLanguage\":\"de\",\"@id\":\"https:\/\/www.kosmetikfuchs.de\/magazin\/nanopartikel-in-der-kosmetik\/#primaryimage\",\"url\":\"https:\/\/www.kosmetikfuchs.de\/magazin\/wp-content\/uploads\/2019\/08\/AdobeStock_161439792.jpg\",\"contentUrl\":\"https:\/\/www.kosmetikfuchs.de\/magazin\/wp-content\/uploads\/2019\/08\/AdobeStock_161439792.jpg\",\"width\":850,\"height\":567,\"caption\":\"\u00a9 absolutimages - stock.adobe.com\"},{\"@type\":\"BreadcrumbList\",\"@id\":\"https:\/\/www.kosmetikfuchs.de\/magazin\/nanopartikel-in-der-kosmetik\/#breadcrumb\",\"itemListElement\":[{\"@type\":\"ListItem\",\"position\":1,\"name\":\"Startseite\",\"item\":\"https:\/\/www.kosmetikfuchs.de\/magazin\/\"},{\"@type\":\"ListItem\",\"position\":2,\"name\":\"Nanopartikel in der Kosmetik\"}]},{\"@type\":\"WebSite\",\"@id\":\"https:\/\/www.kosmetikfuchs.de\/magazin\/#website\",\"url\":\"https:\/\/www.kosmetikfuchs.de\/magazin\/\",\"name\":\"Kosmetikfuchs Magazin\",\"description\":\"\",\"potentialAction\":[{\"@type\":\"SearchAction\",\"target\":{\"@type\":\"EntryPoint\",\"urlTemplate\":\"https:\/\/www.kosmetikfuchs.de\/magazin\/?s={search_term_string}\"},\"query-input\":\"required name=search_term_string\"}],\"inLanguage\":\"de\"},{\"@type\":\"Person\",\"@id\":\"https:\/\/www.kosmetikfuchs.de\/magazin\/#\/schema\/person\/d74441dfe7021cf7301a89aa8423d147\",\"name\":\"admin\",\"image\":{\"@type\":\"ImageObject\",\"inLanguage\":\"de\",\"@id\":\"https:\/\/www.kosmetikfuchs.de\/magazin\/#\/schema\/person\/image\/\",\"url\":\"https:\/\/secure.gravatar.com\/avatar\/a794a4fe8a9b9c52241597eb381dfa2e?s=96&d=mm&r=g\",\"contentUrl\":\"https:\/\/secure.gravatar.com\/avatar\/a794a4fe8a9b9c52241597eb381dfa2e?s=96&d=mm&r=g\",\"caption\":\"admin\"},\"url\":\"https:\/\/www.kosmetikfuchs.de\/magazin\/author\/321456\/\"}]}<\/script>\n<!-- \/ Yoast SEO plugin. -->","yoast_head_json":{"title":"Nanopartikel in der Kosmetik - Kosmetikfuchs Magazin","description":"Wie sinnvoll sind Nanopartikel in der Kosmetik? \u2013 Erfahren Sie mehr \u00fcber Nanotechnologie im Einsatz f\u00fcr Pflegeprodukte im Kosmetikfuchs Magazin!","robots":{"index":"index","follow":"follow","max-snippet":"max-snippet:-1","max-image-preview":"max-image-preview:large","max-video-preview":"max-video-preview:-1"},"canonical":"https:\/\/www.kosmetikfuchs.de\/magazin\/nanopartikel-in-der-kosmetik\/","og_locale":"de_DE","og_type":"article","og_title":"Nanopartikel in der Kosmetik - Kosmetikfuchs Magazin","og_description":"Wie sinnvoll sind Nanopartikel in der Kosmetik? \u2013 Erfahren Sie mehr \u00fcber Nanotechnologie im Einsatz f\u00fcr Pflegeprodukte im Kosmetikfuchs Magazin!","og_url":"https:\/\/www.kosmetikfuchs.de\/magazin\/nanopartikel-in-der-kosmetik\/","og_site_name":"Kosmetikfuchs Magazin","article_published_time":"2019-08-10T09:20:50+00:00","article_modified_time":"2021-07-07T09:47:06+00:00","og_image":[{"width":850,"height":567,"url":"https:\/\/www.kosmetikfuchs.de\/magazin\/wp-content\/uploads\/2019\/08\/AdobeStock_161439792.jpg","type":"image\/jpeg"}],"author":"admin","twitter_card":"summary_large_image","twitter_misc":{"Verfasst von":"admin","Gesch\u00e4tzte Lesezeit":"5\u00a0Minuten"},"schema":{"@context":"https:\/\/schema.org","@graph":[{"@type":"WebPage","@id":"https:\/\/www.kosmetikfuchs.de\/magazin\/nanopartikel-in-der-kosmetik\/","url":"https:\/\/www.kosmetikfuchs.de\/magazin\/nanopartikel-in-der-kosmetik\/","name":"Nanopartikel in der Kosmetik - Kosmetikfuchs Magazin","isPartOf":{"@id":"https:\/\/www.kosmetikfuchs.de\/magazin\/#website"},"primaryImageOfPage":{"@id":"https:\/\/www.kosmetikfuchs.de\/magazin\/nanopartikel-in-der-kosmetik\/#primaryimage"},"image":{"@id":"https:\/\/www.kosmetikfuchs.de\/magazin\/nanopartikel-in-der-kosmetik\/#primaryimage"},"thumbnailUrl":"https:\/\/www.kosmetikfuchs.de\/magazin\/wp-content\/uploads\/2019\/08\/AdobeStock_161439792.jpg","datePublished":"2019-08-10T09:20:50+00:00","dateModified":"2021-07-07T09:47:06+00:00","author":{"@id":"https:\/\/www.kosmetikfuchs.de\/magazin\/#\/schema\/person\/d74441dfe7021cf7301a89aa8423d147"},"description":"Wie sinnvoll sind Nanopartikel in der Kosmetik? \u2013 Erfahren Sie mehr \u00fcber Nanotechnologie im Einsatz f\u00fcr Pflegeprodukte im Kosmetikfuchs Magazin!","breadcrumb":{"@id":"https:\/\/www.kosmetikfuchs.de\/magazin\/nanopartikel-in-der-kosmetik\/#breadcrumb"},"inLanguage":"de","potentialAction":[{"@type":"ReadAction","target":["https:\/\/www.kosmetikfuchs.de\/magazin\/nanopartikel-in-der-kosmetik\/"]}]},{"@type":"ImageObject","inLanguage":"de","@id":"https:\/\/www.kosmetikfuchs.de\/magazin\/nanopartikel-in-der-kosmetik\/#primaryimage","url":"https:\/\/www.kosmetikfuchs.de\/magazin\/wp-content\/uploads\/2019\/08\/AdobeStock_161439792.jpg","contentUrl":"https:\/\/www.kosmetikfuchs.de\/magazin\/wp-content\/uploads\/2019\/08\/AdobeStock_161439792.jpg","width":850,"height":567,"caption":"\u00a9 absolutimages - stock.adobe.com"},{"@type":"BreadcrumbList","@id":"https:\/\/www.kosmetikfuchs.de\/magazin\/nanopartikel-in-der-kosmetik\/#breadcrumb","itemListElement":[{"@type":"ListItem","position":1,"name":"Startseite","item":"https:\/\/www.kosmetikfuchs.de\/magazin\/"},{"@type":"ListItem","position":2,"name":"Nanopartikel in der Kosmetik"}]},{"@type":"WebSite","@id":"https:\/\/www.kosmetikfuchs.de\/magazin\/#website","url":"https:\/\/www.kosmetikfuchs.de\/magazin\/","name":"Kosmetikfuchs Magazin","description":"","potentialAction":[{"@type":"SearchAction","target":{"@type":"EntryPoint","urlTemplate":"https:\/\/www.kosmetikfuchs.de\/magazin\/?s={search_term_string}"},"query-input":"required name=search_term_string"}],"inLanguage":"de"},{"@type":"Person","@id":"https:\/\/www.kosmetikfuchs.de\/magazin\/#\/schema\/person\/d74441dfe7021cf7301a89aa8423d147","name":"admin","image":{"@type":"ImageObject","inLanguage":"de","@id":"https:\/\/www.kosmetikfuchs.de\/magazin\/#\/schema\/person\/image\/","url":"https:\/\/secure.gravatar.com\/avatar\/a794a4fe8a9b9c52241597eb381dfa2e?s=96&d=mm&r=g","contentUrl":"https:\/\/secure.gravatar.com\/avatar\/a794a4fe8a9b9c52241597eb381dfa2e?s=96&d=mm&r=g","caption":"admin"},"url":"https:\/\/www.kosmetikfuchs.de\/magazin\/author\/321456\/"}]}},"_links":{"self":[{"href":"https:\/\/www.kosmetikfuchs.de\/magazin\/wp-json\/wp\/v2\/posts\/1625"}],"collection":[{"href":"https:\/\/www.kosmetikfuchs.de\/magazin\/wp-json\/wp\/v2\/posts"}],"about":[{"href":"https:\/\/www.kosmetikfuchs.de\/magazin\/wp-json\/wp\/v2\/types\/post"}],"author":[{"embeddable":true,"href":"https:\/\/www.kosmetikfuchs.de\/magazin\/wp-json\/wp\/v2\/users\/1"}],"replies":[{"embeddable":true,"href":"https:\/\/www.kosmetikfuchs.de\/magazin\/wp-json\/wp\/v2\/comments?post=1625"}],"version-history":[{"count":124,"href":"https:\/\/www.kosmetikfuchs.de\/magazin\/wp-json\/wp\/v2\/posts\/1625\/revisions"}],"predecessor-version":[{"id":1771,"href":"https:\/\/www.kosmetikfuchs.de\/magazin\/wp-json\/wp\/v2\/posts\/1625\/revisions\/1771"}],"wp:featuredmedia":[{"embeddable":true,"href":"https:\/\/www.kosmetikfuchs.de\/magazin\/wp-json\/wp\/v2\/media\/1635"}],"wp:attachment":[{"href":"https:\/\/www.kosmetikfuchs.de\/magazin\/wp-json\/wp\/v2\/media?parent=1625"}],"wp:term":[{"taxonomy":"category","embeddable":true,"href":"https:\/\/www.kosmetikfuchs.de\/magazin\/wp-json\/wp\/v2\/categories?post=1625"},{"taxonomy":"post_tag","embeddable":true,"href":"https:\/\/www.kosmetikfuchs.de\/magazin\/wp-json\/wp\/v2\/tags?post=1625"}],"curies":[{"name":"wp","href":"https:\/\/api.w.org\/{rel}","templated":true}]}}