{"id":1348,"date":"2019-06-06T08:49:46","date_gmt":"2019-06-06T06:49:46","guid":{"rendered":"https:\/\/www.kosmetikfuchs.de\/magazin\/?p=1348"},"modified":"2025-10-29T09:26:24","modified_gmt":"2025-10-29T08:26:24","slug":"hautprobleme-in-den-wechseljahren","status":"publish","type":"post","link":"https:\/\/www.kosmetikfuchs.de\/magazin\/hautprobleme-in-den-wechseljahren\/","title":{"rendered":"Hautprobleme in den Wechseljahren"},"content":{"rendered":"<h2>\u00ab Welche Hautpflege brauche ich in der Menopause? \u00bb<\/h2>\n<p style=\"text-align: justify;\"><strong>Die Wechseljahre treffen fr\u00fcher oder sp\u00e4ter jede Frau. Viele begegnen diesem Lebensabschnitt mit Angst, weil er einige nicht unbedingt positive Ver\u00e4nderungen mit sich bringt. Mit dem Klimakterium kommt eine hormonelle Umbruchphase auf die Frau zu, die nicht nur das Ende der Fruchtbarkeit einl\u00e4utet. Auch weitere k\u00f6rperliche Ver\u00e4nderungen kommen auf sie zu, so zum Beispiel sichtbare Hautprobleme. Doch dem k\u00f6nnen Sie mit einer gezielten Hautpflege zumindest teilweise entgegenwirken. Die gute Nachricht ist: Einem frischen, strahlenden und jung aussehenden Teint muss das \u00c4lterwerden nicht zwangsl\u00e4ufig im Weg stehen. Was Sie gegen Hautprobleme in den Wechseljahren unternehmen k\u00f6nnen, erfahren Sie in diesem Artikel. <\/strong><\/p>\n<h2>Die Menopause tritt ein: Was passiert nun im weiblichen K\u00f6rper?<\/h2>\n<p style=\"text-align: justify;\">In der Regel treffen die Wechseljahre bei einer Frau um <a href=\"https:\/\/www.kosmetikfuchs.de\/magazin\/pflege-fuer-reife-haut-ab-50\/\">das 50. Lebensjahr<\/a> herum ein. Ein paar Jahre plus oder minus sind dabei vollkommen normal. Es gibt aber auch Frauen, die wesentlich fr\u00fcher dran sind. Daf\u00fcr gibt es verschiedene Ursachen, wie die genetische Veranlagung oder bestimmte Erkrankungen. Bemerkbar macht sich das Eintreten der Menopause durch Unregelm\u00e4\u00dfigkeiten im Zyklus. Neben dem fordert die hormonelle Ver\u00e4nderung auch an der Stimmung ihren Tribut.<\/p>\n<figure id=\"attachment_1351\" aria-describedby=\"caption-attachment-1351\" style=\"width: 399px\" class=\"wp-caption alignright\"><img loading=\"lazy\" decoding=\"async\" class=\"wp-image-1351\" title=\"Verlauf des \u00d6strogenspiegels der Frau\" src=\"https:\/\/www.kosmetikfuchs.de\/magazin\/wp-content\/uploads\/2019\/06\/AdobeStock_166869279-1.png\" alt=\"Verlauf des \u00d6strogenspiegels der Frau\" width=\"399\" height=\"242\" srcset=\"https:\/\/www.kosmetikfuchs.de\/magazin\/wp-content\/uploads\/2019\/06\/AdobeStock_166869279-1.png 488w, https:\/\/www.kosmetikfuchs.de\/magazin\/wp-content\/uploads\/2019\/06\/AdobeStock_166869279-1-300x182.png 300w\" sizes=\"(max-width: 399px) 100vw, 399px\" \/><figcaption id=\"caption-attachment-1351\" class=\"wp-caption-text\">\u00a9 Akarat Phasura &#8211; stock.adobe.com<\/figcaption><\/figure>\n<p style=\"text-align: justify;\">Depressive Verstimmungen und Gem\u00fctsschwankungen sind dabei keine Seltenheit. Die Ursache f\u00fcr diese Unstimmigkeiten ist der nat\u00fcrliche Abfall des weiblichen Sexualhormons \u00d6strogen im Alter.<\/p>\n<p>Weitere Anzeichen beziehungsweise Symptome sind:<\/p>\n<ul>\n<li>Hitzewallungen<\/li>\n<li>Schlafprobleme<\/li>\n<li>Hautver\u00e4nderungen<\/li>\n<li>trockene Schleimh\u00e4ute<\/li>\n<li>Ver\u00e4nderungen an den Haaren<\/li>\n<\/ul>\n<h2>Wie wirken sich die Wechseljahre speziell auf die Haut aus?<\/h2>\n<p style=\"text-align: justify;\">Durch die weiblichen Geschlechtshormone haben Frauen von Natur aus eine zartere Gesichts- und K\u00f6rperhaut als M\u00e4nner. Zu j\u00fcngeren Lebzeiten ist diese noch fest und prall, verantwortlich daf\u00fcr ist das sogenannte Kollagen. Dabei handelt es sich um ein faserartiges k\u00f6rpereigenes Eiwei\u00df, welches f\u00fcr eine gute Hautspannkraft sorgt. Das liegt auch daran, dass Kollagen Wasser speichern kann, das wie eine Hautaufpolsterung wirkt. Durch die verminderte \u00d6strogenproduktion nimmt auch der Kollagenanteil ab. So verliert die oberste Hautschicht an Elastizit\u00e4t und Spannkraft und es entstehen Falten. Allerdngs altert die Haut\u00a0 bei jeder Frau anders. Dabei spielt der Lifestyle wie Rauchen, Ern\u00e4hrung und Bewegung.<\/p>\n<p>Die Menopause spiegelt den Alterungsprozess der Eierst\u00f6cke wider, der bei Frauen um die 50 eintritt. Es ist ein schleichender Proze\u00df. Im Laufe der Zeit h\u00f6ren die Eierst\u00f6cke allm\u00e4hlich auf zu arbeiten und produzieren \u00d6strogen und Progesteron, Sexualhormone, die den Menstruationszyklus regulieren . Dann setzt ein Hormonmangel ein und kann um Auftreten vieler St\u00f6rungen f\u00fchren.<\/p>\n<p>Neben den \u201einneren\u201c Anzeichen der Wechseljahre wie Hitzewallungen, Schlafst\u00f6rungen, Gewichtszunahme, Scheidentrockenheit und Harninkontinenz spiegeln weitere Erscheinungen ein hormonelles Ungleichgewicht wider. Tats\u00e4chlich halten \u00d6strogene die Elastizit\u00e4t der Haut nicht mehr aufrecht und Androgene (m\u00e4nnliche Sexualhormone, die auch vom weiblichen K\u00f6rper ausgeschieden werden) werden in relativem \u00dcberschuss gefunden, was manchmal zu Haarausfall , und dem Auftreten von \u201e Unreinheiten\u201c auf der Hautoberfl\u00e4che f\u00fchrt .<\/p>\n<h2>Sp\u00e4takne- Acne tarda in den Wechseljahren<\/h2>\n<p>Das Klimakterium kann auch zu<a href=\"https:\/\/www.kosmetikfuchs.de\/magazin\/fettige-und-unreine-haut\/\"> Hautunreinheiten<\/a>, Pickeln, <a href=\"https:\/\/www.kosmetikfuchs.de\/magazin\/milien-entfernen\/\">Milien<\/a>, bis hin zu Ausschl\u00e4gen f\u00fchren. Auch das ist der Hormonumstellung geschuldet. Betroffene Frauen f\u00fchlen sich dann manchmal, wie in die Pubert\u00e4t zur\u00fcckversetzt. Auch wenn das alles sehr negativ besetzt klingt, wenn nicht sogar angsteinfl\u00f6\u00dfend, sind Sie diesem Wandel nicht hilflos ausgesetzt. Acne tarda betrifft meist Frauen ab dem 45. Lebensalter und wird durch die meist starken Hormonschwankungen ausgel\u00f6st. \u00c4u\u00dferlich unterscheidet sich Acne tarda nicht wesentlich vom Hautbild einer jugendlichen Akne. Bei der Sp\u00e4takne siedeln sich Pickel und Pusteln eher am Kinn und Wagenbereich als in der T &#8211; Zone an. Auch ist die Haut eher trocken als \u00f6lig und fettig. Komedonen, sogenannte Mitesser neigen gerne dazu, sich zu entz\u00fcnden. Betroffene Frauen k\u00f6nnen aber etwas gegen ihre Sp\u00e4takne tun. Je nach Auspr\u00e4gung sollten Sie aber erst einen Hautarzt aufsuchen und nicht alleine herumdoktern. Je fr\u00fcher, desto besser.<\/p>\n<p>&nbsp;<\/p>\n<figure id=\"attachment_1356\" aria-describedby=\"caption-attachment-1356\" style=\"width: 850px\" class=\"wp-caption aligncenter\"><img loading=\"lazy\" decoding=\"async\" class=\"wp-image-1356 size-full\" title=\"Viele Frauen haben Angst vor der Menopause\" src=\"https:\/\/www.kosmetikfuchs.de\/magazin\/wp-content\/uploads\/2019\/06\/Frau-vor-Spiegel.jpg\" alt=\"Viele Frauen haben Angst vor der Menopause\" width=\"850\" height=\"478\" srcset=\"https:\/\/www.kosmetikfuchs.de\/magazin\/wp-content\/uploads\/2019\/06\/Frau-vor-Spiegel.jpg 850w, https:\/\/www.kosmetikfuchs.de\/magazin\/wp-content\/uploads\/2019\/06\/Frau-vor-Spiegel-300x169.jpg 300w, https:\/\/www.kosmetikfuchs.de\/magazin\/wp-content\/uploads\/2019\/06\/Frau-vor-Spiegel-768x432.jpg 768w\" sizes=\"(max-width: 850px) 100vw, 850px\" \/><figcaption id=\"caption-attachment-1356\" class=\"wp-caption-text\">\u00a9 motortion &#8211; stock.adobe.com<\/figcaption><\/figure>\n<h2>Hautprobleme in den Wechseljahren \u2013 das k\u00f6nnen Sie tun<\/h2>\n<p style=\"text-align: justify;\">Mit der richtigen und konsequenten Hautpflege beziehungsweise Kosmetik, k\u00f6nnen Sie die Hautprobleme und Ver\u00e4nderungen zumindest eind\u00e4mmen. Gepaart mit einer <a href=\"https:\/\/www.kosmetikfuchs.de\/magazin\/ernaehrung-und-haut-zusammenhang\/\">gesunden und ausgewogenen Ern\u00e4hrung<\/a> sowie einem gesunden Lebensstil, kann einiges bewirkt werden. Im Folgenden sind die wichtigsten Tipps f\u00fcr ein sch\u00f6nes Hautbild w\u00e4hrend der Menopause dargestellt.<\/p>\n<ol>\n<li>\n<h2>Cremen Sie Ihre Haut regelm\u00e4\u00dfig ein!<\/h2>\n<\/li>\n<\/ol>\n<p style=\"text-align: justify;\">Dieser Hinweis gilt eigentlich f\u00fcr jedes Lebensalter. Doch mit dem \u00c4lterwerden wird das Thema Eincremen immer wichtiger. Morgens muss die Haut mit einer Schutzschicht versiegelt werden, welche sie gegen \u00e4u\u00dfere Einfl\u00fcsse wappnet. Die am Abend aufgetragene Creme unterst\u00fctzt sie bei ihrem n\u00e4chtlichen Regenerationsprozess und versorgt sie mit wichtigen N\u00e4hrstoffen. Durch die Kollagenabnahme verschlechtert sich auch eine der wichtigsten Hautf\u00e4higkeiten: Das Speichern von <a href=\"https:\/\/www.kosmetikfuchs.de\/magazin\/feuchtigkeitscremes-gegen-trockene-haut\/\">Feuchtigkeit<\/a>. Das ist eines der zentralen Hautprobleme in den Wechseljahren. Verwenden Sie daher unbedingt hochwertige Feuchtigkeitscremes. Als reichhaltige Feuchtigkeitspflege eignet sich zum Beispiel die Skinovage Moisturizing Cream Rich von der Marke <a href=\"https:\/\/www.kosmetikfuchs.de\/brands\/babor\">Babor<\/a>. Diese wirkt gezielt gegen die Zeichen der Hautalterung und hebt den Feuchtigkeitslevel Ihrer Gesichtshaut nachhaltig an. F\u00fcr die Hautbehandlung zur Nacht bietet sich die <a href=\"https:\/\/www.kosmetikfuchs.de\/brands\/dr-ra-eckstein\/regeneration-u-repair\">Regenerations Supreme Gesichtscreme von Doctor Eckstein<\/a> an. In dieser sind Weizenkeimextrakte, Wollwachse und naturveredelte \u00d6le enthalten. Diese hochwertigen Inhaltsstoffe unterst\u00fctzen Ihre Gesichtshaut bei der n\u00e4chtlichen Regeneration und beugen effektiv der Hautalterung vor.<\/p>\n<p>\u00a0 \u00a0 \u00a0 \u00a0 \u00a0 \u00a0 \u00a0 \u00a0 \u00a0 \u00a0 \u00a0 \u00a0 \u00a0 \u00a0 \u00a0 <a href=\"https:\/\/www.kosmetikfuchs.de\/81\/dr.-eckstein\/regenerations-supreme-50ml\"><img loading=\"lazy\" decoding=\"async\" class=\"alignnone wp-image-1358 size-full\" title=\"Regenerations Supreme 50ml\" src=\"https:\/\/www.kosmetikfuchs.de\/magazin\/wp-content\/uploads\/2019\/06\/Regenerations-Supreme-50ml.jpg\" alt=\"Regenerations Supreme 50ml\" width=\"400\" height=\"301\" srcset=\"https:\/\/www.kosmetikfuchs.de\/magazin\/wp-content\/uploads\/2019\/06\/Regenerations-Supreme-50ml.jpg 400w, https:\/\/www.kosmetikfuchs.de\/magazin\/wp-content\/uploads\/2019\/06\/Regenerations-Supreme-50ml-300x226.jpg 300w\" sizes=\"(max-width: 400px) 100vw, 400px\" \/><\/a> \u00a0 \u00a0 \u00a0 \u00a0 \u00a0 \u00a0<a href=\"https:\/\/www.kosmetikfuchs.de\/86\/dr.-eckstein\/repair-balsam-50ml\"><img loading=\"lazy\" decoding=\"async\" class=\"alignnone wp-image-1359 size-full\" title=\"Repair Balsam 50ml\" src=\"https:\/\/www.kosmetikfuchs.de\/magazin\/wp-content\/uploads\/2019\/06\/Repair-Balsam-50ml.jpg\" alt=\"Repair Balsam 50ml\" width=\"171\" height=\"300\" \/><\/a><\/p>\n<ol start=\"2\">\n<li>\n<h2>Verwenden Sie Pflegeprodukte mit bestimmten Inhaltsstoffen<\/h2>\n<\/li>\n<\/ol>\n<p style=\"text-align: justify;\">Wenn Sie auf der Suche nach einer guten Kosmetik f\u00fcr reife und trockene Haut sind, sollten Sie Ausschau nach folgenden Wirkstoffen halten:<\/p>\n<ul>\n<li><a href=\"https:\/\/www.kosmetikfuchs.de\/magazin\/hyaluron-cremes\/\">Hyalurons\u00e4ure<\/a><\/li>\n<li>Antioxidantien<\/li>\n<li><a href=\"https:\/\/www.kosmetikfuchs.de\/magazin\/ubichinon-q10-wirkung-haut\/\">Coenzym Q10<\/a><\/li>\n<li><a href=\"https:\/\/www.kosmetikfuchs.de\/magazin\/kollagen-fuer-die-haut\/\">Collagen<\/a><\/li>\n<li>Vitamine (vor allem A,C und E)<\/li>\n<li><a href=\"https:\/\/www.kosmetikfuchs.de\/magazin\/mandeloel-fuer-die-haut\/\">hochwertige Pflanzen\u00f6le<\/a><\/li>\n<li><a href=\"https:\/\/www.kosmetikfuchs.de\/magazin\/pflanzliche-wirkstoffe-bei-unreiner-haut\/\">Pflanzenextrakte<\/a><\/li>\n<\/ul>\n<p>Ein weiterer sehr effektiver Wirkstoff ist Wei\u00dfkieferextrakt. Dieser Extrakt ist reich an antioxidativen Pflanzenstoffen, die helfen, die Hautalterung zu verlangsamen und gleichzeitig die Hautfeuchtigkeit zu erh\u00f6hen. Auch Vitamin C, Vitamin E und Beta-Carotin, die alle in Wei\u00dfkieferextrakt enthalten sind, helfen, die Haut zu st\u00e4rken und zu sch\u00fctzen. Es wird auch angenommen, dass der Extrakt die Zellerneuerung anregt und die F\u00e4higkeit der Haut, Feuchtigkeit zu speichern, erh\u00f6ht. Daher ist es ein idealer Inhaltsstoff f\u00fcr Hautpflegeprodukte f\u00fcr Frauen in den Wechseljahren.<\/p>\n<p>&nbsp;<\/p>\n<p><a href=\"https:\/\/www.kosmetikfuchs.de\/23146\/korres\/white-pine-meno-reverse-intensiv-creme-40ml\"><img loading=\"lazy\" decoding=\"async\" class=\"alignleft wp-image-7162 size-medium\" title=\"Hautpflege in den Wechseljahren\" src=\"https:\/\/www.kosmetikfuchs.de\/magazin\/wp-content\/uploads\/2019\/06\/21007808-300x300.jpg\" alt=\"\" width=\"300\" height=\"300\" srcset=\"https:\/\/www.kosmetikfuchs.de\/magazin\/wp-content\/uploads\/2019\/06\/21007808-300x300.jpg 300w, https:\/\/www.kosmetikfuchs.de\/magazin\/wp-content\/uploads\/2019\/06\/21007808-150x150.jpg 150w, https:\/\/www.kosmetikfuchs.de\/magazin\/wp-content\/uploads\/2019\/06\/21007808-768x768.jpg 768w, https:\/\/www.kosmetikfuchs.de\/magazin\/wp-content\/uploads\/2019\/06\/21007808.jpg 800w\" sizes=\"(max-width: 300px) 100vw, 300px\" \/><\/a><\/p>\n<p>&nbsp;<\/p>\n<p>&nbsp;<\/p>\n<p>&nbsp;<\/p>\n<p>&nbsp;<\/p>\n<p>&nbsp;<\/p>\n<p>&nbsp;<\/p>\n<p>&nbsp;<\/p>\n<p>&nbsp;<\/p>\n<ol start=\"3\">\n<li>\n<h2>UV-Schutz ist Pflicht nach der Menopause<\/h2>\n<\/li>\n<\/ol>\n<p style=\"text-align: justify;\">Auch dieser Punkt trifft auf alle Altersklassen zu. Im Alter wird die Gesichts- und K\u00f6rperhaut aber empfindlicher und ben\u00f6tigt nicht nur bei einem ausgedehnten Sonnenbad UV-Schutz. Selbst die eher unscheinbare Wintersonne kann der Gesichtshaut zusetzen. Deshalb sollten Sie vermehrt Produkte mit UV-Schutz verwenden. Schuld an der erh\u00f6hten Lichtempfindlichkeit ist der nat\u00fcrliche Abbau von Melanin im Alter. So wird Ihr Teint eher rot als braun und Sie bekommen deutlich schneller einen Sonnenbrand. Besuche im Solarium und lange Aufenthalte in der Sonne sollten daher in den Wechseljahren gemieden werden. Mit Blick auf das steigende Hautkrebsrisiko nach jedem Sonnenbrand, ist das aber allgemein empfehlenswert. Wenn Sie dann doch mal l\u00e4nger in der Sonne bleiben m\u00f6chten, vergessen Sie das Auftragen einer <a href=\"https:\/\/www.kosmetikfuchs.de\/sonne\/sonnenschutz\">Sonnencreme<\/a> nicht. Au\u00dferdem empfiehlt es sich, eine Hautpflege mit UV-Schutz zu verwenden. So zum Beispiel die Exquisit T\u00f6nungs Creme naturell von <a href=\"https:\/\/www.kosmetikfuchs.de\/brands\/hildegard-braukmann\/products\">Hildegard Braukmann<\/a>, die sich wunderbar zur Behandlung der Hautprobleme in den Wechseljahren eignet. Sie sch\u00fctzt nicht nur zuverl\u00e4ssig vor UV-Strahlen, sondern wirkt gleichzeitig auch noch feuchtigkeitsspendend.<\/p>\n<ol start=\"4\">\n<li>\n<h2>Viel trinken und gesund essen!<\/h2>\n<\/li>\n<\/ol>\n<p style=\"text-align: justify;\">Alles, was wir zu uns nehmen, wirkt sich ma\u00dfgeblich auf unser Hautbild aus. Das Wichtigste ist eine ausreichende Fl\u00fcssigkeitszufuhr, was nicht nur f\u00fcr die Menopause gilt. Um trockene Haut von innen heraus mit Fl\u00fcssigkeit zu versorgen, sollten Sie mindestens zwei Liter am Tag trinken. In den Wechseljahren sinkt das nat\u00fcrliche Durstgef\u00fchl, weshalb es sein kann, dass sie sich immer wieder zum Trinken zwingen m\u00fcssen. Dies sollten Sie aber unbedingt tun, denn davon h\u00e4ngt nicht nur die Hautgesundheit ab. Auch das Thema Ern\u00e4hrung spielt eine wichtige Rolle. Versuchen Sie fettreduzierter zu essen und vermeiden Sie Fertigprodukte und Fast Food. Ern\u00e4hren Sie sich stattdessen von hochwertigen Fetten aus Fisch, H\u00fclsenfr\u00fcchten und Pflanzen\u00f6len. Vor allem aber sollten Sie viel Obst und Gem\u00fcse und komplexe Kohlenhydrate aus Vollkornprodukten zu sich nehmen.<\/p>\n<p>Wenn Sie unter <strong>Hautproblemen in den Wechseljahren<\/strong> leiden, dann stehen Ihnen unsere Kosmetikerinnen zur Verf\u00fcgung.<\/p>\n","protected":false},"excerpt":{"rendered":"<p>\u00ab Welche Hautpflege brauche ich in der Menopause? \u00bb Die Wechseljahre treffen fr\u00fcher oder sp\u00e4ter jede Frau. Viele begegnen diesem Lebensabschnitt mit Angst, weil er einige nicht unbedingt positive Ver\u00e4nderungen mit sich bringt. Mit dem Klimakterium kommt eine hormonelle Umbruchphase auf die Frau zu, die nicht nur das Ende der Fruchtbarkeit einl\u00e4utet. Auch weitere k\u00f6rperliche &hellip;<\/p>\n","protected":false},"author":1,"featured_media":1350,"comment_status":"closed","ping_status":"open","sticky":false,"template":"","format":"standard","meta":{"footnotes":""},"categories":[591],"tags":[63,48,21,100,254,51,82,255],"yoast_head":"<!-- This site is optimized with the Yoast SEO plugin v22.3 - https:\/\/yoast.com\/wordpress\/plugins\/seo\/ -->\n<title>Hautprobleme in den Wechseljahren - Kosmetikfuchs Magazin<\/title>\n<meta name=\"description\" content=\"Das Kosmetikfuchs Magazin bespricht Hautprobleme in den Wechseljahren. Erfahren Sie, wie Sie Ihre Haut in dieser Zeit ideal unterst\u00fctzen k\u00f6nnen\" \/>\n<meta name=\"robots\" content=\"index, follow, max-snippet:-1, max-image-preview:large, max-video-preview:-1\" \/>\n<link rel=\"canonical\" href=\"https:\/\/www.kosmetikfuchs.de\/magazin\/hautprobleme-in-den-wechseljahren\/\" \/>\n<meta property=\"og:locale\" content=\"de_DE\" \/>\n<meta property=\"og:type\" content=\"article\" \/>\n<meta property=\"og:title\" content=\"Hautprobleme in den Wechseljahren - Kosmetikfuchs Magazin\" \/>\n<meta property=\"og:description\" content=\"Das Kosmetikfuchs Magazin bespricht Hautprobleme in den Wechseljahren. Erfahren Sie, wie Sie Ihre Haut in dieser Zeit ideal unterst\u00fctzen k\u00f6nnen\" \/>\n<meta property=\"og:url\" content=\"https:\/\/www.kosmetikfuchs.de\/magazin\/hautprobleme-in-den-wechseljahren\/\" \/>\n<meta property=\"og:site_name\" content=\"Kosmetikfuchs Magazin\" \/>\n<meta property=\"article:published_time\" content=\"2019-06-06T06:49:46+00:00\" \/>\n<meta property=\"article:modified_time\" content=\"2025-10-29T08:26:24+00:00\" \/>\n<meta property=\"og:image\" content=\"https:\/\/www.kosmetikfuchs.de\/magazin\/wp-content\/uploads\/2019\/06\/Wechseljahre.jpg\" \/>\n\t<meta property=\"og:image:width\" content=\"850\" \/>\n\t<meta property=\"og:image:height\" content=\"503\" \/>\n\t<meta property=\"og:image:type\" content=\"image\/jpeg\" \/>\n<meta name=\"author\" content=\"admin\" \/>\n<meta name=\"twitter:card\" content=\"summary_large_image\" \/>\n<meta name=\"twitter:label1\" content=\"Verfasst von\" \/>\n\t<meta name=\"twitter:data1\" content=\"admin\" \/>\n\t<meta name=\"twitter:label2\" content=\"Gesch\u00e4tzte Lesezeit\" \/>\n\t<meta name=\"twitter:data2\" content=\"9\u00a0Minuten\" \/>\n<script type=\"application\/ld+json\" class=\"yoast-schema-graph\">{\"@context\":\"https:\/\/schema.org\",\"@graph\":[{\"@type\":\"WebPage\",\"@id\":\"https:\/\/www.kosmetikfuchs.de\/magazin\/hautprobleme-in-den-wechseljahren\/\",\"url\":\"https:\/\/www.kosmetikfuchs.de\/magazin\/hautprobleme-in-den-wechseljahren\/\",\"name\":\"Hautprobleme in den Wechseljahren - Kosmetikfuchs Magazin\",\"isPartOf\":{\"@id\":\"https:\/\/www.kosmetikfuchs.de\/magazin\/#website\"},\"primaryImageOfPage\":{\"@id\":\"https:\/\/www.kosmetikfuchs.de\/magazin\/hautprobleme-in-den-wechseljahren\/#primaryimage\"},\"image\":{\"@id\":\"https:\/\/www.kosmetikfuchs.de\/magazin\/hautprobleme-in-den-wechseljahren\/#primaryimage\"},\"thumbnailUrl\":\"https:\/\/www.kosmetikfuchs.de\/magazin\/wp-content\/uploads\/2019\/06\/Wechseljahre.jpg\",\"datePublished\":\"2019-06-06T06:49:46+00:00\",\"dateModified\":\"2025-10-29T08:26:24+00:00\",\"author\":{\"@id\":\"https:\/\/www.kosmetikfuchs.de\/magazin\/#\/schema\/person\/d74441dfe7021cf7301a89aa8423d147\"},\"description\":\"Das Kosmetikfuchs Magazin bespricht Hautprobleme in den Wechseljahren. Erfahren Sie, wie Sie Ihre Haut in dieser Zeit ideal unterst\u00fctzen k\u00f6nnen\",\"breadcrumb\":{\"@id\":\"https:\/\/www.kosmetikfuchs.de\/magazin\/hautprobleme-in-den-wechseljahren\/#breadcrumb\"},\"inLanguage\":\"de\",\"potentialAction\":[{\"@type\":\"ReadAction\",\"target\":[\"https:\/\/www.kosmetikfuchs.de\/magazin\/hautprobleme-in-den-wechseljahren\/\"]}]},{\"@type\":\"ImageObject\",\"inLanguage\":\"de\",\"@id\":\"https:\/\/www.kosmetikfuchs.de\/magazin\/hautprobleme-in-den-wechseljahren\/#primaryimage\",\"url\":\"https:\/\/www.kosmetikfuchs.de\/magazin\/wp-content\/uploads\/2019\/06\/Wechseljahre.jpg\",\"contentUrl\":\"https:\/\/www.kosmetikfuchs.de\/magazin\/wp-content\/uploads\/2019\/06\/Wechseljahre.jpg\",\"width\":850,\"height\":503,\"caption\":\"\u00a9 missty - stock.adobe.com\"},{\"@type\":\"BreadcrumbList\",\"@id\":\"https:\/\/www.kosmetikfuchs.de\/magazin\/hautprobleme-in-den-wechseljahren\/#breadcrumb\",\"itemListElement\":[{\"@type\":\"ListItem\",\"position\":1,\"name\":\"Startseite\",\"item\":\"https:\/\/www.kosmetikfuchs.de\/magazin\/\"},{\"@type\":\"ListItem\",\"position\":2,\"name\":\"Hautprobleme in den Wechseljahren\"}]},{\"@type\":\"WebSite\",\"@id\":\"https:\/\/www.kosmetikfuchs.de\/magazin\/#website\",\"url\":\"https:\/\/www.kosmetikfuchs.de\/magazin\/\",\"name\":\"Kosmetikfuchs Magazin\",\"description\":\"\",\"potentialAction\":[{\"@type\":\"SearchAction\",\"target\":{\"@type\":\"EntryPoint\",\"urlTemplate\":\"https:\/\/www.kosmetikfuchs.de\/magazin\/?s={search_term_string}\"},\"query-input\":\"required name=search_term_string\"}],\"inLanguage\":\"de\"},{\"@type\":\"Person\",\"@id\":\"https:\/\/www.kosmetikfuchs.de\/magazin\/#\/schema\/person\/d74441dfe7021cf7301a89aa8423d147\",\"name\":\"admin\",\"image\":{\"@type\":\"ImageObject\",\"inLanguage\":\"de\",\"@id\":\"https:\/\/www.kosmetikfuchs.de\/magazin\/#\/schema\/person\/image\/\",\"url\":\"https:\/\/secure.gravatar.com\/avatar\/a794a4fe8a9b9c52241597eb381dfa2e?s=96&d=mm&r=g\",\"contentUrl\":\"https:\/\/secure.gravatar.com\/avatar\/a794a4fe8a9b9c52241597eb381dfa2e?s=96&d=mm&r=g\",\"caption\":\"admin\"},\"url\":\"https:\/\/www.kosmetikfuchs.de\/magazin\/author\/321456\/\"}]}<\/script>\n<!-- \/ Yoast SEO plugin. -->","yoast_head_json":{"title":"Hautprobleme in den Wechseljahren - Kosmetikfuchs Magazin","description":"Das Kosmetikfuchs Magazin bespricht Hautprobleme in den Wechseljahren. Erfahren Sie, wie Sie Ihre Haut in dieser Zeit ideal unterst\u00fctzen k\u00f6nnen","robots":{"index":"index","follow":"follow","max-snippet":"max-snippet:-1","max-image-preview":"max-image-preview:large","max-video-preview":"max-video-preview:-1"},"canonical":"https:\/\/www.kosmetikfuchs.de\/magazin\/hautprobleme-in-den-wechseljahren\/","og_locale":"de_DE","og_type":"article","og_title":"Hautprobleme in den Wechseljahren - Kosmetikfuchs Magazin","og_description":"Das Kosmetikfuchs Magazin bespricht Hautprobleme in den Wechseljahren. Erfahren Sie, wie Sie Ihre Haut in dieser Zeit ideal unterst\u00fctzen k\u00f6nnen","og_url":"https:\/\/www.kosmetikfuchs.de\/magazin\/hautprobleme-in-den-wechseljahren\/","og_site_name":"Kosmetikfuchs Magazin","article_published_time":"2019-06-06T06:49:46+00:00","article_modified_time":"2025-10-29T08:26:24+00:00","og_image":[{"width":850,"height":503,"url":"https:\/\/www.kosmetikfuchs.de\/magazin\/wp-content\/uploads\/2019\/06\/Wechseljahre.jpg","type":"image\/jpeg"}],"author":"admin","twitter_card":"summary_large_image","twitter_misc":{"Verfasst von":"admin","Gesch\u00e4tzte Lesezeit":"9\u00a0Minuten"},"schema":{"@context":"https:\/\/schema.org","@graph":[{"@type":"WebPage","@id":"https:\/\/www.kosmetikfuchs.de\/magazin\/hautprobleme-in-den-wechseljahren\/","url":"https:\/\/www.kosmetikfuchs.de\/magazin\/hautprobleme-in-den-wechseljahren\/","name":"Hautprobleme in den Wechseljahren - Kosmetikfuchs Magazin","isPartOf":{"@id":"https:\/\/www.kosmetikfuchs.de\/magazin\/#website"},"primaryImageOfPage":{"@id":"https:\/\/www.kosmetikfuchs.de\/magazin\/hautprobleme-in-den-wechseljahren\/#primaryimage"},"image":{"@id":"https:\/\/www.kosmetikfuchs.de\/magazin\/hautprobleme-in-den-wechseljahren\/#primaryimage"},"thumbnailUrl":"https:\/\/www.kosmetikfuchs.de\/magazin\/wp-content\/uploads\/2019\/06\/Wechseljahre.jpg","datePublished":"2019-06-06T06:49:46+00:00","dateModified":"2025-10-29T08:26:24+00:00","author":{"@id":"https:\/\/www.kosmetikfuchs.de\/magazin\/#\/schema\/person\/d74441dfe7021cf7301a89aa8423d147"},"description":"Das Kosmetikfuchs Magazin bespricht Hautprobleme in den Wechseljahren. Erfahren Sie, wie Sie Ihre Haut in dieser Zeit ideal unterst\u00fctzen k\u00f6nnen","breadcrumb":{"@id":"https:\/\/www.kosmetikfuchs.de\/magazin\/hautprobleme-in-den-wechseljahren\/#breadcrumb"},"inLanguage":"de","potentialAction":[{"@type":"ReadAction","target":["https:\/\/www.kosmetikfuchs.de\/magazin\/hautprobleme-in-den-wechseljahren\/"]}]},{"@type":"ImageObject","inLanguage":"de","@id":"https:\/\/www.kosmetikfuchs.de\/magazin\/hautprobleme-in-den-wechseljahren\/#primaryimage","url":"https:\/\/www.kosmetikfuchs.de\/magazin\/wp-content\/uploads\/2019\/06\/Wechseljahre.jpg","contentUrl":"https:\/\/www.kosmetikfuchs.de\/magazin\/wp-content\/uploads\/2019\/06\/Wechseljahre.jpg","width":850,"height":503,"caption":"\u00a9 missty - stock.adobe.com"},{"@type":"BreadcrumbList","@id":"https:\/\/www.kosmetikfuchs.de\/magazin\/hautprobleme-in-den-wechseljahren\/#breadcrumb","itemListElement":[{"@type":"ListItem","position":1,"name":"Startseite","item":"https:\/\/www.kosmetikfuchs.de\/magazin\/"},{"@type":"ListItem","position":2,"name":"Hautprobleme in den Wechseljahren"}]},{"@type":"WebSite","@id":"https:\/\/www.kosmetikfuchs.de\/magazin\/#website","url":"https:\/\/www.kosmetikfuchs.de\/magazin\/","name":"Kosmetikfuchs Magazin","description":"","potentialAction":[{"@type":"SearchAction","target":{"@type":"EntryPoint","urlTemplate":"https:\/\/www.kosmetikfuchs.de\/magazin\/?s={search_term_string}"},"query-input":"required name=search_term_string"}],"inLanguage":"de"},{"@type":"Person","@id":"https:\/\/www.kosmetikfuchs.de\/magazin\/#\/schema\/person\/d74441dfe7021cf7301a89aa8423d147","name":"admin","image":{"@type":"ImageObject","inLanguage":"de","@id":"https:\/\/www.kosmetikfuchs.de\/magazin\/#\/schema\/person\/image\/","url":"https:\/\/secure.gravatar.com\/avatar\/a794a4fe8a9b9c52241597eb381dfa2e?s=96&d=mm&r=g","contentUrl":"https:\/\/secure.gravatar.com\/avatar\/a794a4fe8a9b9c52241597eb381dfa2e?s=96&d=mm&r=g","caption":"admin"},"url":"https:\/\/www.kosmetikfuchs.de\/magazin\/author\/321456\/"}]}},"_links":{"self":[{"href":"https:\/\/www.kosmetikfuchs.de\/magazin\/wp-json\/wp\/v2\/posts\/1348"}],"collection":[{"href":"https:\/\/www.kosmetikfuchs.de\/magazin\/wp-json\/wp\/v2\/posts"}],"about":[{"href":"https:\/\/www.kosmetikfuchs.de\/magazin\/wp-json\/wp\/v2\/types\/post"}],"author":[{"embeddable":true,"href":"https:\/\/www.kosmetikfuchs.de\/magazin\/wp-json\/wp\/v2\/users\/1"}],"replies":[{"embeddable":true,"href":"https:\/\/www.kosmetikfuchs.de\/magazin\/wp-json\/wp\/v2\/comments?post=1348"}],"version-history":[{"count":23,"href":"https:\/\/www.kosmetikfuchs.de\/magazin\/wp-json\/wp\/v2\/posts\/1348\/revisions"}],"predecessor-version":[{"id":9020,"href":"https:\/\/www.kosmetikfuchs.de\/magazin\/wp-json\/wp\/v2\/posts\/1348\/revisions\/9020"}],"wp:featuredmedia":[{"embeddable":true,"href":"https:\/\/www.kosmetikfuchs.de\/magazin\/wp-json\/wp\/v2\/media\/1350"}],"wp:attachment":[{"href":"https:\/\/www.kosmetikfuchs.de\/magazin\/wp-json\/wp\/v2\/media?parent=1348"}],"wp:term":[{"taxonomy":"category","embeddable":true,"href":"https:\/\/www.kosmetikfuchs.de\/magazin\/wp-json\/wp\/v2\/categories?post=1348"},{"taxonomy":"post_tag","embeddable":true,"href":"https:\/\/www.kosmetikfuchs.de\/magazin\/wp-json\/wp\/v2\/tags?post=1348"}],"curies":[{"name":"wp","href":"https:\/\/api.w.org\/{rel}","templated":true}]}}